{"id":99110,"date":"2023-07-14T18:04:05","date_gmt":"2023-07-15T00:04:05","guid":{"rendered":"https:\/\/www.yucatanencorto.com\/noticias\/?p=99110"},"modified":"2023-07-14T18:04:05","modified_gmt":"2023-07-15T00:04:05","slug":"google-va-a-borrar-tus-fotos-si-no-haces-estos-cambios-en-tu-cuenta","status":"publish","type":"post","link":"https:\/\/www.yucatanencorto.com\/noticias\/google-va-a-borrar-tus-fotos-si-no-haces-estos-cambios-en-tu-cuenta\/","title":{"rendered":"Google va a borrar tus fotos si no haces estos cambios en tu cuenta"},"content":{"rendered":"<p><img loading=\"lazy\" decoding=\"async\" class=\"alignnone size-full wp-image-99111\" src=\"https:\/\/www.yucatanencorto.com\/noticias\/wp-content\/uploads\/2023\/07\/PVNQQDJFMBABRFYML53XOOCCOE.png\" alt=\"\" width=\"768\" height=\"576\" srcset=\"https:\/\/www.yucatanencorto.com\/noticias\/wp-content\/uploads\/2023\/07\/PVNQQDJFMBABRFYML53XOOCCOE.png 768w, https:\/\/www.yucatanencorto.com\/noticias\/wp-content\/uploads\/2023\/07\/PVNQQDJFMBABRFYML53XOOCCOE-696x522.png 696w, https:\/\/www.yucatanencorto.com\/noticias\/wp-content\/uploads\/2023\/07\/PVNQQDJFMBABRFYML53XOOCCOE-1068x801.png 1068w, https:\/\/www.yucatanencorto.com\/noticias\/wp-content\/uploads\/2023\/07\/PVNQQDJFMBABRFYML53XOOCCOE-560x420.png 560w, https:\/\/www.yucatanencorto.com\/noticias\/wp-content\/uploads\/2023\/07\/PVNQQDJFMBABRFYML53XOOCCOE-80x60.png 80w, https:\/\/www.yucatanencorto.com\/noticias\/wp-content\/uploads\/2023\/07\/PVNQQDJFMBABRFYML53XOOCCOE-265x198.png 265w\" sizes=\"auto, (max-width: 768px) 100vw, 768px\" \/><\/p>\n<p>Google\u00a0dio a conocer que a partir del 19 de julio de este a\u00f1o\u00a0va a borrar\u00a0las\u00a0fotos\u00a0de aquellos usuarios que no hagan algunos\u00a0cambios en su cuenta, aqu\u00ed te decimos cu\u00e1les son.<\/p>\n<p>El Archivo de \u00c1lbumes de Google dejar\u00e1 de estar disponible a partir del mi\u00e9rcoles 19 de julio, por lo que si tienes fotos y videos almacenados en esta herramienta se borrar\u00e1n.<\/p>\n<p>Cabe destacar que el Archivo de \u00c1lbumes de Google es una herramienta que permite visualizar y gestionar fotos y videos que se encuentran almacenados en los servicios del gigante tecnol\u00f3gico.<\/p>\n<p>El contenido que solo est\u00e9 disponible en el archivo de \u00e1lbumes se eliminar\u00e1 a partir del 19 de julio del 2023&#8243;, se lee en el comunicado publicado en el Centro de Ayuda de Google.<br \/>\n\u00bfC\u00f3mo evitar que Google elimine tus fotos?<br \/>\nSi quieres evitar que\u00a0Google\u00a0borre tus fotos\u00a0el pr\u00f3ximo mi\u00e9rcoles 19 de julio, aqu\u00ed te decimos el paso a paso para resguardarlas.<\/p>\n<p>Lo primero que debes saber es que este cambio que aplicar\u00e1 el gigante tecnol\u00f3gico\u00a0 no est\u00e1 relacionado con el servicio conocido como Google Fotos.<\/p>\n<p>En ese sentido, las\u00a0fotos\u00a0y videos que\u00a0borrar\u00e1 Google\u00a0son aquellas que se encuentren almacenadas en el archivo de \u00e1lbumes de la compa\u00f1\u00eda.<\/p>\n<p>Si tienes dudas sobre si\u00a0Google\u00a0va a borrar tus fotos\u00a0y videos puedes entrar a la p\u00e1gina web de get.google.com.<\/p>\n<p>En caso de que tengas\u00a0fotos\u00a0y videos en el Archivo de \u00c1lbumes de Google, la \u00fanica opci\u00f3n disponible es hacer una copia de seguridad.<\/p>\n<p>Para hacer la copia de seguridad debes entrar al sitio de Google Takeout, donde podr\u00e1s descargar o exportar los datos que tienes almacenados en los diferentes servicios de la compa\u00f1\u00eda.<\/p>\n<p>Una vez que hayas ingresado a\u00a0Google Takeout\u00a0identifica el \u00edcono \u00c1lbum Archive y selecciona la casilla azul. Revisa que sea la \u00fanica que est\u00e9 marcada.<\/p>\n<p>Despu\u00e9s pulsa en el bot\u00f3n \u2018Paso siguiente\u2019. Aparecer\u00e1n diversas opciones para resguardar tus archivos, desde un v\u00ednculo de descarga hasta su almacenamiento en Drive, Dropbox, Onedrive o Box. Elige la opci\u00f3n que m\u00e1s te convenga.<\/p>\n<p>Toma en cuenta que si eliges la opci\u00f3n del enlace, tendr\u00e1s solo una semana para guardar los archivos.<\/p>\n<p>La plataforma te da la opci\u00f3n de elegir la frecuencia, el tipo de archivo y el tama\u00f1o, sin embargo, puedes seguir con la configuraci\u00f3n recomendada, que consiste en \u2018exportar una vez\u2019, tipo de archivo zip y tama\u00f1o 2GB.<\/p>\n<p>Finalmente pulsa en \u2018crear exportaci\u00f3n\u2019 y en unos minutos te llegar\u00e1 a tu\u00a0correo electr\u00f3nico\u00a0el enlace para descargar tus fotos y videos.<\/p>\n","protected":false},"excerpt":{"rendered":"<p>Google\u00a0dio a conocer que a partir del 19 de julio de este a\u00f1o\u00a0va a borrar\u00a0las\u00a0fotos\u00a0de aquellos usuarios que no hagan algunos\u00a0cambios en su cuenta, aqu\u00ed te decimos cu\u00e1les son. El Archivo de \u00c1lbumes de Google dejar\u00e1 de estar disponible a partir del mi\u00e9rcoles 19 de julio, por lo que si tienes fotos y videos almacenados [&hellip;]<\/p>\n","protected":false},"author":3,"featured_media":99111,"comment_status":"closed","ping_status":"closed","sticky":false,"template":"","format":"standard","meta":{"footnotes":""},"categories":[11],"tags":[],"class_list":{"0":"post-99110","1":"post","2":"type-post","3":"status-publish","4":"format-standard","5":"has-post-thumbnail","7":"category-tecnologia-y-ciencia"},"yoast_head":"<!-- This site is optimized with the Yoast SEO plugin v27.4 - https:\/\/yoast.com\/product\/yoast-seo-wordpress\/ -->\n<title>Google va a borrar tus fotos si no haces estos cambios en tu cuenta - Yucat\u00e1n en corto<\/title>\n<meta name=\"robots\" content=\"index, follow, max-snippet:-1, max-image-preview:large, max-video-preview:-1\" \/>\n<link rel=\"canonical\" href=\"https:\/\/www.yucatanencorto.com\/noticias\/google-va-a-borrar-tus-fotos-si-no-haces-estos-cambios-en-tu-cuenta\/\" \/>\n<meta property=\"og:locale\" content=\"es_ES\" \/>\n<meta property=\"og:type\" content=\"article\" \/>\n<meta property=\"og:title\" content=\"Google va a borrar tus fotos si no haces estos cambios en tu cuenta - Yucat\u00e1n en corto\" \/>\n<meta property=\"og:description\" content=\"Google\u00a0dio a conocer que a partir del 19 de julio de este a\u00f1o\u00a0va a borrar\u00a0las\u00a0fotos\u00a0de aquellos usuarios que no hagan algunos\u00a0cambios en su cuenta, aqu\u00ed te decimos cu\u00e1les son. El Archivo de \u00c1lbumes de Google dejar\u00e1 de estar disponible a partir del mi\u00e9rcoles 19 de julio, por lo que si tienes fotos y videos almacenados [&hellip;]\" \/>\n<meta property=\"og:url\" content=\"https:\/\/www.yucatanencorto.com\/noticias\/google-va-a-borrar-tus-fotos-si-no-haces-estos-cambios-en-tu-cuenta\/\" \/>\n<meta property=\"og:site_name\" content=\"Yucat\u00e1n en corto\" \/>\n<meta property=\"article:publisher\" content=\"http:\/\/www.facebook.com\/yucatanencorto\" \/>\n<meta property=\"article:published_time\" content=\"2023-07-15T00:04:05+00:00\" \/>\n<meta property=\"og:image\" content=\"https:\/\/www.yucatanencorto.com\/noticias\/wp-content\/uploads\/2023\/07\/PVNQQDJFMBABRFYML53XOOCCOE.png\" \/>\n\t<meta property=\"og:image:width\" content=\"768\" \/>\n\t<meta property=\"og:image:height\" content=\"576\" \/>\n\t<meta property=\"og:image:type\" content=\"image\/png\" \/>\n<meta name=\"author\" content=\"Redes\" \/>\n<meta name=\"twitter:card\" content=\"summary_large_image\" \/>\n<meta name=\"twitter:creator\" content=\"@yucatanencorto\" \/>\n<meta name=\"twitter:site\" content=\"@yucatanencorto\" \/>\n<meta name=\"twitter:label1\" content=\"Escrito por\" \/>\n\t<meta name=\"twitter:data1\" content=\"Redes\" \/>\n\t<meta name=\"twitter:label2\" content=\"Tiempo de lectura\" \/>\n\t<meta name=\"twitter:data2\" content=\"2 minutos\" \/>\n<script type=\"application\/ld+json\" class=\"yoast-schema-graph\">{\"@context\":\"https:\\\/\\\/schema.org\",\"@graph\":[{\"@type\":\"Article\",\"@id\":\"https:\\\/\\\/www.yucatanencorto.com\\\/noticias\\\/google-va-a-borrar-tus-fotos-si-no-haces-estos-cambios-en-tu-cuenta\\\/#article\",\"isPartOf\":{\"@id\":\"https:\\\/\\\/www.yucatanencorto.com\\\/noticias\\\/google-va-a-borrar-tus-fotos-si-no-haces-estos-cambios-en-tu-cuenta\\\/\"},\"author\":{\"name\":\"Redes\",\"@id\":\"https:\\\/\\\/www.yucatanencorto.com\\\/noticias\\\/#\\\/schema\\\/person\\\/e2fbdfaf30a07014a43940ce989f3119\"},\"headline\":\"Google va a borrar tus fotos si no haces estos cambios en tu cuenta\",\"datePublished\":\"2023-07-15T00:04:05+00:00\",\"mainEntityOfPage\":{\"@id\":\"https:\\\/\\\/www.yucatanencorto.com\\\/noticias\\\/google-va-a-borrar-tus-fotos-si-no-haces-estos-cambios-en-tu-cuenta\\\/\"},\"wordCount\":463,\"image\":{\"@id\":\"https:\\\/\\\/www.yucatanencorto.com\\\/noticias\\\/google-va-a-borrar-tus-fotos-si-no-haces-estos-cambios-en-tu-cuenta\\\/#primaryimage\"},\"thumbnailUrl\":\"https:\\\/\\\/www.yucatanencorto.com\\\/noticias\\\/wp-content\\\/uploads\\\/2023\\\/07\\\/PVNQQDJFMBABRFYML53XOOCCOE.png\",\"articleSection\":[\"Tecnolog\u00eda y Ciencia\"],\"inLanguage\":\"es\"},{\"@type\":\"WebPage\",\"@id\":\"https:\\\/\\\/www.yucatanencorto.com\\\/noticias\\\/google-va-a-borrar-tus-fotos-si-no-haces-estos-cambios-en-tu-cuenta\\\/\",\"url\":\"https:\\\/\\\/www.yucatanencorto.com\\\/noticias\\\/google-va-a-borrar-tus-fotos-si-no-haces-estos-cambios-en-tu-cuenta\\\/\",\"name\":\"Google va a borrar tus fotos si no haces estos cambios en tu cuenta - Yucat\u00e1n en corto\",\"isPartOf\":{\"@id\":\"https:\\\/\\\/www.yucatanencorto.com\\\/noticias\\\/#website\"},\"primaryImageOfPage\":{\"@id\":\"https:\\\/\\\/www.yucatanencorto.com\\\/noticias\\\/google-va-a-borrar-tus-fotos-si-no-haces-estos-cambios-en-tu-cuenta\\\/#primaryimage\"},\"image\":{\"@id\":\"https:\\\/\\\/www.yucatanencorto.com\\\/noticias\\\/google-va-a-borrar-tus-fotos-si-no-haces-estos-cambios-en-tu-cuenta\\\/#primaryimage\"},\"thumbnailUrl\":\"https:\\\/\\\/www.yucatanencorto.com\\\/noticias\\\/wp-content\\\/uploads\\\/2023\\\/07\\\/PVNQQDJFMBABRFYML53XOOCCOE.png\",\"datePublished\":\"2023-07-15T00:04:05+00:00\",\"author\":{\"@id\":\"https:\\\/\\\/www.yucatanencorto.com\\\/noticias\\\/#\\\/schema\\\/person\\\/e2fbdfaf30a07014a43940ce989f3119\"},\"breadcrumb\":{\"@id\":\"https:\\\/\\\/www.yucatanencorto.com\\\/noticias\\\/google-va-a-borrar-tus-fotos-si-no-haces-estos-cambios-en-tu-cuenta\\\/#breadcrumb\"},\"inLanguage\":\"es\",\"potentialAction\":[{\"@type\":\"ReadAction\",\"target\":[\"https:\\\/\\\/www.yucatanencorto.com\\\/noticias\\\/google-va-a-borrar-tus-fotos-si-no-haces-estos-cambios-en-tu-cuenta\\\/\"]}]},{\"@type\":\"ImageObject\",\"inLanguage\":\"es\",\"@id\":\"https:\\\/\\\/www.yucatanencorto.com\\\/noticias\\\/google-va-a-borrar-tus-fotos-si-no-haces-estos-cambios-en-tu-cuenta\\\/#primaryimage\",\"url\":\"https:\\\/\\\/www.yucatanencorto.com\\\/noticias\\\/wp-content\\\/uploads\\\/2023\\\/07\\\/PVNQQDJFMBABRFYML53XOOCCOE.png\",\"contentUrl\":\"https:\\\/\\\/www.yucatanencorto.com\\\/noticias\\\/wp-content\\\/uploads\\\/2023\\\/07\\\/PVNQQDJFMBABRFYML53XOOCCOE.png\",\"width\":768,\"height\":576},{\"@type\":\"BreadcrumbList\",\"@id\":\"https:\\\/\\\/www.yucatanencorto.com\\\/noticias\\\/google-va-a-borrar-tus-fotos-si-no-haces-estos-cambios-en-tu-cuenta\\\/#breadcrumb\",\"itemListElement\":[{\"@type\":\"ListItem\",\"position\":1,\"name\":\"Portada\",\"item\":\"https:\\\/\\\/www.yucatanencorto.com\\\/noticias\\\/\"},{\"@type\":\"ListItem\",\"position\":2,\"name\":\"Google va a borrar tus fotos si no haces estos cambios en tu cuenta\"}]},{\"@type\":\"WebSite\",\"@id\":\"https:\\\/\\\/www.yucatanencorto.com\\\/noticias\\\/#website\",\"url\":\"https:\\\/\\\/www.yucatanencorto.com\\\/noticias\\\/\",\"name\":\"Yucat\u00e1n en corto\",\"description\":\"Noticias\",\"potentialAction\":[{\"@type\":\"SearchAction\",\"target\":{\"@type\":\"EntryPoint\",\"urlTemplate\":\"https:\\\/\\\/www.yucatanencorto.com\\\/noticias\\\/?s={search_term_string}\"},\"query-input\":{\"@type\":\"PropertyValueSpecification\",\"valueRequired\":true,\"valueName\":\"search_term_string\"}}],\"inLanguage\":\"es\"},{\"@type\":\"Person\",\"@id\":\"https:\\\/\\\/www.yucatanencorto.com\\\/noticias\\\/#\\\/schema\\\/person\\\/e2fbdfaf30a07014a43940ce989f3119\",\"name\":\"Redes\",\"image\":{\"@type\":\"ImageObject\",\"inLanguage\":\"es\",\"@id\":\"https:\\\/\\\/secure.gravatar.com\\\/avatar\\\/5931a2d21dd7cc834f44c8c34fe56d90ed6d536ef452cbf870c7485b524dddd7?s=96&d=mm&r=g\",\"url\":\"https:\\\/\\\/secure.gravatar.com\\\/avatar\\\/5931a2d21dd7cc834f44c8c34fe56d90ed6d536ef452cbf870c7485b524dddd7?s=96&d=mm&r=g\",\"contentUrl\":\"https:\\\/\\\/secure.gravatar.com\\\/avatar\\\/5931a2d21dd7cc834f44c8c34fe56d90ed6d536ef452cbf870c7485b524dddd7?s=96&d=mm&r=g\",\"caption\":\"Redes\"},\"url\":\"https:\\\/\\\/www.yucatanencorto.com\\\/noticias\\\/author\\\/redes\\\/\"}]}<\/script>\n<!-- \/ Yoast SEO plugin. -->","yoast_head_json":{"title":"Google va a borrar tus fotos si no haces estos cambios en tu cuenta - Yucat\u00e1n en corto","robots":{"index":"index","follow":"follow","max-snippet":"max-snippet:-1","max-image-preview":"max-image-preview:large","max-video-preview":"max-video-preview:-1"},"canonical":"https:\/\/www.yucatanencorto.com\/noticias\/google-va-a-borrar-tus-fotos-si-no-haces-estos-cambios-en-tu-cuenta\/","og_locale":"es_ES","og_type":"article","og_title":"Google va a borrar tus fotos si no haces estos cambios en tu cuenta - Yucat\u00e1n en corto","og_description":"Google\u00a0dio a conocer que a partir del 19 de julio de este a\u00f1o\u00a0va a borrar\u00a0las\u00a0fotos\u00a0de aquellos usuarios que no hagan algunos\u00a0cambios en su cuenta, aqu\u00ed te decimos cu\u00e1les son. El Archivo de \u00c1lbumes de Google dejar\u00e1 de estar disponible a partir del mi\u00e9rcoles 19 de julio, por lo que si tienes fotos y videos almacenados [&hellip;]","og_url":"https:\/\/www.yucatanencorto.com\/noticias\/google-va-a-borrar-tus-fotos-si-no-haces-estos-cambios-en-tu-cuenta\/","og_site_name":"Yucat\u00e1n en corto","article_publisher":"http:\/\/www.facebook.com\/yucatanencorto","article_published_time":"2023-07-15T00:04:05+00:00","og_image":[{"width":768,"height":576,"url":"https:\/\/www.yucatanencorto.com\/noticias\/wp-content\/uploads\/2023\/07\/PVNQQDJFMBABRFYML53XOOCCOE.png","type":"image\/png"}],"author":"Redes","twitter_card":"summary_large_image","twitter_creator":"@yucatanencorto","twitter_site":"@yucatanencorto","twitter_misc":{"Escrito por":"Redes","Tiempo de lectura":"2 minutos"},"schema":{"@context":"https:\/\/schema.org","@graph":[{"@type":"Article","@id":"https:\/\/www.yucatanencorto.com\/noticias\/google-va-a-borrar-tus-fotos-si-no-haces-estos-cambios-en-tu-cuenta\/#article","isPartOf":{"@id":"https:\/\/www.yucatanencorto.com\/noticias\/google-va-a-borrar-tus-fotos-si-no-haces-estos-cambios-en-tu-cuenta\/"},"author":{"name":"Redes","@id":"https:\/\/www.yucatanencorto.com\/noticias\/#\/schema\/person\/e2fbdfaf30a07014a43940ce989f3119"},"headline":"Google va a borrar tus fotos si no haces estos cambios en tu cuenta","datePublished":"2023-07-15T00:04:05+00:00","mainEntityOfPage":{"@id":"https:\/\/www.yucatanencorto.com\/noticias\/google-va-a-borrar-tus-fotos-si-no-haces-estos-cambios-en-tu-cuenta\/"},"wordCount":463,"image":{"@id":"https:\/\/www.yucatanencorto.com\/noticias\/google-va-a-borrar-tus-fotos-si-no-haces-estos-cambios-en-tu-cuenta\/#primaryimage"},"thumbnailUrl":"https:\/\/www.yucatanencorto.com\/noticias\/wp-content\/uploads\/2023\/07\/PVNQQDJFMBABRFYML53XOOCCOE.png","articleSection":["Tecnolog\u00eda y Ciencia"],"inLanguage":"es"},{"@type":"WebPage","@id":"https:\/\/www.yucatanencorto.com\/noticias\/google-va-a-borrar-tus-fotos-si-no-haces-estos-cambios-en-tu-cuenta\/","url":"https:\/\/www.yucatanencorto.com\/noticias\/google-va-a-borrar-tus-fotos-si-no-haces-estos-cambios-en-tu-cuenta\/","name":"Google va a borrar tus fotos si no haces estos cambios en tu cuenta - Yucat\u00e1n en corto","isPartOf":{"@id":"https:\/\/www.yucatanencorto.com\/noticias\/#website"},"primaryImageOfPage":{"@id":"https:\/\/www.yucatanencorto.com\/noticias\/google-va-a-borrar-tus-fotos-si-no-haces-estos-cambios-en-tu-cuenta\/#primaryimage"},"image":{"@id":"https:\/\/www.yucatanencorto.com\/noticias\/google-va-a-borrar-tus-fotos-si-no-haces-estos-cambios-en-tu-cuenta\/#primaryimage"},"thumbnailUrl":"https:\/\/www.yucatanencorto.com\/noticias\/wp-content\/uploads\/2023\/07\/PVNQQDJFMBABRFYML53XOOCCOE.png","datePublished":"2023-07-15T00:04:05+00:00","author":{"@id":"https:\/\/www.yucatanencorto.com\/noticias\/#\/schema\/person\/e2fbdfaf30a07014a43940ce989f3119"},"breadcrumb":{"@id":"https:\/\/www.yucatanencorto.com\/noticias\/google-va-a-borrar-tus-fotos-si-no-haces-estos-cambios-en-tu-cuenta\/#breadcrumb"},"inLanguage":"es","potentialAction":[{"@type":"ReadAction","target":["https:\/\/www.yucatanencorto.com\/noticias\/google-va-a-borrar-tus-fotos-si-no-haces-estos-cambios-en-tu-cuenta\/"]}]},{"@type":"ImageObject","inLanguage":"es","@id":"https:\/\/www.yucatanencorto.com\/noticias\/google-va-a-borrar-tus-fotos-si-no-haces-estos-cambios-en-tu-cuenta\/#primaryimage","url":"https:\/\/www.yucatanencorto.com\/noticias\/wp-content\/uploads\/2023\/07\/PVNQQDJFMBABRFYML53XOOCCOE.png","contentUrl":"https:\/\/www.yucatanencorto.com\/noticias\/wp-content\/uploads\/2023\/07\/PVNQQDJFMBABRFYML53XOOCCOE.png","width":768,"height":576},{"@type":"BreadcrumbList","@id":"https:\/\/www.yucatanencorto.com\/noticias\/google-va-a-borrar-tus-fotos-si-no-haces-estos-cambios-en-tu-cuenta\/#breadcrumb","itemListElement":[{"@type":"ListItem","position":1,"name":"Portada","item":"https:\/\/www.yucatanencorto.com\/noticias\/"},{"@type":"ListItem","position":2,"name":"Google va a borrar tus fotos si no haces estos cambios en tu cuenta"}]},{"@type":"WebSite","@id":"https:\/\/www.yucatanencorto.com\/noticias\/#website","url":"https:\/\/www.yucatanencorto.com\/noticias\/","name":"Yucat\u00e1n en corto","description":"Noticias","potentialAction":[{"@type":"SearchAction","target":{"@type":"EntryPoint","urlTemplate":"https:\/\/www.yucatanencorto.com\/noticias\/?s={search_term_string}"},"query-input":{"@type":"PropertyValueSpecification","valueRequired":true,"valueName":"search_term_string"}}],"inLanguage":"es"},{"@type":"Person","@id":"https:\/\/www.yucatanencorto.com\/noticias\/#\/schema\/person\/e2fbdfaf30a07014a43940ce989f3119","name":"Redes","image":{"@type":"ImageObject","inLanguage":"es","@id":"https:\/\/secure.gravatar.com\/avatar\/5931a2d21dd7cc834f44c8c34fe56d90ed6d536ef452cbf870c7485b524dddd7?s=96&d=mm&r=g","url":"https:\/\/secure.gravatar.com\/avatar\/5931a2d21dd7cc834f44c8c34fe56d90ed6d536ef452cbf870c7485b524dddd7?s=96&d=mm&r=g","contentUrl":"https:\/\/secure.gravatar.com\/avatar\/5931a2d21dd7cc834f44c8c34fe56d90ed6d536ef452cbf870c7485b524dddd7?s=96&d=mm&r=g","caption":"Redes"},"url":"https:\/\/www.yucatanencorto.com\/noticias\/author\/redes\/"}]}},"_links":{"self":[{"href":"https:\/\/www.yucatanencorto.com\/noticias\/wp-json\/wp\/v2\/posts\/99110","targetHints":{"allow":["GET"]}}],"collection":[{"href":"https:\/\/www.yucatanencorto.com\/noticias\/wp-json\/wp\/v2\/posts"}],"about":[{"href":"https:\/\/www.yucatanencorto.com\/noticias\/wp-json\/wp\/v2\/types\/post"}],"author":[{"embeddable":true,"href":"https:\/\/www.yucatanencorto.com\/noticias\/wp-json\/wp\/v2\/users\/3"}],"replies":[{"embeddable":true,"href":"https:\/\/www.yucatanencorto.com\/noticias\/wp-json\/wp\/v2\/comments?post=99110"}],"version-history":[{"count":0,"href":"https:\/\/www.yucatanencorto.com\/noticias\/wp-json\/wp\/v2\/posts\/99110\/revisions"}],"wp:featuredmedia":[{"embeddable":true,"href":"https:\/\/www.yucatanencorto.com\/noticias\/wp-json\/wp\/v2\/media\/99111"}],"wp:attachment":[{"href":"https:\/\/www.yucatanencorto.com\/noticias\/wp-json\/wp\/v2\/media?parent=99110"}],"wp:term":[{"taxonomy":"category","embeddable":true,"href":"https:\/\/www.yucatanencorto.com\/noticias\/wp-json\/wp\/v2\/categories?post=99110"},{"taxonomy":"post_tag","embeddable":true,"href":"https:\/\/www.yucatanencorto.com\/noticias\/wp-json\/wp\/v2\/tags?post=99110"}],"curies":[{"name":"wp","href":"https:\/\/api.w.org\/{rel}","templated":true}]}}