{"id":99119,"date":"2023-07-15T14:19:13","date_gmt":"2023-07-15T20:19:13","guid":{"rendered":"https:\/\/www.yucatanencorto.com\/noticias\/?p=99119"},"modified":"2023-07-15T14:19:13","modified_gmt":"2023-07-15T20:19:13","slug":"renan-se-reune-con-pescadores-en-progreso","status":"publish","type":"post","link":"https:\/\/www.yucatanencorto.com\/noticias\/renan-se-reune-con-pescadores-en-progreso\/","title":{"rendered":"Ren\u00e1n se re\u00fane con pescadores en Progreso"},"content":{"rendered":"<p>&nbsp;<\/p>\n<p><img loading=\"lazy\" decoding=\"async\" class=\"alignnone size-full wp-image-99120\" src=\"https:\/\/www.yucatanencorto.com\/noticias\/wp-content\/uploads\/2023\/07\/IMG-20230715-WA0025-scaled.jpg\" alt=\"\" width=\"768\" height=\"512\" srcset=\"https:\/\/www.yucatanencorto.com\/noticias\/wp-content\/uploads\/2023\/07\/IMG-20230715-WA0025-scaled.jpg 768w, https:\/\/www.yucatanencorto.com\/noticias\/wp-content\/uploads\/2023\/07\/IMG-20230715-WA0025-696x464.jpg 696w, https:\/\/www.yucatanencorto.com\/noticias\/wp-content\/uploads\/2023\/07\/IMG-20230715-WA0025-631x420.jpg 631w\" sizes=\"auto, (max-width: 768px) 100vw, 768px\" \/><\/p>\n<p>Progreso, Yuc, a 15 de julio de 2023.- Cientos de liderazgos, pescadores, exalcaldes y exregidores abarrotaron el local social Campestre Tres Potrillos de esta ciudad, para escuchar el mensaje de Ren\u00e1n Barrera Concha, quien los convoc\u00f3, por el bien de Yucat\u00e1n, a anteponer el inter\u00e9s colectivo por encima de los intereses personales.<\/p>\n<p>\u201cM\u00e1s all\u00e1 de simpat\u00edas y de fobias tenemos que ser capaces de privilegiar el bien de Yucat\u00e1n, de Progreso y de todos los municipios, por encima de cualquier opci\u00f3n personal. Todos deseamos que le vaya bien a Yucat\u00e1n y ese es el punto de encuentro del pr\u00f3ximo reto y desaf\u00edo que tendremos\u00bb, subray\u00f3 el consejero nacional y estatal del PAN.<\/p>\n<p>En amena tardeada en este puerto, en el marco de este encuentro, Barrera Cocha comparti\u00f3 con los asistentes las pol\u00edticas publicas que son un \u00e9xito en M\u00e9rida y que pueden ser replicadas en los municipios, igual como lo ha hecho en otras partes del interior del estado.<\/p>\n<p>En ese sentido, reiter\u00f3 su compromiso con los 106 municipios de Yucat\u00e1n para que encuentren en M\u00e9rida una mano amiga que les permita impulsar su desarrollo y, en su momento, de cara a 2024, lograr la justicia social para todas y todos los yucatecos que luchan d\u00eda a d\u00eda por salir adelante.<\/p>\n<p>Cuentan conmigo para sumar esfuerzos y tener un mejor Yucat\u00e1n, voy a poner todo mi talento para que esto salga bien y, sobre todo, para que mantengamos la armon\u00eda, porque eso es lo primordial para un gobernante\u00bb, apunt\u00f3 el pol\u00edtico yucateco.<\/p>\n<p>Previo a este encuentro con liderazgos, Ren\u00e1n Barrera visit\u00f3 el Palacio Municipal, donde sostuvo una reuni\u00f3n con su hom\u00f3logo progrese\u00f1o Juli\u00e1n Zacar\u00edas Curi.<\/p>\n<p>Posteriormente, a invitaci\u00f3n del alcalde anfitri\u00f3n, Barrera Concha fungi\u00f3 como testigo de honor en la firma de convenio para la realizaci\u00f3n de la Expo \u00abTeabo el Coraz\u00f3n del Xokbil Chuuy en Progreso\u00bb, donde artesanas y artesanos de ese municipio exponen desde este viernes sus productos.<\/p>\n<p>&nbsp;<\/p>\n<p>&nbsp;<\/p>\n<p>Empacadora de mariscos<\/p>\n<p>&nbsp;<\/p>\n<p>En otra de sus actividades en el puerto, Barrera Concha visit\u00f3 la empacadora \u00abM\u00e1s Pesca\u00bb y en compa\u00f1\u00eda del presidente de esta empresa, hizo un recorrido por el lugar y conoci\u00f3 de cerca los procesos de preparaci\u00f3n de los productos del mar.<\/p>\n<p>Asimismo, sostuvo una reuni\u00f3n con los integrantes del Consejo Directivo de la Canaco-Servytur de Progreso, que preside Manuel Contreras Alcal\u00e1, con quienes platic\u00f3 cerca de las fortalezas y debilidades por las que atraviesa el sector comercial y de servicios del municipio.<\/p>\n<p>Finalmente, Ren\u00e1n Barrera acudi\u00f3 el Comit\u00e9 Directivo Municipal de Progreso, donde hizo un llamado a los militantes a seguir conservando la unidad que caracteriza al panismo yucateco.<\/p>\n","protected":false},"excerpt":{"rendered":"<p>&nbsp; Progreso, Yuc, a 15 de julio de 2023.- Cientos de liderazgos, pescadores, exalcaldes y exregidores abarrotaron el local social Campestre Tres Potrillos de esta ciudad, para escuchar el mensaje de Ren\u00e1n Barrera Concha, quien los convoc\u00f3, por el bien de Yucat\u00e1n, a anteponer el inter\u00e9s colectivo por encima de los intereses personales. \u201cM\u00e1s all\u00e1 [&hellip;]<\/p>\n","protected":false},"author":3,"featured_media":99120,"comment_status":"closed","ping_status":"closed","sticky":false,"template":"","format":"standard","meta":{"footnotes":""},"categories":[3],"tags":[],"class_list":{"0":"post-99119","1":"post","2":"type-post","3":"status-publish","4":"format-standard","5":"has-post-thumbnail","7":"category-yucatan"},"yoast_head":"<!-- This site is optimized with the Yoast SEO plugin v27.4 - https:\/\/yoast.com\/product\/yoast-seo-wordpress\/ -->\n<title>Ren\u00e1n se re\u00fane con pescadores en Progreso - Yucat\u00e1n en corto<\/title>\n<meta name=\"robots\" content=\"index, follow, max-snippet:-1, max-image-preview:large, max-video-preview:-1\" \/>\n<link rel=\"canonical\" href=\"https:\/\/www.yucatanencorto.com\/noticias\/renan-se-reune-con-pescadores-en-progreso\/\" \/>\n<meta property=\"og:locale\" content=\"es_ES\" \/>\n<meta property=\"og:type\" content=\"article\" \/>\n<meta property=\"og:title\" content=\"Ren\u00e1n se re\u00fane con pescadores en Progreso - Yucat\u00e1n en corto\" \/>\n<meta property=\"og:description\" content=\"&nbsp; Progreso, Yuc, a 15 de julio de 2023.- Cientos de liderazgos, pescadores, exalcaldes y exregidores abarrotaron el local social Campestre Tres Potrillos de esta ciudad, para escuchar el mensaje de Ren\u00e1n Barrera Concha, quien los convoc\u00f3, por el bien de Yucat\u00e1n, a anteponer el inter\u00e9s colectivo por encima de los intereses personales. \u201cM\u00e1s all\u00e1 [&hellip;]\" \/>\n<meta property=\"og:url\" content=\"https:\/\/www.yucatanencorto.com\/noticias\/renan-se-reune-con-pescadores-en-progreso\/\" \/>\n<meta property=\"og:site_name\" content=\"Yucat\u00e1n en corto\" \/>\n<meta property=\"article:publisher\" content=\"http:\/\/www.facebook.com\/yucatanencorto\" \/>\n<meta property=\"article:published_time\" content=\"2023-07-15T20:19:13+00:00\" \/>\n<meta property=\"og:image\" content=\"https:\/\/www.yucatanencorto.com\/noticias\/wp-content\/uploads\/2023\/07\/IMG-20230715-WA0025-scaled.jpg\" \/>\n\t<meta property=\"og:image:width\" content=\"768\" \/>\n\t<meta property=\"og:image:height\" content=\"512\" \/>\n\t<meta property=\"og:image:type\" content=\"image\/jpeg\" \/>\n<meta name=\"author\" content=\"Redes\" \/>\n<meta name=\"twitter:card\" content=\"summary_large_image\" \/>\n<meta name=\"twitter:creator\" content=\"@yucatanencorto\" \/>\n<meta name=\"twitter:site\" content=\"@yucatanencorto\" \/>\n<meta name=\"twitter:label1\" content=\"Escrito por\" \/>\n\t<meta name=\"twitter:data1\" content=\"Redes\" \/>\n\t<meta name=\"twitter:label2\" content=\"Tiempo de lectura\" \/>\n\t<meta name=\"twitter:data2\" content=\"3 minutos\" \/>\n<script type=\"application\/ld+json\" class=\"yoast-schema-graph\">{\"@context\":\"https:\\\/\\\/schema.org\",\"@graph\":[{\"@type\":\"Article\",\"@id\":\"https:\\\/\\\/www.yucatanencorto.com\\\/noticias\\\/renan-se-reune-con-pescadores-en-progreso\\\/#article\",\"isPartOf\":{\"@id\":\"https:\\\/\\\/www.yucatanencorto.com\\\/noticias\\\/renan-se-reune-con-pescadores-en-progreso\\\/\"},\"author\":{\"name\":\"Redes\",\"@id\":\"https:\\\/\\\/www.yucatanencorto.com\\\/noticias\\\/#\\\/schema\\\/person\\\/e2fbdfaf30a07014a43940ce989f3119\"},\"headline\":\"Ren\u00e1n se re\u00fane con pescadores en Progreso\",\"datePublished\":\"2023-07-15T20:19:13+00:00\",\"mainEntityOfPage\":{\"@id\":\"https:\\\/\\\/www.yucatanencorto.com\\\/noticias\\\/renan-se-reune-con-pescadores-en-progreso\\\/\"},\"wordCount\":477,\"image\":{\"@id\":\"https:\\\/\\\/www.yucatanencorto.com\\\/noticias\\\/renan-se-reune-con-pescadores-en-progreso\\\/#primaryimage\"},\"thumbnailUrl\":\"https:\\\/\\\/www.yucatanencorto.com\\\/noticias\\\/wp-content\\\/uploads\\\/2023\\\/07\\\/IMG-20230715-WA0025-scaled.jpg\",\"articleSection\":[\"Yucat\u00e1n\"],\"inLanguage\":\"es\"},{\"@type\":\"WebPage\",\"@id\":\"https:\\\/\\\/www.yucatanencorto.com\\\/noticias\\\/renan-se-reune-con-pescadores-en-progreso\\\/\",\"url\":\"https:\\\/\\\/www.yucatanencorto.com\\\/noticias\\\/renan-se-reune-con-pescadores-en-progreso\\\/\",\"name\":\"Ren\u00e1n se re\u00fane con pescadores en Progreso - Yucat\u00e1n en corto\",\"isPartOf\":{\"@id\":\"https:\\\/\\\/www.yucatanencorto.com\\\/noticias\\\/#website\"},\"primaryImageOfPage\":{\"@id\":\"https:\\\/\\\/www.yucatanencorto.com\\\/noticias\\\/renan-se-reune-con-pescadores-en-progreso\\\/#primaryimage\"},\"image\":{\"@id\":\"https:\\\/\\\/www.yucatanencorto.com\\\/noticias\\\/renan-se-reune-con-pescadores-en-progreso\\\/#primaryimage\"},\"thumbnailUrl\":\"https:\\\/\\\/www.yucatanencorto.com\\\/noticias\\\/wp-content\\\/uploads\\\/2023\\\/07\\\/IMG-20230715-WA0025-scaled.jpg\",\"datePublished\":\"2023-07-15T20:19:13+00:00\",\"author\":{\"@id\":\"https:\\\/\\\/www.yucatanencorto.com\\\/noticias\\\/#\\\/schema\\\/person\\\/e2fbdfaf30a07014a43940ce989f3119\"},\"breadcrumb\":{\"@id\":\"https:\\\/\\\/www.yucatanencorto.com\\\/noticias\\\/renan-se-reune-con-pescadores-en-progreso\\\/#breadcrumb\"},\"inLanguage\":\"es\",\"potentialAction\":[{\"@type\":\"ReadAction\",\"target\":[\"https:\\\/\\\/www.yucatanencorto.com\\\/noticias\\\/renan-se-reune-con-pescadores-en-progreso\\\/\"]}]},{\"@type\":\"ImageObject\",\"inLanguage\":\"es\",\"@id\":\"https:\\\/\\\/www.yucatanencorto.com\\\/noticias\\\/renan-se-reune-con-pescadores-en-progreso\\\/#primaryimage\",\"url\":\"https:\\\/\\\/www.yucatanencorto.com\\\/noticias\\\/wp-content\\\/uploads\\\/2023\\\/07\\\/IMG-20230715-WA0025-scaled.jpg\",\"contentUrl\":\"https:\\\/\\\/www.yucatanencorto.com\\\/noticias\\\/wp-content\\\/uploads\\\/2023\\\/07\\\/IMG-20230715-WA0025-scaled.jpg\",\"width\":768,\"height\":512},{\"@type\":\"BreadcrumbList\",\"@id\":\"https:\\\/\\\/www.yucatanencorto.com\\\/noticias\\\/renan-se-reune-con-pescadores-en-progreso\\\/#breadcrumb\",\"itemListElement\":[{\"@type\":\"ListItem\",\"position\":1,\"name\":\"Portada\",\"item\":\"https:\\\/\\\/www.yucatanencorto.com\\\/noticias\\\/\"},{\"@type\":\"ListItem\",\"position\":2,\"name\":\"Ren\u00e1n se re\u00fane con pescadores en Progreso\"}]},{\"@type\":\"WebSite\",\"@id\":\"https:\\\/\\\/www.yucatanencorto.com\\\/noticias\\\/#website\",\"url\":\"https:\\\/\\\/www.yucatanencorto.com\\\/noticias\\\/\",\"name\":\"Yucat\u00e1n en corto\",\"description\":\"Noticias\",\"potentialAction\":[{\"@type\":\"SearchAction\",\"target\":{\"@type\":\"EntryPoint\",\"urlTemplate\":\"https:\\\/\\\/www.yucatanencorto.com\\\/noticias\\\/?s={search_term_string}\"},\"query-input\":{\"@type\":\"PropertyValueSpecification\",\"valueRequired\":true,\"valueName\":\"search_term_string\"}}],\"inLanguage\":\"es\"},{\"@type\":\"Person\",\"@id\":\"https:\\\/\\\/www.yucatanencorto.com\\\/noticias\\\/#\\\/schema\\\/person\\\/e2fbdfaf30a07014a43940ce989f3119\",\"name\":\"Redes\",\"image\":{\"@type\":\"ImageObject\",\"inLanguage\":\"es\",\"@id\":\"https:\\\/\\\/secure.gravatar.com\\\/avatar\\\/5931a2d21dd7cc834f44c8c34fe56d90ed6d536ef452cbf870c7485b524dddd7?s=96&d=mm&r=g\",\"url\":\"https:\\\/\\\/secure.gravatar.com\\\/avatar\\\/5931a2d21dd7cc834f44c8c34fe56d90ed6d536ef452cbf870c7485b524dddd7?s=96&d=mm&r=g\",\"contentUrl\":\"https:\\\/\\\/secure.gravatar.com\\\/avatar\\\/5931a2d21dd7cc834f44c8c34fe56d90ed6d536ef452cbf870c7485b524dddd7?s=96&d=mm&r=g\",\"caption\":\"Redes\"},\"url\":\"https:\\\/\\\/www.yucatanencorto.com\\\/noticias\\\/author\\\/redes\\\/\"}]}<\/script>\n<!-- \/ Yoast SEO plugin. -->","yoast_head_json":{"title":"Ren\u00e1n se re\u00fane con pescadores en Progreso - Yucat\u00e1n en corto","robots":{"index":"index","follow":"follow","max-snippet":"max-snippet:-1","max-image-preview":"max-image-preview:large","max-video-preview":"max-video-preview:-1"},"canonical":"https:\/\/www.yucatanencorto.com\/noticias\/renan-se-reune-con-pescadores-en-progreso\/","og_locale":"es_ES","og_type":"article","og_title":"Ren\u00e1n se re\u00fane con pescadores en Progreso - Yucat\u00e1n en corto","og_description":"&nbsp; Progreso, Yuc, a 15 de julio de 2023.- Cientos de liderazgos, pescadores, exalcaldes y exregidores abarrotaron el local social Campestre Tres Potrillos de esta ciudad, para escuchar el mensaje de Ren\u00e1n Barrera Concha, quien los convoc\u00f3, por el bien de Yucat\u00e1n, a anteponer el inter\u00e9s colectivo por encima de los intereses personales. \u201cM\u00e1s all\u00e1 [&hellip;]","og_url":"https:\/\/www.yucatanencorto.com\/noticias\/renan-se-reune-con-pescadores-en-progreso\/","og_site_name":"Yucat\u00e1n en corto","article_publisher":"http:\/\/www.facebook.com\/yucatanencorto","article_published_time":"2023-07-15T20:19:13+00:00","og_image":[{"width":768,"height":512,"url":"https:\/\/www.yucatanencorto.com\/noticias\/wp-content\/uploads\/2023\/07\/IMG-20230715-WA0025-scaled.jpg","type":"image\/jpeg"}],"author":"Redes","twitter_card":"summary_large_image","twitter_creator":"@yucatanencorto","twitter_site":"@yucatanencorto","twitter_misc":{"Escrito por":"Redes","Tiempo de lectura":"3 minutos"},"schema":{"@context":"https:\/\/schema.org","@graph":[{"@type":"Article","@id":"https:\/\/www.yucatanencorto.com\/noticias\/renan-se-reune-con-pescadores-en-progreso\/#article","isPartOf":{"@id":"https:\/\/www.yucatanencorto.com\/noticias\/renan-se-reune-con-pescadores-en-progreso\/"},"author":{"name":"Redes","@id":"https:\/\/www.yucatanencorto.com\/noticias\/#\/schema\/person\/e2fbdfaf30a07014a43940ce989f3119"},"headline":"Ren\u00e1n se re\u00fane con pescadores en Progreso","datePublished":"2023-07-15T20:19:13+00:00","mainEntityOfPage":{"@id":"https:\/\/www.yucatanencorto.com\/noticias\/renan-se-reune-con-pescadores-en-progreso\/"},"wordCount":477,"image":{"@id":"https:\/\/www.yucatanencorto.com\/noticias\/renan-se-reune-con-pescadores-en-progreso\/#primaryimage"},"thumbnailUrl":"https:\/\/www.yucatanencorto.com\/noticias\/wp-content\/uploads\/2023\/07\/IMG-20230715-WA0025-scaled.jpg","articleSection":["Yucat\u00e1n"],"inLanguage":"es"},{"@type":"WebPage","@id":"https:\/\/www.yucatanencorto.com\/noticias\/renan-se-reune-con-pescadores-en-progreso\/","url":"https:\/\/www.yucatanencorto.com\/noticias\/renan-se-reune-con-pescadores-en-progreso\/","name":"Ren\u00e1n se re\u00fane con pescadores en Progreso - Yucat\u00e1n en corto","isPartOf":{"@id":"https:\/\/www.yucatanencorto.com\/noticias\/#website"},"primaryImageOfPage":{"@id":"https:\/\/www.yucatanencorto.com\/noticias\/renan-se-reune-con-pescadores-en-progreso\/#primaryimage"},"image":{"@id":"https:\/\/www.yucatanencorto.com\/noticias\/renan-se-reune-con-pescadores-en-progreso\/#primaryimage"},"thumbnailUrl":"https:\/\/www.yucatanencorto.com\/noticias\/wp-content\/uploads\/2023\/07\/IMG-20230715-WA0025-scaled.jpg","datePublished":"2023-07-15T20:19:13+00:00","author":{"@id":"https:\/\/www.yucatanencorto.com\/noticias\/#\/schema\/person\/e2fbdfaf30a07014a43940ce989f3119"},"breadcrumb":{"@id":"https:\/\/www.yucatanencorto.com\/noticias\/renan-se-reune-con-pescadores-en-progreso\/#breadcrumb"},"inLanguage":"es","potentialAction":[{"@type":"ReadAction","target":["https:\/\/www.yucatanencorto.com\/noticias\/renan-se-reune-con-pescadores-en-progreso\/"]}]},{"@type":"ImageObject","inLanguage":"es","@id":"https:\/\/www.yucatanencorto.com\/noticias\/renan-se-reune-con-pescadores-en-progreso\/#primaryimage","url":"https:\/\/www.yucatanencorto.com\/noticias\/wp-content\/uploads\/2023\/07\/IMG-20230715-WA0025-scaled.jpg","contentUrl":"https:\/\/www.yucatanencorto.com\/noticias\/wp-content\/uploads\/2023\/07\/IMG-20230715-WA0025-scaled.jpg","width":768,"height":512},{"@type":"BreadcrumbList","@id":"https:\/\/www.yucatanencorto.com\/noticias\/renan-se-reune-con-pescadores-en-progreso\/#breadcrumb","itemListElement":[{"@type":"ListItem","position":1,"name":"Portada","item":"https:\/\/www.yucatanencorto.com\/noticias\/"},{"@type":"ListItem","position":2,"name":"Ren\u00e1n se re\u00fane con pescadores en Progreso"}]},{"@type":"WebSite","@id":"https:\/\/www.yucatanencorto.com\/noticias\/#website","url":"https:\/\/www.yucatanencorto.com\/noticias\/","name":"Yucat\u00e1n en corto","description":"Noticias","potentialAction":[{"@type":"SearchAction","target":{"@type":"EntryPoint","urlTemplate":"https:\/\/www.yucatanencorto.com\/noticias\/?s={search_term_string}"},"query-input":{"@type":"PropertyValueSpecification","valueRequired":true,"valueName":"search_term_string"}}],"inLanguage":"es"},{"@type":"Person","@id":"https:\/\/www.yucatanencorto.com\/noticias\/#\/schema\/person\/e2fbdfaf30a07014a43940ce989f3119","name":"Redes","image":{"@type":"ImageObject","inLanguage":"es","@id":"https:\/\/secure.gravatar.com\/avatar\/5931a2d21dd7cc834f44c8c34fe56d90ed6d536ef452cbf870c7485b524dddd7?s=96&d=mm&r=g","url":"https:\/\/secure.gravatar.com\/avatar\/5931a2d21dd7cc834f44c8c34fe56d90ed6d536ef452cbf870c7485b524dddd7?s=96&d=mm&r=g","contentUrl":"https:\/\/secure.gravatar.com\/avatar\/5931a2d21dd7cc834f44c8c34fe56d90ed6d536ef452cbf870c7485b524dddd7?s=96&d=mm&r=g","caption":"Redes"},"url":"https:\/\/www.yucatanencorto.com\/noticias\/author\/redes\/"}]}},"_links":{"self":[{"href":"https:\/\/www.yucatanencorto.com\/noticias\/wp-json\/wp\/v2\/posts\/99119","targetHints":{"allow":["GET"]}}],"collection":[{"href":"https:\/\/www.yucatanencorto.com\/noticias\/wp-json\/wp\/v2\/posts"}],"about":[{"href":"https:\/\/www.yucatanencorto.com\/noticias\/wp-json\/wp\/v2\/types\/post"}],"author":[{"embeddable":true,"href":"https:\/\/www.yucatanencorto.com\/noticias\/wp-json\/wp\/v2\/users\/3"}],"replies":[{"embeddable":true,"href":"https:\/\/www.yucatanencorto.com\/noticias\/wp-json\/wp\/v2\/comments?post=99119"}],"version-history":[{"count":0,"href":"https:\/\/www.yucatanencorto.com\/noticias\/wp-json\/wp\/v2\/posts\/99119\/revisions"}],"wp:featuredmedia":[{"embeddable":true,"href":"https:\/\/www.yucatanencorto.com\/noticias\/wp-json\/wp\/v2\/media\/99120"}],"wp:attachment":[{"href":"https:\/\/www.yucatanencorto.com\/noticias\/wp-json\/wp\/v2\/media?parent=99119"}],"wp:term":[{"taxonomy":"category","embeddable":true,"href":"https:\/\/www.yucatanencorto.com\/noticias\/wp-json\/wp\/v2\/categories?post=99119"},{"taxonomy":"post_tag","embeddable":true,"href":"https:\/\/www.yucatanencorto.com\/noticias\/wp-json\/wp\/v2\/tags?post=99119"}],"curies":[{"name":"wp","href":"https:\/\/api.w.org\/{rel}","templated":true}]}}