{"id":99126,"date":"2023-07-16T18:57:40","date_gmt":"2023-07-17T00:57:40","guid":{"rendered":"https:\/\/www.yucatanencorto.com\/noticias\/?p=99126"},"modified":"2023-07-16T18:57:40","modified_gmt":"2023-07-17T00:57:40","slug":"abren-capsula-del-tiempo-almacenada-por-10-anos-en-la-escuela-secundaria-alfredo-barrera-vasquez","status":"publish","type":"post","link":"https:\/\/www.yucatanencorto.com\/noticias\/abren-capsula-del-tiempo-almacenada-por-10-anos-en-la-escuela-secundaria-alfredo-barrera-vasquez\/","title":{"rendered":"Abren capsula del tiempo almacenada por 10 a\u00f1os en la escuela secundaria \u201cAlfredo Barrera V\u00e1squez\u201d."},"content":{"rendered":"<p>&nbsp;<\/p>\n<p><img loading=\"lazy\" decoding=\"async\" class=\"alignnone size-full wp-image-99127\" src=\"https:\/\/www.yucatanencorto.com\/noticias\/wp-content\/uploads\/2023\/07\/8ec09797-e4a9-44a4-8b9b-38b0936057fd-scaled.jpeg\" alt=\"\" width=\"768\" height=\"585\" srcset=\"https:\/\/www.yucatanencorto.com\/noticias\/wp-content\/uploads\/2023\/07\/8ec09797-e4a9-44a4-8b9b-38b0936057fd-scaled.jpeg 768w, https:\/\/www.yucatanencorto.com\/noticias\/wp-content\/uploads\/2023\/07\/8ec09797-e4a9-44a4-8b9b-38b0936057fd-696x531.jpeg 696w, https:\/\/www.yucatanencorto.com\/noticias\/wp-content\/uploads\/2023\/07\/8ec09797-e4a9-44a4-8b9b-38b0936057fd-1068x814.jpeg 1068w, https:\/\/www.yucatanencorto.com\/noticias\/wp-content\/uploads\/2023\/07\/8ec09797-e4a9-44a4-8b9b-38b0936057fd-551x420.jpeg 551w, https:\/\/www.yucatanencorto.com\/noticias\/wp-content\/uploads\/2023\/07\/8ec09797-e4a9-44a4-8b9b-38b0936057fd-80x60.jpeg 80w\" sizes=\"auto, (max-width: 768px) 100vw, 768px\" \/><\/p>\n<p>M\u00e9rida, Yucat\u00e1n a 16 de julio de 2023.- Con un recordatorio de los sucesos que impactaron al mundo en los \u00faltimos diez a\u00f1os, entre ellos la pandemia del Covid-19, el Alcalde de M\u00e9rida, Ren\u00e1n Barrera Concha, acompa\u00f1ado de las y los ex alumnos de la escuela Secundaria General N\u00famero 5 \u201cAlfredo Barrera V\u00e1squez\u201d abrieron la c\u00e1psula del tiempo para recordar la imagen que ten\u00eda del futuro la generaci\u00f3n 2010-2013.<br \/>\nEn una emotiva ceremonia realizada en el plantel educativo, donde acudieron padres de familia, ex alumnos y docentes, el Presidente Municipal consider\u00f3 que este momento es \u00fanico e irrepetible, porque abrir la c\u00e1psula del tiempo reuni\u00f3 a toda una generaci\u00f3n que tal vez perdi\u00f3 contacto entre s\u00ed, adem\u00e1s que esta actividad genera lazos de afecto, fortalece la uni\u00f3n, solidaridad y cohesi\u00f3n de la sociedad haci\u00e9ndola m\u00e1s arm\u00f3nica e inclusiva.<br \/>\n\u201cMe siento muy contento de estar aqu\u00ed cumpliendo con ese compromiso, viendo como los que estaban en secundaria hoy son licenciados, est\u00e1n pensando en hacer una maestr\u00eda o est\u00e1n formando una familia, aportando as\u00ed su talento y empe\u00f1o para contribuir con el desarrollo de su comunidad\u201d, expres\u00f3.<br \/>\nAdem\u00e1s de la nostalgia y emoci\u00f3n por recordar qu\u00e9 esperaban del futuro cuando enterraron la c\u00e1psula del tiempo, el 13 de julio de 2023 las y los ex alumnos tambi\u00e9n rememoraron que el Alcalde, como padrino de la generaci\u00f3n 2010-2013, los acompa\u00f1\u00f3 cuando depositaron recuerdos, saludos, mensajes y reflexiones sobre la M\u00e9rida del futuro.<br \/>\nEl Presidente Municipal agreg\u00f3 que esta ceremonia reviste un momento importante para \u00e9l, porque el plantel honra la memoria de su t\u00edo abuelo Alfredo Barrera V\u00e1squez, quien aport\u00f3 a la historia de M\u00e9xico varios estudios enfocados en promover la cultura maya y su lenguaje.<br \/>\n\u201cTenemos una ra\u00edz de la cual nos sentimos profundamente orgullosos, creo que somos una de las pocas sociedades del mundo, me atrevo a decir, que tenemos un sentido de pertenencia e identidad donde nuestro pueblo originario, nuestra cultura maya, es la base y alma de ellas\u201d, acot\u00f3.<br \/>\nBarrera Concha record\u00f3 que el 21 diciembre 2012 en el Ayuntamiento tambi\u00e9n se coloc\u00f3 una \u00abc\u00e1psula del tiempo\u00bb, con la participaci\u00f3n de ni\u00f1os y ni\u00f1as nacidos en esa fecha, la cual ser\u00e1 abierta en 50 a\u00f1os, es decir, en el 2062.<br \/>\nPor su parte, el director de la instituci\u00f3n educativa Jorge Am\u00edlcar Mendoza Osorio, agradeci\u00f3 el acompa\u00f1amiento, inter\u00e9s y apoyo que el Alcalde ha demostrado a lo largo de los a\u00f1os a la escuela que actualmente se destaca por ser una de las mejores a nivel estatal.<br \/>\n\u201cEl Alcalde forma parte de este plantel educativo, no s\u00f3lo porque siempre est\u00e1 presente y pendiente de la historia y lo que sucede, sino que su respaldo nunca se ha dejado de sentir, por eso digo que es su escuela\u201d, manifest\u00f3.<br \/>\nAlgunos de las y los ex alumnos de la generaci\u00f3n 2010-2013 presentes en el evento efectuado en la cancha de usos m\u00faltiples, expresaron la emoci\u00f3n de regresar a la escuela 10 despu\u00e9s.<br \/>\nSof\u00eda Morales Sears agradeci\u00f3 la oportunidad de ser parte de este acontecimiento, porque le permiti\u00f3 mirar c\u00f3mo cambio la infraestructura de la ciudad en una d\u00e9cada.<br \/>\n\u201cUn cambio importante que vi fueron las calles porque antes por mi casa s\u00f3lo hab\u00eda calles de terracer\u00eda y ahora todas est\u00e1n pavimentadas\u201d, se\u00f1al\u00f3.<br \/>\nA su vez, Esa\u00fa Mart\u00ednez Golib reconoci\u00f3 que M\u00e9rida a\u00fan conserva los \u00edndices de seguridad gracias al buen trabajo que desempe\u00f1a las autoridades de gobierno.<br \/>\n\u201cCuando ven\u00edamos a la secundaria la mayor\u00eda viv\u00eda cerca y pues hab\u00eda la seguridad ir y regresar caminando, salir por las tardes con tus amigos y afortunadamente se sigue sintiendo esa atmosfera de paz, tranquilidad y seguridad actualmente\u201d, coment\u00f3.<br \/>\nAsimismo, dijo que en 10 a\u00f1os la ciudad ha tenido otros cambios importantes en cuanto a las \u00e1reas verdes y los espacios p\u00fablicos que ahora lucen m\u00e1s renovados y bonitos.<br \/>\nFinalmente, a la apertura de la primera c\u00e1psula del tiempo acudieron Mar\u00eda Jos\u00e9 C\u00e1ceres Delgado, directora de Desarrollo Social; Heyder Ra\u00fal Rosado Mart\u00ednez, supervisor escolar de la Zona; Oscar Garc\u00eda Solana, Subdirector Acad\u00e9mico; los ex alumnos de la generaci\u00f3n 2010-2013: \u00c1ngel V\u00e1zquez Paredes, Arturo Uc Mart\u00ednez, Adri\u00e1n Alcal\u00e1 Alcocer, Nahum Rubio Canul y Miguel Carrillo Rivas.<\/p>\n","protected":false},"excerpt":{"rendered":"<p>&nbsp; M\u00e9rida, Yucat\u00e1n a 16 de julio de 2023.- Con un recordatorio de los sucesos que impactaron al mundo en los \u00faltimos diez a\u00f1os, entre ellos la pandemia del Covid-19, el Alcalde de M\u00e9rida, Ren\u00e1n Barrera Concha, acompa\u00f1ado de las y los ex alumnos de la escuela Secundaria General N\u00famero 5 \u201cAlfredo Barrera V\u00e1squez\u201d abrieron [&hellip;]<\/p>\n","protected":false},"author":3,"featured_media":99127,"comment_status":"closed","ping_status":"closed","sticky":false,"template":"","format":"standard","meta":{"footnotes":""},"categories":[2],"tags":[],"class_list":{"0":"post-99126","1":"post","2":"type-post","3":"status-publish","4":"format-standard","5":"has-post-thumbnail","7":"category-merida"},"yoast_head":"<!-- This site is optimized with the Yoast SEO plugin v27.4 - https:\/\/yoast.com\/product\/yoast-seo-wordpress\/ -->\n<title>Abren capsula del tiempo almacenada por 10 a\u00f1os en la escuela secundaria \u201cAlfredo Barrera V\u00e1squez\u201d. - Yucat\u00e1n en corto<\/title>\n<meta name=\"robots\" content=\"index, follow, max-snippet:-1, max-image-preview:large, max-video-preview:-1\" \/>\n<link rel=\"canonical\" href=\"https:\/\/www.yucatanencorto.com\/noticias\/abren-capsula-del-tiempo-almacenada-por-10-anos-en-la-escuela-secundaria-alfredo-barrera-vasquez\/\" \/>\n<meta property=\"og:locale\" content=\"es_ES\" \/>\n<meta property=\"og:type\" content=\"article\" \/>\n<meta property=\"og:title\" content=\"Abren capsula del tiempo almacenada por 10 a\u00f1os en la escuela secundaria \u201cAlfredo Barrera V\u00e1squez\u201d. - Yucat\u00e1n en corto\" \/>\n<meta property=\"og:description\" content=\"&nbsp; M\u00e9rida, Yucat\u00e1n a 16 de julio de 2023.- Con un recordatorio de los sucesos que impactaron al mundo en los \u00faltimos diez a\u00f1os, entre ellos la pandemia del Covid-19, el Alcalde de M\u00e9rida, Ren\u00e1n Barrera Concha, acompa\u00f1ado de las y los ex alumnos de la escuela Secundaria General N\u00famero 5 \u201cAlfredo Barrera V\u00e1squez\u201d abrieron [&hellip;]\" \/>\n<meta property=\"og:url\" content=\"https:\/\/www.yucatanencorto.com\/noticias\/abren-capsula-del-tiempo-almacenada-por-10-anos-en-la-escuela-secundaria-alfredo-barrera-vasquez\/\" \/>\n<meta property=\"og:site_name\" content=\"Yucat\u00e1n en corto\" \/>\n<meta property=\"article:publisher\" content=\"http:\/\/www.facebook.com\/yucatanencorto\" \/>\n<meta property=\"article:published_time\" content=\"2023-07-17T00:57:40+00:00\" \/>\n<meta property=\"og:image\" content=\"https:\/\/www.yucatanencorto.com\/noticias\/wp-content\/uploads\/2023\/07\/8ec09797-e4a9-44a4-8b9b-38b0936057fd-scaled.jpeg\" \/>\n\t<meta property=\"og:image:width\" content=\"768\" \/>\n\t<meta property=\"og:image:height\" content=\"585\" \/>\n\t<meta property=\"og:image:type\" content=\"image\/jpeg\" \/>\n<meta name=\"author\" content=\"Redes\" \/>\n<meta name=\"twitter:card\" content=\"summary_large_image\" \/>\n<meta name=\"twitter:creator\" content=\"@yucatanencorto\" \/>\n<meta name=\"twitter:site\" content=\"@yucatanencorto\" \/>\n<meta name=\"twitter:label1\" content=\"Escrito por\" \/>\n\t<meta name=\"twitter:data1\" content=\"Redes\" \/>\n\t<meta name=\"twitter:label2\" content=\"Tiempo de lectura\" \/>\n\t<meta name=\"twitter:data2\" content=\"4 minutos\" \/>\n<script type=\"application\/ld+json\" class=\"yoast-schema-graph\">{\"@context\":\"https:\\\/\\\/schema.org\",\"@graph\":[{\"@type\":\"Article\",\"@id\":\"https:\\\/\\\/www.yucatanencorto.com\\\/noticias\\\/abren-capsula-del-tiempo-almacenada-por-10-anos-en-la-escuela-secundaria-alfredo-barrera-vasquez\\\/#article\",\"isPartOf\":{\"@id\":\"https:\\\/\\\/www.yucatanencorto.com\\\/noticias\\\/abren-capsula-del-tiempo-almacenada-por-10-anos-en-la-escuela-secundaria-alfredo-barrera-vasquez\\\/\"},\"author\":{\"name\":\"Redes\",\"@id\":\"https:\\\/\\\/www.yucatanencorto.com\\\/noticias\\\/#\\\/schema\\\/person\\\/e2fbdfaf30a07014a43940ce989f3119\"},\"headline\":\"Abren capsula del tiempo almacenada por 10 a\u00f1os en la escuela secundaria \u201cAlfredo Barrera V\u00e1squez\u201d.\",\"datePublished\":\"2023-07-17T00:57:40+00:00\",\"mainEntityOfPage\":{\"@id\":\"https:\\\/\\\/www.yucatanencorto.com\\\/noticias\\\/abren-capsula-del-tiempo-almacenada-por-10-anos-en-la-escuela-secundaria-alfredo-barrera-vasquez\\\/\"},\"wordCount\":776,\"image\":{\"@id\":\"https:\\\/\\\/www.yucatanencorto.com\\\/noticias\\\/abren-capsula-del-tiempo-almacenada-por-10-anos-en-la-escuela-secundaria-alfredo-barrera-vasquez\\\/#primaryimage\"},\"thumbnailUrl\":\"https:\\\/\\\/www.yucatanencorto.com\\\/noticias\\\/wp-content\\\/uploads\\\/2023\\\/07\\\/8ec09797-e4a9-44a4-8b9b-38b0936057fd-scaled.jpeg\",\"articleSection\":[\"M\u00e9rida\"],\"inLanguage\":\"es\"},{\"@type\":\"WebPage\",\"@id\":\"https:\\\/\\\/www.yucatanencorto.com\\\/noticias\\\/abren-capsula-del-tiempo-almacenada-por-10-anos-en-la-escuela-secundaria-alfredo-barrera-vasquez\\\/\",\"url\":\"https:\\\/\\\/www.yucatanencorto.com\\\/noticias\\\/abren-capsula-del-tiempo-almacenada-por-10-anos-en-la-escuela-secundaria-alfredo-barrera-vasquez\\\/\",\"name\":\"Abren capsula del tiempo almacenada por 10 a\u00f1os en la escuela secundaria \u201cAlfredo Barrera V\u00e1squez\u201d. - Yucat\u00e1n en corto\",\"isPartOf\":{\"@id\":\"https:\\\/\\\/www.yucatanencorto.com\\\/noticias\\\/#website\"},\"primaryImageOfPage\":{\"@id\":\"https:\\\/\\\/www.yucatanencorto.com\\\/noticias\\\/abren-capsula-del-tiempo-almacenada-por-10-anos-en-la-escuela-secundaria-alfredo-barrera-vasquez\\\/#primaryimage\"},\"image\":{\"@id\":\"https:\\\/\\\/www.yucatanencorto.com\\\/noticias\\\/abren-capsula-del-tiempo-almacenada-por-10-anos-en-la-escuela-secundaria-alfredo-barrera-vasquez\\\/#primaryimage\"},\"thumbnailUrl\":\"https:\\\/\\\/www.yucatanencorto.com\\\/noticias\\\/wp-content\\\/uploads\\\/2023\\\/07\\\/8ec09797-e4a9-44a4-8b9b-38b0936057fd-scaled.jpeg\",\"datePublished\":\"2023-07-17T00:57:40+00:00\",\"author\":{\"@id\":\"https:\\\/\\\/www.yucatanencorto.com\\\/noticias\\\/#\\\/schema\\\/person\\\/e2fbdfaf30a07014a43940ce989f3119\"},\"breadcrumb\":{\"@id\":\"https:\\\/\\\/www.yucatanencorto.com\\\/noticias\\\/abren-capsula-del-tiempo-almacenada-por-10-anos-en-la-escuela-secundaria-alfredo-barrera-vasquez\\\/#breadcrumb\"},\"inLanguage\":\"es\",\"potentialAction\":[{\"@type\":\"ReadAction\",\"target\":[\"https:\\\/\\\/www.yucatanencorto.com\\\/noticias\\\/abren-capsula-del-tiempo-almacenada-por-10-anos-en-la-escuela-secundaria-alfredo-barrera-vasquez\\\/\"]}]},{\"@type\":\"ImageObject\",\"inLanguage\":\"es\",\"@id\":\"https:\\\/\\\/www.yucatanencorto.com\\\/noticias\\\/abren-capsula-del-tiempo-almacenada-por-10-anos-en-la-escuela-secundaria-alfredo-barrera-vasquez\\\/#primaryimage\",\"url\":\"https:\\\/\\\/www.yucatanencorto.com\\\/noticias\\\/wp-content\\\/uploads\\\/2023\\\/07\\\/8ec09797-e4a9-44a4-8b9b-38b0936057fd-scaled.jpeg\",\"contentUrl\":\"https:\\\/\\\/www.yucatanencorto.com\\\/noticias\\\/wp-content\\\/uploads\\\/2023\\\/07\\\/8ec09797-e4a9-44a4-8b9b-38b0936057fd-scaled.jpeg\",\"width\":768,\"height\":585},{\"@type\":\"BreadcrumbList\",\"@id\":\"https:\\\/\\\/www.yucatanencorto.com\\\/noticias\\\/abren-capsula-del-tiempo-almacenada-por-10-anos-en-la-escuela-secundaria-alfredo-barrera-vasquez\\\/#breadcrumb\",\"itemListElement\":[{\"@type\":\"ListItem\",\"position\":1,\"name\":\"Portada\",\"item\":\"https:\\\/\\\/www.yucatanencorto.com\\\/noticias\\\/\"},{\"@type\":\"ListItem\",\"position\":2,\"name\":\"Abren capsula del tiempo almacenada por 10 a\u00f1os en la escuela secundaria \u201cAlfredo Barrera V\u00e1squez\u201d.\"}]},{\"@type\":\"WebSite\",\"@id\":\"https:\\\/\\\/www.yucatanencorto.com\\\/noticias\\\/#website\",\"url\":\"https:\\\/\\\/www.yucatanencorto.com\\\/noticias\\\/\",\"name\":\"Yucat\u00e1n en corto\",\"description\":\"Noticias\",\"potentialAction\":[{\"@type\":\"SearchAction\",\"target\":{\"@type\":\"EntryPoint\",\"urlTemplate\":\"https:\\\/\\\/www.yucatanencorto.com\\\/noticias\\\/?s={search_term_string}\"},\"query-input\":{\"@type\":\"PropertyValueSpecification\",\"valueRequired\":true,\"valueName\":\"search_term_string\"}}],\"inLanguage\":\"es\"},{\"@type\":\"Person\",\"@id\":\"https:\\\/\\\/www.yucatanencorto.com\\\/noticias\\\/#\\\/schema\\\/person\\\/e2fbdfaf30a07014a43940ce989f3119\",\"name\":\"Redes\",\"image\":{\"@type\":\"ImageObject\",\"inLanguage\":\"es\",\"@id\":\"https:\\\/\\\/secure.gravatar.com\\\/avatar\\\/5931a2d21dd7cc834f44c8c34fe56d90ed6d536ef452cbf870c7485b524dddd7?s=96&d=mm&r=g\",\"url\":\"https:\\\/\\\/secure.gravatar.com\\\/avatar\\\/5931a2d21dd7cc834f44c8c34fe56d90ed6d536ef452cbf870c7485b524dddd7?s=96&d=mm&r=g\",\"contentUrl\":\"https:\\\/\\\/secure.gravatar.com\\\/avatar\\\/5931a2d21dd7cc834f44c8c34fe56d90ed6d536ef452cbf870c7485b524dddd7?s=96&d=mm&r=g\",\"caption\":\"Redes\"},\"url\":\"https:\\\/\\\/www.yucatanencorto.com\\\/noticias\\\/author\\\/redes\\\/\"}]}<\/script>\n<!-- \/ Yoast SEO plugin. -->","yoast_head_json":{"title":"Abren capsula del tiempo almacenada por 10 a\u00f1os en la escuela secundaria \u201cAlfredo Barrera V\u00e1squez\u201d. - Yucat\u00e1n en corto","robots":{"index":"index","follow":"follow","max-snippet":"max-snippet:-1","max-image-preview":"max-image-preview:large","max-video-preview":"max-video-preview:-1"},"canonical":"https:\/\/www.yucatanencorto.com\/noticias\/abren-capsula-del-tiempo-almacenada-por-10-anos-en-la-escuela-secundaria-alfredo-barrera-vasquez\/","og_locale":"es_ES","og_type":"article","og_title":"Abren capsula del tiempo almacenada por 10 a\u00f1os en la escuela secundaria \u201cAlfredo Barrera V\u00e1squez\u201d. - Yucat\u00e1n en corto","og_description":"&nbsp; M\u00e9rida, Yucat\u00e1n a 16 de julio de 2023.- Con un recordatorio de los sucesos que impactaron al mundo en los \u00faltimos diez a\u00f1os, entre ellos la pandemia del Covid-19, el Alcalde de M\u00e9rida, Ren\u00e1n Barrera Concha, acompa\u00f1ado de las y los ex alumnos de la escuela Secundaria General N\u00famero 5 \u201cAlfredo Barrera V\u00e1squez\u201d abrieron [&hellip;]","og_url":"https:\/\/www.yucatanencorto.com\/noticias\/abren-capsula-del-tiempo-almacenada-por-10-anos-en-la-escuela-secundaria-alfredo-barrera-vasquez\/","og_site_name":"Yucat\u00e1n en corto","article_publisher":"http:\/\/www.facebook.com\/yucatanencorto","article_published_time":"2023-07-17T00:57:40+00:00","og_image":[{"width":768,"height":585,"url":"https:\/\/www.yucatanencorto.com\/noticias\/wp-content\/uploads\/2023\/07\/8ec09797-e4a9-44a4-8b9b-38b0936057fd-scaled.jpeg","type":"image\/jpeg"}],"author":"Redes","twitter_card":"summary_large_image","twitter_creator":"@yucatanencorto","twitter_site":"@yucatanencorto","twitter_misc":{"Escrito por":"Redes","Tiempo de lectura":"4 minutos"},"schema":{"@context":"https:\/\/schema.org","@graph":[{"@type":"Article","@id":"https:\/\/www.yucatanencorto.com\/noticias\/abren-capsula-del-tiempo-almacenada-por-10-anos-en-la-escuela-secundaria-alfredo-barrera-vasquez\/#article","isPartOf":{"@id":"https:\/\/www.yucatanencorto.com\/noticias\/abren-capsula-del-tiempo-almacenada-por-10-anos-en-la-escuela-secundaria-alfredo-barrera-vasquez\/"},"author":{"name":"Redes","@id":"https:\/\/www.yucatanencorto.com\/noticias\/#\/schema\/person\/e2fbdfaf30a07014a43940ce989f3119"},"headline":"Abren capsula del tiempo almacenada por 10 a\u00f1os en la escuela secundaria \u201cAlfredo Barrera V\u00e1squez\u201d.","datePublished":"2023-07-17T00:57:40+00:00","mainEntityOfPage":{"@id":"https:\/\/www.yucatanencorto.com\/noticias\/abren-capsula-del-tiempo-almacenada-por-10-anos-en-la-escuela-secundaria-alfredo-barrera-vasquez\/"},"wordCount":776,"image":{"@id":"https:\/\/www.yucatanencorto.com\/noticias\/abren-capsula-del-tiempo-almacenada-por-10-anos-en-la-escuela-secundaria-alfredo-barrera-vasquez\/#primaryimage"},"thumbnailUrl":"https:\/\/www.yucatanencorto.com\/noticias\/wp-content\/uploads\/2023\/07\/8ec09797-e4a9-44a4-8b9b-38b0936057fd-scaled.jpeg","articleSection":["M\u00e9rida"],"inLanguage":"es"},{"@type":"WebPage","@id":"https:\/\/www.yucatanencorto.com\/noticias\/abren-capsula-del-tiempo-almacenada-por-10-anos-en-la-escuela-secundaria-alfredo-barrera-vasquez\/","url":"https:\/\/www.yucatanencorto.com\/noticias\/abren-capsula-del-tiempo-almacenada-por-10-anos-en-la-escuela-secundaria-alfredo-barrera-vasquez\/","name":"Abren capsula del tiempo almacenada por 10 a\u00f1os en la escuela secundaria \u201cAlfredo Barrera V\u00e1squez\u201d. - Yucat\u00e1n en corto","isPartOf":{"@id":"https:\/\/www.yucatanencorto.com\/noticias\/#website"},"primaryImageOfPage":{"@id":"https:\/\/www.yucatanencorto.com\/noticias\/abren-capsula-del-tiempo-almacenada-por-10-anos-en-la-escuela-secundaria-alfredo-barrera-vasquez\/#primaryimage"},"image":{"@id":"https:\/\/www.yucatanencorto.com\/noticias\/abren-capsula-del-tiempo-almacenada-por-10-anos-en-la-escuela-secundaria-alfredo-barrera-vasquez\/#primaryimage"},"thumbnailUrl":"https:\/\/www.yucatanencorto.com\/noticias\/wp-content\/uploads\/2023\/07\/8ec09797-e4a9-44a4-8b9b-38b0936057fd-scaled.jpeg","datePublished":"2023-07-17T00:57:40+00:00","author":{"@id":"https:\/\/www.yucatanencorto.com\/noticias\/#\/schema\/person\/e2fbdfaf30a07014a43940ce989f3119"},"breadcrumb":{"@id":"https:\/\/www.yucatanencorto.com\/noticias\/abren-capsula-del-tiempo-almacenada-por-10-anos-en-la-escuela-secundaria-alfredo-barrera-vasquez\/#breadcrumb"},"inLanguage":"es","potentialAction":[{"@type":"ReadAction","target":["https:\/\/www.yucatanencorto.com\/noticias\/abren-capsula-del-tiempo-almacenada-por-10-anos-en-la-escuela-secundaria-alfredo-barrera-vasquez\/"]}]},{"@type":"ImageObject","inLanguage":"es","@id":"https:\/\/www.yucatanencorto.com\/noticias\/abren-capsula-del-tiempo-almacenada-por-10-anos-en-la-escuela-secundaria-alfredo-barrera-vasquez\/#primaryimage","url":"https:\/\/www.yucatanencorto.com\/noticias\/wp-content\/uploads\/2023\/07\/8ec09797-e4a9-44a4-8b9b-38b0936057fd-scaled.jpeg","contentUrl":"https:\/\/www.yucatanencorto.com\/noticias\/wp-content\/uploads\/2023\/07\/8ec09797-e4a9-44a4-8b9b-38b0936057fd-scaled.jpeg","width":768,"height":585},{"@type":"BreadcrumbList","@id":"https:\/\/www.yucatanencorto.com\/noticias\/abren-capsula-del-tiempo-almacenada-por-10-anos-en-la-escuela-secundaria-alfredo-barrera-vasquez\/#breadcrumb","itemListElement":[{"@type":"ListItem","position":1,"name":"Portada","item":"https:\/\/www.yucatanencorto.com\/noticias\/"},{"@type":"ListItem","position":2,"name":"Abren capsula del tiempo almacenada por 10 a\u00f1os en la escuela secundaria \u201cAlfredo Barrera V\u00e1squez\u201d."}]},{"@type":"WebSite","@id":"https:\/\/www.yucatanencorto.com\/noticias\/#website","url":"https:\/\/www.yucatanencorto.com\/noticias\/","name":"Yucat\u00e1n en corto","description":"Noticias","potentialAction":[{"@type":"SearchAction","target":{"@type":"EntryPoint","urlTemplate":"https:\/\/www.yucatanencorto.com\/noticias\/?s={search_term_string}"},"query-input":{"@type":"PropertyValueSpecification","valueRequired":true,"valueName":"search_term_string"}}],"inLanguage":"es"},{"@type":"Person","@id":"https:\/\/www.yucatanencorto.com\/noticias\/#\/schema\/person\/e2fbdfaf30a07014a43940ce989f3119","name":"Redes","image":{"@type":"ImageObject","inLanguage":"es","@id":"https:\/\/secure.gravatar.com\/avatar\/5931a2d21dd7cc834f44c8c34fe56d90ed6d536ef452cbf870c7485b524dddd7?s=96&d=mm&r=g","url":"https:\/\/secure.gravatar.com\/avatar\/5931a2d21dd7cc834f44c8c34fe56d90ed6d536ef452cbf870c7485b524dddd7?s=96&d=mm&r=g","contentUrl":"https:\/\/secure.gravatar.com\/avatar\/5931a2d21dd7cc834f44c8c34fe56d90ed6d536ef452cbf870c7485b524dddd7?s=96&d=mm&r=g","caption":"Redes"},"url":"https:\/\/www.yucatanencorto.com\/noticias\/author\/redes\/"}]}},"_links":{"self":[{"href":"https:\/\/www.yucatanencorto.com\/noticias\/wp-json\/wp\/v2\/posts\/99126","targetHints":{"allow":["GET"]}}],"collection":[{"href":"https:\/\/www.yucatanencorto.com\/noticias\/wp-json\/wp\/v2\/posts"}],"about":[{"href":"https:\/\/www.yucatanencorto.com\/noticias\/wp-json\/wp\/v2\/types\/post"}],"author":[{"embeddable":true,"href":"https:\/\/www.yucatanencorto.com\/noticias\/wp-json\/wp\/v2\/users\/3"}],"replies":[{"embeddable":true,"href":"https:\/\/www.yucatanencorto.com\/noticias\/wp-json\/wp\/v2\/comments?post=99126"}],"version-history":[{"count":0,"href":"https:\/\/www.yucatanencorto.com\/noticias\/wp-json\/wp\/v2\/posts\/99126\/revisions"}],"wp:featuredmedia":[{"embeddable":true,"href":"https:\/\/www.yucatanencorto.com\/noticias\/wp-json\/wp\/v2\/media\/99127"}],"wp:attachment":[{"href":"https:\/\/www.yucatanencorto.com\/noticias\/wp-json\/wp\/v2\/media?parent=99126"}],"wp:term":[{"taxonomy":"category","embeddable":true,"href":"https:\/\/www.yucatanencorto.com\/noticias\/wp-json\/wp\/v2\/categories?post=99126"},{"taxonomy":"post_tag","embeddable":true,"href":"https:\/\/www.yucatanencorto.com\/noticias\/wp-json\/wp\/v2\/tags?post=99126"}],"curies":[{"name":"wp","href":"https:\/\/api.w.org\/{rel}","templated":true}]}}