{"id":99135,"date":"2023-07-17T18:17:52","date_gmt":"2023-07-18T00:17:52","guid":{"rendered":"https:\/\/www.yucatanencorto.com\/noticias\/?p=99135"},"modified":"2023-07-17T18:17:52","modified_gmt":"2023-07-18T00:17:52","slug":"se-entregan-becas-en-kanasin-alumnos-de-primaria-recibieron-900-y-secundaria-1050","status":"publish","type":"post","link":"https:\/\/www.yucatanencorto.com\/noticias\/se-entregan-becas-en-kanasin-alumnos-de-primaria-recibieron-900-y-secundaria-1050\/","title":{"rendered":"Se entregan becas en Kanas\u00edn, alumnos de primaria recibieron $900 y secundaria $1050"},"content":{"rendered":"<p><img loading=\"lazy\" decoding=\"async\" class=\"alignnone size-full wp-image-99137\" src=\"https:\/\/www.yucatanencorto.com\/noticias\/wp-content\/uploads\/2023\/07\/WhatsApp-Image-2023-07-17-at-5.54.10-PM-scaled.jpeg\" alt=\"\" width=\"768\" height=\"512\" srcset=\"https:\/\/www.yucatanencorto.com\/noticias\/wp-content\/uploads\/2023\/07\/WhatsApp-Image-2023-07-17-at-5.54.10-PM-scaled.jpeg 768w, https:\/\/www.yucatanencorto.com\/noticias\/wp-content\/uploads\/2023\/07\/WhatsApp-Image-2023-07-17-at-5.54.10-PM-696x464.jpeg 696w, https:\/\/www.yucatanencorto.com\/noticias\/wp-content\/uploads\/2023\/07\/WhatsApp-Image-2023-07-17-at-5.54.10-PM-1068x712.jpeg 1068w, https:\/\/www.yucatanencorto.com\/noticias\/wp-content\/uploads\/2023\/07\/WhatsApp-Image-2023-07-17-at-5.54.10-PM-630x420.jpeg 630w\" sizes=\"auto, (max-width: 768px) 100vw, 768px\" \/>KANASIN, Yucat\u00e1n a 17 de julio de 2023.-Con el fin de abatir la deserci\u00f3n escolar y otorgar igualdad de oportunidades a los grupos en situaci\u00f3n de vulnerabilidad,<br \/>\neste lunes se entregaron en el municipio de Kanas\u00edn 627 becas para alumnos de primaria y secundaria con un monto total de $608, 450.<\/p>\n<p>En el evento se cont\u00f3 con la presencia de Edwin Boj\u00f3rquez Ram\u00edrez, alcalde de Kanas\u00edn; Linda Basto \u00c1vila, quien llev\u00f3 la representaci\u00f3n del secretario Liborio Vidal; Francisco Chimal Ku, secretario t\u00e9cnico; Aar\u00f3n Sol\u00eds Herrera, regidor; Manuela Cocom Bolio, diputada local, entre otros invitados especiales.<\/p>\n<p>Fueron m\u00e1s de 1,200 personas las que se dieron cita a este acto que tuvo como sede el Polifuncional de Kanas\u00edn.<\/p>\n<p>En su intervenci\u00f3n, el alcalde Edwin Boj\u00f3rquez Ram\u00edrez agradeci\u00f3 al Gobierno del Estado la entrega de las becas, que son \u201cfundamentales para el impulso y apoyo a la educaci\u00f3n\u201d. Aqu\u00ed record\u00f3 que su administraci\u00f3n puso en marcha hace aproximadamente 15 d\u00edas un programa de apoyo social para apoyar a estudiantes de Kanas\u00edn con becas, cuya lista dar\u00e1 a conocer en los pr\u00f3ximos d\u00edas.<\/p>\n<p>Adelant\u00f3 que ser\u00e1n 2,500 las personas que saldr\u00e1n beneficiadas de estos seis programas sociales.<\/p>\n<p>Tambi\u00e9n coment\u00f3 que en el municipio se realizan acciones importantes en materia educativa y record\u00f3 que hace siete meses se puso la primera piedra para la construcci\u00f3n de dos nuevas escuelas, una secundaria y una prepa t\u00e9cnicas, que estar\u00e1n en el Fraccionamiento Portal de San Pedro\u00bb.<\/p>\n<p>En su intervenci\u00f3n tambi\u00e9n habl\u00f3 tambi\u00e9n de la rehabilitaci\u00f3n de los 53 parques y dijo que en la actualidad ya se trabaj\u00f3 en 34, pero antes de finalizar el a\u00f1o los 53 deben estar terminados.<\/p>\n<p>Francisco Chimal Kuk, secretario t\u00e9cnico, se\u00f1al\u00f3 que \u00e9sta es la segunda entrega de becas en este a\u00f1o para estudiantes de primaria y secundaria que abarca tres bimestres (enero-febrero, marzo- abril y mayo-junio), que es un monto total de $608,450.<\/p>\n<p>Cada alumno de nivel primaria recibi\u00f3 $900 y de secundaria $1050.<\/p>\n<p>Adelant\u00f3 que la entrega de becas se abre en Kanasin y este martes se continuar\u00e1 en M\u00e9rida en el Centro de Convenciones Yucat\u00e1n Siglo XXI y luego en otros municipios. Se entregar\u00e1n un total de 14,411 becas con un monto total aproximado de 14 mdp.<\/p>\n<p>En el evento tambi\u00e9n tomaron la palabra Linda Basto Avila y Manuela Cocom Bolio, representsntante de Liborio Vidal, secretario de educaci\u00f3n y diputada del VI Distrito, respectivamente.<\/p>\n","protected":false},"excerpt":{"rendered":"<p>KANASIN, Yucat\u00e1n a 17 de julio de 2023.-Con el fin de abatir la deserci\u00f3n escolar y otorgar igualdad de oportunidades a los grupos en situaci\u00f3n de vulnerabilidad, este lunes se entregaron en el municipio de Kanas\u00edn 627 becas para alumnos de primaria y secundaria con un monto total de $608, 450. En el evento se [&hellip;]<\/p>\n","protected":false},"author":3,"featured_media":99137,"comment_status":"closed","ping_status":"closed","sticky":false,"template":"","format":"standard","meta":{"footnotes":""},"categories":[3],"tags":[],"class_list":{"0":"post-99135","1":"post","2":"type-post","3":"status-publish","4":"format-standard","5":"has-post-thumbnail","7":"category-yucatan"},"yoast_head":"<!-- This site is optimized with the Yoast SEO plugin v27.4 - https:\/\/yoast.com\/product\/yoast-seo-wordpress\/ -->\n<title>Se entregan becas en Kanas\u00edn, alumnos de primaria recibieron $900 y secundaria $1050 - Yucat\u00e1n en corto<\/title>\n<meta name=\"robots\" content=\"index, follow, max-snippet:-1, max-image-preview:large, max-video-preview:-1\" \/>\n<link rel=\"canonical\" href=\"https:\/\/www.yucatanencorto.com\/noticias\/se-entregan-becas-en-kanasin-alumnos-de-primaria-recibieron-900-y-secundaria-1050\/\" \/>\n<meta property=\"og:locale\" content=\"es_ES\" \/>\n<meta property=\"og:type\" content=\"article\" \/>\n<meta property=\"og:title\" content=\"Se entregan becas en Kanas\u00edn, alumnos de primaria recibieron $900 y secundaria $1050 - Yucat\u00e1n en corto\" \/>\n<meta property=\"og:description\" content=\"KANASIN, Yucat\u00e1n a 17 de julio de 2023.-Con el fin de abatir la deserci\u00f3n escolar y otorgar igualdad de oportunidades a los grupos en situaci\u00f3n de vulnerabilidad, este lunes se entregaron en el municipio de Kanas\u00edn 627 becas para alumnos de primaria y secundaria con un monto total de $608, 450. En el evento se [&hellip;]\" \/>\n<meta property=\"og:url\" content=\"https:\/\/www.yucatanencorto.com\/noticias\/se-entregan-becas-en-kanasin-alumnos-de-primaria-recibieron-900-y-secundaria-1050\/\" \/>\n<meta property=\"og:site_name\" content=\"Yucat\u00e1n en corto\" \/>\n<meta property=\"article:publisher\" content=\"http:\/\/www.facebook.com\/yucatanencorto\" \/>\n<meta property=\"article:published_time\" content=\"2023-07-18T00:17:52+00:00\" \/>\n<meta property=\"og:image\" content=\"https:\/\/www.yucatanencorto.com\/noticias\/wp-content\/uploads\/2023\/07\/WhatsApp-Image-2023-07-17-at-5.54.10-PM-scaled.jpeg\" \/>\n\t<meta property=\"og:image:width\" content=\"768\" \/>\n\t<meta property=\"og:image:height\" content=\"512\" \/>\n\t<meta property=\"og:image:type\" content=\"image\/jpeg\" \/>\n<meta name=\"author\" content=\"Redes\" \/>\n<meta name=\"twitter:card\" content=\"summary_large_image\" \/>\n<meta name=\"twitter:creator\" content=\"@yucatanencorto\" \/>\n<meta name=\"twitter:site\" content=\"@yucatanencorto\" \/>\n<meta name=\"twitter:label1\" content=\"Escrito por\" \/>\n\t<meta name=\"twitter:data1\" content=\"Redes\" \/>\n\t<meta name=\"twitter:label2\" content=\"Tiempo de lectura\" \/>\n\t<meta name=\"twitter:data2\" content=\"3 minutos\" \/>\n<script type=\"application\/ld+json\" class=\"yoast-schema-graph\">{\"@context\":\"https:\\\/\\\/schema.org\",\"@graph\":[{\"@type\":\"Article\",\"@id\":\"https:\\\/\\\/www.yucatanencorto.com\\\/noticias\\\/se-entregan-becas-en-kanasin-alumnos-de-primaria-recibieron-900-y-secundaria-1050\\\/#article\",\"isPartOf\":{\"@id\":\"https:\\\/\\\/www.yucatanencorto.com\\\/noticias\\\/se-entregan-becas-en-kanasin-alumnos-de-primaria-recibieron-900-y-secundaria-1050\\\/\"},\"author\":{\"name\":\"Redes\",\"@id\":\"https:\\\/\\\/www.yucatanencorto.com\\\/noticias\\\/#\\\/schema\\\/person\\\/e2fbdfaf30a07014a43940ce989f3119\"},\"headline\":\"Se entregan becas en Kanas\u00edn, alumnos de primaria recibieron $900 y secundaria $1050\",\"datePublished\":\"2023-07-18T00:17:52+00:00\",\"mainEntityOfPage\":{\"@id\":\"https:\\\/\\\/www.yucatanencorto.com\\\/noticias\\\/se-entregan-becas-en-kanasin-alumnos-de-primaria-recibieron-900-y-secundaria-1050\\\/\"},\"wordCount\":434,\"image\":{\"@id\":\"https:\\\/\\\/www.yucatanencorto.com\\\/noticias\\\/se-entregan-becas-en-kanasin-alumnos-de-primaria-recibieron-900-y-secundaria-1050\\\/#primaryimage\"},\"thumbnailUrl\":\"https:\\\/\\\/www.yucatanencorto.com\\\/noticias\\\/wp-content\\\/uploads\\\/2023\\\/07\\\/WhatsApp-Image-2023-07-17-at-5.54.10-PM-scaled.jpeg\",\"articleSection\":[\"Yucat\u00e1n\"],\"inLanguage\":\"es\"},{\"@type\":\"WebPage\",\"@id\":\"https:\\\/\\\/www.yucatanencorto.com\\\/noticias\\\/se-entregan-becas-en-kanasin-alumnos-de-primaria-recibieron-900-y-secundaria-1050\\\/\",\"url\":\"https:\\\/\\\/www.yucatanencorto.com\\\/noticias\\\/se-entregan-becas-en-kanasin-alumnos-de-primaria-recibieron-900-y-secundaria-1050\\\/\",\"name\":\"Se entregan becas en Kanas\u00edn, alumnos de primaria recibieron $900 y secundaria $1050 - Yucat\u00e1n en corto\",\"isPartOf\":{\"@id\":\"https:\\\/\\\/www.yucatanencorto.com\\\/noticias\\\/#website\"},\"primaryImageOfPage\":{\"@id\":\"https:\\\/\\\/www.yucatanencorto.com\\\/noticias\\\/se-entregan-becas-en-kanasin-alumnos-de-primaria-recibieron-900-y-secundaria-1050\\\/#primaryimage\"},\"image\":{\"@id\":\"https:\\\/\\\/www.yucatanencorto.com\\\/noticias\\\/se-entregan-becas-en-kanasin-alumnos-de-primaria-recibieron-900-y-secundaria-1050\\\/#primaryimage\"},\"thumbnailUrl\":\"https:\\\/\\\/www.yucatanencorto.com\\\/noticias\\\/wp-content\\\/uploads\\\/2023\\\/07\\\/WhatsApp-Image-2023-07-17-at-5.54.10-PM-scaled.jpeg\",\"datePublished\":\"2023-07-18T00:17:52+00:00\",\"author\":{\"@id\":\"https:\\\/\\\/www.yucatanencorto.com\\\/noticias\\\/#\\\/schema\\\/person\\\/e2fbdfaf30a07014a43940ce989f3119\"},\"breadcrumb\":{\"@id\":\"https:\\\/\\\/www.yucatanencorto.com\\\/noticias\\\/se-entregan-becas-en-kanasin-alumnos-de-primaria-recibieron-900-y-secundaria-1050\\\/#breadcrumb\"},\"inLanguage\":\"es\",\"potentialAction\":[{\"@type\":\"ReadAction\",\"target\":[\"https:\\\/\\\/www.yucatanencorto.com\\\/noticias\\\/se-entregan-becas-en-kanasin-alumnos-de-primaria-recibieron-900-y-secundaria-1050\\\/\"]}]},{\"@type\":\"ImageObject\",\"inLanguage\":\"es\",\"@id\":\"https:\\\/\\\/www.yucatanencorto.com\\\/noticias\\\/se-entregan-becas-en-kanasin-alumnos-de-primaria-recibieron-900-y-secundaria-1050\\\/#primaryimage\",\"url\":\"https:\\\/\\\/www.yucatanencorto.com\\\/noticias\\\/wp-content\\\/uploads\\\/2023\\\/07\\\/WhatsApp-Image-2023-07-17-at-5.54.10-PM-scaled.jpeg\",\"contentUrl\":\"https:\\\/\\\/www.yucatanencorto.com\\\/noticias\\\/wp-content\\\/uploads\\\/2023\\\/07\\\/WhatsApp-Image-2023-07-17-at-5.54.10-PM-scaled.jpeg\",\"width\":768,\"height\":512},{\"@type\":\"BreadcrumbList\",\"@id\":\"https:\\\/\\\/www.yucatanencorto.com\\\/noticias\\\/se-entregan-becas-en-kanasin-alumnos-de-primaria-recibieron-900-y-secundaria-1050\\\/#breadcrumb\",\"itemListElement\":[{\"@type\":\"ListItem\",\"position\":1,\"name\":\"Portada\",\"item\":\"https:\\\/\\\/www.yucatanencorto.com\\\/noticias\\\/\"},{\"@type\":\"ListItem\",\"position\":2,\"name\":\"Se entregan becas en Kanas\u00edn, alumnos de primaria recibieron $900 y secundaria $1050\"}]},{\"@type\":\"WebSite\",\"@id\":\"https:\\\/\\\/www.yucatanencorto.com\\\/noticias\\\/#website\",\"url\":\"https:\\\/\\\/www.yucatanencorto.com\\\/noticias\\\/\",\"name\":\"Yucat\u00e1n en corto\",\"description\":\"Noticias\",\"potentialAction\":[{\"@type\":\"SearchAction\",\"target\":{\"@type\":\"EntryPoint\",\"urlTemplate\":\"https:\\\/\\\/www.yucatanencorto.com\\\/noticias\\\/?s={search_term_string}\"},\"query-input\":{\"@type\":\"PropertyValueSpecification\",\"valueRequired\":true,\"valueName\":\"search_term_string\"}}],\"inLanguage\":\"es\"},{\"@type\":\"Person\",\"@id\":\"https:\\\/\\\/www.yucatanencorto.com\\\/noticias\\\/#\\\/schema\\\/person\\\/e2fbdfaf30a07014a43940ce989f3119\",\"name\":\"Redes\",\"image\":{\"@type\":\"ImageObject\",\"inLanguage\":\"es\",\"@id\":\"https:\\\/\\\/secure.gravatar.com\\\/avatar\\\/5931a2d21dd7cc834f44c8c34fe56d90ed6d536ef452cbf870c7485b524dddd7?s=96&d=mm&r=g\",\"url\":\"https:\\\/\\\/secure.gravatar.com\\\/avatar\\\/5931a2d21dd7cc834f44c8c34fe56d90ed6d536ef452cbf870c7485b524dddd7?s=96&d=mm&r=g\",\"contentUrl\":\"https:\\\/\\\/secure.gravatar.com\\\/avatar\\\/5931a2d21dd7cc834f44c8c34fe56d90ed6d536ef452cbf870c7485b524dddd7?s=96&d=mm&r=g\",\"caption\":\"Redes\"},\"url\":\"https:\\\/\\\/www.yucatanencorto.com\\\/noticias\\\/author\\\/redes\\\/\"}]}<\/script>\n<!-- \/ Yoast SEO plugin. -->","yoast_head_json":{"title":"Se entregan becas en Kanas\u00edn, alumnos de primaria recibieron $900 y secundaria $1050 - Yucat\u00e1n en corto","robots":{"index":"index","follow":"follow","max-snippet":"max-snippet:-1","max-image-preview":"max-image-preview:large","max-video-preview":"max-video-preview:-1"},"canonical":"https:\/\/www.yucatanencorto.com\/noticias\/se-entregan-becas-en-kanasin-alumnos-de-primaria-recibieron-900-y-secundaria-1050\/","og_locale":"es_ES","og_type":"article","og_title":"Se entregan becas en Kanas\u00edn, alumnos de primaria recibieron $900 y secundaria $1050 - Yucat\u00e1n en corto","og_description":"KANASIN, Yucat\u00e1n a 17 de julio de 2023.-Con el fin de abatir la deserci\u00f3n escolar y otorgar igualdad de oportunidades a los grupos en situaci\u00f3n de vulnerabilidad, este lunes se entregaron en el municipio de Kanas\u00edn 627 becas para alumnos de primaria y secundaria con un monto total de $608, 450. En el evento se [&hellip;]","og_url":"https:\/\/www.yucatanencorto.com\/noticias\/se-entregan-becas-en-kanasin-alumnos-de-primaria-recibieron-900-y-secundaria-1050\/","og_site_name":"Yucat\u00e1n en corto","article_publisher":"http:\/\/www.facebook.com\/yucatanencorto","article_published_time":"2023-07-18T00:17:52+00:00","og_image":[{"width":768,"height":512,"url":"https:\/\/www.yucatanencorto.com\/noticias\/wp-content\/uploads\/2023\/07\/WhatsApp-Image-2023-07-17-at-5.54.10-PM-scaled.jpeg","type":"image\/jpeg"}],"author":"Redes","twitter_card":"summary_large_image","twitter_creator":"@yucatanencorto","twitter_site":"@yucatanencorto","twitter_misc":{"Escrito por":"Redes","Tiempo de lectura":"3 minutos"},"schema":{"@context":"https:\/\/schema.org","@graph":[{"@type":"Article","@id":"https:\/\/www.yucatanencorto.com\/noticias\/se-entregan-becas-en-kanasin-alumnos-de-primaria-recibieron-900-y-secundaria-1050\/#article","isPartOf":{"@id":"https:\/\/www.yucatanencorto.com\/noticias\/se-entregan-becas-en-kanasin-alumnos-de-primaria-recibieron-900-y-secundaria-1050\/"},"author":{"name":"Redes","@id":"https:\/\/www.yucatanencorto.com\/noticias\/#\/schema\/person\/e2fbdfaf30a07014a43940ce989f3119"},"headline":"Se entregan becas en Kanas\u00edn, alumnos de primaria recibieron $900 y secundaria $1050","datePublished":"2023-07-18T00:17:52+00:00","mainEntityOfPage":{"@id":"https:\/\/www.yucatanencorto.com\/noticias\/se-entregan-becas-en-kanasin-alumnos-de-primaria-recibieron-900-y-secundaria-1050\/"},"wordCount":434,"image":{"@id":"https:\/\/www.yucatanencorto.com\/noticias\/se-entregan-becas-en-kanasin-alumnos-de-primaria-recibieron-900-y-secundaria-1050\/#primaryimage"},"thumbnailUrl":"https:\/\/www.yucatanencorto.com\/noticias\/wp-content\/uploads\/2023\/07\/WhatsApp-Image-2023-07-17-at-5.54.10-PM-scaled.jpeg","articleSection":["Yucat\u00e1n"],"inLanguage":"es"},{"@type":"WebPage","@id":"https:\/\/www.yucatanencorto.com\/noticias\/se-entregan-becas-en-kanasin-alumnos-de-primaria-recibieron-900-y-secundaria-1050\/","url":"https:\/\/www.yucatanencorto.com\/noticias\/se-entregan-becas-en-kanasin-alumnos-de-primaria-recibieron-900-y-secundaria-1050\/","name":"Se entregan becas en Kanas\u00edn, alumnos de primaria recibieron $900 y secundaria $1050 - Yucat\u00e1n en corto","isPartOf":{"@id":"https:\/\/www.yucatanencorto.com\/noticias\/#website"},"primaryImageOfPage":{"@id":"https:\/\/www.yucatanencorto.com\/noticias\/se-entregan-becas-en-kanasin-alumnos-de-primaria-recibieron-900-y-secundaria-1050\/#primaryimage"},"image":{"@id":"https:\/\/www.yucatanencorto.com\/noticias\/se-entregan-becas-en-kanasin-alumnos-de-primaria-recibieron-900-y-secundaria-1050\/#primaryimage"},"thumbnailUrl":"https:\/\/www.yucatanencorto.com\/noticias\/wp-content\/uploads\/2023\/07\/WhatsApp-Image-2023-07-17-at-5.54.10-PM-scaled.jpeg","datePublished":"2023-07-18T00:17:52+00:00","author":{"@id":"https:\/\/www.yucatanencorto.com\/noticias\/#\/schema\/person\/e2fbdfaf30a07014a43940ce989f3119"},"breadcrumb":{"@id":"https:\/\/www.yucatanencorto.com\/noticias\/se-entregan-becas-en-kanasin-alumnos-de-primaria-recibieron-900-y-secundaria-1050\/#breadcrumb"},"inLanguage":"es","potentialAction":[{"@type":"ReadAction","target":["https:\/\/www.yucatanencorto.com\/noticias\/se-entregan-becas-en-kanasin-alumnos-de-primaria-recibieron-900-y-secundaria-1050\/"]}]},{"@type":"ImageObject","inLanguage":"es","@id":"https:\/\/www.yucatanencorto.com\/noticias\/se-entregan-becas-en-kanasin-alumnos-de-primaria-recibieron-900-y-secundaria-1050\/#primaryimage","url":"https:\/\/www.yucatanencorto.com\/noticias\/wp-content\/uploads\/2023\/07\/WhatsApp-Image-2023-07-17-at-5.54.10-PM-scaled.jpeg","contentUrl":"https:\/\/www.yucatanencorto.com\/noticias\/wp-content\/uploads\/2023\/07\/WhatsApp-Image-2023-07-17-at-5.54.10-PM-scaled.jpeg","width":768,"height":512},{"@type":"BreadcrumbList","@id":"https:\/\/www.yucatanencorto.com\/noticias\/se-entregan-becas-en-kanasin-alumnos-de-primaria-recibieron-900-y-secundaria-1050\/#breadcrumb","itemListElement":[{"@type":"ListItem","position":1,"name":"Portada","item":"https:\/\/www.yucatanencorto.com\/noticias\/"},{"@type":"ListItem","position":2,"name":"Se entregan becas en Kanas\u00edn, alumnos de primaria recibieron $900 y secundaria $1050"}]},{"@type":"WebSite","@id":"https:\/\/www.yucatanencorto.com\/noticias\/#website","url":"https:\/\/www.yucatanencorto.com\/noticias\/","name":"Yucat\u00e1n en corto","description":"Noticias","potentialAction":[{"@type":"SearchAction","target":{"@type":"EntryPoint","urlTemplate":"https:\/\/www.yucatanencorto.com\/noticias\/?s={search_term_string}"},"query-input":{"@type":"PropertyValueSpecification","valueRequired":true,"valueName":"search_term_string"}}],"inLanguage":"es"},{"@type":"Person","@id":"https:\/\/www.yucatanencorto.com\/noticias\/#\/schema\/person\/e2fbdfaf30a07014a43940ce989f3119","name":"Redes","image":{"@type":"ImageObject","inLanguage":"es","@id":"https:\/\/secure.gravatar.com\/avatar\/5931a2d21dd7cc834f44c8c34fe56d90ed6d536ef452cbf870c7485b524dddd7?s=96&d=mm&r=g","url":"https:\/\/secure.gravatar.com\/avatar\/5931a2d21dd7cc834f44c8c34fe56d90ed6d536ef452cbf870c7485b524dddd7?s=96&d=mm&r=g","contentUrl":"https:\/\/secure.gravatar.com\/avatar\/5931a2d21dd7cc834f44c8c34fe56d90ed6d536ef452cbf870c7485b524dddd7?s=96&d=mm&r=g","caption":"Redes"},"url":"https:\/\/www.yucatanencorto.com\/noticias\/author\/redes\/"}]}},"_links":{"self":[{"href":"https:\/\/www.yucatanencorto.com\/noticias\/wp-json\/wp\/v2\/posts\/99135","targetHints":{"allow":["GET"]}}],"collection":[{"href":"https:\/\/www.yucatanencorto.com\/noticias\/wp-json\/wp\/v2\/posts"}],"about":[{"href":"https:\/\/www.yucatanencorto.com\/noticias\/wp-json\/wp\/v2\/types\/post"}],"author":[{"embeddable":true,"href":"https:\/\/www.yucatanencorto.com\/noticias\/wp-json\/wp\/v2\/users\/3"}],"replies":[{"embeddable":true,"href":"https:\/\/www.yucatanencorto.com\/noticias\/wp-json\/wp\/v2\/comments?post=99135"}],"version-history":[{"count":0,"href":"https:\/\/www.yucatanencorto.com\/noticias\/wp-json\/wp\/v2\/posts\/99135\/revisions"}],"wp:featuredmedia":[{"embeddable":true,"href":"https:\/\/www.yucatanencorto.com\/noticias\/wp-json\/wp\/v2\/media\/99137"}],"wp:attachment":[{"href":"https:\/\/www.yucatanencorto.com\/noticias\/wp-json\/wp\/v2\/media?parent=99135"}],"wp:term":[{"taxonomy":"category","embeddable":true,"href":"https:\/\/www.yucatanencorto.com\/noticias\/wp-json\/wp\/v2\/categories?post=99135"},{"taxonomy":"post_tag","embeddable":true,"href":"https:\/\/www.yucatanencorto.com\/noticias\/wp-json\/wp\/v2\/tags?post=99135"}],"curies":[{"name":"wp","href":"https:\/\/api.w.org\/{rel}","templated":true}]}}