{"id":99139,"date":"2023-07-17T18:23:43","date_gmt":"2023-07-18T00:23:43","guid":{"rendered":"https:\/\/www.yucatanencorto.com\/noticias\/?p=99139"},"modified":"2023-07-17T18:23:43","modified_gmt":"2023-07-18T00:23:43","slug":"maestras-yucatecas-viajan-a-canada-para-capacitarse-en-el-aprendizaje-del-idioma-ingles","status":"publish","type":"post","link":"https:\/\/www.yucatanencorto.com\/noticias\/maestras-yucatecas-viajan-a-canada-para-capacitarse-en-el-aprendizaje-del-idioma-ingles\/","title":{"rendered":"Maestras yucatecas viajan a Canad\u00e1 para capacitarse en el aprendizaje del idioma ingl\u00e9s"},"content":{"rendered":"<p><img loading=\"lazy\" decoding=\"async\" class=\"alignnone size-full wp-image-99141\" src=\"https:\/\/www.yucatanencorto.com\/noticias\/wp-content\/uploads\/2023\/07\/WhatsApp-Image-2023-07-17-at-5.54.46-PM-scaled.jpeg\" alt=\"\" width=\"768\" height=\"526\" srcset=\"https:\/\/www.yucatanencorto.com\/noticias\/wp-content\/uploads\/2023\/07\/WhatsApp-Image-2023-07-17-at-5.54.46-PM-scaled.jpeg 768w, https:\/\/www.yucatanencorto.com\/noticias\/wp-content\/uploads\/2023\/07\/WhatsApp-Image-2023-07-17-at-5.54.46-PM-218x150.jpeg 218w, https:\/\/www.yucatanencorto.com\/noticias\/wp-content\/uploads\/2023\/07\/WhatsApp-Image-2023-07-17-at-5.54.46-PM-696x476.jpeg 696w, https:\/\/www.yucatanencorto.com\/noticias\/wp-content\/uploads\/2023\/07\/WhatsApp-Image-2023-07-17-at-5.54.46-PM-1068x731.jpeg 1068w, https:\/\/www.yucatanencorto.com\/noticias\/wp-content\/uploads\/2023\/07\/WhatsApp-Image-2023-07-17-at-5.54.46-PM-614x420.jpeg 614w\" sizes=\"auto, (max-width: 768px) 100vw, 768px\" \/>M\u00e9rida, Yucat\u00e1n, 17 de julio de 2023.- Como parte del compromiso del Gobernador Mauricio Vila Dosal de seguir preparando a los estudiantes yucatecos hacia el futuro y mejorando sus habilidades en el idioma ingl\u00e9s, un grupo de 10 maestras yucatecas de Educaci\u00f3n B\u00e1sica salieron rumbo a Ontario, Canad\u00e1, donde recibir\u00e1n capacitaci\u00f3n y cursos espec\u00edficos a su formaci\u00f3n complementadas con actividades recreativas y culturales como parte de la estrategia Ambientes Biling\u00fces.<\/p>\n<p>Las docentes, quienes realizan su estancia desde hoy y hasta el 28 de julio pr\u00f3ximo en la Universidad de Lakehead, Thunder Bay, forman parte de los 865 profesores que participan en la primera etapa de este esquema, que adem\u00e1s est\u00e1 atendiendo a 20,600 alumnos de 188 preescolares y primarias de las localidades de Dzidzant\u00fan, Kanas\u00edn, M\u00e9rida, Motul, Maxcan\u00fa, Oxkutzcab, Ticul y Tizim\u00edn.<\/p>\n<p>Cabe recordar que, en la estrategia Ambientes Biling\u00fces las maestras y maestros titulares frente a grupo y\/o de apoyo de educaci\u00f3n art\u00edstica y de educaci\u00f3n f\u00edsica se suman de manera voluntaria a la estrategia con el objetivo de crear entornos que sienten las bases para que los alumnos desarrollen habilidades en esta segunda lengua.<\/p>\n<p>En esta ocasi\u00f3n, participan las profesoras X\u00f3chitl Janet Gonz\u00e1lez Puc y M\u00f3nica Flota Rena, de la escuela \u201cZazil Be\u201d de M\u00e9rida; Mar\u00eda Teresa Estrada Castillo, del plantel \u201cLaura M\u00e9ndez de Cuenca\u201d de M\u00e9rida; Elsy Eugenia Ortega Ram\u00edrez, de \u201cLivia Mendoza Santana\u201d en M\u00e9rida; Cecilia del Rosario Carrillo S\u00e1nchez, de \u201cAbelardo Trujillo\u201d de M\u00e9rida; Marisol Mart\u00edn Lara, de \u201cMiguel Hidalgo y Costilla\u201d en M\u00e9rida.<\/p>\n<p><img loading=\"lazy\" decoding=\"async\" class=\"alignnone size-full wp-image-99140\" src=\"https:\/\/www.yucatanencorto.com\/noticias\/wp-content\/uploads\/2023\/07\/WhatsApp-Image-2023-07-17-at-5.54.46-PM-1-scaled.jpeg\" alt=\"\" width=\"768\" height=\"512\" srcset=\"https:\/\/www.yucatanencorto.com\/noticias\/wp-content\/uploads\/2023\/07\/WhatsApp-Image-2023-07-17-at-5.54.46-PM-1-scaled.jpeg 768w, https:\/\/www.yucatanencorto.com\/noticias\/wp-content\/uploads\/2023\/07\/WhatsApp-Image-2023-07-17-at-5.54.46-PM-1-696x464.jpeg 696w, https:\/\/www.yucatanencorto.com\/noticias\/wp-content\/uploads\/2023\/07\/WhatsApp-Image-2023-07-17-at-5.54.46-PM-1-1068x712.jpeg 1068w, https:\/\/www.yucatanencorto.com\/noticias\/wp-content\/uploads\/2023\/07\/WhatsApp-Image-2023-07-17-at-5.54.46-PM-1-630x420.jpeg 630w\" sizes=\"auto, (max-width: 768px) 100vw, 768px\" \/>Tambi\u00e9n se fueron, Ana Isabel S\u00e1nchez Ojeda del preescolar \u201cCuauht\u00e9moc\u201d de Kanas\u00edn; Nydia Guadalupe G\u00f3mez Gonz\u00e1lez y Zohemy Morayma G\u00f3mez Garma del preescolar \u201cCuauht\u00e9moc\u201d de Ticul y Bianca Ver\u00f3nica Castro Alamilla de la primaria \u201cEstado de Yucat\u00e1n\u201d de M\u00e9rida.<\/p>\n<p>El proceso de selecci\u00f3n consisti\u00f3 en una invitaci\u00f3n abierta para los docentes que participan en la estrategia de Ambientes Biling\u00fces en Educaci\u00f3n B\u00e1sica, bajo los siguientes criterios de selecci\u00f3n: cumplimiento de requisitos administrativos y documentaci\u00f3n; dominio de la estrategia de Ambientes Biling\u00fces en Educaci\u00f3n B\u00e1sica, a trav\u00e9s de la observaci\u00f3n del desempe\u00f1o de los docentes seleccionados por parte de los tutores de Ambientes Biling\u00fces, as\u00ed como los resultados de un cuestionario para identificaci\u00f3n de aspectos actitudinales de los docentes relacionados con creatividad, dinamismo e innovaci\u00f3n en la implementaci\u00f3n de la estrategia en el aula y la valoraci\u00f3n del uso de la plataforma Slang.<\/p>\n<p>Cabe recordar que el Gobernador Mauricio Vila puso a disposici\u00f3n de los profesores la plataforma de ense\u00f1anza de ingl\u00e9s Slang para seguir capacit\u00e1ndose a trav\u00e9s de un curso digital personalizado que cuenta con inteligencia artificial, sin costo para los docentes.<\/p>\n<p>De igual forma, recientemente, Vila Dosal anunci\u00f3 que, en 2024, el programa de Movilidad Internacional abrir\u00e1 su convocatoria tambi\u00e9n a las maestras y los maestros para que el 10% del total de enviados a universidades sean docentes y puedan perfeccionar el idioma.<\/p>\n","protected":false},"excerpt":{"rendered":"<p>M\u00e9rida, Yucat\u00e1n, 17 de julio de 2023.- Como parte del compromiso del Gobernador Mauricio Vila Dosal de seguir preparando a los estudiantes yucatecos hacia el futuro y mejorando sus habilidades en el idioma ingl\u00e9s, un grupo de 10 maestras yucatecas de Educaci\u00f3n B\u00e1sica salieron rumbo a Ontario, Canad\u00e1, donde recibir\u00e1n capacitaci\u00f3n y cursos espec\u00edficos a [&hellip;]<\/p>\n","protected":false},"author":3,"featured_media":99141,"comment_status":"closed","ping_status":"closed","sticky":false,"template":"","format":"standard","meta":{"footnotes":""},"categories":[3],"tags":[],"class_list":{"0":"post-99139","1":"post","2":"type-post","3":"status-publish","4":"format-standard","5":"has-post-thumbnail","7":"category-yucatan"},"yoast_head":"<!-- This site is optimized with the Yoast SEO plugin v27.4 - https:\/\/yoast.com\/product\/yoast-seo-wordpress\/ -->\n<title>Maestras yucatecas viajan a Canad\u00e1 para capacitarse en el aprendizaje del idioma ingl\u00e9s - Yucat\u00e1n en corto<\/title>\n<meta name=\"robots\" content=\"index, follow, max-snippet:-1, max-image-preview:large, max-video-preview:-1\" \/>\n<link rel=\"canonical\" href=\"https:\/\/www.yucatanencorto.com\/noticias\/maestras-yucatecas-viajan-a-canada-para-capacitarse-en-el-aprendizaje-del-idioma-ingles\/\" \/>\n<meta property=\"og:locale\" content=\"es_ES\" \/>\n<meta property=\"og:type\" content=\"article\" \/>\n<meta property=\"og:title\" content=\"Maestras yucatecas viajan a Canad\u00e1 para capacitarse en el aprendizaje del idioma ingl\u00e9s - Yucat\u00e1n en corto\" \/>\n<meta property=\"og:description\" content=\"M\u00e9rida, Yucat\u00e1n, 17 de julio de 2023.- Como parte del compromiso del Gobernador Mauricio Vila Dosal de seguir preparando a los estudiantes yucatecos hacia el futuro y mejorando sus habilidades en el idioma ingl\u00e9s, un grupo de 10 maestras yucatecas de Educaci\u00f3n B\u00e1sica salieron rumbo a Ontario, Canad\u00e1, donde recibir\u00e1n capacitaci\u00f3n y cursos espec\u00edficos a [&hellip;]\" \/>\n<meta property=\"og:url\" content=\"https:\/\/www.yucatanencorto.com\/noticias\/maestras-yucatecas-viajan-a-canada-para-capacitarse-en-el-aprendizaje-del-idioma-ingles\/\" \/>\n<meta property=\"og:site_name\" content=\"Yucat\u00e1n en corto\" \/>\n<meta property=\"article:publisher\" content=\"http:\/\/www.facebook.com\/yucatanencorto\" \/>\n<meta property=\"article:published_time\" content=\"2023-07-18T00:23:43+00:00\" \/>\n<meta property=\"og:image\" content=\"https:\/\/www.yucatanencorto.com\/noticias\/wp-content\/uploads\/2023\/07\/WhatsApp-Image-2023-07-17-at-5.54.46-PM-scaled.jpeg\" \/>\n\t<meta property=\"og:image:width\" content=\"768\" \/>\n\t<meta property=\"og:image:height\" content=\"526\" \/>\n\t<meta property=\"og:image:type\" content=\"image\/jpeg\" \/>\n<meta name=\"author\" content=\"Redes\" \/>\n<meta name=\"twitter:card\" content=\"summary_large_image\" \/>\n<meta name=\"twitter:creator\" content=\"@yucatanencorto\" \/>\n<meta name=\"twitter:site\" content=\"@yucatanencorto\" \/>\n<meta name=\"twitter:label1\" content=\"Escrito por\" \/>\n\t<meta name=\"twitter:data1\" content=\"Redes\" \/>\n\t<meta name=\"twitter:label2\" content=\"Tiempo de lectura\" \/>\n\t<meta name=\"twitter:data2\" content=\"3 minutos\" \/>\n<script type=\"application\/ld+json\" class=\"yoast-schema-graph\">{\"@context\":\"https:\\\/\\\/schema.org\",\"@graph\":[{\"@type\":\"Article\",\"@id\":\"https:\\\/\\\/www.yucatanencorto.com\\\/noticias\\\/maestras-yucatecas-viajan-a-canada-para-capacitarse-en-el-aprendizaje-del-idioma-ingles\\\/#article\",\"isPartOf\":{\"@id\":\"https:\\\/\\\/www.yucatanencorto.com\\\/noticias\\\/maestras-yucatecas-viajan-a-canada-para-capacitarse-en-el-aprendizaje-del-idioma-ingles\\\/\"},\"author\":{\"name\":\"Redes\",\"@id\":\"https:\\\/\\\/www.yucatanencorto.com\\\/noticias\\\/#\\\/schema\\\/person\\\/e2fbdfaf30a07014a43940ce989f3119\"},\"headline\":\"Maestras yucatecas viajan a Canad\u00e1 para capacitarse en el aprendizaje del idioma ingl\u00e9s\",\"datePublished\":\"2023-07-18T00:23:43+00:00\",\"mainEntityOfPage\":{\"@id\":\"https:\\\/\\\/www.yucatanencorto.com\\\/noticias\\\/maestras-yucatecas-viajan-a-canada-para-capacitarse-en-el-aprendizaje-del-idioma-ingles\\\/\"},\"wordCount\":550,\"image\":{\"@id\":\"https:\\\/\\\/www.yucatanencorto.com\\\/noticias\\\/maestras-yucatecas-viajan-a-canada-para-capacitarse-en-el-aprendizaje-del-idioma-ingles\\\/#primaryimage\"},\"thumbnailUrl\":\"https:\\\/\\\/www.yucatanencorto.com\\\/noticias\\\/wp-content\\\/uploads\\\/2023\\\/07\\\/WhatsApp-Image-2023-07-17-at-5.54.46-PM-scaled.jpeg\",\"articleSection\":[\"Yucat\u00e1n\"],\"inLanguage\":\"es\"},{\"@type\":\"WebPage\",\"@id\":\"https:\\\/\\\/www.yucatanencorto.com\\\/noticias\\\/maestras-yucatecas-viajan-a-canada-para-capacitarse-en-el-aprendizaje-del-idioma-ingles\\\/\",\"url\":\"https:\\\/\\\/www.yucatanencorto.com\\\/noticias\\\/maestras-yucatecas-viajan-a-canada-para-capacitarse-en-el-aprendizaje-del-idioma-ingles\\\/\",\"name\":\"Maestras yucatecas viajan a Canad\u00e1 para capacitarse en el aprendizaje del idioma ingl\u00e9s - Yucat\u00e1n en corto\",\"isPartOf\":{\"@id\":\"https:\\\/\\\/www.yucatanencorto.com\\\/noticias\\\/#website\"},\"primaryImageOfPage\":{\"@id\":\"https:\\\/\\\/www.yucatanencorto.com\\\/noticias\\\/maestras-yucatecas-viajan-a-canada-para-capacitarse-en-el-aprendizaje-del-idioma-ingles\\\/#primaryimage\"},\"image\":{\"@id\":\"https:\\\/\\\/www.yucatanencorto.com\\\/noticias\\\/maestras-yucatecas-viajan-a-canada-para-capacitarse-en-el-aprendizaje-del-idioma-ingles\\\/#primaryimage\"},\"thumbnailUrl\":\"https:\\\/\\\/www.yucatanencorto.com\\\/noticias\\\/wp-content\\\/uploads\\\/2023\\\/07\\\/WhatsApp-Image-2023-07-17-at-5.54.46-PM-scaled.jpeg\",\"datePublished\":\"2023-07-18T00:23:43+00:00\",\"author\":{\"@id\":\"https:\\\/\\\/www.yucatanencorto.com\\\/noticias\\\/#\\\/schema\\\/person\\\/e2fbdfaf30a07014a43940ce989f3119\"},\"breadcrumb\":{\"@id\":\"https:\\\/\\\/www.yucatanencorto.com\\\/noticias\\\/maestras-yucatecas-viajan-a-canada-para-capacitarse-en-el-aprendizaje-del-idioma-ingles\\\/#breadcrumb\"},\"inLanguage\":\"es\",\"potentialAction\":[{\"@type\":\"ReadAction\",\"target\":[\"https:\\\/\\\/www.yucatanencorto.com\\\/noticias\\\/maestras-yucatecas-viajan-a-canada-para-capacitarse-en-el-aprendizaje-del-idioma-ingles\\\/\"]}]},{\"@type\":\"ImageObject\",\"inLanguage\":\"es\",\"@id\":\"https:\\\/\\\/www.yucatanencorto.com\\\/noticias\\\/maestras-yucatecas-viajan-a-canada-para-capacitarse-en-el-aprendizaje-del-idioma-ingles\\\/#primaryimage\",\"url\":\"https:\\\/\\\/www.yucatanencorto.com\\\/noticias\\\/wp-content\\\/uploads\\\/2023\\\/07\\\/WhatsApp-Image-2023-07-17-at-5.54.46-PM-scaled.jpeg\",\"contentUrl\":\"https:\\\/\\\/www.yucatanencorto.com\\\/noticias\\\/wp-content\\\/uploads\\\/2023\\\/07\\\/WhatsApp-Image-2023-07-17-at-5.54.46-PM-scaled.jpeg\",\"width\":768,\"height\":526},{\"@type\":\"BreadcrumbList\",\"@id\":\"https:\\\/\\\/www.yucatanencorto.com\\\/noticias\\\/maestras-yucatecas-viajan-a-canada-para-capacitarse-en-el-aprendizaje-del-idioma-ingles\\\/#breadcrumb\",\"itemListElement\":[{\"@type\":\"ListItem\",\"position\":1,\"name\":\"Portada\",\"item\":\"https:\\\/\\\/www.yucatanencorto.com\\\/noticias\\\/\"},{\"@type\":\"ListItem\",\"position\":2,\"name\":\"Maestras yucatecas viajan a Canad\u00e1 para capacitarse en el aprendizaje del idioma ingl\u00e9s\"}]},{\"@type\":\"WebSite\",\"@id\":\"https:\\\/\\\/www.yucatanencorto.com\\\/noticias\\\/#website\",\"url\":\"https:\\\/\\\/www.yucatanencorto.com\\\/noticias\\\/\",\"name\":\"Yucat\u00e1n en corto\",\"description\":\"Noticias\",\"potentialAction\":[{\"@type\":\"SearchAction\",\"target\":{\"@type\":\"EntryPoint\",\"urlTemplate\":\"https:\\\/\\\/www.yucatanencorto.com\\\/noticias\\\/?s={search_term_string}\"},\"query-input\":{\"@type\":\"PropertyValueSpecification\",\"valueRequired\":true,\"valueName\":\"search_term_string\"}}],\"inLanguage\":\"es\"},{\"@type\":\"Person\",\"@id\":\"https:\\\/\\\/www.yucatanencorto.com\\\/noticias\\\/#\\\/schema\\\/person\\\/e2fbdfaf30a07014a43940ce989f3119\",\"name\":\"Redes\",\"image\":{\"@type\":\"ImageObject\",\"inLanguage\":\"es\",\"@id\":\"https:\\\/\\\/secure.gravatar.com\\\/avatar\\\/5931a2d21dd7cc834f44c8c34fe56d90ed6d536ef452cbf870c7485b524dddd7?s=96&d=mm&r=g\",\"url\":\"https:\\\/\\\/secure.gravatar.com\\\/avatar\\\/5931a2d21dd7cc834f44c8c34fe56d90ed6d536ef452cbf870c7485b524dddd7?s=96&d=mm&r=g\",\"contentUrl\":\"https:\\\/\\\/secure.gravatar.com\\\/avatar\\\/5931a2d21dd7cc834f44c8c34fe56d90ed6d536ef452cbf870c7485b524dddd7?s=96&d=mm&r=g\",\"caption\":\"Redes\"},\"url\":\"https:\\\/\\\/www.yucatanencorto.com\\\/noticias\\\/author\\\/redes\\\/\"}]}<\/script>\n<!-- \/ Yoast SEO plugin. -->","yoast_head_json":{"title":"Maestras yucatecas viajan a Canad\u00e1 para capacitarse en el aprendizaje del idioma ingl\u00e9s - Yucat\u00e1n en corto","robots":{"index":"index","follow":"follow","max-snippet":"max-snippet:-1","max-image-preview":"max-image-preview:large","max-video-preview":"max-video-preview:-1"},"canonical":"https:\/\/www.yucatanencorto.com\/noticias\/maestras-yucatecas-viajan-a-canada-para-capacitarse-en-el-aprendizaje-del-idioma-ingles\/","og_locale":"es_ES","og_type":"article","og_title":"Maestras yucatecas viajan a Canad\u00e1 para capacitarse en el aprendizaje del idioma ingl\u00e9s - Yucat\u00e1n en corto","og_description":"M\u00e9rida, Yucat\u00e1n, 17 de julio de 2023.- Como parte del compromiso del Gobernador Mauricio Vila Dosal de seguir preparando a los estudiantes yucatecos hacia el futuro y mejorando sus habilidades en el idioma ingl\u00e9s, un grupo de 10 maestras yucatecas de Educaci\u00f3n B\u00e1sica salieron rumbo a Ontario, Canad\u00e1, donde recibir\u00e1n capacitaci\u00f3n y cursos espec\u00edficos a [&hellip;]","og_url":"https:\/\/www.yucatanencorto.com\/noticias\/maestras-yucatecas-viajan-a-canada-para-capacitarse-en-el-aprendizaje-del-idioma-ingles\/","og_site_name":"Yucat\u00e1n en corto","article_publisher":"http:\/\/www.facebook.com\/yucatanencorto","article_published_time":"2023-07-18T00:23:43+00:00","og_image":[{"width":768,"height":526,"url":"https:\/\/www.yucatanencorto.com\/noticias\/wp-content\/uploads\/2023\/07\/WhatsApp-Image-2023-07-17-at-5.54.46-PM-scaled.jpeg","type":"image\/jpeg"}],"author":"Redes","twitter_card":"summary_large_image","twitter_creator":"@yucatanencorto","twitter_site":"@yucatanencorto","twitter_misc":{"Escrito por":"Redes","Tiempo de lectura":"3 minutos"},"schema":{"@context":"https:\/\/schema.org","@graph":[{"@type":"Article","@id":"https:\/\/www.yucatanencorto.com\/noticias\/maestras-yucatecas-viajan-a-canada-para-capacitarse-en-el-aprendizaje-del-idioma-ingles\/#article","isPartOf":{"@id":"https:\/\/www.yucatanencorto.com\/noticias\/maestras-yucatecas-viajan-a-canada-para-capacitarse-en-el-aprendizaje-del-idioma-ingles\/"},"author":{"name":"Redes","@id":"https:\/\/www.yucatanencorto.com\/noticias\/#\/schema\/person\/e2fbdfaf30a07014a43940ce989f3119"},"headline":"Maestras yucatecas viajan a Canad\u00e1 para capacitarse en el aprendizaje del idioma ingl\u00e9s","datePublished":"2023-07-18T00:23:43+00:00","mainEntityOfPage":{"@id":"https:\/\/www.yucatanencorto.com\/noticias\/maestras-yucatecas-viajan-a-canada-para-capacitarse-en-el-aprendizaje-del-idioma-ingles\/"},"wordCount":550,"image":{"@id":"https:\/\/www.yucatanencorto.com\/noticias\/maestras-yucatecas-viajan-a-canada-para-capacitarse-en-el-aprendizaje-del-idioma-ingles\/#primaryimage"},"thumbnailUrl":"https:\/\/www.yucatanencorto.com\/noticias\/wp-content\/uploads\/2023\/07\/WhatsApp-Image-2023-07-17-at-5.54.46-PM-scaled.jpeg","articleSection":["Yucat\u00e1n"],"inLanguage":"es"},{"@type":"WebPage","@id":"https:\/\/www.yucatanencorto.com\/noticias\/maestras-yucatecas-viajan-a-canada-para-capacitarse-en-el-aprendizaje-del-idioma-ingles\/","url":"https:\/\/www.yucatanencorto.com\/noticias\/maestras-yucatecas-viajan-a-canada-para-capacitarse-en-el-aprendizaje-del-idioma-ingles\/","name":"Maestras yucatecas viajan a Canad\u00e1 para capacitarse en el aprendizaje del idioma ingl\u00e9s - Yucat\u00e1n en corto","isPartOf":{"@id":"https:\/\/www.yucatanencorto.com\/noticias\/#website"},"primaryImageOfPage":{"@id":"https:\/\/www.yucatanencorto.com\/noticias\/maestras-yucatecas-viajan-a-canada-para-capacitarse-en-el-aprendizaje-del-idioma-ingles\/#primaryimage"},"image":{"@id":"https:\/\/www.yucatanencorto.com\/noticias\/maestras-yucatecas-viajan-a-canada-para-capacitarse-en-el-aprendizaje-del-idioma-ingles\/#primaryimage"},"thumbnailUrl":"https:\/\/www.yucatanencorto.com\/noticias\/wp-content\/uploads\/2023\/07\/WhatsApp-Image-2023-07-17-at-5.54.46-PM-scaled.jpeg","datePublished":"2023-07-18T00:23:43+00:00","author":{"@id":"https:\/\/www.yucatanencorto.com\/noticias\/#\/schema\/person\/e2fbdfaf30a07014a43940ce989f3119"},"breadcrumb":{"@id":"https:\/\/www.yucatanencorto.com\/noticias\/maestras-yucatecas-viajan-a-canada-para-capacitarse-en-el-aprendizaje-del-idioma-ingles\/#breadcrumb"},"inLanguage":"es","potentialAction":[{"@type":"ReadAction","target":["https:\/\/www.yucatanencorto.com\/noticias\/maestras-yucatecas-viajan-a-canada-para-capacitarse-en-el-aprendizaje-del-idioma-ingles\/"]}]},{"@type":"ImageObject","inLanguage":"es","@id":"https:\/\/www.yucatanencorto.com\/noticias\/maestras-yucatecas-viajan-a-canada-para-capacitarse-en-el-aprendizaje-del-idioma-ingles\/#primaryimage","url":"https:\/\/www.yucatanencorto.com\/noticias\/wp-content\/uploads\/2023\/07\/WhatsApp-Image-2023-07-17-at-5.54.46-PM-scaled.jpeg","contentUrl":"https:\/\/www.yucatanencorto.com\/noticias\/wp-content\/uploads\/2023\/07\/WhatsApp-Image-2023-07-17-at-5.54.46-PM-scaled.jpeg","width":768,"height":526},{"@type":"BreadcrumbList","@id":"https:\/\/www.yucatanencorto.com\/noticias\/maestras-yucatecas-viajan-a-canada-para-capacitarse-en-el-aprendizaje-del-idioma-ingles\/#breadcrumb","itemListElement":[{"@type":"ListItem","position":1,"name":"Portada","item":"https:\/\/www.yucatanencorto.com\/noticias\/"},{"@type":"ListItem","position":2,"name":"Maestras yucatecas viajan a Canad\u00e1 para capacitarse en el aprendizaje del idioma ingl\u00e9s"}]},{"@type":"WebSite","@id":"https:\/\/www.yucatanencorto.com\/noticias\/#website","url":"https:\/\/www.yucatanencorto.com\/noticias\/","name":"Yucat\u00e1n en corto","description":"Noticias","potentialAction":[{"@type":"SearchAction","target":{"@type":"EntryPoint","urlTemplate":"https:\/\/www.yucatanencorto.com\/noticias\/?s={search_term_string}"},"query-input":{"@type":"PropertyValueSpecification","valueRequired":true,"valueName":"search_term_string"}}],"inLanguage":"es"},{"@type":"Person","@id":"https:\/\/www.yucatanencorto.com\/noticias\/#\/schema\/person\/e2fbdfaf30a07014a43940ce989f3119","name":"Redes","image":{"@type":"ImageObject","inLanguage":"es","@id":"https:\/\/secure.gravatar.com\/avatar\/5931a2d21dd7cc834f44c8c34fe56d90ed6d536ef452cbf870c7485b524dddd7?s=96&d=mm&r=g","url":"https:\/\/secure.gravatar.com\/avatar\/5931a2d21dd7cc834f44c8c34fe56d90ed6d536ef452cbf870c7485b524dddd7?s=96&d=mm&r=g","contentUrl":"https:\/\/secure.gravatar.com\/avatar\/5931a2d21dd7cc834f44c8c34fe56d90ed6d536ef452cbf870c7485b524dddd7?s=96&d=mm&r=g","caption":"Redes"},"url":"https:\/\/www.yucatanencorto.com\/noticias\/author\/redes\/"}]}},"_links":{"self":[{"href":"https:\/\/www.yucatanencorto.com\/noticias\/wp-json\/wp\/v2\/posts\/99139","targetHints":{"allow":["GET"]}}],"collection":[{"href":"https:\/\/www.yucatanencorto.com\/noticias\/wp-json\/wp\/v2\/posts"}],"about":[{"href":"https:\/\/www.yucatanencorto.com\/noticias\/wp-json\/wp\/v2\/types\/post"}],"author":[{"embeddable":true,"href":"https:\/\/www.yucatanencorto.com\/noticias\/wp-json\/wp\/v2\/users\/3"}],"replies":[{"embeddable":true,"href":"https:\/\/www.yucatanencorto.com\/noticias\/wp-json\/wp\/v2\/comments?post=99139"}],"version-history":[{"count":0,"href":"https:\/\/www.yucatanencorto.com\/noticias\/wp-json\/wp\/v2\/posts\/99139\/revisions"}],"wp:featuredmedia":[{"embeddable":true,"href":"https:\/\/www.yucatanencorto.com\/noticias\/wp-json\/wp\/v2\/media\/99141"}],"wp:attachment":[{"href":"https:\/\/www.yucatanencorto.com\/noticias\/wp-json\/wp\/v2\/media?parent=99139"}],"wp:term":[{"taxonomy":"category","embeddable":true,"href":"https:\/\/www.yucatanencorto.com\/noticias\/wp-json\/wp\/v2\/categories?post=99139"},{"taxonomy":"post_tag","embeddable":true,"href":"https:\/\/www.yucatanencorto.com\/noticias\/wp-json\/wp\/v2\/tags?post=99139"}],"curies":[{"name":"wp","href":"https:\/\/api.w.org\/{rel}","templated":true}]}}