{"id":99151,"date":"2023-07-18T14:11:40","date_gmt":"2023-07-18T20:11:40","guid":{"rendered":"https:\/\/www.yucatanencorto.com\/noticias\/?p=99151"},"modified":"2023-07-18T14:11:40","modified_gmt":"2023-07-18T20:11:40","slug":"dolar-cae-a-su-peor-nivel-en-15-meses","status":"publish","type":"post","link":"https:\/\/www.yucatanencorto.com\/noticias\/dolar-cae-a-su-peor-nivel-en-15-meses\/","title":{"rendered":"D\u00f3lar cae a su peor nivel en 15 meses"},"content":{"rendered":"<p><img loading=\"lazy\" decoding=\"async\" class=\"alignnone size-full wp-image-99152\" src=\"https:\/\/www.yucatanencorto.com\/noticias\/wp-content\/uploads\/2023\/07\/peso-dolar-precio-tiempo-real.jpg\" alt=\"\" width=\"720\" height=\"540\" srcset=\"https:\/\/www.yucatanencorto.com\/noticias\/wp-content\/uploads\/2023\/07\/peso-dolar-precio-tiempo-real.jpg 720w, https:\/\/www.yucatanencorto.com\/noticias\/wp-content\/uploads\/2023\/07\/peso-dolar-precio-tiempo-real-696x522.jpg 696w, https:\/\/www.yucatanencorto.com\/noticias\/wp-content\/uploads\/2023\/07\/peso-dolar-precio-tiempo-real-560x420.jpg 560w, https:\/\/www.yucatanencorto.com\/noticias\/wp-content\/uploads\/2023\/07\/peso-dolar-precio-tiempo-real-80x60.jpg 80w, https:\/\/www.yucatanencorto.com\/noticias\/wp-content\/uploads\/2023\/07\/peso-dolar-precio-tiempo-real-265x198.jpg 265w\" sizes=\"auto, (max-width: 720px) 100vw, 720px\" \/><\/p>\n<p>El d\u00f3lar se acerc\u00f3 el martes a su menor nivel en 15 meses frente a las principales divisas, mientras los inversores esperaban nuevos catalizadores bajistas tras el enfriamiento de la inflaci\u00f3n estadounidense la semana pasada.<\/p>\n<p>El \u00edndice d\u00f3lar, que mide el billete verde frente a un grupo de seis\u00a0divisas, cay\u00f3 hasta 99.58, debilit\u00e1ndose cerca del m\u00ednimo del viernes de 99.57,\u00a0su nivel m\u00e1s bajo desde abril de 2022.<\/p>\n<p>La semana pasada, el \u00edndice registr\u00f3 su peor semana de 2023, despu\u00e9s de que datos mostraran que la\u00a0inflaci\u00f3n en Estados Unidos\u00a0segu\u00eda descendiendo y los precios al consumidor registraran su menor aumento anual en m\u00e1s de dos a\u00f1os. Esto rest\u00f3 presi\u00f3n a la\u00a0Reserva Federal\u00a0para que siguiera subiendo las\u00a0tasas de inter\u00e9s.<\/p>\n<p>Los mercados monetarios han descontado casi totalmente una subida de tasas de 25 puntos b\u00e1sicos por parte de la\u00a0Fed\u00a0en su reuni\u00f3n de pol\u00edtica monetaria de finales de este mes, pero prev\u00e9n que los tipos bajen ya en diciembre.<\/p>\n<p>\u201cA corto plazo, no estoy seguro de que el\u00a0d\u00f3lar\u00a0pueda avanzar mucho m\u00e1s\u201d, dijo Francesco Pesole, estratega de divisas de ING. \u201cEl impulso es claramente bajista, pero al mismo tiempo, empieza a parecer un poco estirado\u201d, dijo Pesole, se\u00f1alando los recientes m\u00e1ximos de varios meses en el euro y la libra esterlina.<\/p>\n<p>El Euro alcanz\u00f3 un nuevo m\u00e1ximo\u00a0de 17 meses de 1.12 d\u00f3lares en las primeras operaciones europeas, ya que los mercados prev\u00e9n una subida de 25 puntos b\u00e1sicos por parte del Banco Central Europeo cuando anuncie su pol\u00edtica monetaria el 27 de julio.<\/p>\n<p>Pero las perspectivas de una nueva subida de tasas en septiembre no est\u00e1n claras, despu\u00e9s de que la actividad econ\u00f3mica de la zona euro se ralentizara en junio.<\/p>\n<p>Por otra parte, la\u00a0libra esterlina\u00a0ganaba un 0.3% a 1.3115 d\u00f3lares, no lejos del m\u00e1ximo de la semana pasada de 1.3144 d\u00f3lares, su nivel m\u00e1s alto desde abril de 2022.<\/p>\n<p>El\u00a0yen sub\u00eda\u00a0alrededor de un 0.4%, a 138.21 por d\u00f3lar, ya que los inversores est\u00e1n pendientes de la reuni\u00f3n de pol\u00edtica monetaria del Banco de Jap\u00f3n de la semana que viene, en la que se espera un posible retiro gradual de su postura monetaria ultralaxa.<\/p>\n","protected":false},"excerpt":{"rendered":"<p>El d\u00f3lar se acerc\u00f3 el martes a su menor nivel en 15 meses frente a las principales divisas, mientras los inversores esperaban nuevos catalizadores bajistas tras el enfriamiento de la inflaci\u00f3n estadounidense la semana pasada. El \u00edndice d\u00f3lar, que mide el billete verde frente a un grupo de seis\u00a0divisas, cay\u00f3 hasta 99.58, debilit\u00e1ndose cerca del [&hellip;]<\/p>\n","protected":false},"author":3,"featured_media":99152,"comment_status":"closed","ping_status":"closed","sticky":false,"template":"","format":"standard","meta":{"footnotes":""},"categories":[8],"tags":[],"class_list":{"0":"post-99151","1":"post","2":"type-post","3":"status-publish","4":"format-standard","5":"has-post-thumbnail","7":"category-emprendedores-y-finanzas"},"yoast_head":"<!-- This site is optimized with the Yoast SEO plugin v27.4 - https:\/\/yoast.com\/product\/yoast-seo-wordpress\/ -->\n<title>D\u00f3lar cae a su peor nivel en 15 meses - Yucat\u00e1n en corto<\/title>\n<meta name=\"robots\" content=\"index, follow, max-snippet:-1, max-image-preview:large, max-video-preview:-1\" \/>\n<link rel=\"canonical\" href=\"https:\/\/www.yucatanencorto.com\/noticias\/dolar-cae-a-su-peor-nivel-en-15-meses\/\" \/>\n<meta property=\"og:locale\" content=\"es_ES\" \/>\n<meta property=\"og:type\" content=\"article\" \/>\n<meta property=\"og:title\" content=\"D\u00f3lar cae a su peor nivel en 15 meses - Yucat\u00e1n en corto\" \/>\n<meta property=\"og:description\" content=\"El d\u00f3lar se acerc\u00f3 el martes a su menor nivel en 15 meses frente a las principales divisas, mientras los inversores esperaban nuevos catalizadores bajistas tras el enfriamiento de la inflaci\u00f3n estadounidense la semana pasada. El \u00edndice d\u00f3lar, que mide el billete verde frente a un grupo de seis\u00a0divisas, cay\u00f3 hasta 99.58, debilit\u00e1ndose cerca del [&hellip;]\" \/>\n<meta property=\"og:url\" content=\"https:\/\/www.yucatanencorto.com\/noticias\/dolar-cae-a-su-peor-nivel-en-15-meses\/\" \/>\n<meta property=\"og:site_name\" content=\"Yucat\u00e1n en corto\" \/>\n<meta property=\"article:publisher\" content=\"http:\/\/www.facebook.com\/yucatanencorto\" \/>\n<meta property=\"article:published_time\" content=\"2023-07-18T20:11:40+00:00\" \/>\n<meta property=\"og:image\" content=\"https:\/\/www.yucatanencorto.com\/noticias\/wp-content\/uploads\/2023\/07\/peso-dolar-precio-tiempo-real.jpg\" \/>\n\t<meta property=\"og:image:width\" content=\"720\" \/>\n\t<meta property=\"og:image:height\" content=\"540\" \/>\n\t<meta property=\"og:image:type\" content=\"image\/jpeg\" \/>\n<meta name=\"author\" content=\"Redes\" \/>\n<meta name=\"twitter:card\" content=\"summary_large_image\" \/>\n<meta name=\"twitter:creator\" content=\"@yucatanencorto\" \/>\n<meta name=\"twitter:site\" content=\"@yucatanencorto\" \/>\n<meta name=\"twitter:label1\" content=\"Escrito por\" \/>\n\t<meta name=\"twitter:data1\" content=\"Redes\" \/>\n\t<meta name=\"twitter:label2\" content=\"Tiempo de lectura\" \/>\n\t<meta name=\"twitter:data2\" content=\"2 minutos\" \/>\n<script type=\"application\/ld+json\" class=\"yoast-schema-graph\">{\"@context\":\"https:\\\/\\\/schema.org\",\"@graph\":[{\"@type\":\"Article\",\"@id\":\"https:\\\/\\\/www.yucatanencorto.com\\\/noticias\\\/dolar-cae-a-su-peor-nivel-en-15-meses\\\/#article\",\"isPartOf\":{\"@id\":\"https:\\\/\\\/www.yucatanencorto.com\\\/noticias\\\/dolar-cae-a-su-peor-nivel-en-15-meses\\\/\"},\"author\":{\"name\":\"Redes\",\"@id\":\"https:\\\/\\\/www.yucatanencorto.com\\\/noticias\\\/#\\\/schema\\\/person\\\/e2fbdfaf30a07014a43940ce989f3119\"},\"headline\":\"D\u00f3lar cae a su peor nivel en 15 meses\",\"datePublished\":\"2023-07-18T20:11:40+00:00\",\"mainEntityOfPage\":{\"@id\":\"https:\\\/\\\/www.yucatanencorto.com\\\/noticias\\\/dolar-cae-a-su-peor-nivel-en-15-meses\\\/\"},\"wordCount\":396,\"image\":{\"@id\":\"https:\\\/\\\/www.yucatanencorto.com\\\/noticias\\\/dolar-cae-a-su-peor-nivel-en-15-meses\\\/#primaryimage\"},\"thumbnailUrl\":\"https:\\\/\\\/www.yucatanencorto.com\\\/noticias\\\/wp-content\\\/uploads\\\/2023\\\/07\\\/peso-dolar-precio-tiempo-real.jpg\",\"articleSection\":[\"Emprendedores y Finanzas\"],\"inLanguage\":\"es\"},{\"@type\":\"WebPage\",\"@id\":\"https:\\\/\\\/www.yucatanencorto.com\\\/noticias\\\/dolar-cae-a-su-peor-nivel-en-15-meses\\\/\",\"url\":\"https:\\\/\\\/www.yucatanencorto.com\\\/noticias\\\/dolar-cae-a-su-peor-nivel-en-15-meses\\\/\",\"name\":\"D\u00f3lar cae a su peor nivel en 15 meses - Yucat\u00e1n en corto\",\"isPartOf\":{\"@id\":\"https:\\\/\\\/www.yucatanencorto.com\\\/noticias\\\/#website\"},\"primaryImageOfPage\":{\"@id\":\"https:\\\/\\\/www.yucatanencorto.com\\\/noticias\\\/dolar-cae-a-su-peor-nivel-en-15-meses\\\/#primaryimage\"},\"image\":{\"@id\":\"https:\\\/\\\/www.yucatanencorto.com\\\/noticias\\\/dolar-cae-a-su-peor-nivel-en-15-meses\\\/#primaryimage\"},\"thumbnailUrl\":\"https:\\\/\\\/www.yucatanencorto.com\\\/noticias\\\/wp-content\\\/uploads\\\/2023\\\/07\\\/peso-dolar-precio-tiempo-real.jpg\",\"datePublished\":\"2023-07-18T20:11:40+00:00\",\"author\":{\"@id\":\"https:\\\/\\\/www.yucatanencorto.com\\\/noticias\\\/#\\\/schema\\\/person\\\/e2fbdfaf30a07014a43940ce989f3119\"},\"breadcrumb\":{\"@id\":\"https:\\\/\\\/www.yucatanencorto.com\\\/noticias\\\/dolar-cae-a-su-peor-nivel-en-15-meses\\\/#breadcrumb\"},\"inLanguage\":\"es\",\"potentialAction\":[{\"@type\":\"ReadAction\",\"target\":[\"https:\\\/\\\/www.yucatanencorto.com\\\/noticias\\\/dolar-cae-a-su-peor-nivel-en-15-meses\\\/\"]}]},{\"@type\":\"ImageObject\",\"inLanguage\":\"es\",\"@id\":\"https:\\\/\\\/www.yucatanencorto.com\\\/noticias\\\/dolar-cae-a-su-peor-nivel-en-15-meses\\\/#primaryimage\",\"url\":\"https:\\\/\\\/www.yucatanencorto.com\\\/noticias\\\/wp-content\\\/uploads\\\/2023\\\/07\\\/peso-dolar-precio-tiempo-real.jpg\",\"contentUrl\":\"https:\\\/\\\/www.yucatanencorto.com\\\/noticias\\\/wp-content\\\/uploads\\\/2023\\\/07\\\/peso-dolar-precio-tiempo-real.jpg\",\"width\":720,\"height\":540},{\"@type\":\"BreadcrumbList\",\"@id\":\"https:\\\/\\\/www.yucatanencorto.com\\\/noticias\\\/dolar-cae-a-su-peor-nivel-en-15-meses\\\/#breadcrumb\",\"itemListElement\":[{\"@type\":\"ListItem\",\"position\":1,\"name\":\"Portada\",\"item\":\"https:\\\/\\\/www.yucatanencorto.com\\\/noticias\\\/\"},{\"@type\":\"ListItem\",\"position\":2,\"name\":\"D\u00f3lar cae a su peor nivel en 15 meses\"}]},{\"@type\":\"WebSite\",\"@id\":\"https:\\\/\\\/www.yucatanencorto.com\\\/noticias\\\/#website\",\"url\":\"https:\\\/\\\/www.yucatanencorto.com\\\/noticias\\\/\",\"name\":\"Yucat\u00e1n en corto\",\"description\":\"Noticias\",\"potentialAction\":[{\"@type\":\"SearchAction\",\"target\":{\"@type\":\"EntryPoint\",\"urlTemplate\":\"https:\\\/\\\/www.yucatanencorto.com\\\/noticias\\\/?s={search_term_string}\"},\"query-input\":{\"@type\":\"PropertyValueSpecification\",\"valueRequired\":true,\"valueName\":\"search_term_string\"}}],\"inLanguage\":\"es\"},{\"@type\":\"Person\",\"@id\":\"https:\\\/\\\/www.yucatanencorto.com\\\/noticias\\\/#\\\/schema\\\/person\\\/e2fbdfaf30a07014a43940ce989f3119\",\"name\":\"Redes\",\"image\":{\"@type\":\"ImageObject\",\"inLanguage\":\"es\",\"@id\":\"https:\\\/\\\/secure.gravatar.com\\\/avatar\\\/5931a2d21dd7cc834f44c8c34fe56d90ed6d536ef452cbf870c7485b524dddd7?s=96&d=mm&r=g\",\"url\":\"https:\\\/\\\/secure.gravatar.com\\\/avatar\\\/5931a2d21dd7cc834f44c8c34fe56d90ed6d536ef452cbf870c7485b524dddd7?s=96&d=mm&r=g\",\"contentUrl\":\"https:\\\/\\\/secure.gravatar.com\\\/avatar\\\/5931a2d21dd7cc834f44c8c34fe56d90ed6d536ef452cbf870c7485b524dddd7?s=96&d=mm&r=g\",\"caption\":\"Redes\"},\"url\":\"https:\\\/\\\/www.yucatanencorto.com\\\/noticias\\\/author\\\/redes\\\/\"}]}<\/script>\n<!-- \/ Yoast SEO plugin. -->","yoast_head_json":{"title":"D\u00f3lar cae a su peor nivel en 15 meses - Yucat\u00e1n en corto","robots":{"index":"index","follow":"follow","max-snippet":"max-snippet:-1","max-image-preview":"max-image-preview:large","max-video-preview":"max-video-preview:-1"},"canonical":"https:\/\/www.yucatanencorto.com\/noticias\/dolar-cae-a-su-peor-nivel-en-15-meses\/","og_locale":"es_ES","og_type":"article","og_title":"D\u00f3lar cae a su peor nivel en 15 meses - Yucat\u00e1n en corto","og_description":"El d\u00f3lar se acerc\u00f3 el martes a su menor nivel en 15 meses frente a las principales divisas, mientras los inversores esperaban nuevos catalizadores bajistas tras el enfriamiento de la inflaci\u00f3n estadounidense la semana pasada. El \u00edndice d\u00f3lar, que mide el billete verde frente a un grupo de seis\u00a0divisas, cay\u00f3 hasta 99.58, debilit\u00e1ndose cerca del [&hellip;]","og_url":"https:\/\/www.yucatanencorto.com\/noticias\/dolar-cae-a-su-peor-nivel-en-15-meses\/","og_site_name":"Yucat\u00e1n en corto","article_publisher":"http:\/\/www.facebook.com\/yucatanencorto","article_published_time":"2023-07-18T20:11:40+00:00","og_image":[{"width":720,"height":540,"url":"https:\/\/www.yucatanencorto.com\/noticias\/wp-content\/uploads\/2023\/07\/peso-dolar-precio-tiempo-real.jpg","type":"image\/jpeg"}],"author":"Redes","twitter_card":"summary_large_image","twitter_creator":"@yucatanencorto","twitter_site":"@yucatanencorto","twitter_misc":{"Escrito por":"Redes","Tiempo de lectura":"2 minutos"},"schema":{"@context":"https:\/\/schema.org","@graph":[{"@type":"Article","@id":"https:\/\/www.yucatanencorto.com\/noticias\/dolar-cae-a-su-peor-nivel-en-15-meses\/#article","isPartOf":{"@id":"https:\/\/www.yucatanencorto.com\/noticias\/dolar-cae-a-su-peor-nivel-en-15-meses\/"},"author":{"name":"Redes","@id":"https:\/\/www.yucatanencorto.com\/noticias\/#\/schema\/person\/e2fbdfaf30a07014a43940ce989f3119"},"headline":"D\u00f3lar cae a su peor nivel en 15 meses","datePublished":"2023-07-18T20:11:40+00:00","mainEntityOfPage":{"@id":"https:\/\/www.yucatanencorto.com\/noticias\/dolar-cae-a-su-peor-nivel-en-15-meses\/"},"wordCount":396,"image":{"@id":"https:\/\/www.yucatanencorto.com\/noticias\/dolar-cae-a-su-peor-nivel-en-15-meses\/#primaryimage"},"thumbnailUrl":"https:\/\/www.yucatanencorto.com\/noticias\/wp-content\/uploads\/2023\/07\/peso-dolar-precio-tiempo-real.jpg","articleSection":["Emprendedores y Finanzas"],"inLanguage":"es"},{"@type":"WebPage","@id":"https:\/\/www.yucatanencorto.com\/noticias\/dolar-cae-a-su-peor-nivel-en-15-meses\/","url":"https:\/\/www.yucatanencorto.com\/noticias\/dolar-cae-a-su-peor-nivel-en-15-meses\/","name":"D\u00f3lar cae a su peor nivel en 15 meses - Yucat\u00e1n en corto","isPartOf":{"@id":"https:\/\/www.yucatanencorto.com\/noticias\/#website"},"primaryImageOfPage":{"@id":"https:\/\/www.yucatanencorto.com\/noticias\/dolar-cae-a-su-peor-nivel-en-15-meses\/#primaryimage"},"image":{"@id":"https:\/\/www.yucatanencorto.com\/noticias\/dolar-cae-a-su-peor-nivel-en-15-meses\/#primaryimage"},"thumbnailUrl":"https:\/\/www.yucatanencorto.com\/noticias\/wp-content\/uploads\/2023\/07\/peso-dolar-precio-tiempo-real.jpg","datePublished":"2023-07-18T20:11:40+00:00","author":{"@id":"https:\/\/www.yucatanencorto.com\/noticias\/#\/schema\/person\/e2fbdfaf30a07014a43940ce989f3119"},"breadcrumb":{"@id":"https:\/\/www.yucatanencorto.com\/noticias\/dolar-cae-a-su-peor-nivel-en-15-meses\/#breadcrumb"},"inLanguage":"es","potentialAction":[{"@type":"ReadAction","target":["https:\/\/www.yucatanencorto.com\/noticias\/dolar-cae-a-su-peor-nivel-en-15-meses\/"]}]},{"@type":"ImageObject","inLanguage":"es","@id":"https:\/\/www.yucatanencorto.com\/noticias\/dolar-cae-a-su-peor-nivel-en-15-meses\/#primaryimage","url":"https:\/\/www.yucatanencorto.com\/noticias\/wp-content\/uploads\/2023\/07\/peso-dolar-precio-tiempo-real.jpg","contentUrl":"https:\/\/www.yucatanencorto.com\/noticias\/wp-content\/uploads\/2023\/07\/peso-dolar-precio-tiempo-real.jpg","width":720,"height":540},{"@type":"BreadcrumbList","@id":"https:\/\/www.yucatanencorto.com\/noticias\/dolar-cae-a-su-peor-nivel-en-15-meses\/#breadcrumb","itemListElement":[{"@type":"ListItem","position":1,"name":"Portada","item":"https:\/\/www.yucatanencorto.com\/noticias\/"},{"@type":"ListItem","position":2,"name":"D\u00f3lar cae a su peor nivel en 15 meses"}]},{"@type":"WebSite","@id":"https:\/\/www.yucatanencorto.com\/noticias\/#website","url":"https:\/\/www.yucatanencorto.com\/noticias\/","name":"Yucat\u00e1n en corto","description":"Noticias","potentialAction":[{"@type":"SearchAction","target":{"@type":"EntryPoint","urlTemplate":"https:\/\/www.yucatanencorto.com\/noticias\/?s={search_term_string}"},"query-input":{"@type":"PropertyValueSpecification","valueRequired":true,"valueName":"search_term_string"}}],"inLanguage":"es"},{"@type":"Person","@id":"https:\/\/www.yucatanencorto.com\/noticias\/#\/schema\/person\/e2fbdfaf30a07014a43940ce989f3119","name":"Redes","image":{"@type":"ImageObject","inLanguage":"es","@id":"https:\/\/secure.gravatar.com\/avatar\/5931a2d21dd7cc834f44c8c34fe56d90ed6d536ef452cbf870c7485b524dddd7?s=96&d=mm&r=g","url":"https:\/\/secure.gravatar.com\/avatar\/5931a2d21dd7cc834f44c8c34fe56d90ed6d536ef452cbf870c7485b524dddd7?s=96&d=mm&r=g","contentUrl":"https:\/\/secure.gravatar.com\/avatar\/5931a2d21dd7cc834f44c8c34fe56d90ed6d536ef452cbf870c7485b524dddd7?s=96&d=mm&r=g","caption":"Redes"},"url":"https:\/\/www.yucatanencorto.com\/noticias\/author\/redes\/"}]}},"_links":{"self":[{"href":"https:\/\/www.yucatanencorto.com\/noticias\/wp-json\/wp\/v2\/posts\/99151","targetHints":{"allow":["GET"]}}],"collection":[{"href":"https:\/\/www.yucatanencorto.com\/noticias\/wp-json\/wp\/v2\/posts"}],"about":[{"href":"https:\/\/www.yucatanencorto.com\/noticias\/wp-json\/wp\/v2\/types\/post"}],"author":[{"embeddable":true,"href":"https:\/\/www.yucatanencorto.com\/noticias\/wp-json\/wp\/v2\/users\/3"}],"replies":[{"embeddable":true,"href":"https:\/\/www.yucatanencorto.com\/noticias\/wp-json\/wp\/v2\/comments?post=99151"}],"version-history":[{"count":0,"href":"https:\/\/www.yucatanencorto.com\/noticias\/wp-json\/wp\/v2\/posts\/99151\/revisions"}],"wp:featuredmedia":[{"embeddable":true,"href":"https:\/\/www.yucatanencorto.com\/noticias\/wp-json\/wp\/v2\/media\/99152"}],"wp:attachment":[{"href":"https:\/\/www.yucatanencorto.com\/noticias\/wp-json\/wp\/v2\/media?parent=99151"}],"wp:term":[{"taxonomy":"category","embeddable":true,"href":"https:\/\/www.yucatanencorto.com\/noticias\/wp-json\/wp\/v2\/categories?post=99151"},{"taxonomy":"post_tag","embeddable":true,"href":"https:\/\/www.yucatanencorto.com\/noticias\/wp-json\/wp\/v2\/tags?post=99151"}],"curies":[{"name":"wp","href":"https:\/\/api.w.org\/{rel}","templated":true}]}}