{"id":99154,"date":"2023-07-18T14:13:55","date_gmt":"2023-07-18T20:13:55","guid":{"rendered":"https:\/\/www.yucatanencorto.com\/noticias\/?p=99154"},"modified":"2023-07-18T14:13:55","modified_gmt":"2023-07-18T20:13:55","slug":"familia-vendia-blanqueador-como-cura-para-el-covid-19-sera-enjuiciada-por-fraude","status":"publish","type":"post","link":"https:\/\/www.yucatanencorto.com\/noticias\/familia-vendia-blanqueador-como-cura-para-el-covid-19-sera-enjuiciada-por-fraude\/","title":{"rendered":"Familia vend\u00eda blanqueador como &#8216;cura&#8217; para el covid-19; ser\u00e1 enjuiciada por fraude"},"content":{"rendered":"<p><img loading=\"lazy\" decoding=\"async\" class=\"alignnone size-full wp-image-99155\" src=\"https:\/\/www.yucatanencorto.com\/noticias\/wp-content\/uploads\/2023\/07\/Captura-de-pantalla-2023-07-18-141337-scaled.jpg\" alt=\"\" width=\"768\" height=\"545\" srcset=\"https:\/\/www.yucatanencorto.com\/noticias\/wp-content\/uploads\/2023\/07\/Captura-de-pantalla-2023-07-18-141337-scaled.jpg 768w, https:\/\/www.yucatanencorto.com\/noticias\/wp-content\/uploads\/2023\/07\/Captura-de-pantalla-2023-07-18-141337-696x494.jpg 696w, https:\/\/www.yucatanencorto.com\/noticias\/wp-content\/uploads\/2023\/07\/Captura-de-pantalla-2023-07-18-141337-591x420.jpg 591w, https:\/\/www.yucatanencorto.com\/noticias\/wp-content\/uploads\/2023\/07\/Captura-de-pantalla-2023-07-18-141337-100x70.jpg 100w\" sizes=\"auto, (max-width: 768px) 100vw, 768px\" \/><\/p>\n<p>Mark Grenon, de 65 a\u00f1os, y sus hijos Jonathan, de 37, Joseph, de 35, y Jordan, de 29, se sentaron en la mesa de la defensa en silencio mientras los fiscales presentaban su caso en la corte federal de Miami (Estados Unidos).<\/p>\n<p>Los cuatro acusados, vestidos con uniformes de recluso color beige, peinados con colas de caballo y barbas sueltas, han optado por representarse a s\u00ed mismos en el juicio por fraude, una t\u00e1ctica legal poco com\u00fan considerando los cargos que enfrentan y el potencial de ser condenados a varios a\u00f1os de prisi\u00f3n.<\/p>\n<p>Los fiscales los han descrito como \u00abestafadores\u00bb y \u00abvendedores de aceite de serpiente\u00bb, acus\u00e1ndolos de utilizar una fachada religiosa en el sitio web de la Iglesia de Salud y Curaci\u00f3n G\u00e9nesis II para vender su \u00abSoluci\u00f3n mineral milagrosa\u00bb (MMS)\u00a0por un total de un\u00a0mill\u00f3n de d\u00f3lares. Esta soluci\u00f3n venenosa\u00a0fue promocionada como una cura para el 95% de las enfermedades conocidas,\u00a0incluyendo el SIDA y el covid-19.<\/p>\n<p>Los fiscales Michael Homer y John Shipley afirmaron que los Grenon se autodenominaban \u00abobispos\u00bb y vend\u00edan el MMS como \u00absacramentos\u00bb a consumidores de todo Estados Unidos a cambio de una \u00abdonaci\u00f3n\u00bb a la Iglesia de G\u00e9nesis. Sin embargo, la Administraci\u00f3n de Drogas y Alimentos (FDA) tom\u00f3 medidas legales en 2020 al descubrir que la familia distribu\u00eda un medicamento no aprobado y mal etiquetado.<\/p>\n<p>Los Grenon fueron acusados \u200b\u200ben abril de conspiraci\u00f3n para defraudar al gobierno de Estados Unidos, siendo este el primer caso penal relacionado con la pandemia de covid-19 en Florida.\u00a0La FDA emiti\u00f3 advertencias p\u00fablicas debido a informes de hospitalizaciones y condiciones potencialmente mortales relacionadas con el consumo de la sustancia t\u00f3xica.<\/p>\n<p>La soluci\u00f3n MMS es una combinaci\u00f3n de clorito de sodio y agua que, al mezclarse con \u00e1cido c\u00edtrico, se convierte en di\u00f3xido de cloro, un poderoso agente blanqueador utilizado com\u00fanmente en tratamientos de aguas industriales y blanqueo de textiles, pulpa y papel.<\/p>\n<p>Antes de que comenzara el juicio, la jueza federal de distrito Cecilia Altonaga\u00a0instruy\u00f3 al jurado que los Grenon no pod\u00edan usar la Primera Enmienda, espec\u00edficamente la libertad religiosa, como defensa\u00a0ya que la supuesta iglesia no era una entidad religiosa reconocida.<\/p>\n<p>Durante las declaraciones iniciales, el fiscal Michael Homer pregunt\u00f3 al agente especial de la FDA, Jos\u00e9 Rivera, por qu\u00e9 los Grenon vend\u00edan la soluci\u00f3n qu\u00edmica \u00abmilagrosa\u00bb a trav\u00e9s de un sitio web religioso. Rivera testific\u00f3 que lo hac\u00edan para eludir la regulaci\u00f3n gubernamental y evitar ir a la c\u00e1rcel.<\/p>\n<p>Durante su testimonio, Rivera present\u00f3 tres videos producidos por Grenon en los que afirmaba que el MMS era una cura para el c\u00e1ncer, el c\u00e1ncer de pulm\u00f3n y el covid-19.\u00a0En uno de los videos, Grenon declar\u00f3: \u00abEstamos tratando de crear un mundo sin enfermedades\u00bb\u00a0y afirm\u00f3 que el MMS era \u00abtremendamente eficaz para curar el c\u00e1ncer\u00bb.<\/p>\n<p>Homer le pregunt\u00f3 a Rivera si existe una cura para el coronavirus, a lo que \u00e9l respondi\u00f3 que no.\u00a0Rivera tambi\u00e9n testific\u00f3 que adquiri\u00f3 varias botellas de MMS de los Grenon a trav\u00e9s de su sitio web, envi\u00e1ndolas a direcciones en Florida y Georgia.<\/p>\n<p>Seg\u00fan los fiscales, los Grenon vendieron decenas de miles de pedidos de MMS en violaci\u00f3n de la ley federal desde 2010 a trav\u00e9s de una red de sitios web y comunicados.<\/p>\n<p>La organizaci\u00f3n, fundada por Mark Grenon en 2010 junto a Jim Humble, promocionaba el MMS como una cura milagrosa para enfermedades. Humble, quien afirmaba ser un dios de mil millones de a\u00f1os, comenz\u00f3 a promover la sustancia en 2006 despu\u00e9s de afirmar\u00a0que hab\u00eda descubierto sus propiedades m\u00e9dicas durante una expedici\u00f3n de extracci\u00f3n de oro en Am\u00e9rica del Sur. Grenon continu\u00f3 fabricando y vendiendo MMS despu\u00e9s de que Humble se distanciara de la organizaci\u00f3n en 2017.<\/p>\n<p>Las autoridades federales enviaron una carta de advertencia a los Grenon en abril de 2020 orden\u00e1ndoles que cesaran las ventas de MMS, pero ellos desafiaron abiertamente esta orden, lo que llev\u00f3 a su arresto y a una redada federal en su residencia en Bradenton.<\/p>\n<p>Durante la redada, los investigadores encontraron armas cargadas, cerca de 4.5 toneladas (10 mil\u00a0libras) de polvo de clorito de sodio y miles de botellas de MMS. Jonathan y Jordan Grenon fueron arrestados en Bradenton, mientras que Mark Grenon y Joseph huyeron a Colombia, donde posteriormente fueron\u00a0detenidos para su extradici\u00f3n.<\/p>\n","protected":false},"excerpt":{"rendered":"<p>Mark Grenon, de 65 a\u00f1os, y sus hijos Jonathan, de 37, Joseph, de 35, y Jordan, de 29, se sentaron en la mesa de la defensa en silencio mientras los fiscales presentaban su caso en la corte federal de Miami (Estados Unidos). Los cuatro acusados, vestidos con uniformes de recluso color beige, peinados con colas [&hellip;]<\/p>\n","protected":false},"author":3,"featured_media":99155,"comment_status":"closed","ping_status":"closed","sticky":false,"template":"","format":"standard","meta":{"footnotes":""},"categories":[5],"tags":[],"class_list":{"0":"post-99154","1":"post","2":"type-post","3":"status-publish","4":"format-standard","5":"has-post-thumbnail","7":"category-internacional"},"yoast_head":"<!-- This site is optimized with the Yoast SEO plugin v27.4 - https:\/\/yoast.com\/product\/yoast-seo-wordpress\/ -->\n<title>Familia vend\u00eda blanqueador como &#039;cura&#039; para el covid-19; ser\u00e1 enjuiciada por fraude - Yucat\u00e1n en corto<\/title>\n<meta name=\"robots\" content=\"index, follow, max-snippet:-1, max-image-preview:large, max-video-preview:-1\" \/>\n<link rel=\"canonical\" href=\"https:\/\/www.yucatanencorto.com\/noticias\/familia-vendia-blanqueador-como-cura-para-el-covid-19-sera-enjuiciada-por-fraude\/\" \/>\n<meta property=\"og:locale\" content=\"es_ES\" \/>\n<meta property=\"og:type\" content=\"article\" \/>\n<meta property=\"og:title\" content=\"Familia vend\u00eda blanqueador como &#039;cura&#039; para el covid-19; ser\u00e1 enjuiciada por fraude - Yucat\u00e1n en corto\" \/>\n<meta property=\"og:description\" content=\"Mark Grenon, de 65 a\u00f1os, y sus hijos Jonathan, de 37, Joseph, de 35, y Jordan, de 29, se sentaron en la mesa de la defensa en silencio mientras los fiscales presentaban su caso en la corte federal de Miami (Estados Unidos). Los cuatro acusados, vestidos con uniformes de recluso color beige, peinados con colas [&hellip;]\" \/>\n<meta property=\"og:url\" content=\"https:\/\/www.yucatanencorto.com\/noticias\/familia-vendia-blanqueador-como-cura-para-el-covid-19-sera-enjuiciada-por-fraude\/\" \/>\n<meta property=\"og:site_name\" content=\"Yucat\u00e1n en corto\" \/>\n<meta property=\"article:publisher\" content=\"http:\/\/www.facebook.com\/yucatanencorto\" \/>\n<meta property=\"article:published_time\" content=\"2023-07-18T20:13:55+00:00\" \/>\n<meta property=\"og:image\" content=\"https:\/\/www.yucatanencorto.com\/noticias\/wp-content\/uploads\/2023\/07\/Captura-de-pantalla-2023-07-18-141337-scaled.jpg\" \/>\n\t<meta property=\"og:image:width\" content=\"768\" \/>\n\t<meta property=\"og:image:height\" content=\"545\" \/>\n\t<meta property=\"og:image:type\" content=\"image\/jpeg\" \/>\n<meta name=\"author\" content=\"Redes\" \/>\n<meta name=\"twitter:card\" content=\"summary_large_image\" \/>\n<meta name=\"twitter:creator\" content=\"@yucatanencorto\" \/>\n<meta name=\"twitter:site\" content=\"@yucatanencorto\" \/>\n<meta name=\"twitter:label1\" content=\"Escrito por\" \/>\n\t<meta name=\"twitter:data1\" content=\"Redes\" \/>\n\t<meta name=\"twitter:label2\" content=\"Tiempo de lectura\" \/>\n\t<meta name=\"twitter:data2\" content=\"4 minutos\" \/>\n<script type=\"application\/ld+json\" class=\"yoast-schema-graph\">{\"@context\":\"https:\\\/\\\/schema.org\",\"@graph\":[{\"@type\":\"Article\",\"@id\":\"https:\\\/\\\/www.yucatanencorto.com\\\/noticias\\\/familia-vendia-blanqueador-como-cura-para-el-covid-19-sera-enjuiciada-por-fraude\\\/#article\",\"isPartOf\":{\"@id\":\"https:\\\/\\\/www.yucatanencorto.com\\\/noticias\\\/familia-vendia-blanqueador-como-cura-para-el-covid-19-sera-enjuiciada-por-fraude\\\/\"},\"author\":{\"name\":\"Redes\",\"@id\":\"https:\\\/\\\/www.yucatanencorto.com\\\/noticias\\\/#\\\/schema\\\/person\\\/e2fbdfaf30a07014a43940ce989f3119\"},\"headline\":\"Familia vend\u00eda blanqueador como &#8216;cura&#8217; para el covid-19; ser\u00e1 enjuiciada por fraude\",\"datePublished\":\"2023-07-18T20:13:55+00:00\",\"mainEntityOfPage\":{\"@id\":\"https:\\\/\\\/www.yucatanencorto.com\\\/noticias\\\/familia-vendia-blanqueador-como-cura-para-el-covid-19-sera-enjuiciada-por-fraude\\\/\"},\"wordCount\":767,\"image\":{\"@id\":\"https:\\\/\\\/www.yucatanencorto.com\\\/noticias\\\/familia-vendia-blanqueador-como-cura-para-el-covid-19-sera-enjuiciada-por-fraude\\\/#primaryimage\"},\"thumbnailUrl\":\"https:\\\/\\\/www.yucatanencorto.com\\\/noticias\\\/wp-content\\\/uploads\\\/2023\\\/07\\\/Captura-de-pantalla-2023-07-18-141337-scaled.jpg\",\"articleSection\":[\"Internacional\"],\"inLanguage\":\"es\"},{\"@type\":\"WebPage\",\"@id\":\"https:\\\/\\\/www.yucatanencorto.com\\\/noticias\\\/familia-vendia-blanqueador-como-cura-para-el-covid-19-sera-enjuiciada-por-fraude\\\/\",\"url\":\"https:\\\/\\\/www.yucatanencorto.com\\\/noticias\\\/familia-vendia-blanqueador-como-cura-para-el-covid-19-sera-enjuiciada-por-fraude\\\/\",\"name\":\"Familia vend\u00eda blanqueador como 'cura' para el covid-19; ser\u00e1 enjuiciada por fraude - Yucat\u00e1n en corto\",\"isPartOf\":{\"@id\":\"https:\\\/\\\/www.yucatanencorto.com\\\/noticias\\\/#website\"},\"primaryImageOfPage\":{\"@id\":\"https:\\\/\\\/www.yucatanencorto.com\\\/noticias\\\/familia-vendia-blanqueador-como-cura-para-el-covid-19-sera-enjuiciada-por-fraude\\\/#primaryimage\"},\"image\":{\"@id\":\"https:\\\/\\\/www.yucatanencorto.com\\\/noticias\\\/familia-vendia-blanqueador-como-cura-para-el-covid-19-sera-enjuiciada-por-fraude\\\/#primaryimage\"},\"thumbnailUrl\":\"https:\\\/\\\/www.yucatanencorto.com\\\/noticias\\\/wp-content\\\/uploads\\\/2023\\\/07\\\/Captura-de-pantalla-2023-07-18-141337-scaled.jpg\",\"datePublished\":\"2023-07-18T20:13:55+00:00\",\"author\":{\"@id\":\"https:\\\/\\\/www.yucatanencorto.com\\\/noticias\\\/#\\\/schema\\\/person\\\/e2fbdfaf30a07014a43940ce989f3119\"},\"breadcrumb\":{\"@id\":\"https:\\\/\\\/www.yucatanencorto.com\\\/noticias\\\/familia-vendia-blanqueador-como-cura-para-el-covid-19-sera-enjuiciada-por-fraude\\\/#breadcrumb\"},\"inLanguage\":\"es\",\"potentialAction\":[{\"@type\":\"ReadAction\",\"target\":[\"https:\\\/\\\/www.yucatanencorto.com\\\/noticias\\\/familia-vendia-blanqueador-como-cura-para-el-covid-19-sera-enjuiciada-por-fraude\\\/\"]}]},{\"@type\":\"ImageObject\",\"inLanguage\":\"es\",\"@id\":\"https:\\\/\\\/www.yucatanencorto.com\\\/noticias\\\/familia-vendia-blanqueador-como-cura-para-el-covid-19-sera-enjuiciada-por-fraude\\\/#primaryimage\",\"url\":\"https:\\\/\\\/www.yucatanencorto.com\\\/noticias\\\/wp-content\\\/uploads\\\/2023\\\/07\\\/Captura-de-pantalla-2023-07-18-141337-scaled.jpg\",\"contentUrl\":\"https:\\\/\\\/www.yucatanencorto.com\\\/noticias\\\/wp-content\\\/uploads\\\/2023\\\/07\\\/Captura-de-pantalla-2023-07-18-141337-scaled.jpg\",\"width\":768,\"height\":545},{\"@type\":\"BreadcrumbList\",\"@id\":\"https:\\\/\\\/www.yucatanencorto.com\\\/noticias\\\/familia-vendia-blanqueador-como-cura-para-el-covid-19-sera-enjuiciada-por-fraude\\\/#breadcrumb\",\"itemListElement\":[{\"@type\":\"ListItem\",\"position\":1,\"name\":\"Portada\",\"item\":\"https:\\\/\\\/www.yucatanencorto.com\\\/noticias\\\/\"},{\"@type\":\"ListItem\",\"position\":2,\"name\":\"Familia vend\u00eda blanqueador como &#8216;cura&#8217; para el covid-19; ser\u00e1 enjuiciada por fraude\"}]},{\"@type\":\"WebSite\",\"@id\":\"https:\\\/\\\/www.yucatanencorto.com\\\/noticias\\\/#website\",\"url\":\"https:\\\/\\\/www.yucatanencorto.com\\\/noticias\\\/\",\"name\":\"Yucat\u00e1n en corto\",\"description\":\"Noticias\",\"potentialAction\":[{\"@type\":\"SearchAction\",\"target\":{\"@type\":\"EntryPoint\",\"urlTemplate\":\"https:\\\/\\\/www.yucatanencorto.com\\\/noticias\\\/?s={search_term_string}\"},\"query-input\":{\"@type\":\"PropertyValueSpecification\",\"valueRequired\":true,\"valueName\":\"search_term_string\"}}],\"inLanguage\":\"es\"},{\"@type\":\"Person\",\"@id\":\"https:\\\/\\\/www.yucatanencorto.com\\\/noticias\\\/#\\\/schema\\\/person\\\/e2fbdfaf30a07014a43940ce989f3119\",\"name\":\"Redes\",\"image\":{\"@type\":\"ImageObject\",\"inLanguage\":\"es\",\"@id\":\"https:\\\/\\\/secure.gravatar.com\\\/avatar\\\/5931a2d21dd7cc834f44c8c34fe56d90ed6d536ef452cbf870c7485b524dddd7?s=96&d=mm&r=g\",\"url\":\"https:\\\/\\\/secure.gravatar.com\\\/avatar\\\/5931a2d21dd7cc834f44c8c34fe56d90ed6d536ef452cbf870c7485b524dddd7?s=96&d=mm&r=g\",\"contentUrl\":\"https:\\\/\\\/secure.gravatar.com\\\/avatar\\\/5931a2d21dd7cc834f44c8c34fe56d90ed6d536ef452cbf870c7485b524dddd7?s=96&d=mm&r=g\",\"caption\":\"Redes\"},\"url\":\"https:\\\/\\\/www.yucatanencorto.com\\\/noticias\\\/author\\\/redes\\\/\"}]}<\/script>\n<!-- \/ Yoast SEO plugin. -->","yoast_head_json":{"title":"Familia vend\u00eda blanqueador como 'cura' para el covid-19; ser\u00e1 enjuiciada por fraude - Yucat\u00e1n en corto","robots":{"index":"index","follow":"follow","max-snippet":"max-snippet:-1","max-image-preview":"max-image-preview:large","max-video-preview":"max-video-preview:-1"},"canonical":"https:\/\/www.yucatanencorto.com\/noticias\/familia-vendia-blanqueador-como-cura-para-el-covid-19-sera-enjuiciada-por-fraude\/","og_locale":"es_ES","og_type":"article","og_title":"Familia vend\u00eda blanqueador como 'cura' para el covid-19; ser\u00e1 enjuiciada por fraude - Yucat\u00e1n en corto","og_description":"Mark Grenon, de 65 a\u00f1os, y sus hijos Jonathan, de 37, Joseph, de 35, y Jordan, de 29, se sentaron en la mesa de la defensa en silencio mientras los fiscales presentaban su caso en la corte federal de Miami (Estados Unidos). Los cuatro acusados, vestidos con uniformes de recluso color beige, peinados con colas [&hellip;]","og_url":"https:\/\/www.yucatanencorto.com\/noticias\/familia-vendia-blanqueador-como-cura-para-el-covid-19-sera-enjuiciada-por-fraude\/","og_site_name":"Yucat\u00e1n en corto","article_publisher":"http:\/\/www.facebook.com\/yucatanencorto","article_published_time":"2023-07-18T20:13:55+00:00","og_image":[{"width":768,"height":545,"url":"https:\/\/www.yucatanencorto.com\/noticias\/wp-content\/uploads\/2023\/07\/Captura-de-pantalla-2023-07-18-141337-scaled.jpg","type":"image\/jpeg"}],"author":"Redes","twitter_card":"summary_large_image","twitter_creator":"@yucatanencorto","twitter_site":"@yucatanencorto","twitter_misc":{"Escrito por":"Redes","Tiempo de lectura":"4 minutos"},"schema":{"@context":"https:\/\/schema.org","@graph":[{"@type":"Article","@id":"https:\/\/www.yucatanencorto.com\/noticias\/familia-vendia-blanqueador-como-cura-para-el-covid-19-sera-enjuiciada-por-fraude\/#article","isPartOf":{"@id":"https:\/\/www.yucatanencorto.com\/noticias\/familia-vendia-blanqueador-como-cura-para-el-covid-19-sera-enjuiciada-por-fraude\/"},"author":{"name":"Redes","@id":"https:\/\/www.yucatanencorto.com\/noticias\/#\/schema\/person\/e2fbdfaf30a07014a43940ce989f3119"},"headline":"Familia vend\u00eda blanqueador como &#8216;cura&#8217; para el covid-19; ser\u00e1 enjuiciada por fraude","datePublished":"2023-07-18T20:13:55+00:00","mainEntityOfPage":{"@id":"https:\/\/www.yucatanencorto.com\/noticias\/familia-vendia-blanqueador-como-cura-para-el-covid-19-sera-enjuiciada-por-fraude\/"},"wordCount":767,"image":{"@id":"https:\/\/www.yucatanencorto.com\/noticias\/familia-vendia-blanqueador-como-cura-para-el-covid-19-sera-enjuiciada-por-fraude\/#primaryimage"},"thumbnailUrl":"https:\/\/www.yucatanencorto.com\/noticias\/wp-content\/uploads\/2023\/07\/Captura-de-pantalla-2023-07-18-141337-scaled.jpg","articleSection":["Internacional"],"inLanguage":"es"},{"@type":"WebPage","@id":"https:\/\/www.yucatanencorto.com\/noticias\/familia-vendia-blanqueador-como-cura-para-el-covid-19-sera-enjuiciada-por-fraude\/","url":"https:\/\/www.yucatanencorto.com\/noticias\/familia-vendia-blanqueador-como-cura-para-el-covid-19-sera-enjuiciada-por-fraude\/","name":"Familia vend\u00eda blanqueador como 'cura' para el covid-19; ser\u00e1 enjuiciada por fraude - Yucat\u00e1n en corto","isPartOf":{"@id":"https:\/\/www.yucatanencorto.com\/noticias\/#website"},"primaryImageOfPage":{"@id":"https:\/\/www.yucatanencorto.com\/noticias\/familia-vendia-blanqueador-como-cura-para-el-covid-19-sera-enjuiciada-por-fraude\/#primaryimage"},"image":{"@id":"https:\/\/www.yucatanencorto.com\/noticias\/familia-vendia-blanqueador-como-cura-para-el-covid-19-sera-enjuiciada-por-fraude\/#primaryimage"},"thumbnailUrl":"https:\/\/www.yucatanencorto.com\/noticias\/wp-content\/uploads\/2023\/07\/Captura-de-pantalla-2023-07-18-141337-scaled.jpg","datePublished":"2023-07-18T20:13:55+00:00","author":{"@id":"https:\/\/www.yucatanencorto.com\/noticias\/#\/schema\/person\/e2fbdfaf30a07014a43940ce989f3119"},"breadcrumb":{"@id":"https:\/\/www.yucatanencorto.com\/noticias\/familia-vendia-blanqueador-como-cura-para-el-covid-19-sera-enjuiciada-por-fraude\/#breadcrumb"},"inLanguage":"es","potentialAction":[{"@type":"ReadAction","target":["https:\/\/www.yucatanencorto.com\/noticias\/familia-vendia-blanqueador-como-cura-para-el-covid-19-sera-enjuiciada-por-fraude\/"]}]},{"@type":"ImageObject","inLanguage":"es","@id":"https:\/\/www.yucatanencorto.com\/noticias\/familia-vendia-blanqueador-como-cura-para-el-covid-19-sera-enjuiciada-por-fraude\/#primaryimage","url":"https:\/\/www.yucatanencorto.com\/noticias\/wp-content\/uploads\/2023\/07\/Captura-de-pantalla-2023-07-18-141337-scaled.jpg","contentUrl":"https:\/\/www.yucatanencorto.com\/noticias\/wp-content\/uploads\/2023\/07\/Captura-de-pantalla-2023-07-18-141337-scaled.jpg","width":768,"height":545},{"@type":"BreadcrumbList","@id":"https:\/\/www.yucatanencorto.com\/noticias\/familia-vendia-blanqueador-como-cura-para-el-covid-19-sera-enjuiciada-por-fraude\/#breadcrumb","itemListElement":[{"@type":"ListItem","position":1,"name":"Portada","item":"https:\/\/www.yucatanencorto.com\/noticias\/"},{"@type":"ListItem","position":2,"name":"Familia vend\u00eda blanqueador como &#8216;cura&#8217; para el covid-19; ser\u00e1 enjuiciada por fraude"}]},{"@type":"WebSite","@id":"https:\/\/www.yucatanencorto.com\/noticias\/#website","url":"https:\/\/www.yucatanencorto.com\/noticias\/","name":"Yucat\u00e1n en corto","description":"Noticias","potentialAction":[{"@type":"SearchAction","target":{"@type":"EntryPoint","urlTemplate":"https:\/\/www.yucatanencorto.com\/noticias\/?s={search_term_string}"},"query-input":{"@type":"PropertyValueSpecification","valueRequired":true,"valueName":"search_term_string"}}],"inLanguage":"es"},{"@type":"Person","@id":"https:\/\/www.yucatanencorto.com\/noticias\/#\/schema\/person\/e2fbdfaf30a07014a43940ce989f3119","name":"Redes","image":{"@type":"ImageObject","inLanguage":"es","@id":"https:\/\/secure.gravatar.com\/avatar\/5931a2d21dd7cc834f44c8c34fe56d90ed6d536ef452cbf870c7485b524dddd7?s=96&d=mm&r=g","url":"https:\/\/secure.gravatar.com\/avatar\/5931a2d21dd7cc834f44c8c34fe56d90ed6d536ef452cbf870c7485b524dddd7?s=96&d=mm&r=g","contentUrl":"https:\/\/secure.gravatar.com\/avatar\/5931a2d21dd7cc834f44c8c34fe56d90ed6d536ef452cbf870c7485b524dddd7?s=96&d=mm&r=g","caption":"Redes"},"url":"https:\/\/www.yucatanencorto.com\/noticias\/author\/redes\/"}]}},"_links":{"self":[{"href":"https:\/\/www.yucatanencorto.com\/noticias\/wp-json\/wp\/v2\/posts\/99154","targetHints":{"allow":["GET"]}}],"collection":[{"href":"https:\/\/www.yucatanencorto.com\/noticias\/wp-json\/wp\/v2\/posts"}],"about":[{"href":"https:\/\/www.yucatanencorto.com\/noticias\/wp-json\/wp\/v2\/types\/post"}],"author":[{"embeddable":true,"href":"https:\/\/www.yucatanencorto.com\/noticias\/wp-json\/wp\/v2\/users\/3"}],"replies":[{"embeddable":true,"href":"https:\/\/www.yucatanencorto.com\/noticias\/wp-json\/wp\/v2\/comments?post=99154"}],"version-history":[{"count":0,"href":"https:\/\/www.yucatanencorto.com\/noticias\/wp-json\/wp\/v2\/posts\/99154\/revisions"}],"wp:featuredmedia":[{"embeddable":true,"href":"https:\/\/www.yucatanencorto.com\/noticias\/wp-json\/wp\/v2\/media\/99155"}],"wp:attachment":[{"href":"https:\/\/www.yucatanencorto.com\/noticias\/wp-json\/wp\/v2\/media?parent=99154"}],"wp:term":[{"taxonomy":"category","embeddable":true,"href":"https:\/\/www.yucatanencorto.com\/noticias\/wp-json\/wp\/v2\/categories?post=99154"},{"taxonomy":"post_tag","embeddable":true,"href":"https:\/\/www.yucatanencorto.com\/noticias\/wp-json\/wp\/v2\/tags?post=99154"}],"curies":[{"name":"wp","href":"https:\/\/api.w.org\/{rel}","templated":true}]}}