{"id":99163,"date":"2023-07-18T18:13:14","date_gmt":"2023-07-19T00:13:14","guid":{"rendered":"https:\/\/www.yucatanencorto.com\/noticias\/?p=99163"},"modified":"2023-07-18T18:13:14","modified_gmt":"2023-07-19T00:13:14","slug":"productos-yucatecos-seran-comercializados-en-china","status":"publish","type":"post","link":"https:\/\/www.yucatanencorto.com\/noticias\/productos-yucatecos-seran-comercializados-en-china\/","title":{"rendered":"Productos yucatecos ser\u00e1n comercializados en China"},"content":{"rendered":"<p><img loading=\"lazy\" decoding=\"async\" class=\"alignnone size-full wp-image-99164\" src=\"https:\/\/www.yucatanencorto.com\/noticias\/wp-content\/uploads\/2023\/07\/WhatsApp-Image-2023-07-18-at-17.58.35-scaled.jpeg\" alt=\"\" width=\"768\" height=\"538\" srcset=\"https:\/\/www.yucatanencorto.com\/noticias\/wp-content\/uploads\/2023\/07\/WhatsApp-Image-2023-07-18-at-17.58.35-scaled.jpeg 768w, https:\/\/www.yucatanencorto.com\/noticias\/wp-content\/uploads\/2023\/07\/WhatsApp-Image-2023-07-18-at-17.58.35-696x487.jpeg 696w, https:\/\/www.yucatanencorto.com\/noticias\/wp-content\/uploads\/2023\/07\/WhatsApp-Image-2023-07-18-at-17.58.35-1068x748.jpeg 1068w, https:\/\/www.yucatanencorto.com\/noticias\/wp-content\/uploads\/2023\/07\/WhatsApp-Image-2023-07-18-at-17.58.35-600x420.jpeg 600w, https:\/\/www.yucatanencorto.com\/noticias\/wp-content\/uploads\/2023\/07\/WhatsApp-Image-2023-07-18-at-17.58.35-100x70.jpeg 100w\" sizes=\"auto, (max-width: 768px) 100vw, 768px\" \/><\/p>\n<p>Beijing, China, 18 de julio de 2023.- A partir de noviembre pr\u00f3ximo, productos yucatecos comenzar\u00e1n a incursionar al mercado de China, luego de que el Gobernador Mauricio Vila Dosal y representantes de la C\u00e1mara de Comercio de ese pa\u00eds asi\u00e1tico lograron establecer una serie de acuerdos para que empresas locales se conviertan en proveedores de mercanc\u00edas hacia esa naci\u00f3n, lo que contribuir\u00e1 a ofrecer m\u00e1s empleos y mejor pagados para las familias yucatecas.<\/p>\n<p>En su primer d\u00eda de actividades de la misi\u00f3n comercial que encabeza por el gigante asi\u00e1tico, Vila Dosal sostuvo un encuentro con Sun Xiao, director general de la C\u00e1mara de Comercio de China, con quien acord\u00f3 iniciar esta red de proveedur\u00eda de productos yucatecos a trav\u00e9s de una delegaci\u00f3n de Yucat\u00e1n, en su mayor\u00eda conformada por empresarios interesados en colocar sus productos en ese mercado, que viajar\u00e1n hacia ese pa\u00eds en noviembre pr\u00f3ximo.<\/p>\n<p>De esta manera, se ampl\u00eda la red de contactos de Yucat\u00e1n a un n\u00famero importante de empresas y se fortalece la relaci\u00f3n Yucat\u00e1n-China, lo que abre la posibilidad de m\u00e1s acuerdos comerciales en beneficio de las empresas yucatecas. Como parte de esta reuni\u00f3n, se realiz\u00f3 la promoci\u00f3n de productos yucatecos que se pueden exportar a China.<\/p>\n<p>En ese marco, Vila Dosal expuso ante representantes de la C\u00e1mara de Comercio de China las ventajas comerciales e industriales, log\u00edsticas, de infraestructura, capital humano y seguridad que el estado ofrece para poder albergar empresas de este pa\u00eds, que se traduzcan en la atracci\u00f3n de m\u00e1s empleos mejor pagados para los yucatecos.<\/p>\n<p>Lo anterior, destac\u00f3, es algo que ya se ha estado haciendo, a trav\u00e9s de importantes proyectos de infraestructura, as\u00ed como de sostenibilidad energ\u00e9tica, que han llevado a Yucat\u00e1n a colocarse como el tercer lugar en entidades de M\u00e9xico que mejor han aprovechado el nearshoring, a trav\u00e9s del mejoramiento de su log\u00edstica, de acuerdo a los datos de la consultora Credit Suisse.<\/p>\n<p>En su exposici\u00f3n, Vila Dosal record\u00f3 que para mantener a Yucat\u00e1n mejor conectado se trabaja en proyectos como la ampliaci\u00f3n del Aeropuerto Internacional de M\u00e9rida para aumentar su capacidad de 2 a 4.7 millones de visitantes.<\/p>\n<p>Como parte de estos proyectos, dijo, tambi\u00e9n se trabaja en la ampliaci\u00f3n del Puerto de Altura de Progreso, para mejorar la conectividad. \u201cAmpliaremos la plataforma: de 32 a 72 hect\u00e1reas, incrementa el calado del canal de navegaci\u00f3n: de 9.75m a 12.5m, se ampliar\u00e1 el ancho del canal de acceso: de 150 a 180 metros y con esto pasaremos de recibir cruceros de 4,500 pasajeros a 9,000 pasajeros y barcos de carga de 40 mil toneladas a 100 mil toneladas\u201d.<\/p>\n<p>Vila Dosal tambi\u00e9n expuso los beneficios del libramiento de Progreso que reducir\u00e1 el tr\u00e1fico, congestionamientos, accidentes, deterioro de vialidades, ruido y contaminaci\u00f3n, incrementando la posibilidad de carga del puerto, haciendo m\u00e1s eficiente la entrada y salida de mercanc\u00eda de Progreso.<\/p>\n<p>A esto, record\u00f3, se suma la construcci\u00f3n de las 2 plantas de Ciclo Combinado la M\u00e9rida IV y la Valladolid; la construcci\u00f3n de 700 kil\u00f3metros de ducto con 3 nuevas estaciones de compresi\u00f3n y 2 nuevas estaciones de medici\u00f3n que duplicar\u00e1 la capacidad de transporte del Sistema Mayakan en la Pen\u00ednsula ya que pasar\u00eda de 250 millones de pies c\u00fabicos diarios a 520 millones de pies c\u00fabicos diarios.<\/p>\n<p>Al hablar sobre el proyecto del Tren Maya que promover\u00e1 el desarrollo econ\u00f3mico a trav\u00e9s del turismo, el Gobernador record\u00f3 que al ser tambi\u00e9n un tren de carga que se conectar\u00e1 con el proyecto del tren Trans\u00edstmico, permitir\u00e1 que las materias primas puedan llegar por Salina Cruz, transformarse, llegar a Yucat\u00e1n y posteriormente sacarse por Puerto Progreso.<\/p>\n<p>En ese sentido, Vila Dosal asegur\u00f3 que, con estos proyectos, se garantizan las condiciones para que las empresas asi\u00e1ticas manden su materia prima a Salina Cruz, conecten a Yucat\u00e1n, se transformen y se pueda sacar mercanc\u00eda a la costa Este de Estados Unidos, convirti\u00e9ndonos en una nueva frontera.<\/p>\n<p>Al iniciar su jornada de este d\u00eda, Vila Dosal, acompa\u00f1ado de titular de la Secretar\u00eda de Fomento Econ\u00f3mico y Trabajo (Sefoet) Ernesto Herrera Novelo, se reuni\u00f3 con el embajador de M\u00e9xico en China, Jes\u00fas Seade y su equipo de trabajo, donde abordaron temas de car\u00e1cter cultural, atracci\u00f3n de inversi\u00f3n, desarrollo de tecnolog\u00eda y relocalizaciones para M\u00e9xico y, en especial, para Yucat\u00e1n.<\/p>\n<p>Al encuentro tambi\u00e9n asistieron los subsecretarios de Inversi\u00f3n, Gerardo D\u00edaz de Zavala y Energ\u00eda de la Sefoet, Juan Carlos Vega Milke; el presidente del Comit\u00e9 Bilateral Empresarial M\u00e9xico-China, Rafael Valdez Mingramm, as\u00ed como representantes del Consejo Empresarial de Comercio Exterior, Inversi\u00f3n y Tecnolog\u00eda (COMCE) de Beijing.<\/p>\n<p>De esa manera se contin\u00faa fortaleciendo la posici\u00f3n del estado en el extranjero y haciendo la promoci\u00f3n para generar nuevas atracciones de empresas chinas a Yucat\u00e1n y obtener en consecuencia m\u00e1s empleos y mejor pagados para los yucatecos.<\/p>\n<p>Cabe recordar que para continuar con la promoci\u00f3n de Yucat\u00e1n a nivel internacional, que se traduzca en la llegada de m\u00e1s inversiones y empleos mejor pagados para los yucatecos, el Gobernador Mauricio Vila Dosal encabeza desde hoy y hasta el 22 de julio, una misi\u00f3n comercial por China, que lo llevar\u00e1 a ciudades como Beijing, Ordos, Hangzhou y Shangh\u00e1i.<\/p>\n","protected":false},"excerpt":{"rendered":"<p>Beijing, China, 18 de julio de 2023.- A partir de noviembre pr\u00f3ximo, productos yucatecos comenzar\u00e1n a incursionar al mercado de China, luego de que el Gobernador Mauricio Vila Dosal y representantes de la C\u00e1mara de Comercio de ese pa\u00eds asi\u00e1tico lograron establecer una serie de acuerdos para que empresas locales se conviertan en proveedores de [&hellip;]<\/p>\n","protected":false},"author":3,"featured_media":99164,"comment_status":"closed","ping_status":"closed","sticky":false,"template":"","format":"standard","meta":{"footnotes":""},"categories":[3],"tags":[],"class_list":{"0":"post-99163","1":"post","2":"type-post","3":"status-publish","4":"format-standard","5":"has-post-thumbnail","7":"category-yucatan"},"yoast_head":"<!-- This site is optimized with the Yoast SEO plugin v27.4 - https:\/\/yoast.com\/product\/yoast-seo-wordpress\/ -->\n<title>Productos yucatecos ser\u00e1n comercializados en China - Yucat\u00e1n en corto<\/title>\n<meta name=\"robots\" content=\"index, follow, max-snippet:-1, max-image-preview:large, max-video-preview:-1\" \/>\n<link rel=\"canonical\" href=\"https:\/\/www.yucatanencorto.com\/noticias\/productos-yucatecos-seran-comercializados-en-china\/\" \/>\n<meta property=\"og:locale\" content=\"es_ES\" \/>\n<meta property=\"og:type\" content=\"article\" \/>\n<meta property=\"og:title\" content=\"Productos yucatecos ser\u00e1n comercializados en China - Yucat\u00e1n en corto\" \/>\n<meta property=\"og:description\" content=\"Beijing, China, 18 de julio de 2023.- A partir de noviembre pr\u00f3ximo, productos yucatecos comenzar\u00e1n a incursionar al mercado de China, luego de que el Gobernador Mauricio Vila Dosal y representantes de la C\u00e1mara de Comercio de ese pa\u00eds asi\u00e1tico lograron establecer una serie de acuerdos para que empresas locales se conviertan en proveedores de [&hellip;]\" \/>\n<meta property=\"og:url\" content=\"https:\/\/www.yucatanencorto.com\/noticias\/productos-yucatecos-seran-comercializados-en-china\/\" \/>\n<meta property=\"og:site_name\" content=\"Yucat\u00e1n en corto\" \/>\n<meta property=\"article:publisher\" content=\"http:\/\/www.facebook.com\/yucatanencorto\" \/>\n<meta property=\"article:published_time\" content=\"2023-07-19T00:13:14+00:00\" \/>\n<meta property=\"og:image\" content=\"https:\/\/www.yucatanencorto.com\/noticias\/wp-content\/uploads\/2023\/07\/WhatsApp-Image-2023-07-18-at-17.58.35-scaled.jpeg\" \/>\n\t<meta property=\"og:image:width\" content=\"768\" \/>\n\t<meta property=\"og:image:height\" content=\"538\" \/>\n\t<meta property=\"og:image:type\" content=\"image\/jpeg\" \/>\n<meta name=\"author\" content=\"Redes\" \/>\n<meta name=\"twitter:card\" content=\"summary_large_image\" \/>\n<meta name=\"twitter:creator\" content=\"@yucatanencorto\" \/>\n<meta name=\"twitter:site\" content=\"@yucatanencorto\" \/>\n<meta name=\"twitter:label1\" content=\"Escrito por\" \/>\n\t<meta name=\"twitter:data1\" content=\"Redes\" \/>\n\t<meta name=\"twitter:label2\" content=\"Tiempo de lectura\" \/>\n\t<meta name=\"twitter:data2\" content=\"5 minutos\" \/>\n<script type=\"application\/ld+json\" class=\"yoast-schema-graph\">{\"@context\":\"https:\\\/\\\/schema.org\",\"@graph\":[{\"@type\":\"Article\",\"@id\":\"https:\\\/\\\/www.yucatanencorto.com\\\/noticias\\\/productos-yucatecos-seran-comercializados-en-china\\\/#article\",\"isPartOf\":{\"@id\":\"https:\\\/\\\/www.yucatanencorto.com\\\/noticias\\\/productos-yucatecos-seran-comercializados-en-china\\\/\"},\"author\":{\"name\":\"Redes\",\"@id\":\"https:\\\/\\\/www.yucatanencorto.com\\\/noticias\\\/#\\\/schema\\\/person\\\/e2fbdfaf30a07014a43940ce989f3119\"},\"headline\":\"Productos yucatecos ser\u00e1n comercializados en China\",\"datePublished\":\"2023-07-19T00:13:14+00:00\",\"mainEntityOfPage\":{\"@id\":\"https:\\\/\\\/www.yucatanencorto.com\\\/noticias\\\/productos-yucatecos-seran-comercializados-en-china\\\/\"},\"wordCount\":936,\"image\":{\"@id\":\"https:\\\/\\\/www.yucatanencorto.com\\\/noticias\\\/productos-yucatecos-seran-comercializados-en-china\\\/#primaryimage\"},\"thumbnailUrl\":\"https:\\\/\\\/www.yucatanencorto.com\\\/noticias\\\/wp-content\\\/uploads\\\/2023\\\/07\\\/WhatsApp-Image-2023-07-18-at-17.58.35-scaled.jpeg\",\"articleSection\":[\"Yucat\u00e1n\"],\"inLanguage\":\"es\"},{\"@type\":\"WebPage\",\"@id\":\"https:\\\/\\\/www.yucatanencorto.com\\\/noticias\\\/productos-yucatecos-seran-comercializados-en-china\\\/\",\"url\":\"https:\\\/\\\/www.yucatanencorto.com\\\/noticias\\\/productos-yucatecos-seran-comercializados-en-china\\\/\",\"name\":\"Productos yucatecos ser\u00e1n comercializados en China - Yucat\u00e1n en corto\",\"isPartOf\":{\"@id\":\"https:\\\/\\\/www.yucatanencorto.com\\\/noticias\\\/#website\"},\"primaryImageOfPage\":{\"@id\":\"https:\\\/\\\/www.yucatanencorto.com\\\/noticias\\\/productos-yucatecos-seran-comercializados-en-china\\\/#primaryimage\"},\"image\":{\"@id\":\"https:\\\/\\\/www.yucatanencorto.com\\\/noticias\\\/productos-yucatecos-seran-comercializados-en-china\\\/#primaryimage\"},\"thumbnailUrl\":\"https:\\\/\\\/www.yucatanencorto.com\\\/noticias\\\/wp-content\\\/uploads\\\/2023\\\/07\\\/WhatsApp-Image-2023-07-18-at-17.58.35-scaled.jpeg\",\"datePublished\":\"2023-07-19T00:13:14+00:00\",\"author\":{\"@id\":\"https:\\\/\\\/www.yucatanencorto.com\\\/noticias\\\/#\\\/schema\\\/person\\\/e2fbdfaf30a07014a43940ce989f3119\"},\"breadcrumb\":{\"@id\":\"https:\\\/\\\/www.yucatanencorto.com\\\/noticias\\\/productos-yucatecos-seran-comercializados-en-china\\\/#breadcrumb\"},\"inLanguage\":\"es\",\"potentialAction\":[{\"@type\":\"ReadAction\",\"target\":[\"https:\\\/\\\/www.yucatanencorto.com\\\/noticias\\\/productos-yucatecos-seran-comercializados-en-china\\\/\"]}]},{\"@type\":\"ImageObject\",\"inLanguage\":\"es\",\"@id\":\"https:\\\/\\\/www.yucatanencorto.com\\\/noticias\\\/productos-yucatecos-seran-comercializados-en-china\\\/#primaryimage\",\"url\":\"https:\\\/\\\/www.yucatanencorto.com\\\/noticias\\\/wp-content\\\/uploads\\\/2023\\\/07\\\/WhatsApp-Image-2023-07-18-at-17.58.35-scaled.jpeg\",\"contentUrl\":\"https:\\\/\\\/www.yucatanencorto.com\\\/noticias\\\/wp-content\\\/uploads\\\/2023\\\/07\\\/WhatsApp-Image-2023-07-18-at-17.58.35-scaled.jpeg\",\"width\":768,\"height\":538},{\"@type\":\"BreadcrumbList\",\"@id\":\"https:\\\/\\\/www.yucatanencorto.com\\\/noticias\\\/productos-yucatecos-seran-comercializados-en-china\\\/#breadcrumb\",\"itemListElement\":[{\"@type\":\"ListItem\",\"position\":1,\"name\":\"Portada\",\"item\":\"https:\\\/\\\/www.yucatanencorto.com\\\/noticias\\\/\"},{\"@type\":\"ListItem\",\"position\":2,\"name\":\"Productos yucatecos ser\u00e1n comercializados en China\"}]},{\"@type\":\"WebSite\",\"@id\":\"https:\\\/\\\/www.yucatanencorto.com\\\/noticias\\\/#website\",\"url\":\"https:\\\/\\\/www.yucatanencorto.com\\\/noticias\\\/\",\"name\":\"Yucat\u00e1n en corto\",\"description\":\"Noticias\",\"potentialAction\":[{\"@type\":\"SearchAction\",\"target\":{\"@type\":\"EntryPoint\",\"urlTemplate\":\"https:\\\/\\\/www.yucatanencorto.com\\\/noticias\\\/?s={search_term_string}\"},\"query-input\":{\"@type\":\"PropertyValueSpecification\",\"valueRequired\":true,\"valueName\":\"search_term_string\"}}],\"inLanguage\":\"es\"},{\"@type\":\"Person\",\"@id\":\"https:\\\/\\\/www.yucatanencorto.com\\\/noticias\\\/#\\\/schema\\\/person\\\/e2fbdfaf30a07014a43940ce989f3119\",\"name\":\"Redes\",\"image\":{\"@type\":\"ImageObject\",\"inLanguage\":\"es\",\"@id\":\"https:\\\/\\\/secure.gravatar.com\\\/avatar\\\/5931a2d21dd7cc834f44c8c34fe56d90ed6d536ef452cbf870c7485b524dddd7?s=96&d=mm&r=g\",\"url\":\"https:\\\/\\\/secure.gravatar.com\\\/avatar\\\/5931a2d21dd7cc834f44c8c34fe56d90ed6d536ef452cbf870c7485b524dddd7?s=96&d=mm&r=g\",\"contentUrl\":\"https:\\\/\\\/secure.gravatar.com\\\/avatar\\\/5931a2d21dd7cc834f44c8c34fe56d90ed6d536ef452cbf870c7485b524dddd7?s=96&d=mm&r=g\",\"caption\":\"Redes\"},\"url\":\"https:\\\/\\\/www.yucatanencorto.com\\\/noticias\\\/author\\\/redes\\\/\"}]}<\/script>\n<!-- \/ Yoast SEO plugin. -->","yoast_head_json":{"title":"Productos yucatecos ser\u00e1n comercializados en China - Yucat\u00e1n en corto","robots":{"index":"index","follow":"follow","max-snippet":"max-snippet:-1","max-image-preview":"max-image-preview:large","max-video-preview":"max-video-preview:-1"},"canonical":"https:\/\/www.yucatanencorto.com\/noticias\/productos-yucatecos-seran-comercializados-en-china\/","og_locale":"es_ES","og_type":"article","og_title":"Productos yucatecos ser\u00e1n comercializados en China - Yucat\u00e1n en corto","og_description":"Beijing, China, 18 de julio de 2023.- A partir de noviembre pr\u00f3ximo, productos yucatecos comenzar\u00e1n a incursionar al mercado de China, luego de que el Gobernador Mauricio Vila Dosal y representantes de la C\u00e1mara de Comercio de ese pa\u00eds asi\u00e1tico lograron establecer una serie de acuerdos para que empresas locales se conviertan en proveedores de [&hellip;]","og_url":"https:\/\/www.yucatanencorto.com\/noticias\/productos-yucatecos-seran-comercializados-en-china\/","og_site_name":"Yucat\u00e1n en corto","article_publisher":"http:\/\/www.facebook.com\/yucatanencorto","article_published_time":"2023-07-19T00:13:14+00:00","og_image":[{"width":768,"height":538,"url":"https:\/\/www.yucatanencorto.com\/noticias\/wp-content\/uploads\/2023\/07\/WhatsApp-Image-2023-07-18-at-17.58.35-scaled.jpeg","type":"image\/jpeg"}],"author":"Redes","twitter_card":"summary_large_image","twitter_creator":"@yucatanencorto","twitter_site":"@yucatanencorto","twitter_misc":{"Escrito por":"Redes","Tiempo de lectura":"5 minutos"},"schema":{"@context":"https:\/\/schema.org","@graph":[{"@type":"Article","@id":"https:\/\/www.yucatanencorto.com\/noticias\/productos-yucatecos-seran-comercializados-en-china\/#article","isPartOf":{"@id":"https:\/\/www.yucatanencorto.com\/noticias\/productos-yucatecos-seran-comercializados-en-china\/"},"author":{"name":"Redes","@id":"https:\/\/www.yucatanencorto.com\/noticias\/#\/schema\/person\/e2fbdfaf30a07014a43940ce989f3119"},"headline":"Productos yucatecos ser\u00e1n comercializados en China","datePublished":"2023-07-19T00:13:14+00:00","mainEntityOfPage":{"@id":"https:\/\/www.yucatanencorto.com\/noticias\/productos-yucatecos-seran-comercializados-en-china\/"},"wordCount":936,"image":{"@id":"https:\/\/www.yucatanencorto.com\/noticias\/productos-yucatecos-seran-comercializados-en-china\/#primaryimage"},"thumbnailUrl":"https:\/\/www.yucatanencorto.com\/noticias\/wp-content\/uploads\/2023\/07\/WhatsApp-Image-2023-07-18-at-17.58.35-scaled.jpeg","articleSection":["Yucat\u00e1n"],"inLanguage":"es"},{"@type":"WebPage","@id":"https:\/\/www.yucatanencorto.com\/noticias\/productos-yucatecos-seran-comercializados-en-china\/","url":"https:\/\/www.yucatanencorto.com\/noticias\/productos-yucatecos-seran-comercializados-en-china\/","name":"Productos yucatecos ser\u00e1n comercializados en China - Yucat\u00e1n en corto","isPartOf":{"@id":"https:\/\/www.yucatanencorto.com\/noticias\/#website"},"primaryImageOfPage":{"@id":"https:\/\/www.yucatanencorto.com\/noticias\/productos-yucatecos-seran-comercializados-en-china\/#primaryimage"},"image":{"@id":"https:\/\/www.yucatanencorto.com\/noticias\/productos-yucatecos-seran-comercializados-en-china\/#primaryimage"},"thumbnailUrl":"https:\/\/www.yucatanencorto.com\/noticias\/wp-content\/uploads\/2023\/07\/WhatsApp-Image-2023-07-18-at-17.58.35-scaled.jpeg","datePublished":"2023-07-19T00:13:14+00:00","author":{"@id":"https:\/\/www.yucatanencorto.com\/noticias\/#\/schema\/person\/e2fbdfaf30a07014a43940ce989f3119"},"breadcrumb":{"@id":"https:\/\/www.yucatanencorto.com\/noticias\/productos-yucatecos-seran-comercializados-en-china\/#breadcrumb"},"inLanguage":"es","potentialAction":[{"@type":"ReadAction","target":["https:\/\/www.yucatanencorto.com\/noticias\/productos-yucatecos-seran-comercializados-en-china\/"]}]},{"@type":"ImageObject","inLanguage":"es","@id":"https:\/\/www.yucatanencorto.com\/noticias\/productos-yucatecos-seran-comercializados-en-china\/#primaryimage","url":"https:\/\/www.yucatanencorto.com\/noticias\/wp-content\/uploads\/2023\/07\/WhatsApp-Image-2023-07-18-at-17.58.35-scaled.jpeg","contentUrl":"https:\/\/www.yucatanencorto.com\/noticias\/wp-content\/uploads\/2023\/07\/WhatsApp-Image-2023-07-18-at-17.58.35-scaled.jpeg","width":768,"height":538},{"@type":"BreadcrumbList","@id":"https:\/\/www.yucatanencorto.com\/noticias\/productos-yucatecos-seran-comercializados-en-china\/#breadcrumb","itemListElement":[{"@type":"ListItem","position":1,"name":"Portada","item":"https:\/\/www.yucatanencorto.com\/noticias\/"},{"@type":"ListItem","position":2,"name":"Productos yucatecos ser\u00e1n comercializados en China"}]},{"@type":"WebSite","@id":"https:\/\/www.yucatanencorto.com\/noticias\/#website","url":"https:\/\/www.yucatanencorto.com\/noticias\/","name":"Yucat\u00e1n en corto","description":"Noticias","potentialAction":[{"@type":"SearchAction","target":{"@type":"EntryPoint","urlTemplate":"https:\/\/www.yucatanencorto.com\/noticias\/?s={search_term_string}"},"query-input":{"@type":"PropertyValueSpecification","valueRequired":true,"valueName":"search_term_string"}}],"inLanguage":"es"},{"@type":"Person","@id":"https:\/\/www.yucatanencorto.com\/noticias\/#\/schema\/person\/e2fbdfaf30a07014a43940ce989f3119","name":"Redes","image":{"@type":"ImageObject","inLanguage":"es","@id":"https:\/\/secure.gravatar.com\/avatar\/5931a2d21dd7cc834f44c8c34fe56d90ed6d536ef452cbf870c7485b524dddd7?s=96&d=mm&r=g","url":"https:\/\/secure.gravatar.com\/avatar\/5931a2d21dd7cc834f44c8c34fe56d90ed6d536ef452cbf870c7485b524dddd7?s=96&d=mm&r=g","contentUrl":"https:\/\/secure.gravatar.com\/avatar\/5931a2d21dd7cc834f44c8c34fe56d90ed6d536ef452cbf870c7485b524dddd7?s=96&d=mm&r=g","caption":"Redes"},"url":"https:\/\/www.yucatanencorto.com\/noticias\/author\/redes\/"}]}},"_links":{"self":[{"href":"https:\/\/www.yucatanencorto.com\/noticias\/wp-json\/wp\/v2\/posts\/99163","targetHints":{"allow":["GET"]}}],"collection":[{"href":"https:\/\/www.yucatanencorto.com\/noticias\/wp-json\/wp\/v2\/posts"}],"about":[{"href":"https:\/\/www.yucatanencorto.com\/noticias\/wp-json\/wp\/v2\/types\/post"}],"author":[{"embeddable":true,"href":"https:\/\/www.yucatanencorto.com\/noticias\/wp-json\/wp\/v2\/users\/3"}],"replies":[{"embeddable":true,"href":"https:\/\/www.yucatanencorto.com\/noticias\/wp-json\/wp\/v2\/comments?post=99163"}],"version-history":[{"count":0,"href":"https:\/\/www.yucatanencorto.com\/noticias\/wp-json\/wp\/v2\/posts\/99163\/revisions"}],"wp:featuredmedia":[{"embeddable":true,"href":"https:\/\/www.yucatanencorto.com\/noticias\/wp-json\/wp\/v2\/media\/99164"}],"wp:attachment":[{"href":"https:\/\/www.yucatanencorto.com\/noticias\/wp-json\/wp\/v2\/media?parent=99163"}],"wp:term":[{"taxonomy":"category","embeddable":true,"href":"https:\/\/www.yucatanencorto.com\/noticias\/wp-json\/wp\/v2\/categories?post=99163"},{"taxonomy":"post_tag","embeddable":true,"href":"https:\/\/www.yucatanencorto.com\/noticias\/wp-json\/wp\/v2\/tags?post=99163"}],"curies":[{"name":"wp","href":"https:\/\/api.w.org\/{rel}","templated":true}]}}