{"id":99166,"date":"2023-07-19T10:24:46","date_gmt":"2023-07-19T16:24:46","guid":{"rendered":"https:\/\/www.yucatanencorto.com\/noticias\/?p=99166"},"modified":"2023-07-19T10:24:46","modified_gmt":"2023-07-19T16:24:46","slug":"hotel-costa-club-abre-de-nuevo-sus-puertas","status":"publish","type":"post","link":"https:\/\/www.yucatanencorto.com\/noticias\/hotel-costa-club-abre-de-nuevo-sus-puertas\/","title":{"rendered":"Hotel Costa Club abre de nuevo sus puertas"},"content":{"rendered":"<p><img loading=\"lazy\" decoding=\"async\" class=\"alignnone size-full wp-image-99167\" src=\"https:\/\/www.yucatanencorto.com\/noticias\/wp-content\/uploads\/2023\/07\/d89c8aa3-bf15-4fd5-bd7d-cca8c2b3afb0-scaled.jpeg\" alt=\"\" width=\"768\" height=\"614\" srcset=\"https:\/\/www.yucatanencorto.com\/noticias\/wp-content\/uploads\/2023\/07\/d89c8aa3-bf15-4fd5-bd7d-cca8c2b3afb0-scaled.jpeg 768w, https:\/\/www.yucatanencorto.com\/noticias\/wp-content\/uploads\/2023\/07\/d89c8aa3-bf15-4fd5-bd7d-cca8c2b3afb0-696x556.jpeg 696w, https:\/\/www.yucatanencorto.com\/noticias\/wp-content\/uploads\/2023\/07\/d89c8aa3-bf15-4fd5-bd7d-cca8c2b3afb0-526x420.jpeg 526w\" sizes=\"auto, (max-width: 768px) 100vw, 768px\" \/><\/p>\n<p>Progreso, Yucat\u00e1n, 19\u00a0de julio de 2023.- Como ofreci\u00f3 el Gobernador Mauricio Vila Dosal en enero pasado, el Hotel Costa Club del Instituto de Seguridad Social de los Trabajadores del Estado (Isstey), en el puerto de Yucalpet\u00e9n, abri\u00f3 de nuevo sus puertas al iniciar las vacaciones de verano, por lo que familias yucatecas comenzaron a disfrutar de sus renovadas instalaciones tras los trabajos de modernizaci\u00f3n que se le realizaron.<\/p>\n<p>Desde el fin de semana pasado, dicho hotel recibi\u00f3 a sus primeros hu\u00e9spedes, junto con sus familias, quienes constataron los trabajos de mantenimiento general y rehabilitaci\u00f3n, realizados para ofrecer una mejor experiencia a sus visitantes. De esta manera, Vila Dosal cumpli\u00f3 con su compromiso, como lo anunci\u00f3 en enero pasado durante su cuarto Informe, de abrir estas instalaciones durante el verano 2023.<\/p>\n<p>Manuel S\u00e1nchez Uicab, quien acudi\u00f3 con su familia, reconoci\u00f3 al Gobernador los esfuerzos por mejorar este complejo, donde podr\u00e1n disfrutar muchas amenidades y momentos de convivencia.<\/p>\n<p>\u201cGracias, Gobernador, porque est\u00e1 nuevamente en funcionamiento el Hotel, pues ya lo necesit\u00e1bamos; sufrimos, durante la pandemia, el no poder venir, y ahora, estamos encantados de estar aqu\u00ed, con la familia. Nos sentimos muy bien, se disfrutan mucho las instalaciones, la amabilidad de los empleados, las comodidades y lo mejor es que aqu\u00ed encontramos de todo: tenemos el restaurante, la playa y piscinas, est\u00e1 todo incre\u00edble\u201d, indic\u00f3.<\/p>\n<p>Por otra parte, Wilberth Pech Quijano se\u00f1al\u00f3 que este sitio representa descanso, reposo, tranquilidad y la oportunidad de desestresarse, en un ambiente c\u00f3modo y de calidad, \u201cgracias, Gobernador, por preocuparse por nosotros y que podamos disfrutar de buenas instalaciones\u201d.<\/p>\n<p>Por instrucciones de Vila Dosal, se efectuaron trabajos de mantenimiento, como carpinter\u00eda, canceler\u00eda e instalaciones el\u00e9ctrica, hidr\u00e1ulica y sanitaria para mejorar este recinto; tambi\u00e9n, se cambi\u00f3 de todo el sistema hidr\u00e1ulico, iluminaci\u00f3n exterior y mejoramiento de sanitarios exteriores, as\u00ed como pintura e impermeabilizaci\u00f3n generales.<\/p>\n<p>Las labores tambi\u00e9n incluyeron la sustituci\u00f3n de diversas piezas por nuevas, como l\u00e1mparas, inodoros, aires acondicionados, frigobares, cortinas, toallas, s\u00e1banas y sobrecamas de las habitaciones; se rehabilit\u00f3 la fachada norte, con vista al mar; se trabaj\u00f3 en jardiner\u00eda, e instal\u00f3 un nuevo sistema de riego.<\/p>\n<p>En el exterior, se rehabilitaron las 5 piscinas y se cambiaron sus mosaicos venecianos, al igual que m\u00e1s de 10 palapas, y se reforzaron espacios recreativos; en el restaurante, se ejecut\u00f3 pintura, impermeabilizaci\u00f3n, renovaci\u00f3n de l\u00e1mparas, mantenimiento a equipos de cocina y dotaci\u00f3n de neveras, mientras que el Centro de Convenciones recibi\u00f3 pintura general, impermeabilizaci\u00f3n y mantenimiento de aires.<\/p>\n<p>EL Hotel Costa Club ofrece diferentes tipos de habitaciones, como la doble, con capacidad m\u00e1xima para 4 personas y precio de 865 pesos; doble superior, para igual n\u00famero de hu\u00e9spedes, a 965; la junior, para 6, por 1,085, y la suite, que alberga m\u00e1ximo a 8 personas, a 1,395. Estos precios son por noche y ya incluyen el 50% de descuento a derechohabientes, mientras que el p\u00fablico en general paga tarifa completa.<\/p>\n<p>Respecto a los pasad\u00edas, se inform\u00f3 que hasta el 30 de julio, s\u00f3lo estar\u00e1n disponibles los s\u00e1bados y domingos, con un costo de 200 por adulto y 150 por infante de 6 a 11 a\u00f1os de edad, que incluye el acceso a las instalaciones; a partir del lunes 31 de julio, se podr\u00e1 acceder a esta opci\u00f3n de lunes a domingos.<\/p>\n<p>Para la temporada, hasta el 15 de agosto ya est\u00e1n agotadas las reservaciones, pero, desde el pasado viernes 14, se abri\u00f3 agenda para apartar entre el 16 de agosto y lo que queda del 2023.<\/p>\n<p>Quienes deseen hacerlo pueden enviar un correo a reservacionesisstey@gmail.com, con copias adjuntas de su \u00faltimo tal\u00f3n de n\u00f3mina y credencial de afiliaci\u00f3n; comunicarse, de lunes a s\u00e1bados desde las 8:00 de la ma\u00f1ana hasta las 6:00 de la tarde, al tel\u00e9fono 969 934 31 10, o bien, acudir a la recepci\u00f3n del Hotel, situado en Yucalpet\u00e9n.<\/p>\n","protected":false},"excerpt":{"rendered":"<p>Progreso, Yucat\u00e1n, 19\u00a0de julio de 2023.- Como ofreci\u00f3 el Gobernador Mauricio Vila Dosal en enero pasado, el Hotel Costa Club del Instituto de Seguridad Social de los Trabajadores del Estado (Isstey), en el puerto de Yucalpet\u00e9n, abri\u00f3 de nuevo sus puertas al iniciar las vacaciones de verano, por lo que familias yucatecas comenzaron a disfrutar [&hellip;]<\/p>\n","protected":false},"author":3,"featured_media":99167,"comment_status":"closed","ping_status":"closed","sticky":false,"template":"","format":"standard","meta":{"footnotes":""},"categories":[3],"tags":[],"class_list":{"0":"post-99166","1":"post","2":"type-post","3":"status-publish","4":"format-standard","5":"has-post-thumbnail","7":"category-yucatan"},"yoast_head":"<!-- This site is optimized with the Yoast SEO plugin v27.4 - https:\/\/yoast.com\/product\/yoast-seo-wordpress\/ -->\n<title>Hotel Costa Club abre de nuevo sus puertas - Yucat\u00e1n en corto<\/title>\n<meta name=\"robots\" content=\"index, follow, max-snippet:-1, max-image-preview:large, max-video-preview:-1\" \/>\n<link rel=\"canonical\" href=\"https:\/\/www.yucatanencorto.com\/noticias\/hotel-costa-club-abre-de-nuevo-sus-puertas\/\" \/>\n<meta property=\"og:locale\" content=\"es_ES\" \/>\n<meta property=\"og:type\" content=\"article\" \/>\n<meta property=\"og:title\" content=\"Hotel Costa Club abre de nuevo sus puertas - Yucat\u00e1n en corto\" \/>\n<meta property=\"og:description\" content=\"Progreso, Yucat\u00e1n, 19\u00a0de julio de 2023.- Como ofreci\u00f3 el Gobernador Mauricio Vila Dosal en enero pasado, el Hotel Costa Club del Instituto de Seguridad Social de los Trabajadores del Estado (Isstey), en el puerto de Yucalpet\u00e9n, abri\u00f3 de nuevo sus puertas al iniciar las vacaciones de verano, por lo que familias yucatecas comenzaron a disfrutar [&hellip;]\" \/>\n<meta property=\"og:url\" content=\"https:\/\/www.yucatanencorto.com\/noticias\/hotel-costa-club-abre-de-nuevo-sus-puertas\/\" \/>\n<meta property=\"og:site_name\" content=\"Yucat\u00e1n en corto\" \/>\n<meta property=\"article:publisher\" content=\"http:\/\/www.facebook.com\/yucatanencorto\" \/>\n<meta property=\"article:published_time\" content=\"2023-07-19T16:24:46+00:00\" \/>\n<meta property=\"og:image\" content=\"https:\/\/www.yucatanencorto.com\/noticias\/wp-content\/uploads\/2023\/07\/d89c8aa3-bf15-4fd5-bd7d-cca8c2b3afb0-scaled.jpeg\" \/>\n\t<meta property=\"og:image:width\" content=\"768\" \/>\n\t<meta property=\"og:image:height\" content=\"614\" \/>\n\t<meta property=\"og:image:type\" content=\"image\/jpeg\" \/>\n<meta name=\"author\" content=\"Redes\" \/>\n<meta name=\"twitter:card\" content=\"summary_large_image\" \/>\n<meta name=\"twitter:creator\" content=\"@yucatanencorto\" \/>\n<meta name=\"twitter:site\" content=\"@yucatanencorto\" \/>\n<meta name=\"twitter:label1\" content=\"Escrito por\" \/>\n\t<meta name=\"twitter:data1\" content=\"Redes\" \/>\n\t<meta name=\"twitter:label2\" content=\"Tiempo de lectura\" \/>\n\t<meta name=\"twitter:data2\" content=\"4 minutos\" \/>\n<script type=\"application\/ld+json\" class=\"yoast-schema-graph\">{\"@context\":\"https:\\\/\\\/schema.org\",\"@graph\":[{\"@type\":\"Article\",\"@id\":\"https:\\\/\\\/www.yucatanencorto.com\\\/noticias\\\/hotel-costa-club-abre-de-nuevo-sus-puertas\\\/#article\",\"isPartOf\":{\"@id\":\"https:\\\/\\\/www.yucatanencorto.com\\\/noticias\\\/hotel-costa-club-abre-de-nuevo-sus-puertas\\\/\"},\"author\":{\"name\":\"Redes\",\"@id\":\"https:\\\/\\\/www.yucatanencorto.com\\\/noticias\\\/#\\\/schema\\\/person\\\/e2fbdfaf30a07014a43940ce989f3119\"},\"headline\":\"Hotel Costa Club abre de nuevo sus puertas\",\"datePublished\":\"2023-07-19T16:24:46+00:00\",\"mainEntityOfPage\":{\"@id\":\"https:\\\/\\\/www.yucatanencorto.com\\\/noticias\\\/hotel-costa-club-abre-de-nuevo-sus-puertas\\\/\"},\"wordCount\":667,\"image\":{\"@id\":\"https:\\\/\\\/www.yucatanencorto.com\\\/noticias\\\/hotel-costa-club-abre-de-nuevo-sus-puertas\\\/#primaryimage\"},\"thumbnailUrl\":\"https:\\\/\\\/www.yucatanencorto.com\\\/noticias\\\/wp-content\\\/uploads\\\/2023\\\/07\\\/d89c8aa3-bf15-4fd5-bd7d-cca8c2b3afb0-scaled.jpeg\",\"articleSection\":[\"Yucat\u00e1n\"],\"inLanguage\":\"es\"},{\"@type\":\"WebPage\",\"@id\":\"https:\\\/\\\/www.yucatanencorto.com\\\/noticias\\\/hotel-costa-club-abre-de-nuevo-sus-puertas\\\/\",\"url\":\"https:\\\/\\\/www.yucatanencorto.com\\\/noticias\\\/hotel-costa-club-abre-de-nuevo-sus-puertas\\\/\",\"name\":\"Hotel Costa Club abre de nuevo sus puertas - Yucat\u00e1n en corto\",\"isPartOf\":{\"@id\":\"https:\\\/\\\/www.yucatanencorto.com\\\/noticias\\\/#website\"},\"primaryImageOfPage\":{\"@id\":\"https:\\\/\\\/www.yucatanencorto.com\\\/noticias\\\/hotel-costa-club-abre-de-nuevo-sus-puertas\\\/#primaryimage\"},\"image\":{\"@id\":\"https:\\\/\\\/www.yucatanencorto.com\\\/noticias\\\/hotel-costa-club-abre-de-nuevo-sus-puertas\\\/#primaryimage\"},\"thumbnailUrl\":\"https:\\\/\\\/www.yucatanencorto.com\\\/noticias\\\/wp-content\\\/uploads\\\/2023\\\/07\\\/d89c8aa3-bf15-4fd5-bd7d-cca8c2b3afb0-scaled.jpeg\",\"datePublished\":\"2023-07-19T16:24:46+00:00\",\"author\":{\"@id\":\"https:\\\/\\\/www.yucatanencorto.com\\\/noticias\\\/#\\\/schema\\\/person\\\/e2fbdfaf30a07014a43940ce989f3119\"},\"breadcrumb\":{\"@id\":\"https:\\\/\\\/www.yucatanencorto.com\\\/noticias\\\/hotel-costa-club-abre-de-nuevo-sus-puertas\\\/#breadcrumb\"},\"inLanguage\":\"es\",\"potentialAction\":[{\"@type\":\"ReadAction\",\"target\":[\"https:\\\/\\\/www.yucatanencorto.com\\\/noticias\\\/hotel-costa-club-abre-de-nuevo-sus-puertas\\\/\"]}]},{\"@type\":\"ImageObject\",\"inLanguage\":\"es\",\"@id\":\"https:\\\/\\\/www.yucatanencorto.com\\\/noticias\\\/hotel-costa-club-abre-de-nuevo-sus-puertas\\\/#primaryimage\",\"url\":\"https:\\\/\\\/www.yucatanencorto.com\\\/noticias\\\/wp-content\\\/uploads\\\/2023\\\/07\\\/d89c8aa3-bf15-4fd5-bd7d-cca8c2b3afb0-scaled.jpeg\",\"contentUrl\":\"https:\\\/\\\/www.yucatanencorto.com\\\/noticias\\\/wp-content\\\/uploads\\\/2023\\\/07\\\/d89c8aa3-bf15-4fd5-bd7d-cca8c2b3afb0-scaled.jpeg\",\"width\":768,\"height\":614},{\"@type\":\"BreadcrumbList\",\"@id\":\"https:\\\/\\\/www.yucatanencorto.com\\\/noticias\\\/hotel-costa-club-abre-de-nuevo-sus-puertas\\\/#breadcrumb\",\"itemListElement\":[{\"@type\":\"ListItem\",\"position\":1,\"name\":\"Portada\",\"item\":\"https:\\\/\\\/www.yucatanencorto.com\\\/noticias\\\/\"},{\"@type\":\"ListItem\",\"position\":2,\"name\":\"Hotel Costa Club abre de nuevo sus puertas\"}]},{\"@type\":\"WebSite\",\"@id\":\"https:\\\/\\\/www.yucatanencorto.com\\\/noticias\\\/#website\",\"url\":\"https:\\\/\\\/www.yucatanencorto.com\\\/noticias\\\/\",\"name\":\"Yucat\u00e1n en corto\",\"description\":\"Noticias\",\"potentialAction\":[{\"@type\":\"SearchAction\",\"target\":{\"@type\":\"EntryPoint\",\"urlTemplate\":\"https:\\\/\\\/www.yucatanencorto.com\\\/noticias\\\/?s={search_term_string}\"},\"query-input\":{\"@type\":\"PropertyValueSpecification\",\"valueRequired\":true,\"valueName\":\"search_term_string\"}}],\"inLanguage\":\"es\"},{\"@type\":\"Person\",\"@id\":\"https:\\\/\\\/www.yucatanencorto.com\\\/noticias\\\/#\\\/schema\\\/person\\\/e2fbdfaf30a07014a43940ce989f3119\",\"name\":\"Redes\",\"image\":{\"@type\":\"ImageObject\",\"inLanguage\":\"es\",\"@id\":\"https:\\\/\\\/secure.gravatar.com\\\/avatar\\\/5931a2d21dd7cc834f44c8c34fe56d90ed6d536ef452cbf870c7485b524dddd7?s=96&d=mm&r=g\",\"url\":\"https:\\\/\\\/secure.gravatar.com\\\/avatar\\\/5931a2d21dd7cc834f44c8c34fe56d90ed6d536ef452cbf870c7485b524dddd7?s=96&d=mm&r=g\",\"contentUrl\":\"https:\\\/\\\/secure.gravatar.com\\\/avatar\\\/5931a2d21dd7cc834f44c8c34fe56d90ed6d536ef452cbf870c7485b524dddd7?s=96&d=mm&r=g\",\"caption\":\"Redes\"},\"url\":\"https:\\\/\\\/www.yucatanencorto.com\\\/noticias\\\/author\\\/redes\\\/\"}]}<\/script>\n<!-- \/ Yoast SEO plugin. -->","yoast_head_json":{"title":"Hotel Costa Club abre de nuevo sus puertas - Yucat\u00e1n en corto","robots":{"index":"index","follow":"follow","max-snippet":"max-snippet:-1","max-image-preview":"max-image-preview:large","max-video-preview":"max-video-preview:-1"},"canonical":"https:\/\/www.yucatanencorto.com\/noticias\/hotel-costa-club-abre-de-nuevo-sus-puertas\/","og_locale":"es_ES","og_type":"article","og_title":"Hotel Costa Club abre de nuevo sus puertas - Yucat\u00e1n en corto","og_description":"Progreso, Yucat\u00e1n, 19\u00a0de julio de 2023.- Como ofreci\u00f3 el Gobernador Mauricio Vila Dosal en enero pasado, el Hotel Costa Club del Instituto de Seguridad Social de los Trabajadores del Estado (Isstey), en el puerto de Yucalpet\u00e9n, abri\u00f3 de nuevo sus puertas al iniciar las vacaciones de verano, por lo que familias yucatecas comenzaron a disfrutar [&hellip;]","og_url":"https:\/\/www.yucatanencorto.com\/noticias\/hotel-costa-club-abre-de-nuevo-sus-puertas\/","og_site_name":"Yucat\u00e1n en corto","article_publisher":"http:\/\/www.facebook.com\/yucatanencorto","article_published_time":"2023-07-19T16:24:46+00:00","og_image":[{"width":768,"height":614,"url":"https:\/\/www.yucatanencorto.com\/noticias\/wp-content\/uploads\/2023\/07\/d89c8aa3-bf15-4fd5-bd7d-cca8c2b3afb0-scaled.jpeg","type":"image\/jpeg"}],"author":"Redes","twitter_card":"summary_large_image","twitter_creator":"@yucatanencorto","twitter_site":"@yucatanencorto","twitter_misc":{"Escrito por":"Redes","Tiempo de lectura":"4 minutos"},"schema":{"@context":"https:\/\/schema.org","@graph":[{"@type":"Article","@id":"https:\/\/www.yucatanencorto.com\/noticias\/hotel-costa-club-abre-de-nuevo-sus-puertas\/#article","isPartOf":{"@id":"https:\/\/www.yucatanencorto.com\/noticias\/hotel-costa-club-abre-de-nuevo-sus-puertas\/"},"author":{"name":"Redes","@id":"https:\/\/www.yucatanencorto.com\/noticias\/#\/schema\/person\/e2fbdfaf30a07014a43940ce989f3119"},"headline":"Hotel Costa Club abre de nuevo sus puertas","datePublished":"2023-07-19T16:24:46+00:00","mainEntityOfPage":{"@id":"https:\/\/www.yucatanencorto.com\/noticias\/hotel-costa-club-abre-de-nuevo-sus-puertas\/"},"wordCount":667,"image":{"@id":"https:\/\/www.yucatanencorto.com\/noticias\/hotel-costa-club-abre-de-nuevo-sus-puertas\/#primaryimage"},"thumbnailUrl":"https:\/\/www.yucatanencorto.com\/noticias\/wp-content\/uploads\/2023\/07\/d89c8aa3-bf15-4fd5-bd7d-cca8c2b3afb0-scaled.jpeg","articleSection":["Yucat\u00e1n"],"inLanguage":"es"},{"@type":"WebPage","@id":"https:\/\/www.yucatanencorto.com\/noticias\/hotel-costa-club-abre-de-nuevo-sus-puertas\/","url":"https:\/\/www.yucatanencorto.com\/noticias\/hotel-costa-club-abre-de-nuevo-sus-puertas\/","name":"Hotel Costa Club abre de nuevo sus puertas - Yucat\u00e1n en corto","isPartOf":{"@id":"https:\/\/www.yucatanencorto.com\/noticias\/#website"},"primaryImageOfPage":{"@id":"https:\/\/www.yucatanencorto.com\/noticias\/hotel-costa-club-abre-de-nuevo-sus-puertas\/#primaryimage"},"image":{"@id":"https:\/\/www.yucatanencorto.com\/noticias\/hotel-costa-club-abre-de-nuevo-sus-puertas\/#primaryimage"},"thumbnailUrl":"https:\/\/www.yucatanencorto.com\/noticias\/wp-content\/uploads\/2023\/07\/d89c8aa3-bf15-4fd5-bd7d-cca8c2b3afb0-scaled.jpeg","datePublished":"2023-07-19T16:24:46+00:00","author":{"@id":"https:\/\/www.yucatanencorto.com\/noticias\/#\/schema\/person\/e2fbdfaf30a07014a43940ce989f3119"},"breadcrumb":{"@id":"https:\/\/www.yucatanencorto.com\/noticias\/hotel-costa-club-abre-de-nuevo-sus-puertas\/#breadcrumb"},"inLanguage":"es","potentialAction":[{"@type":"ReadAction","target":["https:\/\/www.yucatanencorto.com\/noticias\/hotel-costa-club-abre-de-nuevo-sus-puertas\/"]}]},{"@type":"ImageObject","inLanguage":"es","@id":"https:\/\/www.yucatanencorto.com\/noticias\/hotel-costa-club-abre-de-nuevo-sus-puertas\/#primaryimage","url":"https:\/\/www.yucatanencorto.com\/noticias\/wp-content\/uploads\/2023\/07\/d89c8aa3-bf15-4fd5-bd7d-cca8c2b3afb0-scaled.jpeg","contentUrl":"https:\/\/www.yucatanencorto.com\/noticias\/wp-content\/uploads\/2023\/07\/d89c8aa3-bf15-4fd5-bd7d-cca8c2b3afb0-scaled.jpeg","width":768,"height":614},{"@type":"BreadcrumbList","@id":"https:\/\/www.yucatanencorto.com\/noticias\/hotel-costa-club-abre-de-nuevo-sus-puertas\/#breadcrumb","itemListElement":[{"@type":"ListItem","position":1,"name":"Portada","item":"https:\/\/www.yucatanencorto.com\/noticias\/"},{"@type":"ListItem","position":2,"name":"Hotel Costa Club abre de nuevo sus puertas"}]},{"@type":"WebSite","@id":"https:\/\/www.yucatanencorto.com\/noticias\/#website","url":"https:\/\/www.yucatanencorto.com\/noticias\/","name":"Yucat\u00e1n en corto","description":"Noticias","potentialAction":[{"@type":"SearchAction","target":{"@type":"EntryPoint","urlTemplate":"https:\/\/www.yucatanencorto.com\/noticias\/?s={search_term_string}"},"query-input":{"@type":"PropertyValueSpecification","valueRequired":true,"valueName":"search_term_string"}}],"inLanguage":"es"},{"@type":"Person","@id":"https:\/\/www.yucatanencorto.com\/noticias\/#\/schema\/person\/e2fbdfaf30a07014a43940ce989f3119","name":"Redes","image":{"@type":"ImageObject","inLanguage":"es","@id":"https:\/\/secure.gravatar.com\/avatar\/5931a2d21dd7cc834f44c8c34fe56d90ed6d536ef452cbf870c7485b524dddd7?s=96&d=mm&r=g","url":"https:\/\/secure.gravatar.com\/avatar\/5931a2d21dd7cc834f44c8c34fe56d90ed6d536ef452cbf870c7485b524dddd7?s=96&d=mm&r=g","contentUrl":"https:\/\/secure.gravatar.com\/avatar\/5931a2d21dd7cc834f44c8c34fe56d90ed6d536ef452cbf870c7485b524dddd7?s=96&d=mm&r=g","caption":"Redes"},"url":"https:\/\/www.yucatanencorto.com\/noticias\/author\/redes\/"}]}},"_links":{"self":[{"href":"https:\/\/www.yucatanencorto.com\/noticias\/wp-json\/wp\/v2\/posts\/99166","targetHints":{"allow":["GET"]}}],"collection":[{"href":"https:\/\/www.yucatanencorto.com\/noticias\/wp-json\/wp\/v2\/posts"}],"about":[{"href":"https:\/\/www.yucatanencorto.com\/noticias\/wp-json\/wp\/v2\/types\/post"}],"author":[{"embeddable":true,"href":"https:\/\/www.yucatanencorto.com\/noticias\/wp-json\/wp\/v2\/users\/3"}],"replies":[{"embeddable":true,"href":"https:\/\/www.yucatanencorto.com\/noticias\/wp-json\/wp\/v2\/comments?post=99166"}],"version-history":[{"count":0,"href":"https:\/\/www.yucatanencorto.com\/noticias\/wp-json\/wp\/v2\/posts\/99166\/revisions"}],"wp:featuredmedia":[{"embeddable":true,"href":"https:\/\/www.yucatanencorto.com\/noticias\/wp-json\/wp\/v2\/media\/99167"}],"wp:attachment":[{"href":"https:\/\/www.yucatanencorto.com\/noticias\/wp-json\/wp\/v2\/media?parent=99166"}],"wp:term":[{"taxonomy":"category","embeddable":true,"href":"https:\/\/www.yucatanencorto.com\/noticias\/wp-json\/wp\/v2\/categories?post=99166"},{"taxonomy":"post_tag","embeddable":true,"href":"https:\/\/www.yucatanencorto.com\/noticias\/wp-json\/wp\/v2\/tags?post=99166"}],"curies":[{"name":"wp","href":"https:\/\/api.w.org\/{rel}","templated":true}]}}