{"id":99172,"date":"2023-07-19T13:37:33","date_gmt":"2023-07-19T19:37:33","guid":{"rendered":"https:\/\/www.yucatanencorto.com\/noticias\/?p=99172"},"modified":"2023-07-19T13:37:33","modified_gmt":"2023-07-19T19:37:33","slug":"zapopan-queda-maravillado-por-los-colores-y-sabores-de-yucatan","status":"publish","type":"post","link":"https:\/\/www.yucatanencorto.com\/noticias\/zapopan-queda-maravillado-por-los-colores-y-sabores-de-yucatan\/","title":{"rendered":"Zapopan queda maravillado por los colores y sabores de Yucat\u00e1n"},"content":{"rendered":"<p><img loading=\"lazy\" decoding=\"async\" class=\"alignnone size-full wp-image-99173\" src=\"https:\/\/www.yucatanencorto.com\/noticias\/wp-content\/uploads\/2023\/07\/WhatsApp-Image-2023-07-19-at-13.06.36-scaled.jpeg\" alt=\"\" width=\"768\" height=\"512\" srcset=\"https:\/\/www.yucatanencorto.com\/noticias\/wp-content\/uploads\/2023\/07\/WhatsApp-Image-2023-07-19-at-13.06.36-scaled.jpeg 768w, https:\/\/www.yucatanencorto.com\/noticias\/wp-content\/uploads\/2023\/07\/WhatsApp-Image-2023-07-19-at-13.06.36-1536x1023.jpeg 1536w, https:\/\/www.yucatanencorto.com\/noticias\/wp-content\/uploads\/2023\/07\/WhatsApp-Image-2023-07-19-at-13.06.36-696x464.jpeg 696w, https:\/\/www.yucatanencorto.com\/noticias\/wp-content\/uploads\/2023\/07\/WhatsApp-Image-2023-07-19-at-13.06.36-1068x712.jpeg 1068w, https:\/\/www.yucatanencorto.com\/noticias\/wp-content\/uploads\/2023\/07\/WhatsApp-Image-2023-07-19-at-13.06.36-630x420.jpeg 630w\" sizes=\"auto, (max-width: 768px) 100vw, 768px\" \/><\/p>\n<p style=\"font-weight: 400;\">M\u00e9rida, Yucat\u00e1n, a 19 de julio de 2023.- Con la asistencia de 61 mil 162 personas, as\u00ed como ventas por casi 6 millones de pesos, lleg\u00f3 a su final \u201cYucat\u00e1n Expone\u201d en Zapopan, Jalisco, donde la gastronom\u00eda, los productos y atractivos yucatecos dejaron huella en los corazones y paladares de los jaliscienses.<\/p>\n<p style=\"font-weight: 400;\">Esta edici\u00f3n, realizada del 13 al 16 de julio en la Plaza de las Am\u00e9ricas, ubicada en el Centro Hist\u00f3rico de dicho municipio, la muestra cont\u00f3 con la participaci\u00f3n de 88 expositores distribuidos en 54 stands, donde las micro, peque\u00f1as y medianas empresas de los municipios de Conkal, Izamal, Kanas\u00edn, M\u00e9rida, Motul, Muna, Tekax, Tekit, Ticul, Tixkokob y Xocchel, quienes ofrecieron una amplia variedad de productos como dulces t\u00edpicos, miel y derivados, marquesitas, artesan\u00edas, filigrana, bolsas, calzado, salsas, sombreros, entre otros.<\/p>\n<p style=\"font-weight: 400;\">En cuanto a ventas, los productos m\u00e1s exitosos fueron las guayaberas con un registro de 974 mil 740 pesos, seguido por productos textiles con 501 mil 350 pesos y las marquesitas con 449 mil 75 pesos.<\/p>\n<p style=\"font-weight: 400;\">Mientras que los preferidos del p\u00fablico por unidades desplazadas, fueron los dulces t\u00edpicos, la miel y sus derivados y las marquesitas, ya que los primeros vendieron un total de 21 mil 500 piezas, los segundos 7 mil 606 elementos y las terceras, 4 mil 775.<\/p>\n<p style=\"font-weight: 400;\">En la secci\u00f3n de restaurantes, se vendieron 1.4 toneladas de cochinita y 650 kilos de lech\u00f3n. Adem\u00e1s de mil 900 panuchos, mil 150 salbutes, mil 130 empanadas y 200 litros de sopa de lima.<\/p>\n<p style=\"font-weight: 400;\">Para amenizar la muestra artesanal, gastron\u00f3mica y cultural estuvo el grupo musical Yahal Kab junto con las participaciones del Ballet Folkl\u00f3rico del Estado \u201cAlfredo Cort\u00e9s Aguilar\u201d, ambos conjuntos caracter\u00edsticos de Yucat\u00e1n y que fueron bien recibidos por el p\u00fablico zapopano.<\/p>\n<p style=\"font-weight: 400;\">Lourdes Hern\u00e1ndez Ch\u00e1vez, originaria de Guadalajara, pero que actualmente reside en Zapopan, calific\u00f3 el evento organizado por la Secretar\u00eda de Fomento Econ\u00f3mico y Trabajo (Sefoet) de Yucat\u00e1n, en conjunto con el Ayuntamiento de Zapopan, como maravilloso, pues les da la oportunidad de conocer un poco m\u00e1s de nuestra entidad.<\/p>\n<p style=\"font-weight: 400;\">\u201cMe gusta mucho la artesan\u00eda. Todos los puestos que est\u00e1n aqu\u00ed son de verdadera artesan\u00eda de Yucat\u00e1n. Estoy encantada de estar aqu\u00ed\u201d, se\u00f1al\u00f3.<\/p>\n<p style=\"font-weight: 400;\">Otros aspectos que destac\u00f3 la visitante fue la m\u00fasica de Yucat\u00e1n, y declar\u00f3 que los grupos de danza son excepcionales. \u201cAgradezco que nos acerquen este tipo de eventos, ya que el sureste de M\u00e9xico es precioso por su cultura y su tradici\u00f3n\u201d, puntualiz\u00f3.<\/p>\n<p style=\"font-weight: 400;\">\u201cYucat\u00e1n Expone\u201d tambi\u00e9n permiti\u00f3 establecer lazos comerciales mediante recorridos guiados por los stands que coordin\u00f3 la Sefoet para vincular a compradores y expositores.<\/p>\n<p style=\"font-weight: 400;\">En esta ocasi\u00f3n fueron nueve las empresas compradoras de la ciudad jalisciense de los ramos de alimentos y bebidas, artesan\u00edas y tiendas gourmet, siendo \u00e9stas los restaurantes El Comal y su Sabor, Don Kantrejo, El Rinconcito Yucateco, Los Boxitos; las tiendas Artesan\u00edas Mexicanas, M\u00e9xico Enamorado, F\u00e9lix Romero Artesan\u00edas Zapopan, Alejandra Rodr\u00edguez Distribuidora de Calzado Artesanal y la tienda de productos gourmet Semilla Dorada.<\/p>\n<p style=\"font-weight: 400;\">Se realizaron visitas guiadas por todos los stands de \u201cYucat\u00e1n Expone\u201d haci\u00e9ndose las presentaciones a detalle de los productos yucatecos de inter\u00e9s de cada comprador, as\u00ed como el intercambio de datos de contacto para concretar pr\u00f3xima vinculaci\u00f3n comercial.<\/p>\n","protected":false},"excerpt":{"rendered":"<p>M\u00e9rida, Yucat\u00e1n, a 19 de julio de 2023.- Con la asistencia de 61 mil 162 personas, as\u00ed como ventas por casi 6 millones de pesos, lleg\u00f3 a su final \u201cYucat\u00e1n Expone\u201d en Zapopan, Jalisco, donde la gastronom\u00eda, los productos y atractivos yucatecos dejaron huella en los corazones y paladares de los jaliscienses. Esta edici\u00f3n, realizada [&hellip;]<\/p>\n","protected":false},"author":3,"featured_media":99173,"comment_status":"closed","ping_status":"closed","sticky":false,"template":"","format":"standard","meta":{"footnotes":""},"categories":[3],"tags":[],"class_list":{"0":"post-99172","1":"post","2":"type-post","3":"status-publish","4":"format-standard","5":"has-post-thumbnail","7":"category-yucatan"},"yoast_head":"<!-- This site is optimized with the Yoast SEO plugin v27.4 - https:\/\/yoast.com\/product\/yoast-seo-wordpress\/ -->\n<title>Zapopan queda maravillado por los colores y sabores de Yucat\u00e1n - Yucat\u00e1n en corto<\/title>\n<meta name=\"robots\" content=\"index, follow, max-snippet:-1, max-image-preview:large, max-video-preview:-1\" \/>\n<link rel=\"canonical\" href=\"https:\/\/www.yucatanencorto.com\/noticias\/zapopan-queda-maravillado-por-los-colores-y-sabores-de-yucatan\/\" \/>\n<meta property=\"og:locale\" content=\"es_ES\" \/>\n<meta property=\"og:type\" content=\"article\" \/>\n<meta property=\"og:title\" content=\"Zapopan queda maravillado por los colores y sabores de Yucat\u00e1n - Yucat\u00e1n en corto\" \/>\n<meta property=\"og:description\" content=\"M\u00e9rida, Yucat\u00e1n, a 19 de julio de 2023.- Con la asistencia de 61 mil 162 personas, as\u00ed como ventas por casi 6 millones de pesos, lleg\u00f3 a su final \u201cYucat\u00e1n Expone\u201d en Zapopan, Jalisco, donde la gastronom\u00eda, los productos y atractivos yucatecos dejaron huella en los corazones y paladares de los jaliscienses. Esta edici\u00f3n, realizada [&hellip;]\" \/>\n<meta property=\"og:url\" content=\"https:\/\/www.yucatanencorto.com\/noticias\/zapopan-queda-maravillado-por-los-colores-y-sabores-de-yucatan\/\" \/>\n<meta property=\"og:site_name\" content=\"Yucat\u00e1n en corto\" \/>\n<meta property=\"article:publisher\" content=\"http:\/\/www.facebook.com\/yucatanencorto\" \/>\n<meta property=\"article:published_time\" content=\"2023-07-19T19:37:33+00:00\" \/>\n<meta property=\"og:image\" content=\"https:\/\/www.yucatanencorto.com\/noticias\/wp-content\/uploads\/2023\/07\/WhatsApp-Image-2023-07-19-at-13.06.36-scaled.jpeg\" \/>\n\t<meta property=\"og:image:width\" content=\"768\" \/>\n\t<meta property=\"og:image:height\" content=\"512\" \/>\n\t<meta property=\"og:image:type\" content=\"image\/jpeg\" \/>\n<meta name=\"author\" content=\"Redes\" \/>\n<meta name=\"twitter:card\" content=\"summary_large_image\" \/>\n<meta name=\"twitter:creator\" content=\"@yucatanencorto\" \/>\n<meta name=\"twitter:site\" content=\"@yucatanencorto\" \/>\n<meta name=\"twitter:label1\" content=\"Escrito por\" \/>\n\t<meta name=\"twitter:data1\" content=\"Redes\" \/>\n\t<meta name=\"twitter:label2\" content=\"Tiempo de lectura\" \/>\n\t<meta name=\"twitter:data2\" content=\"3 minutos\" \/>\n<script type=\"application\/ld+json\" class=\"yoast-schema-graph\">{\"@context\":\"https:\\\/\\\/schema.org\",\"@graph\":[{\"@type\":\"Article\",\"@id\":\"https:\\\/\\\/www.yucatanencorto.com\\\/noticias\\\/zapopan-queda-maravillado-por-los-colores-y-sabores-de-yucatan\\\/#article\",\"isPartOf\":{\"@id\":\"https:\\\/\\\/www.yucatanencorto.com\\\/noticias\\\/zapopan-queda-maravillado-por-los-colores-y-sabores-de-yucatan\\\/\"},\"author\":{\"name\":\"Redes\",\"@id\":\"https:\\\/\\\/www.yucatanencorto.com\\\/noticias\\\/#\\\/schema\\\/person\\\/e2fbdfaf30a07014a43940ce989f3119\"},\"headline\":\"Zapopan queda maravillado por los colores y sabores de Yucat\u00e1n\",\"datePublished\":\"2023-07-19T19:37:33+00:00\",\"mainEntityOfPage\":{\"@id\":\"https:\\\/\\\/www.yucatanencorto.com\\\/noticias\\\/zapopan-queda-maravillado-por-los-colores-y-sabores-de-yucatan\\\/\"},\"wordCount\":566,\"image\":{\"@id\":\"https:\\\/\\\/www.yucatanencorto.com\\\/noticias\\\/zapopan-queda-maravillado-por-los-colores-y-sabores-de-yucatan\\\/#primaryimage\"},\"thumbnailUrl\":\"https:\\\/\\\/www.yucatanencorto.com\\\/noticias\\\/wp-content\\\/uploads\\\/2023\\\/07\\\/WhatsApp-Image-2023-07-19-at-13.06.36-scaled.jpeg\",\"articleSection\":[\"Yucat\u00e1n\"],\"inLanguage\":\"es\"},{\"@type\":\"WebPage\",\"@id\":\"https:\\\/\\\/www.yucatanencorto.com\\\/noticias\\\/zapopan-queda-maravillado-por-los-colores-y-sabores-de-yucatan\\\/\",\"url\":\"https:\\\/\\\/www.yucatanencorto.com\\\/noticias\\\/zapopan-queda-maravillado-por-los-colores-y-sabores-de-yucatan\\\/\",\"name\":\"Zapopan queda maravillado por los colores y sabores de Yucat\u00e1n - Yucat\u00e1n en corto\",\"isPartOf\":{\"@id\":\"https:\\\/\\\/www.yucatanencorto.com\\\/noticias\\\/#website\"},\"primaryImageOfPage\":{\"@id\":\"https:\\\/\\\/www.yucatanencorto.com\\\/noticias\\\/zapopan-queda-maravillado-por-los-colores-y-sabores-de-yucatan\\\/#primaryimage\"},\"image\":{\"@id\":\"https:\\\/\\\/www.yucatanencorto.com\\\/noticias\\\/zapopan-queda-maravillado-por-los-colores-y-sabores-de-yucatan\\\/#primaryimage\"},\"thumbnailUrl\":\"https:\\\/\\\/www.yucatanencorto.com\\\/noticias\\\/wp-content\\\/uploads\\\/2023\\\/07\\\/WhatsApp-Image-2023-07-19-at-13.06.36-scaled.jpeg\",\"datePublished\":\"2023-07-19T19:37:33+00:00\",\"author\":{\"@id\":\"https:\\\/\\\/www.yucatanencorto.com\\\/noticias\\\/#\\\/schema\\\/person\\\/e2fbdfaf30a07014a43940ce989f3119\"},\"breadcrumb\":{\"@id\":\"https:\\\/\\\/www.yucatanencorto.com\\\/noticias\\\/zapopan-queda-maravillado-por-los-colores-y-sabores-de-yucatan\\\/#breadcrumb\"},\"inLanguage\":\"es\",\"potentialAction\":[{\"@type\":\"ReadAction\",\"target\":[\"https:\\\/\\\/www.yucatanencorto.com\\\/noticias\\\/zapopan-queda-maravillado-por-los-colores-y-sabores-de-yucatan\\\/\"]}]},{\"@type\":\"ImageObject\",\"inLanguage\":\"es\",\"@id\":\"https:\\\/\\\/www.yucatanencorto.com\\\/noticias\\\/zapopan-queda-maravillado-por-los-colores-y-sabores-de-yucatan\\\/#primaryimage\",\"url\":\"https:\\\/\\\/www.yucatanencorto.com\\\/noticias\\\/wp-content\\\/uploads\\\/2023\\\/07\\\/WhatsApp-Image-2023-07-19-at-13.06.36-scaled.jpeg\",\"contentUrl\":\"https:\\\/\\\/www.yucatanencorto.com\\\/noticias\\\/wp-content\\\/uploads\\\/2023\\\/07\\\/WhatsApp-Image-2023-07-19-at-13.06.36-scaled.jpeg\",\"width\":768,\"height\":512},{\"@type\":\"BreadcrumbList\",\"@id\":\"https:\\\/\\\/www.yucatanencorto.com\\\/noticias\\\/zapopan-queda-maravillado-por-los-colores-y-sabores-de-yucatan\\\/#breadcrumb\",\"itemListElement\":[{\"@type\":\"ListItem\",\"position\":1,\"name\":\"Portada\",\"item\":\"https:\\\/\\\/www.yucatanencorto.com\\\/noticias\\\/\"},{\"@type\":\"ListItem\",\"position\":2,\"name\":\"Zapopan queda maravillado por los colores y sabores de Yucat\u00e1n\"}]},{\"@type\":\"WebSite\",\"@id\":\"https:\\\/\\\/www.yucatanencorto.com\\\/noticias\\\/#website\",\"url\":\"https:\\\/\\\/www.yucatanencorto.com\\\/noticias\\\/\",\"name\":\"Yucat\u00e1n en corto\",\"description\":\"Noticias\",\"potentialAction\":[{\"@type\":\"SearchAction\",\"target\":{\"@type\":\"EntryPoint\",\"urlTemplate\":\"https:\\\/\\\/www.yucatanencorto.com\\\/noticias\\\/?s={search_term_string}\"},\"query-input\":{\"@type\":\"PropertyValueSpecification\",\"valueRequired\":true,\"valueName\":\"search_term_string\"}}],\"inLanguage\":\"es\"},{\"@type\":\"Person\",\"@id\":\"https:\\\/\\\/www.yucatanencorto.com\\\/noticias\\\/#\\\/schema\\\/person\\\/e2fbdfaf30a07014a43940ce989f3119\",\"name\":\"Redes\",\"image\":{\"@type\":\"ImageObject\",\"inLanguage\":\"es\",\"@id\":\"https:\\\/\\\/secure.gravatar.com\\\/avatar\\\/5931a2d21dd7cc834f44c8c34fe56d90ed6d536ef452cbf870c7485b524dddd7?s=96&d=mm&r=g\",\"url\":\"https:\\\/\\\/secure.gravatar.com\\\/avatar\\\/5931a2d21dd7cc834f44c8c34fe56d90ed6d536ef452cbf870c7485b524dddd7?s=96&d=mm&r=g\",\"contentUrl\":\"https:\\\/\\\/secure.gravatar.com\\\/avatar\\\/5931a2d21dd7cc834f44c8c34fe56d90ed6d536ef452cbf870c7485b524dddd7?s=96&d=mm&r=g\",\"caption\":\"Redes\"},\"url\":\"https:\\\/\\\/www.yucatanencorto.com\\\/noticias\\\/author\\\/redes\\\/\"}]}<\/script>\n<!-- \/ Yoast SEO plugin. -->","yoast_head_json":{"title":"Zapopan queda maravillado por los colores y sabores de Yucat\u00e1n - Yucat\u00e1n en corto","robots":{"index":"index","follow":"follow","max-snippet":"max-snippet:-1","max-image-preview":"max-image-preview:large","max-video-preview":"max-video-preview:-1"},"canonical":"https:\/\/www.yucatanencorto.com\/noticias\/zapopan-queda-maravillado-por-los-colores-y-sabores-de-yucatan\/","og_locale":"es_ES","og_type":"article","og_title":"Zapopan queda maravillado por los colores y sabores de Yucat\u00e1n - Yucat\u00e1n en corto","og_description":"M\u00e9rida, Yucat\u00e1n, a 19 de julio de 2023.- Con la asistencia de 61 mil 162 personas, as\u00ed como ventas por casi 6 millones de pesos, lleg\u00f3 a su final \u201cYucat\u00e1n Expone\u201d en Zapopan, Jalisco, donde la gastronom\u00eda, los productos y atractivos yucatecos dejaron huella en los corazones y paladares de los jaliscienses. Esta edici\u00f3n, realizada [&hellip;]","og_url":"https:\/\/www.yucatanencorto.com\/noticias\/zapopan-queda-maravillado-por-los-colores-y-sabores-de-yucatan\/","og_site_name":"Yucat\u00e1n en corto","article_publisher":"http:\/\/www.facebook.com\/yucatanencorto","article_published_time":"2023-07-19T19:37:33+00:00","og_image":[{"width":768,"height":512,"url":"https:\/\/www.yucatanencorto.com\/noticias\/wp-content\/uploads\/2023\/07\/WhatsApp-Image-2023-07-19-at-13.06.36-scaled.jpeg","type":"image\/jpeg"}],"author":"Redes","twitter_card":"summary_large_image","twitter_creator":"@yucatanencorto","twitter_site":"@yucatanencorto","twitter_misc":{"Escrito por":"Redes","Tiempo de lectura":"3 minutos"},"schema":{"@context":"https:\/\/schema.org","@graph":[{"@type":"Article","@id":"https:\/\/www.yucatanencorto.com\/noticias\/zapopan-queda-maravillado-por-los-colores-y-sabores-de-yucatan\/#article","isPartOf":{"@id":"https:\/\/www.yucatanencorto.com\/noticias\/zapopan-queda-maravillado-por-los-colores-y-sabores-de-yucatan\/"},"author":{"name":"Redes","@id":"https:\/\/www.yucatanencorto.com\/noticias\/#\/schema\/person\/e2fbdfaf30a07014a43940ce989f3119"},"headline":"Zapopan queda maravillado por los colores y sabores de Yucat\u00e1n","datePublished":"2023-07-19T19:37:33+00:00","mainEntityOfPage":{"@id":"https:\/\/www.yucatanencorto.com\/noticias\/zapopan-queda-maravillado-por-los-colores-y-sabores-de-yucatan\/"},"wordCount":566,"image":{"@id":"https:\/\/www.yucatanencorto.com\/noticias\/zapopan-queda-maravillado-por-los-colores-y-sabores-de-yucatan\/#primaryimage"},"thumbnailUrl":"https:\/\/www.yucatanencorto.com\/noticias\/wp-content\/uploads\/2023\/07\/WhatsApp-Image-2023-07-19-at-13.06.36-scaled.jpeg","articleSection":["Yucat\u00e1n"],"inLanguage":"es"},{"@type":"WebPage","@id":"https:\/\/www.yucatanencorto.com\/noticias\/zapopan-queda-maravillado-por-los-colores-y-sabores-de-yucatan\/","url":"https:\/\/www.yucatanencorto.com\/noticias\/zapopan-queda-maravillado-por-los-colores-y-sabores-de-yucatan\/","name":"Zapopan queda maravillado por los colores y sabores de Yucat\u00e1n - Yucat\u00e1n en corto","isPartOf":{"@id":"https:\/\/www.yucatanencorto.com\/noticias\/#website"},"primaryImageOfPage":{"@id":"https:\/\/www.yucatanencorto.com\/noticias\/zapopan-queda-maravillado-por-los-colores-y-sabores-de-yucatan\/#primaryimage"},"image":{"@id":"https:\/\/www.yucatanencorto.com\/noticias\/zapopan-queda-maravillado-por-los-colores-y-sabores-de-yucatan\/#primaryimage"},"thumbnailUrl":"https:\/\/www.yucatanencorto.com\/noticias\/wp-content\/uploads\/2023\/07\/WhatsApp-Image-2023-07-19-at-13.06.36-scaled.jpeg","datePublished":"2023-07-19T19:37:33+00:00","author":{"@id":"https:\/\/www.yucatanencorto.com\/noticias\/#\/schema\/person\/e2fbdfaf30a07014a43940ce989f3119"},"breadcrumb":{"@id":"https:\/\/www.yucatanencorto.com\/noticias\/zapopan-queda-maravillado-por-los-colores-y-sabores-de-yucatan\/#breadcrumb"},"inLanguage":"es","potentialAction":[{"@type":"ReadAction","target":["https:\/\/www.yucatanencorto.com\/noticias\/zapopan-queda-maravillado-por-los-colores-y-sabores-de-yucatan\/"]}]},{"@type":"ImageObject","inLanguage":"es","@id":"https:\/\/www.yucatanencorto.com\/noticias\/zapopan-queda-maravillado-por-los-colores-y-sabores-de-yucatan\/#primaryimage","url":"https:\/\/www.yucatanencorto.com\/noticias\/wp-content\/uploads\/2023\/07\/WhatsApp-Image-2023-07-19-at-13.06.36-scaled.jpeg","contentUrl":"https:\/\/www.yucatanencorto.com\/noticias\/wp-content\/uploads\/2023\/07\/WhatsApp-Image-2023-07-19-at-13.06.36-scaled.jpeg","width":768,"height":512},{"@type":"BreadcrumbList","@id":"https:\/\/www.yucatanencorto.com\/noticias\/zapopan-queda-maravillado-por-los-colores-y-sabores-de-yucatan\/#breadcrumb","itemListElement":[{"@type":"ListItem","position":1,"name":"Portada","item":"https:\/\/www.yucatanencorto.com\/noticias\/"},{"@type":"ListItem","position":2,"name":"Zapopan queda maravillado por los colores y sabores de Yucat\u00e1n"}]},{"@type":"WebSite","@id":"https:\/\/www.yucatanencorto.com\/noticias\/#website","url":"https:\/\/www.yucatanencorto.com\/noticias\/","name":"Yucat\u00e1n en corto","description":"Noticias","potentialAction":[{"@type":"SearchAction","target":{"@type":"EntryPoint","urlTemplate":"https:\/\/www.yucatanencorto.com\/noticias\/?s={search_term_string}"},"query-input":{"@type":"PropertyValueSpecification","valueRequired":true,"valueName":"search_term_string"}}],"inLanguage":"es"},{"@type":"Person","@id":"https:\/\/www.yucatanencorto.com\/noticias\/#\/schema\/person\/e2fbdfaf30a07014a43940ce989f3119","name":"Redes","image":{"@type":"ImageObject","inLanguage":"es","@id":"https:\/\/secure.gravatar.com\/avatar\/5931a2d21dd7cc834f44c8c34fe56d90ed6d536ef452cbf870c7485b524dddd7?s=96&d=mm&r=g","url":"https:\/\/secure.gravatar.com\/avatar\/5931a2d21dd7cc834f44c8c34fe56d90ed6d536ef452cbf870c7485b524dddd7?s=96&d=mm&r=g","contentUrl":"https:\/\/secure.gravatar.com\/avatar\/5931a2d21dd7cc834f44c8c34fe56d90ed6d536ef452cbf870c7485b524dddd7?s=96&d=mm&r=g","caption":"Redes"},"url":"https:\/\/www.yucatanencorto.com\/noticias\/author\/redes\/"}]}},"_links":{"self":[{"href":"https:\/\/www.yucatanencorto.com\/noticias\/wp-json\/wp\/v2\/posts\/99172","targetHints":{"allow":["GET"]}}],"collection":[{"href":"https:\/\/www.yucatanencorto.com\/noticias\/wp-json\/wp\/v2\/posts"}],"about":[{"href":"https:\/\/www.yucatanencorto.com\/noticias\/wp-json\/wp\/v2\/types\/post"}],"author":[{"embeddable":true,"href":"https:\/\/www.yucatanencorto.com\/noticias\/wp-json\/wp\/v2\/users\/3"}],"replies":[{"embeddable":true,"href":"https:\/\/www.yucatanencorto.com\/noticias\/wp-json\/wp\/v2\/comments?post=99172"}],"version-history":[{"count":0,"href":"https:\/\/www.yucatanencorto.com\/noticias\/wp-json\/wp\/v2\/posts\/99172\/revisions"}],"wp:featuredmedia":[{"embeddable":true,"href":"https:\/\/www.yucatanencorto.com\/noticias\/wp-json\/wp\/v2\/media\/99173"}],"wp:attachment":[{"href":"https:\/\/www.yucatanencorto.com\/noticias\/wp-json\/wp\/v2\/media?parent=99172"}],"wp:term":[{"taxonomy":"category","embeddable":true,"href":"https:\/\/www.yucatanencorto.com\/noticias\/wp-json\/wp\/v2\/categories?post=99172"},{"taxonomy":"post_tag","embeddable":true,"href":"https:\/\/www.yucatanencorto.com\/noticias\/wp-json\/wp\/v2\/tags?post=99172"}],"curies":[{"name":"wp","href":"https:\/\/api.w.org\/{rel}","templated":true}]}}