{"id":99175,"date":"2023-07-19T17:45:06","date_gmt":"2023-07-19T23:45:06","guid":{"rendered":"https:\/\/www.yucatanencorto.com\/noticias\/?p=99175"},"modified":"2023-07-19T17:47:39","modified_gmt":"2023-07-19T23:47:39","slug":"se-entregan-aparatos-ortopedicos-a-traves-del-programa-merida-mas-cercana","status":"publish","type":"post","link":"https:\/\/www.yucatanencorto.com\/noticias\/se-entregan-aparatos-ortopedicos-a-traves-del-programa-merida-mas-cercana\/","title":{"rendered":"Se entregan aparatos ortop\u00e9dicos a trav\u00e9s del programa \u201cM\u00e9rida m\u00e1s cercana\u201d"},"content":{"rendered":"<p><img loading=\"lazy\" decoding=\"async\" class=\"alignnone size-full wp-image-99176\" src=\"https:\/\/www.yucatanencorto.com\/noticias\/wp-content\/uploads\/2023\/07\/WhatsApp-Image-2023-07-19-at-15.58.42-scaled.jpeg\" alt=\"\" width=\"768\" height=\"512\" srcset=\"https:\/\/www.yucatanencorto.com\/noticias\/wp-content\/uploads\/2023\/07\/WhatsApp-Image-2023-07-19-at-15.58.42-scaled.jpeg 768w, https:\/\/www.yucatanencorto.com\/noticias\/wp-content\/uploads\/2023\/07\/WhatsApp-Image-2023-07-19-at-15.58.42-1536x1023.jpeg 1536w, https:\/\/www.yucatanencorto.com\/noticias\/wp-content\/uploads\/2023\/07\/WhatsApp-Image-2023-07-19-at-15.58.42-696x464.jpeg 696w, https:\/\/www.yucatanencorto.com\/noticias\/wp-content\/uploads\/2023\/07\/WhatsApp-Image-2023-07-19-at-15.58.42-1068x712.jpeg 1068w, https:\/\/www.yucatanencorto.com\/noticias\/wp-content\/uploads\/2023\/07\/WhatsApp-Image-2023-07-19-at-15.58.42-630x420.jpeg 630w\" sizes=\"auto, (max-width: 768px) 100vw, 768px\" \/><\/p>\n<p>M\u00e9rida, Yucat\u00e1n a 19 de julio de 2023.- Como parte de las pol\u00edticas p\u00fablicas cercanas, inclusivas y humanistas enfocadas a mejorar la calidad de vida de las familias, el Alcalde de M\u00e9rida, Ren\u00e1n Barrera Concha, implementa programas y estrategias que atienden las necesidades de los grupos m\u00e1s vulnerables del Municipio.<br \/>\nEl Presidente Municipal inform\u00f3 que en el programa \u201cM\u00e9rida m\u00e1s cercana\u201d se entregan aparatos ortop\u00e9dicos para la poblaci\u00f3n en situaci\u00f3n de vulnerabilidad, adem\u00e1s para brindarles un servicio integral se estudia cada caso para canalizarlos a otro programa social del Ayuntamiento.<br \/>\n\u201cEl bienestar de las y los ciudadanos, principalmente de los m\u00e1s vulnerables, ser\u00e1 siempre una de nuestras prioridades en esta administraci\u00f3n, porque en nuestras manos est\u00e1 evitar el dolor humano evitable, por eso estamos gobernando con sensibilidad y solidaridad\u201d, expres\u00f3.<br \/>\nEn ese sentido, Barrera Concha inform\u00f3 que en esta administraci\u00f3n se han entregado 1,280 aparatos ortop\u00e9dicos que representan una inversi\u00f3n de $4, 564,855.70 en beneficio de 1,267 personas.<br \/>\n\u201cEstas entregas van m\u00e1s all\u00e1 de dotar un equipamiento en apoyo de quien lo necesite, tambi\u00e9n son una herramienta que mejora la calidad de vida de la ciudadan\u00eda de M\u00e9rida y sus comisar\u00edas brindando esperanza, dignidad y oportunidad\u201d, manifest\u00f3.<br \/>\nPor ello, me comprometo a que en el Ayuntamiento de M\u00e9rida, a trav\u00e9s del departamento de Atenci\u00f3n a Discapacidad, continuaremos fomentando el trabajo en unidad para construir una sociedad m\u00e1s inclusiva y accesible para todas y todos, agreg\u00f3.<br \/>\nComo parte del programa \u201cM\u00e9rida m\u00e1s cercana\u201d, la presidenta la presidenta del DIF Municipal, Diana Castillo Laviada, acompa\u00f1ada de su hija Daniela Barrera Castillo y de la directora del DIF, Silvia Sarti Gonz\u00e1lez, realizaron la entrega de cuatro sillas de ruedas a personas con discapacidad.<br \/>\nEstos aparatos fueron entregados en sus domicilios a Margarita Pacheco Canul, en la colonia San Antonio Xluch ll; Jos\u00e9 Alberto May Hern\u00e1ndez, de la colonia Delio Moreno; y a los hermanos Celia y Rogelio Uc Mart\u00edn, del fraccionamiento San Jos\u00e9 Tzal.<br \/>\nDurante la entrega, Castillo Laviada afirm\u00f3 que los programas sociales del Ayuntamiento no se detienen, sino que procuran acercar los servicios a la ciudadan\u00eda que m\u00e1s lo necesita.<br \/>\n\u201cDetr\u00e1s de cada aparato ortop\u00e9dico que entregamos hay una historia de personas valientes y resilientes que enfrentan desaf\u00edos f\u00edsicos en su vida diaria. Compartimos con todas y todos ellos un deseo com\u00fan: vivir una vida plena y participar plenamente en la sociedad\u201d, expres\u00f3.<br \/>\nPor su lado, Sarti Gonz\u00e1lez manifest\u00f3 que la buena gesti\u00f3n municipal de Ren\u00e1n Barrera permite priorizar los recursos p\u00fablicos en programas y acciones destinados a las personas que realmente lo necesitan.<br \/>\n\u201cTal como siempre nos recuerda nuestro Alcalde, trabajar en conjunto sociedad y gobierno nos permite conocer con mayor precisi\u00f3n cuales son las necesidades de la poblaci\u00f3n y atenderlas m\u00e1s pronto\u201d, finaliz\u00f3.<\/p>\n","protected":false},"excerpt":{"rendered":"<p>M\u00e9rida, Yucat\u00e1n a 19 de julio de 2023.- Como parte de las pol\u00edticas p\u00fablicas cercanas, inclusivas y humanistas enfocadas a mejorar la calidad de vida de las familias, el Alcalde de M\u00e9rida, Ren\u00e1n Barrera Concha, implementa programas y estrategias que atienden las necesidades de los grupos m\u00e1s vulnerables del Municipio. El Presidente Municipal inform\u00f3 que [&hellip;]<\/p>\n","protected":false},"author":3,"featured_media":99176,"comment_status":"closed","ping_status":"closed","sticky":false,"template":"","format":"standard","meta":{"footnotes":""},"categories":[2],"tags":[],"class_list":{"0":"post-99175","1":"post","2":"type-post","3":"status-publish","4":"format-standard","5":"has-post-thumbnail","7":"category-merida"},"yoast_head":"<!-- This site is optimized with the Yoast SEO plugin v27.4 - https:\/\/yoast.com\/product\/yoast-seo-wordpress\/ -->\n<title>Se entregan aparatos ortop\u00e9dicos a trav\u00e9s del programa \u201cM\u00e9rida m\u00e1s cercana\u201d - Yucat\u00e1n en corto<\/title>\n<meta name=\"robots\" content=\"index, follow, max-snippet:-1, max-image-preview:large, max-video-preview:-1\" \/>\n<link rel=\"canonical\" href=\"https:\/\/www.yucatanencorto.com\/noticias\/se-entregan-aparatos-ortopedicos-a-traves-del-programa-merida-mas-cercana\/\" \/>\n<meta property=\"og:locale\" content=\"es_ES\" \/>\n<meta property=\"og:type\" content=\"article\" \/>\n<meta property=\"og:title\" content=\"Se entregan aparatos ortop\u00e9dicos a trav\u00e9s del programa \u201cM\u00e9rida m\u00e1s cercana\u201d - Yucat\u00e1n en corto\" \/>\n<meta property=\"og:description\" content=\"M\u00e9rida, Yucat\u00e1n a 19 de julio de 2023.- Como parte de las pol\u00edticas p\u00fablicas cercanas, inclusivas y humanistas enfocadas a mejorar la calidad de vida de las familias, el Alcalde de M\u00e9rida, Ren\u00e1n Barrera Concha, implementa programas y estrategias que atienden las necesidades de los grupos m\u00e1s vulnerables del Municipio. El Presidente Municipal inform\u00f3 que [&hellip;]\" \/>\n<meta property=\"og:url\" content=\"https:\/\/www.yucatanencorto.com\/noticias\/se-entregan-aparatos-ortopedicos-a-traves-del-programa-merida-mas-cercana\/\" \/>\n<meta property=\"og:site_name\" content=\"Yucat\u00e1n en corto\" \/>\n<meta property=\"article:publisher\" content=\"http:\/\/www.facebook.com\/yucatanencorto\" \/>\n<meta property=\"article:published_time\" content=\"2023-07-19T23:45:06+00:00\" \/>\n<meta property=\"article:modified_time\" content=\"2023-07-19T23:47:39+00:00\" \/>\n<meta property=\"og:image\" content=\"https:\/\/www.yucatanencorto.com\/noticias\/wp-content\/uploads\/2023\/07\/WhatsApp-Image-2023-07-19-at-15.58.42-scaled.jpeg\" \/>\n\t<meta property=\"og:image:width\" content=\"768\" \/>\n\t<meta property=\"og:image:height\" content=\"512\" \/>\n\t<meta property=\"og:image:type\" content=\"image\/jpeg\" \/>\n<meta name=\"author\" content=\"Redes\" \/>\n<meta name=\"twitter:card\" content=\"summary_large_image\" \/>\n<meta name=\"twitter:creator\" content=\"@yucatanencorto\" \/>\n<meta name=\"twitter:site\" content=\"@yucatanencorto\" \/>\n<meta name=\"twitter:label1\" content=\"Escrito por\" \/>\n\t<meta name=\"twitter:data1\" content=\"Redes\" \/>\n\t<meta name=\"twitter:label2\" content=\"Tiempo de lectura\" \/>\n\t<meta name=\"twitter:data2\" content=\"3 minutos\" \/>\n<script type=\"application\/ld+json\" class=\"yoast-schema-graph\">{\"@context\":\"https:\\\/\\\/schema.org\",\"@graph\":[{\"@type\":\"Article\",\"@id\":\"https:\\\/\\\/www.yucatanencorto.com\\\/noticias\\\/se-entregan-aparatos-ortopedicos-a-traves-del-programa-merida-mas-cercana\\\/#article\",\"isPartOf\":{\"@id\":\"https:\\\/\\\/www.yucatanencorto.com\\\/noticias\\\/se-entregan-aparatos-ortopedicos-a-traves-del-programa-merida-mas-cercana\\\/\"},\"author\":{\"name\":\"Redes\",\"@id\":\"https:\\\/\\\/www.yucatanencorto.com\\\/noticias\\\/#\\\/schema\\\/person\\\/e2fbdfaf30a07014a43940ce989f3119\"},\"headline\":\"Se entregan aparatos ortop\u00e9dicos a trav\u00e9s del programa \u201cM\u00e9rida m\u00e1s cercana\u201d\",\"datePublished\":\"2023-07-19T23:45:06+00:00\",\"dateModified\":\"2023-07-19T23:47:39+00:00\",\"mainEntityOfPage\":{\"@id\":\"https:\\\/\\\/www.yucatanencorto.com\\\/noticias\\\/se-entregan-aparatos-ortopedicos-a-traves-del-programa-merida-mas-cercana\\\/\"},\"wordCount\":511,\"image\":{\"@id\":\"https:\\\/\\\/www.yucatanencorto.com\\\/noticias\\\/se-entregan-aparatos-ortopedicos-a-traves-del-programa-merida-mas-cercana\\\/#primaryimage\"},\"thumbnailUrl\":\"https:\\\/\\\/www.yucatanencorto.com\\\/noticias\\\/wp-content\\\/uploads\\\/2023\\\/07\\\/WhatsApp-Image-2023-07-19-at-15.58.42-scaled.jpeg\",\"articleSection\":[\"M\u00e9rida\"],\"inLanguage\":\"es\"},{\"@type\":\"WebPage\",\"@id\":\"https:\\\/\\\/www.yucatanencorto.com\\\/noticias\\\/se-entregan-aparatos-ortopedicos-a-traves-del-programa-merida-mas-cercana\\\/\",\"url\":\"https:\\\/\\\/www.yucatanencorto.com\\\/noticias\\\/se-entregan-aparatos-ortopedicos-a-traves-del-programa-merida-mas-cercana\\\/\",\"name\":\"Se entregan aparatos ortop\u00e9dicos a trav\u00e9s del programa \u201cM\u00e9rida m\u00e1s cercana\u201d - Yucat\u00e1n en corto\",\"isPartOf\":{\"@id\":\"https:\\\/\\\/www.yucatanencorto.com\\\/noticias\\\/#website\"},\"primaryImageOfPage\":{\"@id\":\"https:\\\/\\\/www.yucatanencorto.com\\\/noticias\\\/se-entregan-aparatos-ortopedicos-a-traves-del-programa-merida-mas-cercana\\\/#primaryimage\"},\"image\":{\"@id\":\"https:\\\/\\\/www.yucatanencorto.com\\\/noticias\\\/se-entregan-aparatos-ortopedicos-a-traves-del-programa-merida-mas-cercana\\\/#primaryimage\"},\"thumbnailUrl\":\"https:\\\/\\\/www.yucatanencorto.com\\\/noticias\\\/wp-content\\\/uploads\\\/2023\\\/07\\\/WhatsApp-Image-2023-07-19-at-15.58.42-scaled.jpeg\",\"datePublished\":\"2023-07-19T23:45:06+00:00\",\"dateModified\":\"2023-07-19T23:47:39+00:00\",\"author\":{\"@id\":\"https:\\\/\\\/www.yucatanencorto.com\\\/noticias\\\/#\\\/schema\\\/person\\\/e2fbdfaf30a07014a43940ce989f3119\"},\"breadcrumb\":{\"@id\":\"https:\\\/\\\/www.yucatanencorto.com\\\/noticias\\\/se-entregan-aparatos-ortopedicos-a-traves-del-programa-merida-mas-cercana\\\/#breadcrumb\"},\"inLanguage\":\"es\",\"potentialAction\":[{\"@type\":\"ReadAction\",\"target\":[\"https:\\\/\\\/www.yucatanencorto.com\\\/noticias\\\/se-entregan-aparatos-ortopedicos-a-traves-del-programa-merida-mas-cercana\\\/\"]}]},{\"@type\":\"ImageObject\",\"inLanguage\":\"es\",\"@id\":\"https:\\\/\\\/www.yucatanencorto.com\\\/noticias\\\/se-entregan-aparatos-ortopedicos-a-traves-del-programa-merida-mas-cercana\\\/#primaryimage\",\"url\":\"https:\\\/\\\/www.yucatanencorto.com\\\/noticias\\\/wp-content\\\/uploads\\\/2023\\\/07\\\/WhatsApp-Image-2023-07-19-at-15.58.42-scaled.jpeg\",\"contentUrl\":\"https:\\\/\\\/www.yucatanencorto.com\\\/noticias\\\/wp-content\\\/uploads\\\/2023\\\/07\\\/WhatsApp-Image-2023-07-19-at-15.58.42-scaled.jpeg\",\"width\":768,\"height\":512},{\"@type\":\"BreadcrumbList\",\"@id\":\"https:\\\/\\\/www.yucatanencorto.com\\\/noticias\\\/se-entregan-aparatos-ortopedicos-a-traves-del-programa-merida-mas-cercana\\\/#breadcrumb\",\"itemListElement\":[{\"@type\":\"ListItem\",\"position\":1,\"name\":\"Portada\",\"item\":\"https:\\\/\\\/www.yucatanencorto.com\\\/noticias\\\/\"},{\"@type\":\"ListItem\",\"position\":2,\"name\":\"Se entregan aparatos ortop\u00e9dicos a trav\u00e9s del programa \u201cM\u00e9rida m\u00e1s cercana\u201d\"}]},{\"@type\":\"WebSite\",\"@id\":\"https:\\\/\\\/www.yucatanencorto.com\\\/noticias\\\/#website\",\"url\":\"https:\\\/\\\/www.yucatanencorto.com\\\/noticias\\\/\",\"name\":\"Yucat\u00e1n en corto\",\"description\":\"Noticias\",\"potentialAction\":[{\"@type\":\"SearchAction\",\"target\":{\"@type\":\"EntryPoint\",\"urlTemplate\":\"https:\\\/\\\/www.yucatanencorto.com\\\/noticias\\\/?s={search_term_string}\"},\"query-input\":{\"@type\":\"PropertyValueSpecification\",\"valueRequired\":true,\"valueName\":\"search_term_string\"}}],\"inLanguage\":\"es\"},{\"@type\":\"Person\",\"@id\":\"https:\\\/\\\/www.yucatanencorto.com\\\/noticias\\\/#\\\/schema\\\/person\\\/e2fbdfaf30a07014a43940ce989f3119\",\"name\":\"Redes\",\"image\":{\"@type\":\"ImageObject\",\"inLanguage\":\"es\",\"@id\":\"https:\\\/\\\/secure.gravatar.com\\\/avatar\\\/5931a2d21dd7cc834f44c8c34fe56d90ed6d536ef452cbf870c7485b524dddd7?s=96&d=mm&r=g\",\"url\":\"https:\\\/\\\/secure.gravatar.com\\\/avatar\\\/5931a2d21dd7cc834f44c8c34fe56d90ed6d536ef452cbf870c7485b524dddd7?s=96&d=mm&r=g\",\"contentUrl\":\"https:\\\/\\\/secure.gravatar.com\\\/avatar\\\/5931a2d21dd7cc834f44c8c34fe56d90ed6d536ef452cbf870c7485b524dddd7?s=96&d=mm&r=g\",\"caption\":\"Redes\"},\"url\":\"https:\\\/\\\/www.yucatanencorto.com\\\/noticias\\\/author\\\/redes\\\/\"}]}<\/script>\n<!-- \/ Yoast SEO plugin. -->","yoast_head_json":{"title":"Se entregan aparatos ortop\u00e9dicos a trav\u00e9s del programa \u201cM\u00e9rida m\u00e1s cercana\u201d - Yucat\u00e1n en corto","robots":{"index":"index","follow":"follow","max-snippet":"max-snippet:-1","max-image-preview":"max-image-preview:large","max-video-preview":"max-video-preview:-1"},"canonical":"https:\/\/www.yucatanencorto.com\/noticias\/se-entregan-aparatos-ortopedicos-a-traves-del-programa-merida-mas-cercana\/","og_locale":"es_ES","og_type":"article","og_title":"Se entregan aparatos ortop\u00e9dicos a trav\u00e9s del programa \u201cM\u00e9rida m\u00e1s cercana\u201d - Yucat\u00e1n en corto","og_description":"M\u00e9rida, Yucat\u00e1n a 19 de julio de 2023.- Como parte de las pol\u00edticas p\u00fablicas cercanas, inclusivas y humanistas enfocadas a mejorar la calidad de vida de las familias, el Alcalde de M\u00e9rida, Ren\u00e1n Barrera Concha, implementa programas y estrategias que atienden las necesidades de los grupos m\u00e1s vulnerables del Municipio. El Presidente Municipal inform\u00f3 que [&hellip;]","og_url":"https:\/\/www.yucatanencorto.com\/noticias\/se-entregan-aparatos-ortopedicos-a-traves-del-programa-merida-mas-cercana\/","og_site_name":"Yucat\u00e1n en corto","article_publisher":"http:\/\/www.facebook.com\/yucatanencorto","article_published_time":"2023-07-19T23:45:06+00:00","article_modified_time":"2023-07-19T23:47:39+00:00","og_image":[{"width":768,"height":512,"url":"https:\/\/www.yucatanencorto.com\/noticias\/wp-content\/uploads\/2023\/07\/WhatsApp-Image-2023-07-19-at-15.58.42-scaled.jpeg","type":"image\/jpeg"}],"author":"Redes","twitter_card":"summary_large_image","twitter_creator":"@yucatanencorto","twitter_site":"@yucatanencorto","twitter_misc":{"Escrito por":"Redes","Tiempo de lectura":"3 minutos"},"schema":{"@context":"https:\/\/schema.org","@graph":[{"@type":"Article","@id":"https:\/\/www.yucatanencorto.com\/noticias\/se-entregan-aparatos-ortopedicos-a-traves-del-programa-merida-mas-cercana\/#article","isPartOf":{"@id":"https:\/\/www.yucatanencorto.com\/noticias\/se-entregan-aparatos-ortopedicos-a-traves-del-programa-merida-mas-cercana\/"},"author":{"name":"Redes","@id":"https:\/\/www.yucatanencorto.com\/noticias\/#\/schema\/person\/e2fbdfaf30a07014a43940ce989f3119"},"headline":"Se entregan aparatos ortop\u00e9dicos a trav\u00e9s del programa \u201cM\u00e9rida m\u00e1s cercana\u201d","datePublished":"2023-07-19T23:45:06+00:00","dateModified":"2023-07-19T23:47:39+00:00","mainEntityOfPage":{"@id":"https:\/\/www.yucatanencorto.com\/noticias\/se-entregan-aparatos-ortopedicos-a-traves-del-programa-merida-mas-cercana\/"},"wordCount":511,"image":{"@id":"https:\/\/www.yucatanencorto.com\/noticias\/se-entregan-aparatos-ortopedicos-a-traves-del-programa-merida-mas-cercana\/#primaryimage"},"thumbnailUrl":"https:\/\/www.yucatanencorto.com\/noticias\/wp-content\/uploads\/2023\/07\/WhatsApp-Image-2023-07-19-at-15.58.42-scaled.jpeg","articleSection":["M\u00e9rida"],"inLanguage":"es"},{"@type":"WebPage","@id":"https:\/\/www.yucatanencorto.com\/noticias\/se-entregan-aparatos-ortopedicos-a-traves-del-programa-merida-mas-cercana\/","url":"https:\/\/www.yucatanencorto.com\/noticias\/se-entregan-aparatos-ortopedicos-a-traves-del-programa-merida-mas-cercana\/","name":"Se entregan aparatos ortop\u00e9dicos a trav\u00e9s del programa \u201cM\u00e9rida m\u00e1s cercana\u201d - Yucat\u00e1n en corto","isPartOf":{"@id":"https:\/\/www.yucatanencorto.com\/noticias\/#website"},"primaryImageOfPage":{"@id":"https:\/\/www.yucatanencorto.com\/noticias\/se-entregan-aparatos-ortopedicos-a-traves-del-programa-merida-mas-cercana\/#primaryimage"},"image":{"@id":"https:\/\/www.yucatanencorto.com\/noticias\/se-entregan-aparatos-ortopedicos-a-traves-del-programa-merida-mas-cercana\/#primaryimage"},"thumbnailUrl":"https:\/\/www.yucatanencorto.com\/noticias\/wp-content\/uploads\/2023\/07\/WhatsApp-Image-2023-07-19-at-15.58.42-scaled.jpeg","datePublished":"2023-07-19T23:45:06+00:00","dateModified":"2023-07-19T23:47:39+00:00","author":{"@id":"https:\/\/www.yucatanencorto.com\/noticias\/#\/schema\/person\/e2fbdfaf30a07014a43940ce989f3119"},"breadcrumb":{"@id":"https:\/\/www.yucatanencorto.com\/noticias\/se-entregan-aparatos-ortopedicos-a-traves-del-programa-merida-mas-cercana\/#breadcrumb"},"inLanguage":"es","potentialAction":[{"@type":"ReadAction","target":["https:\/\/www.yucatanencorto.com\/noticias\/se-entregan-aparatos-ortopedicos-a-traves-del-programa-merida-mas-cercana\/"]}]},{"@type":"ImageObject","inLanguage":"es","@id":"https:\/\/www.yucatanencorto.com\/noticias\/se-entregan-aparatos-ortopedicos-a-traves-del-programa-merida-mas-cercana\/#primaryimage","url":"https:\/\/www.yucatanencorto.com\/noticias\/wp-content\/uploads\/2023\/07\/WhatsApp-Image-2023-07-19-at-15.58.42-scaled.jpeg","contentUrl":"https:\/\/www.yucatanencorto.com\/noticias\/wp-content\/uploads\/2023\/07\/WhatsApp-Image-2023-07-19-at-15.58.42-scaled.jpeg","width":768,"height":512},{"@type":"BreadcrumbList","@id":"https:\/\/www.yucatanencorto.com\/noticias\/se-entregan-aparatos-ortopedicos-a-traves-del-programa-merida-mas-cercana\/#breadcrumb","itemListElement":[{"@type":"ListItem","position":1,"name":"Portada","item":"https:\/\/www.yucatanencorto.com\/noticias\/"},{"@type":"ListItem","position":2,"name":"Se entregan aparatos ortop\u00e9dicos a trav\u00e9s del programa \u201cM\u00e9rida m\u00e1s cercana\u201d"}]},{"@type":"WebSite","@id":"https:\/\/www.yucatanencorto.com\/noticias\/#website","url":"https:\/\/www.yucatanencorto.com\/noticias\/","name":"Yucat\u00e1n en corto","description":"Noticias","potentialAction":[{"@type":"SearchAction","target":{"@type":"EntryPoint","urlTemplate":"https:\/\/www.yucatanencorto.com\/noticias\/?s={search_term_string}"},"query-input":{"@type":"PropertyValueSpecification","valueRequired":true,"valueName":"search_term_string"}}],"inLanguage":"es"},{"@type":"Person","@id":"https:\/\/www.yucatanencorto.com\/noticias\/#\/schema\/person\/e2fbdfaf30a07014a43940ce989f3119","name":"Redes","image":{"@type":"ImageObject","inLanguage":"es","@id":"https:\/\/secure.gravatar.com\/avatar\/5931a2d21dd7cc834f44c8c34fe56d90ed6d536ef452cbf870c7485b524dddd7?s=96&d=mm&r=g","url":"https:\/\/secure.gravatar.com\/avatar\/5931a2d21dd7cc834f44c8c34fe56d90ed6d536ef452cbf870c7485b524dddd7?s=96&d=mm&r=g","contentUrl":"https:\/\/secure.gravatar.com\/avatar\/5931a2d21dd7cc834f44c8c34fe56d90ed6d536ef452cbf870c7485b524dddd7?s=96&d=mm&r=g","caption":"Redes"},"url":"https:\/\/www.yucatanencorto.com\/noticias\/author\/redes\/"}]}},"_links":{"self":[{"href":"https:\/\/www.yucatanencorto.com\/noticias\/wp-json\/wp\/v2\/posts\/99175","targetHints":{"allow":["GET"]}}],"collection":[{"href":"https:\/\/www.yucatanencorto.com\/noticias\/wp-json\/wp\/v2\/posts"}],"about":[{"href":"https:\/\/www.yucatanencorto.com\/noticias\/wp-json\/wp\/v2\/types\/post"}],"author":[{"embeddable":true,"href":"https:\/\/www.yucatanencorto.com\/noticias\/wp-json\/wp\/v2\/users\/3"}],"replies":[{"embeddable":true,"href":"https:\/\/www.yucatanencorto.com\/noticias\/wp-json\/wp\/v2\/comments?post=99175"}],"version-history":[{"count":0,"href":"https:\/\/www.yucatanencorto.com\/noticias\/wp-json\/wp\/v2\/posts\/99175\/revisions"}],"wp:featuredmedia":[{"embeddable":true,"href":"https:\/\/www.yucatanencorto.com\/noticias\/wp-json\/wp\/v2\/media\/99176"}],"wp:attachment":[{"href":"https:\/\/www.yucatanencorto.com\/noticias\/wp-json\/wp\/v2\/media?parent=99175"}],"wp:term":[{"taxonomy":"category","embeddable":true,"href":"https:\/\/www.yucatanencorto.com\/noticias\/wp-json\/wp\/v2\/categories?post=99175"},{"taxonomy":"post_tag","embeddable":true,"href":"https:\/\/www.yucatanencorto.com\/noticias\/wp-json\/wp\/v2\/tags?post=99175"}],"curies":[{"name":"wp","href":"https:\/\/api.w.org\/{rel}","templated":true}]}}