{"id":99208,"date":"2023-07-21T14:52:45","date_gmt":"2023-07-21T20:52:45","guid":{"rendered":"https:\/\/www.yucatanencorto.com\/noticias\/?p=99208"},"modified":"2023-07-21T14:52:45","modified_gmt":"2023-07-21T20:52:45","slug":"firman-convenio-con-holley-group-para-el-establecimiento-de-un-parque-industrial-en-yucatan","status":"publish","type":"post","link":"https:\/\/www.yucatanencorto.com\/noticias\/firman-convenio-con-holley-group-para-el-establecimiento-de-un-parque-industrial-en-yucatan\/","title":{"rendered":"Firman convenio  con Holley Group para el establecimiento de un parque industrial en Yucat\u00e1n"},"content":{"rendered":"<p><img loading=\"lazy\" decoding=\"async\" class=\"alignnone size-full wp-image-99209\" src=\"https:\/\/www.yucatanencorto.com\/noticias\/wp-content\/uploads\/2023\/07\/WhatsApp-Image-2023-07-21-at-14.12.15-scaled.jpeg\" alt=\"\" width=\"768\" height=\"580\" srcset=\"https:\/\/www.yucatanencorto.com\/noticias\/wp-content\/uploads\/2023\/07\/WhatsApp-Image-2023-07-21-at-14.12.15-scaled.jpeg 768w, https:\/\/www.yucatanencorto.com\/noticias\/wp-content\/uploads\/2023\/07\/WhatsApp-Image-2023-07-21-at-14.12.15-696x525.jpeg 696w, https:\/\/www.yucatanencorto.com\/noticias\/wp-content\/uploads\/2023\/07\/WhatsApp-Image-2023-07-21-at-14.12.15-1068x806.jpeg 1068w, https:\/\/www.yucatanencorto.com\/noticias\/wp-content\/uploads\/2023\/07\/WhatsApp-Image-2023-07-21-at-14.12.15-557x420.jpeg 557w, https:\/\/www.yucatanencorto.com\/noticias\/wp-content\/uploads\/2023\/07\/WhatsApp-Image-2023-07-21-at-14.12.15-80x60.jpeg 80w\" sizes=\"auto, (max-width: 768px) 100vw, 768px\" \/><br \/>\nHangzhou, China, 21 de julio de 2023.- Las gestiones y promoci\u00f3n internacional de Yucat\u00e1n que realiza el Gobernador Mauricio Vila Dosal se ven concretadas en la misi\u00f3n comercial que realiza por China, luego de firmar con la empresa Holley Global una carta de intenci\u00f3n para que la compa\u00f1\u00eda asi\u00e1tica llegue a Yucat\u00e1n y establezca un parque industrial de 1,000 hect\u00e1reas en el municipio de Um\u00e1n, proyecto que atraer\u00e1 a otras firmas del giro que quieran invertir en la entidad, lo que se traducir\u00eda en la generaci\u00f3n de un importante n\u00famero de empleos mejor pagados para las familias yucatecas.<\/p>\n<p>Holley Global es una empresa manufacturera que genera miles de empleos a nivel mundial. Comenz\u00f3 manufacturando medidores de energ\u00eda el\u00e9ctrica hace 40 a\u00f1os y al d\u00eda hoy desarrolla actividades diversas relacionadas con las industrias 4.0, farmac\u00e9utica, automotriz, aeron\u00e1utica, entre otras. Tiene presencia en Asia con m\u00e1s de 200 empresas que crean 40 mil empleos, en Tailandia con una plantilla de 40 mil personas.<\/p>\n<p>Como parte de su gira de trabajo por el gigante asi\u00e1tico, Vila Dosal sostuvo un encuentro con el presidente de dicha empresa, Licheng Wang, as\u00ed como el CEO de la misma, Bill Ao, y el vicepresidente de la firma Hofusan, Guangyun Wu, donde firmaron dicho documento para que el corporativo chino, ubicado en la provincia de Zhejiang, pueda desarrollar dicho proyecto con el fin de que las empresas de este pa\u00eds asi\u00e1tico volteen a ver a Yucat\u00e1n para establecerse y venir a crear m\u00e1s oportunidades para los yucatecos.<\/p>\n<p>En su jornada de actividades de este d\u00eda, el Gobernador tambi\u00e9n tuvo una reuni\u00f3n de trabajo con el Departamento de Comercio de la provincia de Zhejiang, China, encabezada por su director, Gao Bingxue, en la que se acord\u00f3 que en el futuro una delegaci\u00f3n de empresarios de esa provincia china visitar\u00e1 Yucat\u00e1n para conocer de primera mano sus ventajas competitivas y as\u00ed seguir extendiendo lazos comerciales, toda vez que solo esta provincia exporta a M\u00e9xico cada a\u00f1o 6,800 millones de d\u00f3lares y nuestro pa\u00eds mueve 800 millones de d\u00f3lares, lo cual nos demuestra que pueden surgir grandes oportunidades para generar comercio bilateral.<\/p>\n<p>Tambi\u00e9n, se plante\u00f3 la posibilidad de realizar una feria comercial y cultural que re\u00fana empresas chinas para el primer cuatrimestre del 2024 y el Gobernador fue invitado a asistir a la segunda exposici\u00f3n de comercio digital global, donde participar\u00e1n empresas de la talla de Alibaba, Amazon, Deloitte, eBay, Tesla, Astrazeneca, PwC, Huawei, entre otras. Lo anterior como parte de los esfuerzos del hermanamiento entre Yucat\u00e1n y la provincia china de Zhejiang.<\/p>\n<p>En la reuni\u00f3n con Holley Global, el Gobernador se\u00f1al\u00f3 que, producto de la promoci\u00f3n internacional del territorio, la Inversi\u00f3n Extranjera Directa 2022 alcanz\u00f3 un flujo de 535.9 millones de d\u00f3lares, cifra r\u00e9cord en la historia local, con datos de la Secretar\u00eda de Econom\u00eda (SE), por lo que el estado est\u00e1 viviendo un momento sin precedentes en la llegada de empresas internacionales que lo pone como un importante polo de inversi\u00f3n. &gt; Elias Yam: Siguiendo con el momento hist\u00f3rico que est\u00e1 viviendo Yucat\u00e1n, cabe recordar que 2021 fue el a\u00f1o con m\u00e1s crecimiento econ\u00f3mico en la historia y ese mismo a\u00f1o fue donde m\u00e1s empleos se han generado con 28,890, seg\u00fan el Instituto Mexicano del Seguro Social (IMSS) y adem\u00e1s de que el 2022 es el a\u00f1o con la mayor inversi\u00f3n extranjera; tambi\u00e9n fue el que m\u00e1s turistas se recibieron en el territorio y el m\u00e1s seguro, con la menor incidencia delictiva de acuerdo con datos del Secretariado Ejecutivo del Sistema Nacional de Seguridad P\u00fablica (SESNSP).<\/p>\n<p>Por otra parte, Yucat\u00e1n ocupa el tercer lugar en entidades de M\u00e9xico que mejor han aprovechado el nearshoring y con la infraestructura que se est\u00e1 mejorando, a trav\u00e9s de proyectos el Tren Maya, la Ampliaci\u00f3n del Puerto de Altura de Progreso y la construcci\u00f3n de las 2 Plantas de Ciclo Combinado y el abastecimiento de Gas Natural, tenemos la gran oportunidad de convertirse en una nueva frontera con los Estados Unidos para poder exportar productos a la Costa Este.<\/p>\n<p>Posteriormente y durante el encuentro con el Departamento de Comercio de la provincia de Zhejiang, el Gobernador present\u00f3 las oportunidades y fortalezas que Yucat\u00e1n ofrece a los inversionistas y continuar atrayendo proyectos de inversi\u00f3n que generen empleos bien pagados para la gente del estado.<\/p>\n<p>Ante los directores de Inversi\u00f3n Extranjera, Jia Chunxian, y de Relaciones Internacionales, Zhang Han, Vila Dosal expuso las bondades comerciales, log\u00edsticas, de infraestructura, capital humano y seguridad que el estado ofrece para poder albergar empresas de este pa\u00eds, que se traduzcan en la atracci\u00f3n de m\u00e1s empleos mejor pagados para los yucatecos.<\/p>\n<p>Asegur\u00f3 que Yucat\u00e1n cuenta con todo para colocarse en el mapa del mercado chino, en sectores como industria manufacturera de exportaci\u00f3n, el comercio digital y la industria 4.0 y 5.0, pues se est\u00e1 trabajando en fortalecer la infraestructura, de manera que las condiciones para que las empresas asi\u00e1ticas realicen sus movimientos est\u00e9n garantizadas.<\/p>\n<p>Al hablar de las mejoras a la conectividad del estado, el Gobernador dijo que se est\u00e1 ampliando el Aeropuerto Internacional de M\u00e9rida para aumentar su capacidad y se estar\u00e1 modernizando el Puerto de Altura de Progreso para incrementar nuestra competitividad y que lleguen barcos de carga y cruceros m\u00e1s grandes de los que ahora atracan en la entidad.<\/p>\n<p>Otros proyectos que abordaron fue el libramiento de Progreso, que reducir\u00e1 el tr\u00e1fico, congestionamientos, accidentes, deterioro de vialidades, ruido y contaminaci\u00f3n, incrementando la posibilidad de carga del puerto, haciendo m\u00e1s eficiente la entrada y salida de mercanc\u00eda del puerto, as\u00ed como la construcci\u00f3n de las 2 plantas de Ciclo Combinado la M\u00e9rida IV y la Valladolid; la construcci\u00f3n de 700 kil\u00f3metros de ducto con 3 nuevas estaciones de compresi\u00f3n y 2 nuevas estaciones de medici\u00f3n que duplicar\u00e1 la capacidad de transporte del Sistema Mayakan en la Pen\u00ednsula ya que pasar\u00eda de 250 millones de pies c\u00fabicos diarios a 520 millones de pies c\u00fabicos diarios.<\/p>\n<p>En presencia del titular de la Secretar\u00eda de Fomento Econ\u00f3mico y Trabajo (Sefoet), Ernesto Herrera Novelo, Vila Dosal y los subsecretarios, Gerardo D\u00edaz de Zavala y Juan Carlos Vega Milke, Vila Dosal expres\u00f3 que con la obra del Tren Maya se promover\u00e1 el desarrollo econ\u00f3mico a trav\u00e9s del turismo y al ser igual un medio de carga que se conectar\u00e1 con el proyecto del tren Trans\u00edstmico, permitir\u00e1 que las materias primas puedan llegar por Salina Cruz, transformarse, llegar a Yucat\u00e1n y posteriormente sacarse por Puerto Progreso.<\/p>\n<p>Es as\u00ed que el Gobernador Mauricio Vila Dosal sigue promoviendo las ventajas competitivas de la entidad y saliendo a buscar las oportunidades para la llegada de m\u00e1s proyectos de inversi\u00f3n extranjera directa que nos permitan a los yucatecos continuar aprovechando el nearshoring y la creaci\u00f3n de fuentes de empleos de calidad que \u00e9ste trae consigo.<\/p>\n","protected":false},"excerpt":{"rendered":"<p>Hangzhou, China, 21 de julio de 2023.- Las gestiones y promoci\u00f3n internacional de Yucat\u00e1n que realiza el Gobernador Mauricio Vila Dosal se ven concretadas en la misi\u00f3n comercial que realiza por China, luego de firmar con la empresa Holley Global una carta de intenci\u00f3n para que la compa\u00f1\u00eda asi\u00e1tica llegue a Yucat\u00e1n y establezca un [&hellip;]<\/p>\n","protected":false},"author":3,"featured_media":99209,"comment_status":"closed","ping_status":"closed","sticky":false,"template":"","format":"standard","meta":{"footnotes":""},"categories":[3],"tags":[],"class_list":{"0":"post-99208","1":"post","2":"type-post","3":"status-publish","4":"format-standard","5":"has-post-thumbnail","7":"category-yucatan"},"yoast_head":"<!-- This site is optimized with the Yoast SEO plugin v27.4 - https:\/\/yoast.com\/product\/yoast-seo-wordpress\/ -->\n<title>Firman convenio con Holley Group para el establecimiento de un parque industrial en Yucat\u00e1n - Yucat\u00e1n en corto<\/title>\n<meta name=\"robots\" content=\"index, follow, max-snippet:-1, max-image-preview:large, max-video-preview:-1\" \/>\n<link rel=\"canonical\" href=\"https:\/\/www.yucatanencorto.com\/noticias\/firman-convenio-con-holley-group-para-el-establecimiento-de-un-parque-industrial-en-yucatan\/\" \/>\n<meta property=\"og:locale\" content=\"es_ES\" \/>\n<meta property=\"og:type\" content=\"article\" \/>\n<meta property=\"og:title\" content=\"Firman convenio con Holley Group para el establecimiento de un parque industrial en Yucat\u00e1n - Yucat\u00e1n en corto\" \/>\n<meta property=\"og:description\" content=\"Hangzhou, China, 21 de julio de 2023.- Las gestiones y promoci\u00f3n internacional de Yucat\u00e1n que realiza el Gobernador Mauricio Vila Dosal se ven concretadas en la misi\u00f3n comercial que realiza por China, luego de firmar con la empresa Holley Global una carta de intenci\u00f3n para que la compa\u00f1\u00eda asi\u00e1tica llegue a Yucat\u00e1n y establezca un [&hellip;]\" \/>\n<meta property=\"og:url\" content=\"https:\/\/www.yucatanencorto.com\/noticias\/firman-convenio-con-holley-group-para-el-establecimiento-de-un-parque-industrial-en-yucatan\/\" \/>\n<meta property=\"og:site_name\" content=\"Yucat\u00e1n en corto\" \/>\n<meta property=\"article:publisher\" content=\"http:\/\/www.facebook.com\/yucatanencorto\" \/>\n<meta property=\"article:published_time\" content=\"2023-07-21T20:52:45+00:00\" \/>\n<meta property=\"og:image\" content=\"https:\/\/www.yucatanencorto.com\/noticias\/wp-content\/uploads\/2023\/07\/WhatsApp-Image-2023-07-21-at-14.12.15-scaled.jpeg\" \/>\n\t<meta property=\"og:image:width\" content=\"768\" \/>\n\t<meta property=\"og:image:height\" content=\"580\" \/>\n\t<meta property=\"og:image:type\" content=\"image\/jpeg\" \/>\n<meta name=\"author\" content=\"Redes\" \/>\n<meta name=\"twitter:card\" content=\"summary_large_image\" \/>\n<meta name=\"twitter:creator\" content=\"@yucatanencorto\" \/>\n<meta name=\"twitter:site\" content=\"@yucatanencorto\" \/>\n<meta name=\"twitter:label1\" content=\"Escrito por\" \/>\n\t<meta name=\"twitter:data1\" content=\"Redes\" \/>\n\t<meta name=\"twitter:label2\" content=\"Tiempo de lectura\" \/>\n\t<meta name=\"twitter:data2\" content=\"6 minutos\" \/>\n<script type=\"application\/ld+json\" class=\"yoast-schema-graph\">{\"@context\":\"https:\\\/\\\/schema.org\",\"@graph\":[{\"@type\":\"Article\",\"@id\":\"https:\\\/\\\/www.yucatanencorto.com\\\/noticias\\\/firman-convenio-con-holley-group-para-el-establecimiento-de-un-parque-industrial-en-yucatan\\\/#article\",\"isPartOf\":{\"@id\":\"https:\\\/\\\/www.yucatanencorto.com\\\/noticias\\\/firman-convenio-con-holley-group-para-el-establecimiento-de-un-parque-industrial-en-yucatan\\\/\"},\"author\":{\"name\":\"Redes\",\"@id\":\"https:\\\/\\\/www.yucatanencorto.com\\\/noticias\\\/#\\\/schema\\\/person\\\/e2fbdfaf30a07014a43940ce989f3119\"},\"headline\":\"Firman convenio con Holley Group para el establecimiento de un parque industrial en Yucat\u00e1n\",\"datePublished\":\"2023-07-21T20:52:45+00:00\",\"mainEntityOfPage\":{\"@id\":\"https:\\\/\\\/www.yucatanencorto.com\\\/noticias\\\/firman-convenio-con-holley-group-para-el-establecimiento-de-un-parque-industrial-en-yucatan\\\/\"},\"wordCount\":1214,\"image\":{\"@id\":\"https:\\\/\\\/www.yucatanencorto.com\\\/noticias\\\/firman-convenio-con-holley-group-para-el-establecimiento-de-un-parque-industrial-en-yucatan\\\/#primaryimage\"},\"thumbnailUrl\":\"https:\\\/\\\/www.yucatanencorto.com\\\/noticias\\\/wp-content\\\/uploads\\\/2023\\\/07\\\/WhatsApp-Image-2023-07-21-at-14.12.15-scaled.jpeg\",\"articleSection\":[\"Yucat\u00e1n\"],\"inLanguage\":\"es\"},{\"@type\":\"WebPage\",\"@id\":\"https:\\\/\\\/www.yucatanencorto.com\\\/noticias\\\/firman-convenio-con-holley-group-para-el-establecimiento-de-un-parque-industrial-en-yucatan\\\/\",\"url\":\"https:\\\/\\\/www.yucatanencorto.com\\\/noticias\\\/firman-convenio-con-holley-group-para-el-establecimiento-de-un-parque-industrial-en-yucatan\\\/\",\"name\":\"Firman convenio con Holley Group para el establecimiento de un parque industrial en Yucat\u00e1n - Yucat\u00e1n en corto\",\"isPartOf\":{\"@id\":\"https:\\\/\\\/www.yucatanencorto.com\\\/noticias\\\/#website\"},\"primaryImageOfPage\":{\"@id\":\"https:\\\/\\\/www.yucatanencorto.com\\\/noticias\\\/firman-convenio-con-holley-group-para-el-establecimiento-de-un-parque-industrial-en-yucatan\\\/#primaryimage\"},\"image\":{\"@id\":\"https:\\\/\\\/www.yucatanencorto.com\\\/noticias\\\/firman-convenio-con-holley-group-para-el-establecimiento-de-un-parque-industrial-en-yucatan\\\/#primaryimage\"},\"thumbnailUrl\":\"https:\\\/\\\/www.yucatanencorto.com\\\/noticias\\\/wp-content\\\/uploads\\\/2023\\\/07\\\/WhatsApp-Image-2023-07-21-at-14.12.15-scaled.jpeg\",\"datePublished\":\"2023-07-21T20:52:45+00:00\",\"author\":{\"@id\":\"https:\\\/\\\/www.yucatanencorto.com\\\/noticias\\\/#\\\/schema\\\/person\\\/e2fbdfaf30a07014a43940ce989f3119\"},\"breadcrumb\":{\"@id\":\"https:\\\/\\\/www.yucatanencorto.com\\\/noticias\\\/firman-convenio-con-holley-group-para-el-establecimiento-de-un-parque-industrial-en-yucatan\\\/#breadcrumb\"},\"inLanguage\":\"es\",\"potentialAction\":[{\"@type\":\"ReadAction\",\"target\":[\"https:\\\/\\\/www.yucatanencorto.com\\\/noticias\\\/firman-convenio-con-holley-group-para-el-establecimiento-de-un-parque-industrial-en-yucatan\\\/\"]}]},{\"@type\":\"ImageObject\",\"inLanguage\":\"es\",\"@id\":\"https:\\\/\\\/www.yucatanencorto.com\\\/noticias\\\/firman-convenio-con-holley-group-para-el-establecimiento-de-un-parque-industrial-en-yucatan\\\/#primaryimage\",\"url\":\"https:\\\/\\\/www.yucatanencorto.com\\\/noticias\\\/wp-content\\\/uploads\\\/2023\\\/07\\\/WhatsApp-Image-2023-07-21-at-14.12.15-scaled.jpeg\",\"contentUrl\":\"https:\\\/\\\/www.yucatanencorto.com\\\/noticias\\\/wp-content\\\/uploads\\\/2023\\\/07\\\/WhatsApp-Image-2023-07-21-at-14.12.15-scaled.jpeg\",\"width\":768,\"height\":580},{\"@type\":\"BreadcrumbList\",\"@id\":\"https:\\\/\\\/www.yucatanencorto.com\\\/noticias\\\/firman-convenio-con-holley-group-para-el-establecimiento-de-un-parque-industrial-en-yucatan\\\/#breadcrumb\",\"itemListElement\":[{\"@type\":\"ListItem\",\"position\":1,\"name\":\"Portada\",\"item\":\"https:\\\/\\\/www.yucatanencorto.com\\\/noticias\\\/\"},{\"@type\":\"ListItem\",\"position\":2,\"name\":\"Firman convenio con Holley Group para el establecimiento de un parque industrial en Yucat\u00e1n\"}]},{\"@type\":\"WebSite\",\"@id\":\"https:\\\/\\\/www.yucatanencorto.com\\\/noticias\\\/#website\",\"url\":\"https:\\\/\\\/www.yucatanencorto.com\\\/noticias\\\/\",\"name\":\"Yucat\u00e1n en corto\",\"description\":\"Noticias\",\"potentialAction\":[{\"@type\":\"SearchAction\",\"target\":{\"@type\":\"EntryPoint\",\"urlTemplate\":\"https:\\\/\\\/www.yucatanencorto.com\\\/noticias\\\/?s={search_term_string}\"},\"query-input\":{\"@type\":\"PropertyValueSpecification\",\"valueRequired\":true,\"valueName\":\"search_term_string\"}}],\"inLanguage\":\"es\"},{\"@type\":\"Person\",\"@id\":\"https:\\\/\\\/www.yucatanencorto.com\\\/noticias\\\/#\\\/schema\\\/person\\\/e2fbdfaf30a07014a43940ce989f3119\",\"name\":\"Redes\",\"image\":{\"@type\":\"ImageObject\",\"inLanguage\":\"es\",\"@id\":\"https:\\\/\\\/secure.gravatar.com\\\/avatar\\\/5931a2d21dd7cc834f44c8c34fe56d90ed6d536ef452cbf870c7485b524dddd7?s=96&d=mm&r=g\",\"url\":\"https:\\\/\\\/secure.gravatar.com\\\/avatar\\\/5931a2d21dd7cc834f44c8c34fe56d90ed6d536ef452cbf870c7485b524dddd7?s=96&d=mm&r=g\",\"contentUrl\":\"https:\\\/\\\/secure.gravatar.com\\\/avatar\\\/5931a2d21dd7cc834f44c8c34fe56d90ed6d536ef452cbf870c7485b524dddd7?s=96&d=mm&r=g\",\"caption\":\"Redes\"},\"url\":\"https:\\\/\\\/www.yucatanencorto.com\\\/noticias\\\/author\\\/redes\\\/\"}]}<\/script>\n<!-- \/ Yoast SEO plugin. -->","yoast_head_json":{"title":"Firman convenio con Holley Group para el establecimiento de un parque industrial en Yucat\u00e1n - Yucat\u00e1n en corto","robots":{"index":"index","follow":"follow","max-snippet":"max-snippet:-1","max-image-preview":"max-image-preview:large","max-video-preview":"max-video-preview:-1"},"canonical":"https:\/\/www.yucatanencorto.com\/noticias\/firman-convenio-con-holley-group-para-el-establecimiento-de-un-parque-industrial-en-yucatan\/","og_locale":"es_ES","og_type":"article","og_title":"Firman convenio con Holley Group para el establecimiento de un parque industrial en Yucat\u00e1n - Yucat\u00e1n en corto","og_description":"Hangzhou, China, 21 de julio de 2023.- Las gestiones y promoci\u00f3n internacional de Yucat\u00e1n que realiza el Gobernador Mauricio Vila Dosal se ven concretadas en la misi\u00f3n comercial que realiza por China, luego de firmar con la empresa Holley Global una carta de intenci\u00f3n para que la compa\u00f1\u00eda asi\u00e1tica llegue a Yucat\u00e1n y establezca un [&hellip;]","og_url":"https:\/\/www.yucatanencorto.com\/noticias\/firman-convenio-con-holley-group-para-el-establecimiento-de-un-parque-industrial-en-yucatan\/","og_site_name":"Yucat\u00e1n en corto","article_publisher":"http:\/\/www.facebook.com\/yucatanencorto","article_published_time":"2023-07-21T20:52:45+00:00","og_image":[{"width":768,"height":580,"url":"https:\/\/www.yucatanencorto.com\/noticias\/wp-content\/uploads\/2023\/07\/WhatsApp-Image-2023-07-21-at-14.12.15-scaled.jpeg","type":"image\/jpeg"}],"author":"Redes","twitter_card":"summary_large_image","twitter_creator":"@yucatanencorto","twitter_site":"@yucatanencorto","twitter_misc":{"Escrito por":"Redes","Tiempo de lectura":"6 minutos"},"schema":{"@context":"https:\/\/schema.org","@graph":[{"@type":"Article","@id":"https:\/\/www.yucatanencorto.com\/noticias\/firman-convenio-con-holley-group-para-el-establecimiento-de-un-parque-industrial-en-yucatan\/#article","isPartOf":{"@id":"https:\/\/www.yucatanencorto.com\/noticias\/firman-convenio-con-holley-group-para-el-establecimiento-de-un-parque-industrial-en-yucatan\/"},"author":{"name":"Redes","@id":"https:\/\/www.yucatanencorto.com\/noticias\/#\/schema\/person\/e2fbdfaf30a07014a43940ce989f3119"},"headline":"Firman convenio con Holley Group para el establecimiento de un parque industrial en Yucat\u00e1n","datePublished":"2023-07-21T20:52:45+00:00","mainEntityOfPage":{"@id":"https:\/\/www.yucatanencorto.com\/noticias\/firman-convenio-con-holley-group-para-el-establecimiento-de-un-parque-industrial-en-yucatan\/"},"wordCount":1214,"image":{"@id":"https:\/\/www.yucatanencorto.com\/noticias\/firman-convenio-con-holley-group-para-el-establecimiento-de-un-parque-industrial-en-yucatan\/#primaryimage"},"thumbnailUrl":"https:\/\/www.yucatanencorto.com\/noticias\/wp-content\/uploads\/2023\/07\/WhatsApp-Image-2023-07-21-at-14.12.15-scaled.jpeg","articleSection":["Yucat\u00e1n"],"inLanguage":"es"},{"@type":"WebPage","@id":"https:\/\/www.yucatanencorto.com\/noticias\/firman-convenio-con-holley-group-para-el-establecimiento-de-un-parque-industrial-en-yucatan\/","url":"https:\/\/www.yucatanencorto.com\/noticias\/firman-convenio-con-holley-group-para-el-establecimiento-de-un-parque-industrial-en-yucatan\/","name":"Firman convenio con Holley Group para el establecimiento de un parque industrial en Yucat\u00e1n - Yucat\u00e1n en corto","isPartOf":{"@id":"https:\/\/www.yucatanencorto.com\/noticias\/#website"},"primaryImageOfPage":{"@id":"https:\/\/www.yucatanencorto.com\/noticias\/firman-convenio-con-holley-group-para-el-establecimiento-de-un-parque-industrial-en-yucatan\/#primaryimage"},"image":{"@id":"https:\/\/www.yucatanencorto.com\/noticias\/firman-convenio-con-holley-group-para-el-establecimiento-de-un-parque-industrial-en-yucatan\/#primaryimage"},"thumbnailUrl":"https:\/\/www.yucatanencorto.com\/noticias\/wp-content\/uploads\/2023\/07\/WhatsApp-Image-2023-07-21-at-14.12.15-scaled.jpeg","datePublished":"2023-07-21T20:52:45+00:00","author":{"@id":"https:\/\/www.yucatanencorto.com\/noticias\/#\/schema\/person\/e2fbdfaf30a07014a43940ce989f3119"},"breadcrumb":{"@id":"https:\/\/www.yucatanencorto.com\/noticias\/firman-convenio-con-holley-group-para-el-establecimiento-de-un-parque-industrial-en-yucatan\/#breadcrumb"},"inLanguage":"es","potentialAction":[{"@type":"ReadAction","target":["https:\/\/www.yucatanencorto.com\/noticias\/firman-convenio-con-holley-group-para-el-establecimiento-de-un-parque-industrial-en-yucatan\/"]}]},{"@type":"ImageObject","inLanguage":"es","@id":"https:\/\/www.yucatanencorto.com\/noticias\/firman-convenio-con-holley-group-para-el-establecimiento-de-un-parque-industrial-en-yucatan\/#primaryimage","url":"https:\/\/www.yucatanencorto.com\/noticias\/wp-content\/uploads\/2023\/07\/WhatsApp-Image-2023-07-21-at-14.12.15-scaled.jpeg","contentUrl":"https:\/\/www.yucatanencorto.com\/noticias\/wp-content\/uploads\/2023\/07\/WhatsApp-Image-2023-07-21-at-14.12.15-scaled.jpeg","width":768,"height":580},{"@type":"BreadcrumbList","@id":"https:\/\/www.yucatanencorto.com\/noticias\/firman-convenio-con-holley-group-para-el-establecimiento-de-un-parque-industrial-en-yucatan\/#breadcrumb","itemListElement":[{"@type":"ListItem","position":1,"name":"Portada","item":"https:\/\/www.yucatanencorto.com\/noticias\/"},{"@type":"ListItem","position":2,"name":"Firman convenio con Holley Group para el establecimiento de un parque industrial en Yucat\u00e1n"}]},{"@type":"WebSite","@id":"https:\/\/www.yucatanencorto.com\/noticias\/#website","url":"https:\/\/www.yucatanencorto.com\/noticias\/","name":"Yucat\u00e1n en corto","description":"Noticias","potentialAction":[{"@type":"SearchAction","target":{"@type":"EntryPoint","urlTemplate":"https:\/\/www.yucatanencorto.com\/noticias\/?s={search_term_string}"},"query-input":{"@type":"PropertyValueSpecification","valueRequired":true,"valueName":"search_term_string"}}],"inLanguage":"es"},{"@type":"Person","@id":"https:\/\/www.yucatanencorto.com\/noticias\/#\/schema\/person\/e2fbdfaf30a07014a43940ce989f3119","name":"Redes","image":{"@type":"ImageObject","inLanguage":"es","@id":"https:\/\/secure.gravatar.com\/avatar\/5931a2d21dd7cc834f44c8c34fe56d90ed6d536ef452cbf870c7485b524dddd7?s=96&d=mm&r=g","url":"https:\/\/secure.gravatar.com\/avatar\/5931a2d21dd7cc834f44c8c34fe56d90ed6d536ef452cbf870c7485b524dddd7?s=96&d=mm&r=g","contentUrl":"https:\/\/secure.gravatar.com\/avatar\/5931a2d21dd7cc834f44c8c34fe56d90ed6d536ef452cbf870c7485b524dddd7?s=96&d=mm&r=g","caption":"Redes"},"url":"https:\/\/www.yucatanencorto.com\/noticias\/author\/redes\/"}]}},"_links":{"self":[{"href":"https:\/\/www.yucatanencorto.com\/noticias\/wp-json\/wp\/v2\/posts\/99208","targetHints":{"allow":["GET"]}}],"collection":[{"href":"https:\/\/www.yucatanencorto.com\/noticias\/wp-json\/wp\/v2\/posts"}],"about":[{"href":"https:\/\/www.yucatanencorto.com\/noticias\/wp-json\/wp\/v2\/types\/post"}],"author":[{"embeddable":true,"href":"https:\/\/www.yucatanencorto.com\/noticias\/wp-json\/wp\/v2\/users\/3"}],"replies":[{"embeddable":true,"href":"https:\/\/www.yucatanencorto.com\/noticias\/wp-json\/wp\/v2\/comments?post=99208"}],"version-history":[{"count":0,"href":"https:\/\/www.yucatanencorto.com\/noticias\/wp-json\/wp\/v2\/posts\/99208\/revisions"}],"wp:featuredmedia":[{"embeddable":true,"href":"https:\/\/www.yucatanencorto.com\/noticias\/wp-json\/wp\/v2\/media\/99209"}],"wp:attachment":[{"href":"https:\/\/www.yucatanencorto.com\/noticias\/wp-json\/wp\/v2\/media?parent=99208"}],"wp:term":[{"taxonomy":"category","embeddable":true,"href":"https:\/\/www.yucatanencorto.com\/noticias\/wp-json\/wp\/v2\/categories?post=99208"},{"taxonomy":"post_tag","embeddable":true,"href":"https:\/\/www.yucatanencorto.com\/noticias\/wp-json\/wp\/v2\/tags?post=99208"}],"curies":[{"name":"wp","href":"https:\/\/api.w.org\/{rel}","templated":true}]}}