{"id":99218,"date":"2023-07-21T20:32:29","date_gmt":"2023-07-22T02:32:29","guid":{"rendered":"https:\/\/www.yucatanencorto.com\/noticias\/?p=99218"},"modified":"2023-07-21T20:32:29","modified_gmt":"2023-07-22T02:32:29","slug":"el-ie-tram-llega-al-kukulcan-alamo","status":"publish","type":"post","link":"https:\/\/www.yucatanencorto.com\/noticias\/el-ie-tram-llega-al-kukulcan-alamo\/","title":{"rendered":"El Ie-Tram llega al Kukulc\u00e1n-\u00c1lamo."},"content":{"rendered":"<p dir=\"ltr\" data-originalfontsize=\"16px\" data-originalcomputedfontsize=\"16\"><img loading=\"lazy\" decoding=\"async\" class=\"alignnone size-full wp-image-99219\" src=\"https:\/\/www.yucatanencorto.com\/noticias\/wp-content\/uploads\/2023\/07\/IMG_2903-scaled.jpeg\" alt=\"\" width=\"768\" height=\"510\" srcset=\"https:\/\/www.yucatanencorto.com\/noticias\/wp-content\/uploads\/2023\/07\/IMG_2903-scaled.jpeg 768w, https:\/\/www.yucatanencorto.com\/noticias\/wp-content\/uploads\/2023\/07\/IMG_2903-696x462.jpeg 696w, https:\/\/www.yucatanencorto.com\/noticias\/wp-content\/uploads\/2023\/07\/IMG_2903-1068x709.jpeg 1068w, https:\/\/www.yucatanencorto.com\/noticias\/wp-content\/uploads\/2023\/07\/IMG_2903-633x420.jpeg 633w\" sizes=\"auto, (max-width: 768px) 100vw, 768px\" \/><\/p>\n<p dir=\"ltr\" data-originalfontsize=\"16px\" data-originalcomputedfontsize=\"16\">\nM\u00e9rida, Yucat\u00e1n, 21 de julio de 2023.- Aficionados al b\u00e9isbol y p\u00fablico en general podr\u00e1n conocer de primera mano y experimentar los beneficios y comodidades con las que cuenta la moderna unidad de prueba del Ie-Tram, transporte p\u00fablico 100% el\u00e9ctrica, la cual se encuentra en exhibici\u00f3n desde este viernes y hasta el domingo 23, a las puertas del Parque Kukulc\u00e1n Alamo de esta ciudad, casa del equipo Leones de Yucat\u00e1n de la Liga Mexicana de B\u00e9isbol (LMB).<\/p>\n<div><\/div>\n<p dir=\"ltr\" data-originalfontsize=\"16px\" data-originalcomputedfontsize=\"16\">Ah\u00ed, se encontraba Teresita Gamboa Gamboa quien calific\u00f3 como formidable el contar con estos modernos veh\u00edculos el\u00e9ctricos, los cuales destac\u00f3, contribuir\u00e1n a una movilidad m\u00e1s eficiente y c\u00f3moda para los usuarios del transporte p\u00fablico.<\/p>\n<div><\/div>\n<p dir=\"ltr\" data-originalfontsize=\"16px\" data-originalcomputedfontsize=\"16\">\u00abQu\u00e9 bueno que vayamos avanzando con esta tecnolog\u00eda y la verdad esperemos que la gente lo valore y cuide porque, a final de cuentas, nos va a servir para trasladarnos de un lugar a otro, lo cual va a repercutir en reducir tiempos\u00bb, explic\u00f3 la ama de casa.<\/p>\n<div><\/div>\n<p dir=\"ltr\" data-originalfontsize=\"16px\" data-originalcomputedfontsize=\"16\">Respecto a la transformaci\u00f3n del servicio del transporte\u00a0 p\u00fablico que impulsa el Gobernador Mauricio Vila Dosal, la mujer asegur\u00f3 que es muy importante que se cambien y renueven las unidades porque las antiguas, dijo, contaminan mucho el ambiente y algunas se encuentran en p\u00e9simo estado.<\/p>\n<div><\/div>\n<p dir=\"ltr\" data-originalfontsize=\"16px\" data-originalcomputedfontsize=\"16\">\u00abEstos veh\u00edculos son el\u00e9ctricos y me imagino que as\u00ed vamos a evitar muchos contaminantes y tendremos ahorros. Qu\u00e9 bueno, porque eso va a ayudar a tener un ambiente limpio y mejor aire para respirar\u00bb.<\/p>\n<div><\/div>\n<p dir=\"ltr\" data-originalfontsize=\"16px\" data-originalcomputedfontsize=\"16\">\u00abQu\u00e9 sigan avanzando en este sentido y que los ciudadanos lo cuiden. A m\u00ed y a mi familia nos va a ser \u00fatil, ya que vivimos en el fraccionamiento Los H\u00e9roes, y esta ruta s\u00e9 que pasar\u00e1 por ah\u00ed para dirigirse a Teya\u00bb, subray\u00f3 Teresita Gamboa.<\/p>\n<div><\/div>\n<p dir=\"ltr\" data-originalfontsize=\"16px\" data-originalcomputedfontsize=\"16\">Como parte de las acciones que impulsa el Gobernador Mauricio Vila Dosal para transformar el servicio p\u00fablico de transporte en la entidad, la unidad de Ie-Tram se estar\u00e1 exhibiendo en diversos puntos de la capital con el objetivo de que las y los yucatecos puedan comenzar a familiarizarse con las bondades que ofrece este novedoso veh\u00edculo el\u00e9ctrico que actualmente solo circula en algunas ciudades de Europa y de Medio Oriente.<\/p>\n<div><\/div>\n<p dir=\"ltr\" data-originalfontsize=\"16px\" data-originalcomputedfontsize=\"16\">Tal fue el caso de Hern\u00e1n S\u00e1nchez Ju\u00e1rez, oriundo de Monterrey, Nuevo Le\u00f3n, quien se dijo admirado por esta moderna e inclusiva unidad, la cual asegur\u00f3 no existe nada similar en su estado de origen.<\/p>\n<div><\/div>\n<p dir=\"ltr\" data-originalfontsize=\"16px\" data-originalcomputedfontsize=\"16\">\u00abYa quisi\u00e9ramos tener este tipo de veh\u00edculos en mi ciudad. Mauricio Vila est\u00e1 haciendo un gran trabajo por Yucat\u00e1n, porque la modernizaci\u00f3n se nota. Yo estuve aqu\u00ed hace cinco a\u00f1os y se ve el cambio, que es de aplaudirse porque los yucatecos merecen esto; tener una movilidad moderna, diferente y pr\u00e1ctica. Creo que el Ie-Tram es una gran soluci\u00f3n, sobre todo por el tema ecol\u00f3gico y el medio ambiente que es algo que nos toca a todos\u00bb, asegur\u00f3 el joven.<\/p>\n<div><\/div>\n<p dir=\"ltr\" data-originalfontsize=\"16px\" data-originalcomputedfontsize=\"16\">El neoleon\u00e9s se dijo complacido de notar los cambios en nuestra entidad, y las caracter\u00edsticas de estos veh\u00edculos, los cuales resalt\u00f3, son inclusivos y ecol\u00f3gicos por lo que favorecen la movilidad de todos y todas.<\/p>\n<div><\/div>\n<p dir=\"ltr\" data-originalfontsize=\"16px\" data-originalcomputedfontsize=\"16\">\u00abEn Monterrey no tenemos nada as\u00ed y esperemos que se pueda implementar, pero el hecho de que ahora est\u00e9 disponible en Yucat\u00e1n y ser testigo de todo esto, es muy bueno. Ten\u00eda curiosidad de conocerlo por dentro y es muy bonito; sin palabras, s\u00e9 que la gente lo va a disfrutar mucho\u00bb, destac\u00f3.<\/p>\n<div><\/div>\n<p dir=\"ltr\" data-originalfontsize=\"16px\" data-originalcomputedfontsize=\"16\">Para concluir, Hern\u00e1n S\u00e1nchez envi\u00f3 felicitaciones al Gobernador por todo lo que est\u00e1 haciendo por la comunidad Yucateca, \u00aby no solo por el Ie-Tram, sino por todas las obras que se est\u00e1n realizando con lo que se ha logrado posicionar a la entidad entre las m\u00e1s importante del pa\u00eds. Es bueno que Vila tenga esa visi\u00f3n\u00bb, finaliz\u00f3.<\/p>\n<div><\/div>\n<p dir=\"ltr\" data-originalfontsize=\"16px\" data-originalcomputedfontsize=\"16\">Antes de estar en el parque Kukulc\u00e1n \u00c1lamo, la unidad de prueba del Ietram ya se exhibi\u00f3 en los municipios de Kanas\u00edn y Um\u00e1n, as\u00ed como en la Plaza Grande de M\u00e9rida, donde miles de ciudadanos pudieron conocer los beneficios de estas unidades el\u00e9ctricas de transporte p\u00fablico, al ver de cerca este autob\u00fas sustentable con el que la administraci\u00f3n de Vila Dosal transforma la movilidad en nuestro estado para beneficio de las y los yucatecos, as\u00ed como de los visitantes que podr\u00e1n hacer uso de este moderno servicio.<\/p>\n<div><\/div>\n<p dir=\"ltr\" data-originalfontsize=\"16px\" data-originalcomputedfontsize=\"16\">Cabe recordar que, en d\u00edas pasados, a bordo de la unidad de prueba del Ie-Tram, el Gobernador realiz\u00f3 un recorrido de prueba por el primer tramo de este proyecto, que va del Gran Parque de la Plancha al Anillo Perif\u00e9rico, sobre la calle 36, para constatar los trabajos preliminares de este moderno transporte p\u00fablico, que ser\u00e1 100% el\u00e9ctrico, \u00fanico en Latinoam\u00e9rica y ofrecer\u00e1 una opci\u00f3n de movilidad eficiente, moderna y segura, a las y los yucatecos.<\/p>\n<div><\/div>\n<p dir=\"ltr\" data-originalfontsize=\"16px\" data-originalcomputedfontsize=\"16\">Cada una de las unidades podr\u00e1 llevar hasta 105 pasajeros, de los cuales, 33 ir\u00e1n sentados, con un rendimiento de hasta 400 kil\u00f3metros, adem\u00e1s de que generan 0 emisiones de carbono y miden 12 metros de largo. Cuentan con 11 c\u00e1maras de visi\u00f3n 360 grados y 5 internas para mayor seguridad; bater\u00edas modulares, dise\u00f1adas para adecuarse a varias necesidades; aire acondicionado especial para veh\u00edculos el\u00e9ctricos; control para regular la velocidad; cargadores USB, y geolocalizador.<\/p>\n<div><\/div>\n<p dir=\"ltr\" data-originalfontsize=\"16px\" data-originalcomputedfontsize=\"16\">En este sentido, tambi\u00e9n se efect\u00faan acciones de Arborizando Yucat\u00e1n, que se incluye en este proyecto; y en su primera fase contempla la siembra de m\u00e1s de 1,500 ejemplares, a lo largo del tramo que va sobre la calle 39, y con este plan se ha plantado m\u00e1s de 800,000 unidades en todo el estado.<\/p>\n<div><\/div>\n<p dir=\"ltr\" data-originalfontsize=\"16px\" data-originalcomputedfontsize=\"16\">Es importante resaltar que, para la implementaci\u00f3n del Ie-Tram, se realizar\u00e1 un refuerzo integral de la infraestructura vial, con m\u00e1s de 100 kil\u00f3metros de carriles nuevos y preferentes para transporte, as\u00ed como la el\u00e9ctrica de carga, con accesibilidad en unidades, ruta y paraderos, e instalaciones complementarias en el Centro de la capital, para conectar con rutas actuales y mejorar tanto la circulaci\u00f3n como la imagen de este punto.<\/p>\n<div><\/div>\n<p dir=\"ltr\" data-originalfontsize=\"16px\" data-originalcomputedfontsize=\"16\">De igual manera, se fortalecer\u00e1 la movilidad en el territorio, al conectar 3 demarcaciones, m\u00e1s de 137 colonias, 80 rutas existentes y 20 puntos tur\u00edsticos, al tiempo que se reduce la contaminaci\u00f3n por ruido, y el di\u00f3xido de carbono que absorben equivale a arriba de 170,000 \u00e1rboles plantados durante 10 a\u00f1os.<\/p>\n<div><\/div>\n<p dir=\"ltr\" data-originalfontsize=\"16px\" data-originalcomputedfontsize=\"16\">Recorrer\u00e1n 100 kil\u00f3metros las 32 unidades, en 5 trayectos de alta demanda, que vincular\u00e1n el primer cuadro de M\u00e9rida con la Facultad de Ingenier\u00eda de la Universidad Aut\u00f3noma de Yucat\u00e1n (UADY), Um\u00e1n, Kanas\u00edn, Poxil\u00e1 y Teya.<\/p>\n<div><\/div>\n<p dir=\"ltr\" data-originalfontsize=\"16px\" data-originalcomputedfontsize=\"16\">De esta forma, el Gobierno del Estado busca promover una entidad m\u00e1s verde y a su vez, continuar con la transformaci\u00f3n de este servicio p\u00fablico, ya que esta iniciativa ser\u00e1 la primera y \u00fanica ruta 100% el\u00e9ctrica en Am\u00e9rica Latina, ya que contar\u00e1 con el uso de veh\u00edculos, que actualmente, solo circulan en algunas ciudades de Europa as\u00ed como en Medio Oriente, como Catar y Emiratos \u00c1rabes Unidos.<\/p>\n","protected":false},"excerpt":{"rendered":"<p>M\u00e9rida, Yucat\u00e1n, 21 de julio de 2023.- Aficionados al b\u00e9isbol y p\u00fablico en general podr\u00e1n conocer de primera mano y experimentar los beneficios y comodidades con las que cuenta la moderna unidad de prueba del Ie-Tram, transporte p\u00fablico 100% el\u00e9ctrica, la cual se encuentra en exhibici\u00f3n desde este viernes y hasta el domingo 23, a [&hellip;]<\/p>\n","protected":false},"author":3,"featured_media":99219,"comment_status":"closed","ping_status":"closed","sticky":false,"template":"","format":"standard","meta":{"footnotes":""},"categories":[3],"tags":[],"class_list":{"0":"post-99218","1":"post","2":"type-post","3":"status-publish","4":"format-standard","5":"has-post-thumbnail","7":"category-yucatan"},"yoast_head":"<!-- This site is optimized with the Yoast SEO plugin v27.4 - https:\/\/yoast.com\/product\/yoast-seo-wordpress\/ -->\n<title>El Ie-Tram llega al Kukulc\u00e1n-\u00c1lamo. - Yucat\u00e1n en corto<\/title>\n<meta name=\"robots\" content=\"index, follow, max-snippet:-1, max-image-preview:large, max-video-preview:-1\" \/>\n<link rel=\"canonical\" href=\"https:\/\/www.yucatanencorto.com\/noticias\/el-ie-tram-llega-al-kukulcan-alamo\/\" \/>\n<meta property=\"og:locale\" content=\"es_ES\" \/>\n<meta property=\"og:type\" content=\"article\" \/>\n<meta property=\"og:title\" content=\"El Ie-Tram llega al Kukulc\u00e1n-\u00c1lamo. - Yucat\u00e1n en corto\" \/>\n<meta property=\"og:description\" content=\"M\u00e9rida, Yucat\u00e1n, 21 de julio de 2023.- Aficionados al b\u00e9isbol y p\u00fablico en general podr\u00e1n conocer de primera mano y experimentar los beneficios y comodidades con las que cuenta la moderna unidad de prueba del Ie-Tram, transporte p\u00fablico 100% el\u00e9ctrica, la cual se encuentra en exhibici\u00f3n desde este viernes y hasta el domingo 23, a [&hellip;]\" \/>\n<meta property=\"og:url\" content=\"https:\/\/www.yucatanencorto.com\/noticias\/el-ie-tram-llega-al-kukulcan-alamo\/\" \/>\n<meta property=\"og:site_name\" content=\"Yucat\u00e1n en corto\" \/>\n<meta property=\"article:publisher\" content=\"http:\/\/www.facebook.com\/yucatanencorto\" \/>\n<meta property=\"article:published_time\" content=\"2023-07-22T02:32:29+00:00\" \/>\n<meta property=\"og:image\" content=\"https:\/\/www.yucatanencorto.com\/noticias\/wp-content\/uploads\/2023\/07\/IMG_2903-scaled.jpeg\" \/>\n\t<meta property=\"og:image:width\" content=\"768\" \/>\n\t<meta property=\"og:image:height\" content=\"510\" \/>\n\t<meta property=\"og:image:type\" content=\"image\/jpeg\" \/>\n<meta name=\"author\" content=\"Redes\" \/>\n<meta name=\"twitter:card\" content=\"summary_large_image\" \/>\n<meta name=\"twitter:creator\" content=\"@yucatanencorto\" \/>\n<meta name=\"twitter:site\" content=\"@yucatanencorto\" \/>\n<meta name=\"twitter:label1\" content=\"Escrito por\" \/>\n\t<meta name=\"twitter:data1\" content=\"Redes\" \/>\n\t<meta name=\"twitter:label2\" content=\"Tiempo de lectura\" \/>\n\t<meta name=\"twitter:data2\" content=\"6 minutos\" \/>\n<script type=\"application\/ld+json\" class=\"yoast-schema-graph\">{\"@context\":\"https:\\\/\\\/schema.org\",\"@graph\":[{\"@type\":\"Article\",\"@id\":\"https:\\\/\\\/www.yucatanencorto.com\\\/noticias\\\/el-ie-tram-llega-al-kukulcan-alamo\\\/#article\",\"isPartOf\":{\"@id\":\"https:\\\/\\\/www.yucatanencorto.com\\\/noticias\\\/el-ie-tram-llega-al-kukulcan-alamo\\\/\"},\"author\":{\"name\":\"Redes\",\"@id\":\"https:\\\/\\\/www.yucatanencorto.com\\\/noticias\\\/#\\\/schema\\\/person\\\/e2fbdfaf30a07014a43940ce989f3119\"},\"headline\":\"El Ie-Tram llega al Kukulc\u00e1n-\u00c1lamo.\",\"datePublished\":\"2023-07-22T02:32:29+00:00\",\"mainEntityOfPage\":{\"@id\":\"https:\\\/\\\/www.yucatanencorto.com\\\/noticias\\\/el-ie-tram-llega-al-kukulcan-alamo\\\/\"},\"wordCount\":1215,\"image\":{\"@id\":\"https:\\\/\\\/www.yucatanencorto.com\\\/noticias\\\/el-ie-tram-llega-al-kukulcan-alamo\\\/#primaryimage\"},\"thumbnailUrl\":\"https:\\\/\\\/www.yucatanencorto.com\\\/noticias\\\/wp-content\\\/uploads\\\/2023\\\/07\\\/IMG_2903-scaled.jpeg\",\"articleSection\":[\"Yucat\u00e1n\"],\"inLanguage\":\"es\"},{\"@type\":\"WebPage\",\"@id\":\"https:\\\/\\\/www.yucatanencorto.com\\\/noticias\\\/el-ie-tram-llega-al-kukulcan-alamo\\\/\",\"url\":\"https:\\\/\\\/www.yucatanencorto.com\\\/noticias\\\/el-ie-tram-llega-al-kukulcan-alamo\\\/\",\"name\":\"El Ie-Tram llega al Kukulc\u00e1n-\u00c1lamo. - Yucat\u00e1n en corto\",\"isPartOf\":{\"@id\":\"https:\\\/\\\/www.yucatanencorto.com\\\/noticias\\\/#website\"},\"primaryImageOfPage\":{\"@id\":\"https:\\\/\\\/www.yucatanencorto.com\\\/noticias\\\/el-ie-tram-llega-al-kukulcan-alamo\\\/#primaryimage\"},\"image\":{\"@id\":\"https:\\\/\\\/www.yucatanencorto.com\\\/noticias\\\/el-ie-tram-llega-al-kukulcan-alamo\\\/#primaryimage\"},\"thumbnailUrl\":\"https:\\\/\\\/www.yucatanencorto.com\\\/noticias\\\/wp-content\\\/uploads\\\/2023\\\/07\\\/IMG_2903-scaled.jpeg\",\"datePublished\":\"2023-07-22T02:32:29+00:00\",\"author\":{\"@id\":\"https:\\\/\\\/www.yucatanencorto.com\\\/noticias\\\/#\\\/schema\\\/person\\\/e2fbdfaf30a07014a43940ce989f3119\"},\"breadcrumb\":{\"@id\":\"https:\\\/\\\/www.yucatanencorto.com\\\/noticias\\\/el-ie-tram-llega-al-kukulcan-alamo\\\/#breadcrumb\"},\"inLanguage\":\"es\",\"potentialAction\":[{\"@type\":\"ReadAction\",\"target\":[\"https:\\\/\\\/www.yucatanencorto.com\\\/noticias\\\/el-ie-tram-llega-al-kukulcan-alamo\\\/\"]}]},{\"@type\":\"ImageObject\",\"inLanguage\":\"es\",\"@id\":\"https:\\\/\\\/www.yucatanencorto.com\\\/noticias\\\/el-ie-tram-llega-al-kukulcan-alamo\\\/#primaryimage\",\"url\":\"https:\\\/\\\/www.yucatanencorto.com\\\/noticias\\\/wp-content\\\/uploads\\\/2023\\\/07\\\/IMG_2903-scaled.jpeg\",\"contentUrl\":\"https:\\\/\\\/www.yucatanencorto.com\\\/noticias\\\/wp-content\\\/uploads\\\/2023\\\/07\\\/IMG_2903-scaled.jpeg\",\"width\":768,\"height\":510},{\"@type\":\"BreadcrumbList\",\"@id\":\"https:\\\/\\\/www.yucatanencorto.com\\\/noticias\\\/el-ie-tram-llega-al-kukulcan-alamo\\\/#breadcrumb\",\"itemListElement\":[{\"@type\":\"ListItem\",\"position\":1,\"name\":\"Portada\",\"item\":\"https:\\\/\\\/www.yucatanencorto.com\\\/noticias\\\/\"},{\"@type\":\"ListItem\",\"position\":2,\"name\":\"El Ie-Tram llega al Kukulc\u00e1n-\u00c1lamo.\"}]},{\"@type\":\"WebSite\",\"@id\":\"https:\\\/\\\/www.yucatanencorto.com\\\/noticias\\\/#website\",\"url\":\"https:\\\/\\\/www.yucatanencorto.com\\\/noticias\\\/\",\"name\":\"Yucat\u00e1n en corto\",\"description\":\"Noticias\",\"potentialAction\":[{\"@type\":\"SearchAction\",\"target\":{\"@type\":\"EntryPoint\",\"urlTemplate\":\"https:\\\/\\\/www.yucatanencorto.com\\\/noticias\\\/?s={search_term_string}\"},\"query-input\":{\"@type\":\"PropertyValueSpecification\",\"valueRequired\":true,\"valueName\":\"search_term_string\"}}],\"inLanguage\":\"es\"},{\"@type\":\"Person\",\"@id\":\"https:\\\/\\\/www.yucatanencorto.com\\\/noticias\\\/#\\\/schema\\\/person\\\/e2fbdfaf30a07014a43940ce989f3119\",\"name\":\"Redes\",\"image\":{\"@type\":\"ImageObject\",\"inLanguage\":\"es\",\"@id\":\"https:\\\/\\\/secure.gravatar.com\\\/avatar\\\/5931a2d21dd7cc834f44c8c34fe56d90ed6d536ef452cbf870c7485b524dddd7?s=96&d=mm&r=g\",\"url\":\"https:\\\/\\\/secure.gravatar.com\\\/avatar\\\/5931a2d21dd7cc834f44c8c34fe56d90ed6d536ef452cbf870c7485b524dddd7?s=96&d=mm&r=g\",\"contentUrl\":\"https:\\\/\\\/secure.gravatar.com\\\/avatar\\\/5931a2d21dd7cc834f44c8c34fe56d90ed6d536ef452cbf870c7485b524dddd7?s=96&d=mm&r=g\",\"caption\":\"Redes\"},\"url\":\"https:\\\/\\\/www.yucatanencorto.com\\\/noticias\\\/author\\\/redes\\\/\"}]}<\/script>\n<!-- \/ Yoast SEO plugin. -->","yoast_head_json":{"title":"El Ie-Tram llega al Kukulc\u00e1n-\u00c1lamo. - Yucat\u00e1n en corto","robots":{"index":"index","follow":"follow","max-snippet":"max-snippet:-1","max-image-preview":"max-image-preview:large","max-video-preview":"max-video-preview:-1"},"canonical":"https:\/\/www.yucatanencorto.com\/noticias\/el-ie-tram-llega-al-kukulcan-alamo\/","og_locale":"es_ES","og_type":"article","og_title":"El Ie-Tram llega al Kukulc\u00e1n-\u00c1lamo. - Yucat\u00e1n en corto","og_description":"M\u00e9rida, Yucat\u00e1n, 21 de julio de 2023.- Aficionados al b\u00e9isbol y p\u00fablico en general podr\u00e1n conocer de primera mano y experimentar los beneficios y comodidades con las que cuenta la moderna unidad de prueba del Ie-Tram, transporte p\u00fablico 100% el\u00e9ctrica, la cual se encuentra en exhibici\u00f3n desde este viernes y hasta el domingo 23, a [&hellip;]","og_url":"https:\/\/www.yucatanencorto.com\/noticias\/el-ie-tram-llega-al-kukulcan-alamo\/","og_site_name":"Yucat\u00e1n en corto","article_publisher":"http:\/\/www.facebook.com\/yucatanencorto","article_published_time":"2023-07-22T02:32:29+00:00","og_image":[{"width":768,"height":510,"url":"https:\/\/www.yucatanencorto.com\/noticias\/wp-content\/uploads\/2023\/07\/IMG_2903-scaled.jpeg","type":"image\/jpeg"}],"author":"Redes","twitter_card":"summary_large_image","twitter_creator":"@yucatanencorto","twitter_site":"@yucatanencorto","twitter_misc":{"Escrito por":"Redes","Tiempo de lectura":"6 minutos"},"schema":{"@context":"https:\/\/schema.org","@graph":[{"@type":"Article","@id":"https:\/\/www.yucatanencorto.com\/noticias\/el-ie-tram-llega-al-kukulcan-alamo\/#article","isPartOf":{"@id":"https:\/\/www.yucatanencorto.com\/noticias\/el-ie-tram-llega-al-kukulcan-alamo\/"},"author":{"name":"Redes","@id":"https:\/\/www.yucatanencorto.com\/noticias\/#\/schema\/person\/e2fbdfaf30a07014a43940ce989f3119"},"headline":"El Ie-Tram llega al Kukulc\u00e1n-\u00c1lamo.","datePublished":"2023-07-22T02:32:29+00:00","mainEntityOfPage":{"@id":"https:\/\/www.yucatanencorto.com\/noticias\/el-ie-tram-llega-al-kukulcan-alamo\/"},"wordCount":1215,"image":{"@id":"https:\/\/www.yucatanencorto.com\/noticias\/el-ie-tram-llega-al-kukulcan-alamo\/#primaryimage"},"thumbnailUrl":"https:\/\/www.yucatanencorto.com\/noticias\/wp-content\/uploads\/2023\/07\/IMG_2903-scaled.jpeg","articleSection":["Yucat\u00e1n"],"inLanguage":"es"},{"@type":"WebPage","@id":"https:\/\/www.yucatanencorto.com\/noticias\/el-ie-tram-llega-al-kukulcan-alamo\/","url":"https:\/\/www.yucatanencorto.com\/noticias\/el-ie-tram-llega-al-kukulcan-alamo\/","name":"El Ie-Tram llega al Kukulc\u00e1n-\u00c1lamo. - Yucat\u00e1n en corto","isPartOf":{"@id":"https:\/\/www.yucatanencorto.com\/noticias\/#website"},"primaryImageOfPage":{"@id":"https:\/\/www.yucatanencorto.com\/noticias\/el-ie-tram-llega-al-kukulcan-alamo\/#primaryimage"},"image":{"@id":"https:\/\/www.yucatanencorto.com\/noticias\/el-ie-tram-llega-al-kukulcan-alamo\/#primaryimage"},"thumbnailUrl":"https:\/\/www.yucatanencorto.com\/noticias\/wp-content\/uploads\/2023\/07\/IMG_2903-scaled.jpeg","datePublished":"2023-07-22T02:32:29+00:00","author":{"@id":"https:\/\/www.yucatanencorto.com\/noticias\/#\/schema\/person\/e2fbdfaf30a07014a43940ce989f3119"},"breadcrumb":{"@id":"https:\/\/www.yucatanencorto.com\/noticias\/el-ie-tram-llega-al-kukulcan-alamo\/#breadcrumb"},"inLanguage":"es","potentialAction":[{"@type":"ReadAction","target":["https:\/\/www.yucatanencorto.com\/noticias\/el-ie-tram-llega-al-kukulcan-alamo\/"]}]},{"@type":"ImageObject","inLanguage":"es","@id":"https:\/\/www.yucatanencorto.com\/noticias\/el-ie-tram-llega-al-kukulcan-alamo\/#primaryimage","url":"https:\/\/www.yucatanencorto.com\/noticias\/wp-content\/uploads\/2023\/07\/IMG_2903-scaled.jpeg","contentUrl":"https:\/\/www.yucatanencorto.com\/noticias\/wp-content\/uploads\/2023\/07\/IMG_2903-scaled.jpeg","width":768,"height":510},{"@type":"BreadcrumbList","@id":"https:\/\/www.yucatanencorto.com\/noticias\/el-ie-tram-llega-al-kukulcan-alamo\/#breadcrumb","itemListElement":[{"@type":"ListItem","position":1,"name":"Portada","item":"https:\/\/www.yucatanencorto.com\/noticias\/"},{"@type":"ListItem","position":2,"name":"El Ie-Tram llega al Kukulc\u00e1n-\u00c1lamo."}]},{"@type":"WebSite","@id":"https:\/\/www.yucatanencorto.com\/noticias\/#website","url":"https:\/\/www.yucatanencorto.com\/noticias\/","name":"Yucat\u00e1n en corto","description":"Noticias","potentialAction":[{"@type":"SearchAction","target":{"@type":"EntryPoint","urlTemplate":"https:\/\/www.yucatanencorto.com\/noticias\/?s={search_term_string}"},"query-input":{"@type":"PropertyValueSpecification","valueRequired":true,"valueName":"search_term_string"}}],"inLanguage":"es"},{"@type":"Person","@id":"https:\/\/www.yucatanencorto.com\/noticias\/#\/schema\/person\/e2fbdfaf30a07014a43940ce989f3119","name":"Redes","image":{"@type":"ImageObject","inLanguage":"es","@id":"https:\/\/secure.gravatar.com\/avatar\/5931a2d21dd7cc834f44c8c34fe56d90ed6d536ef452cbf870c7485b524dddd7?s=96&d=mm&r=g","url":"https:\/\/secure.gravatar.com\/avatar\/5931a2d21dd7cc834f44c8c34fe56d90ed6d536ef452cbf870c7485b524dddd7?s=96&d=mm&r=g","contentUrl":"https:\/\/secure.gravatar.com\/avatar\/5931a2d21dd7cc834f44c8c34fe56d90ed6d536ef452cbf870c7485b524dddd7?s=96&d=mm&r=g","caption":"Redes"},"url":"https:\/\/www.yucatanencorto.com\/noticias\/author\/redes\/"}]}},"_links":{"self":[{"href":"https:\/\/www.yucatanencorto.com\/noticias\/wp-json\/wp\/v2\/posts\/99218","targetHints":{"allow":["GET"]}}],"collection":[{"href":"https:\/\/www.yucatanencorto.com\/noticias\/wp-json\/wp\/v2\/posts"}],"about":[{"href":"https:\/\/www.yucatanencorto.com\/noticias\/wp-json\/wp\/v2\/types\/post"}],"author":[{"embeddable":true,"href":"https:\/\/www.yucatanencorto.com\/noticias\/wp-json\/wp\/v2\/users\/3"}],"replies":[{"embeddable":true,"href":"https:\/\/www.yucatanencorto.com\/noticias\/wp-json\/wp\/v2\/comments?post=99218"}],"version-history":[{"count":0,"href":"https:\/\/www.yucatanencorto.com\/noticias\/wp-json\/wp\/v2\/posts\/99218\/revisions"}],"wp:featuredmedia":[{"embeddable":true,"href":"https:\/\/www.yucatanencorto.com\/noticias\/wp-json\/wp\/v2\/media\/99219"}],"wp:attachment":[{"href":"https:\/\/www.yucatanencorto.com\/noticias\/wp-json\/wp\/v2\/media?parent=99218"}],"wp:term":[{"taxonomy":"category","embeddable":true,"href":"https:\/\/www.yucatanencorto.com\/noticias\/wp-json\/wp\/v2\/categories?post=99218"},{"taxonomy":"post_tag","embeddable":true,"href":"https:\/\/www.yucatanencorto.com\/noticias\/wp-json\/wp\/v2\/tags?post=99218"}],"curies":[{"name":"wp","href":"https:\/\/api.w.org\/{rel}","templated":true}]}}