{"id":99236,"date":"2023-07-22T22:49:55","date_gmt":"2023-07-23T04:49:55","guid":{"rendered":"https:\/\/www.yucatanencorto.com\/noticias\/?p=99236"},"modified":"2023-07-22T22:49:55","modified_gmt":"2023-07-23T04:49:55","slug":"reabre-el-balneario-del-isstey-en-el-puerto-de-yucalpeten","status":"publish","type":"post","link":"https:\/\/www.yucatanencorto.com\/noticias\/reabre-el-balneario-del-isstey-en-el-puerto-de-yucalpeten\/","title":{"rendered":"Reabre el balneario del Isstey en el puerto de Yucalpet\u00e9n"},"content":{"rendered":"<p dir=\"ltr\" data-originalfontsize=\"16px\" data-originalcomputedfontsize=\"16\"><img loading=\"lazy\" decoding=\"async\" class=\"alignnone size-full wp-image-99237\" src=\"https:\/\/www.yucatanencorto.com\/noticias\/wp-content\/uploads\/2023\/07\/IMG_2941-scaled.jpeg\" alt=\"\" width=\"768\" height=\"512\" srcset=\"https:\/\/www.yucatanencorto.com\/noticias\/wp-content\/uploads\/2023\/07\/IMG_2941-scaled.jpeg 768w, https:\/\/www.yucatanencorto.com\/noticias\/wp-content\/uploads\/2023\/07\/IMG_2941-696x464.jpeg 696w, https:\/\/www.yucatanencorto.com\/noticias\/wp-content\/uploads\/2023\/07\/IMG_2941-631x420.jpeg 631w\" sizes=\"auto, (max-width: 768px) 100vw, 768px\" \/><br \/>\nProgreso, Yucat\u00e1n, 22 de julio de 2023.- El balneario del Instituto de Seguridad Social de los Trabajadores del Estado (Isstey) en el puerto de Yucalpet\u00e9n volvi\u00f3 a recibir de nuevo a las familias yucatecas, quienes disfrutaron de este renovado espacio de playa luego de los trabajos de modernizaci\u00f3n, por lo que celebraron la apertura de este lugar que se ha vuelto significativo para los yucatecos.<\/p>\n<div><\/div>\n<p dir=\"ltr\" data-originalfontsize=\"16px\" data-originalcomputedfontsize=\"16\">Como instruy\u00f3 el Gobernador Mauricio Vila Dosal y para que las familias puedan gozar de buenos espacios durante las vacaciones de verano, en este sitio se realizaron trabajos de mantenimiento general y rehabilitaci\u00f3n, los cuales fueron reconocidos por los visitantes. La apertura del balneario se complementa con el inicio de operaciones del Hotel Costa Club del mismo instituto y con lo que da cumplimiento al compromiso de Vila Dosal de reabrir dicho complejo en el verano de este a\u00f1o.<\/p>\n<div><\/div>\n<p dir=\"ltr\" data-originalfontsize=\"16px\" data-originalcomputedfontsize=\"16\">El primer visitante en ingresar de nuevo al balneario fue Emori Montejo Garc\u00eda, junto con su familia, quienes viajaron desde M\u00e9rida para pasar un tiempo juntos aprovechando la apertura del lugar.<\/p>\n<div><\/div>\n<p dir=\"ltr\" data-originalfontsize=\"16px\" data-originalcomputedfontsize=\"16\">\u201cDesde hace algunos a\u00f1os que no ven\u00edamos al balneario y decidimos regresar y recordar buenos momentos que pasamos. Vemos muy bien que ya se abri\u00f3 de nuevo, ya que este es un espacio muy querido por las familias yucatecas para pasar un buen rato de calidad y ahora con las mejoras est\u00e1 excelente, ojal\u00e1 siga as\u00ed el Gobernador y muchas gracias por mantener este tipo de espacios con calidad por el bien de m\u00e1s familias yucatecas\u201d, indic\u00f3 el padre de familia.<\/p>\n<div><\/div>\n<p dir=\"ltr\" data-originalfontsize=\"16px\" data-originalcomputedfontsize=\"16\">Los trabajos consistieron en colocar nuevas palapas, mantenimiento y completa rehabilitaci\u00f3n de los juegos acu\u00e1ticos como las resbaladillas, el cubo de agua y los hongos tipo regadera. En el chapoteadero se cambi\u00f3 la pintura y las v\u00e1lvulas, as\u00ed como el motor para un mejor rendimiento. Asimismo, se dot\u00f3 de jardiner\u00eda nueva y se le brind\u00f3 mantenimiento general al \u00e1rea de los hamaqueros.<\/p>\n<div><\/div>\n<p dir=\"ltr\" data-originalfontsize=\"16px\" data-originalcomputedfontsize=\"16\">El balneario del Isstey abri\u00f3 sus puertas este d\u00eda y tiene un horario de lunes a domingo de 8 de la ma\u00f1ana a 5 de la tarde. El \u00faltimo acceso se da a las 3 de la tarde. El costo del acceso es de 50 pesos por persona al p\u00fablico general y 35 pesos a los trabajadores derechohabientes.<\/p>\n<div><\/div>\n<p dir=\"ltr\" data-originalfontsize=\"16px\" data-originalcomputedfontsize=\"16\">Entre las familias se encontraba Citlali Dzul Castillo, de 7 a\u00f1os de edad, quien por primera vez acudi\u00f3 al balneario, siguiendo la tradici\u00f3n de su familia.<\/p>\n<div><\/div>\n<p dir=\"ltr\" data-originalfontsize=\"16px\" data-originalcomputedfontsize=\"16\">\u201cEstoy muy emocionada porque ya ten\u00eda ganas de ba\u00f1arme, me invitaron mis t\u00edas y est\u00e1 muy padre aqu\u00ed, qu\u00e9 bueno que haya estos lugares divertidos, \u00a1gracias, Gobernador, por el balneario!\u201d<\/p>\n<div><\/div>\n<p dir=\"ltr\" data-originalfontsize=\"16px\" data-originalcomputedfontsize=\"16\">Tambi\u00e9n, Dulce Mar\u00eda Vargas acudi\u00f3 a este lugar junto con sus nietos para disfrutar de las vacaciones y con renovadas instalaciones para el esparcimiento y diversi\u00f3n de toda su familia.<\/p>\n<div><\/div>\n<p dir=\"ltr\" data-originalfontsize=\"16px\" data-originalcomputedfontsize=\"16\">\u201cA mis nietos les encanta estar all\u00e1 nadando como pececitos. Antes, era tradici\u00f3n venir en las vacaciones y no hab\u00eda tantas cosas, ahora vemos mucho mejor el balneario con las \u00faltimas mejoras, qued\u00f3 muy bien y es muy importante que ahora nosotros lo mantengamos limpio y lo cuidemos. Estamos muy felices de que abri\u00f3 nuevamente y mis nietos \u00a1todav\u00eda m\u00e1s!\u201d, afirm\u00f3.<\/p>\n<div><\/div>\n<p dir=\"ltr\" data-originalfontsize=\"16px\" data-originalcomputedfontsize=\"16\">Cabe recordar que, el fin de semana pasado el Hotel Costa Club tambi\u00e9n comenz\u00f3 a recibir a sus primeros hu\u00e9spedes, con lo que el Gobernador Mauricio Vila Dosal cumpli\u00f3 con su compromiso, como lo anunci\u00f3 en enero pasado durante su cuarto Informe, de abrir estas instalaciones durante el verano 2023.<\/p>\n<div><\/div>\n<p dir=\"ltr\" data-originalfontsize=\"16px\" data-originalcomputedfontsize=\"16\">Respecto a los pasad\u00edas, hasta el 30 de julio s\u00f3lo estar\u00e1n disponibles los s\u00e1bados y domingos, con un costo de 200 por adulto y 150 por infante de 6 a 11 a\u00f1os de edad, que incluye el acceso a las instalaciones; a partir del lunes 31 de julio, se podr\u00e1 acceder a esta opci\u00f3n de lunes a domingos.<\/p>\n<div><\/div>\n<p dir=\"ltr\" data-originalfontsize=\"16px\" data-originalcomputedfontsize=\"16\">Para la temporada, hasta el 15 de agosto, ya est\u00e1n agotadas las reservaciones, pero, desde el pasado viernes 14 de julio, se abri\u00f3 agenda para apartar entre el 16 de agosto y lo que queda del 2023.<\/p>\n<div><\/div>\n<p dir=\"ltr\" data-originalfontsize=\"16px\" data-originalcomputedfontsize=\"16\">Quienes deseen hacerlo pueden enviar un correo a <a href=\"mailto:reservacionesisstey@gmail.com\" target=\"_blank\" rel=\"noopener\" data-removefontsize=\"true\" data-originalcomputedfontsize=\"16\">reservacionesisstey@gmail.com<\/a>, con copias adjuntas de su \u00faltimo tal\u00f3n de n\u00f3mina y credencial de afiliaci\u00f3n; comunicarse, de lunes a s\u00e1bados desde las 8:00 de la ma\u00f1ana hasta las 6:00 de la tarde, al tel\u00e9fono 969 934 31 10, o bien, acudir a la recepci\u00f3n del Hotel, situado en Yucalpet\u00e9n.<\/p>\n","protected":false},"excerpt":{"rendered":"<p>Progreso, Yucat\u00e1n, 22 de julio de 2023.- El balneario del Instituto de Seguridad Social de los Trabajadores del Estado (Isstey) en el puerto de Yucalpet\u00e9n volvi\u00f3 a recibir de nuevo a las familias yucatecas, quienes disfrutaron de este renovado espacio de playa luego de los trabajos de modernizaci\u00f3n, por lo que celebraron la apertura de [&hellip;]<\/p>\n","protected":false},"author":3,"featured_media":99237,"comment_status":"closed","ping_status":"closed","sticky":false,"template":"","format":"standard","meta":{"footnotes":""},"categories":[3],"tags":[],"class_list":{"0":"post-99236","1":"post","2":"type-post","3":"status-publish","4":"format-standard","5":"has-post-thumbnail","7":"category-yucatan"},"yoast_head":"<!-- This site is optimized with the Yoast SEO plugin v27.4 - https:\/\/yoast.com\/product\/yoast-seo-wordpress\/ -->\n<title>Reabre el balneario del Isstey en el puerto de Yucalpet\u00e9n - Yucat\u00e1n en corto<\/title>\n<meta name=\"robots\" content=\"index, follow, max-snippet:-1, max-image-preview:large, max-video-preview:-1\" \/>\n<link rel=\"canonical\" href=\"https:\/\/www.yucatanencorto.com\/noticias\/reabre-el-balneario-del-isstey-en-el-puerto-de-yucalpeten\/\" \/>\n<meta property=\"og:locale\" content=\"es_ES\" \/>\n<meta property=\"og:type\" content=\"article\" \/>\n<meta property=\"og:title\" content=\"Reabre el balneario del Isstey en el puerto de Yucalpet\u00e9n - Yucat\u00e1n en corto\" \/>\n<meta property=\"og:description\" content=\"Progreso, Yucat\u00e1n, 22 de julio de 2023.- El balneario del Instituto de Seguridad Social de los Trabajadores del Estado (Isstey) en el puerto de Yucalpet\u00e9n volvi\u00f3 a recibir de nuevo a las familias yucatecas, quienes disfrutaron de este renovado espacio de playa luego de los trabajos de modernizaci\u00f3n, por lo que celebraron la apertura de [&hellip;]\" \/>\n<meta property=\"og:url\" content=\"https:\/\/www.yucatanencorto.com\/noticias\/reabre-el-balneario-del-isstey-en-el-puerto-de-yucalpeten\/\" \/>\n<meta property=\"og:site_name\" content=\"Yucat\u00e1n en corto\" \/>\n<meta property=\"article:publisher\" content=\"http:\/\/www.facebook.com\/yucatanencorto\" \/>\n<meta property=\"article:published_time\" content=\"2023-07-23T04:49:55+00:00\" \/>\n<meta property=\"og:image\" content=\"https:\/\/www.yucatanencorto.com\/noticias\/wp-content\/uploads\/2023\/07\/IMG_2941-scaled.jpeg\" \/>\n\t<meta property=\"og:image:width\" content=\"768\" \/>\n\t<meta property=\"og:image:height\" content=\"512\" \/>\n\t<meta property=\"og:image:type\" content=\"image\/jpeg\" \/>\n<meta name=\"author\" content=\"Redes\" \/>\n<meta name=\"twitter:card\" content=\"summary_large_image\" \/>\n<meta name=\"twitter:creator\" content=\"@yucatanencorto\" \/>\n<meta name=\"twitter:site\" content=\"@yucatanencorto\" \/>\n<meta name=\"twitter:label1\" content=\"Escrito por\" \/>\n\t<meta name=\"twitter:data1\" content=\"Redes\" \/>\n\t<meta name=\"twitter:label2\" content=\"Tiempo de lectura\" \/>\n\t<meta name=\"twitter:data2\" content=\"4 minutos\" \/>\n<script type=\"application\/ld+json\" class=\"yoast-schema-graph\">{\"@context\":\"https:\\\/\\\/schema.org\",\"@graph\":[{\"@type\":\"Article\",\"@id\":\"https:\\\/\\\/www.yucatanencorto.com\\\/noticias\\\/reabre-el-balneario-del-isstey-en-el-puerto-de-yucalpeten\\\/#article\",\"isPartOf\":{\"@id\":\"https:\\\/\\\/www.yucatanencorto.com\\\/noticias\\\/reabre-el-balneario-del-isstey-en-el-puerto-de-yucalpeten\\\/\"},\"author\":{\"name\":\"Redes\",\"@id\":\"https:\\\/\\\/www.yucatanencorto.com\\\/noticias\\\/#\\\/schema\\\/person\\\/e2fbdfaf30a07014a43940ce989f3119\"},\"headline\":\"Reabre el balneario del Isstey en el puerto de Yucalpet\u00e9n\",\"datePublished\":\"2023-07-23T04:49:55+00:00\",\"mainEntityOfPage\":{\"@id\":\"https:\\\/\\\/www.yucatanencorto.com\\\/noticias\\\/reabre-el-balneario-del-isstey-en-el-puerto-de-yucalpeten\\\/\"},\"wordCount\":759,\"image\":{\"@id\":\"https:\\\/\\\/www.yucatanencorto.com\\\/noticias\\\/reabre-el-balneario-del-isstey-en-el-puerto-de-yucalpeten\\\/#primaryimage\"},\"thumbnailUrl\":\"https:\\\/\\\/www.yucatanencorto.com\\\/noticias\\\/wp-content\\\/uploads\\\/2023\\\/07\\\/IMG_2941-scaled.jpeg\",\"articleSection\":[\"Yucat\u00e1n\"],\"inLanguage\":\"es\"},{\"@type\":\"WebPage\",\"@id\":\"https:\\\/\\\/www.yucatanencorto.com\\\/noticias\\\/reabre-el-balneario-del-isstey-en-el-puerto-de-yucalpeten\\\/\",\"url\":\"https:\\\/\\\/www.yucatanencorto.com\\\/noticias\\\/reabre-el-balneario-del-isstey-en-el-puerto-de-yucalpeten\\\/\",\"name\":\"Reabre el balneario del Isstey en el puerto de Yucalpet\u00e9n - Yucat\u00e1n en corto\",\"isPartOf\":{\"@id\":\"https:\\\/\\\/www.yucatanencorto.com\\\/noticias\\\/#website\"},\"primaryImageOfPage\":{\"@id\":\"https:\\\/\\\/www.yucatanencorto.com\\\/noticias\\\/reabre-el-balneario-del-isstey-en-el-puerto-de-yucalpeten\\\/#primaryimage\"},\"image\":{\"@id\":\"https:\\\/\\\/www.yucatanencorto.com\\\/noticias\\\/reabre-el-balneario-del-isstey-en-el-puerto-de-yucalpeten\\\/#primaryimage\"},\"thumbnailUrl\":\"https:\\\/\\\/www.yucatanencorto.com\\\/noticias\\\/wp-content\\\/uploads\\\/2023\\\/07\\\/IMG_2941-scaled.jpeg\",\"datePublished\":\"2023-07-23T04:49:55+00:00\",\"author\":{\"@id\":\"https:\\\/\\\/www.yucatanencorto.com\\\/noticias\\\/#\\\/schema\\\/person\\\/e2fbdfaf30a07014a43940ce989f3119\"},\"breadcrumb\":{\"@id\":\"https:\\\/\\\/www.yucatanencorto.com\\\/noticias\\\/reabre-el-balneario-del-isstey-en-el-puerto-de-yucalpeten\\\/#breadcrumb\"},\"inLanguage\":\"es\",\"potentialAction\":[{\"@type\":\"ReadAction\",\"target\":[\"https:\\\/\\\/www.yucatanencorto.com\\\/noticias\\\/reabre-el-balneario-del-isstey-en-el-puerto-de-yucalpeten\\\/\"]}]},{\"@type\":\"ImageObject\",\"inLanguage\":\"es\",\"@id\":\"https:\\\/\\\/www.yucatanencorto.com\\\/noticias\\\/reabre-el-balneario-del-isstey-en-el-puerto-de-yucalpeten\\\/#primaryimage\",\"url\":\"https:\\\/\\\/www.yucatanencorto.com\\\/noticias\\\/wp-content\\\/uploads\\\/2023\\\/07\\\/IMG_2941-scaled.jpeg\",\"contentUrl\":\"https:\\\/\\\/www.yucatanencorto.com\\\/noticias\\\/wp-content\\\/uploads\\\/2023\\\/07\\\/IMG_2941-scaled.jpeg\",\"width\":768,\"height\":512},{\"@type\":\"BreadcrumbList\",\"@id\":\"https:\\\/\\\/www.yucatanencorto.com\\\/noticias\\\/reabre-el-balneario-del-isstey-en-el-puerto-de-yucalpeten\\\/#breadcrumb\",\"itemListElement\":[{\"@type\":\"ListItem\",\"position\":1,\"name\":\"Portada\",\"item\":\"https:\\\/\\\/www.yucatanencorto.com\\\/noticias\\\/\"},{\"@type\":\"ListItem\",\"position\":2,\"name\":\"Reabre el balneario del Isstey en el puerto de Yucalpet\u00e9n\"}]},{\"@type\":\"WebSite\",\"@id\":\"https:\\\/\\\/www.yucatanencorto.com\\\/noticias\\\/#website\",\"url\":\"https:\\\/\\\/www.yucatanencorto.com\\\/noticias\\\/\",\"name\":\"Yucat\u00e1n en corto\",\"description\":\"Noticias\",\"potentialAction\":[{\"@type\":\"SearchAction\",\"target\":{\"@type\":\"EntryPoint\",\"urlTemplate\":\"https:\\\/\\\/www.yucatanencorto.com\\\/noticias\\\/?s={search_term_string}\"},\"query-input\":{\"@type\":\"PropertyValueSpecification\",\"valueRequired\":true,\"valueName\":\"search_term_string\"}}],\"inLanguage\":\"es\"},{\"@type\":\"Person\",\"@id\":\"https:\\\/\\\/www.yucatanencorto.com\\\/noticias\\\/#\\\/schema\\\/person\\\/e2fbdfaf30a07014a43940ce989f3119\",\"name\":\"Redes\",\"image\":{\"@type\":\"ImageObject\",\"inLanguage\":\"es\",\"@id\":\"https:\\\/\\\/secure.gravatar.com\\\/avatar\\\/5931a2d21dd7cc834f44c8c34fe56d90ed6d536ef452cbf870c7485b524dddd7?s=96&d=mm&r=g\",\"url\":\"https:\\\/\\\/secure.gravatar.com\\\/avatar\\\/5931a2d21dd7cc834f44c8c34fe56d90ed6d536ef452cbf870c7485b524dddd7?s=96&d=mm&r=g\",\"contentUrl\":\"https:\\\/\\\/secure.gravatar.com\\\/avatar\\\/5931a2d21dd7cc834f44c8c34fe56d90ed6d536ef452cbf870c7485b524dddd7?s=96&d=mm&r=g\",\"caption\":\"Redes\"},\"url\":\"https:\\\/\\\/www.yucatanencorto.com\\\/noticias\\\/author\\\/redes\\\/\"}]}<\/script>\n<!-- \/ Yoast SEO plugin. -->","yoast_head_json":{"title":"Reabre el balneario del Isstey en el puerto de Yucalpet\u00e9n - Yucat\u00e1n en corto","robots":{"index":"index","follow":"follow","max-snippet":"max-snippet:-1","max-image-preview":"max-image-preview:large","max-video-preview":"max-video-preview:-1"},"canonical":"https:\/\/www.yucatanencorto.com\/noticias\/reabre-el-balneario-del-isstey-en-el-puerto-de-yucalpeten\/","og_locale":"es_ES","og_type":"article","og_title":"Reabre el balneario del Isstey en el puerto de Yucalpet\u00e9n - Yucat\u00e1n en corto","og_description":"Progreso, Yucat\u00e1n, 22 de julio de 2023.- El balneario del Instituto de Seguridad Social de los Trabajadores del Estado (Isstey) en el puerto de Yucalpet\u00e9n volvi\u00f3 a recibir de nuevo a las familias yucatecas, quienes disfrutaron de este renovado espacio de playa luego de los trabajos de modernizaci\u00f3n, por lo que celebraron la apertura de [&hellip;]","og_url":"https:\/\/www.yucatanencorto.com\/noticias\/reabre-el-balneario-del-isstey-en-el-puerto-de-yucalpeten\/","og_site_name":"Yucat\u00e1n en corto","article_publisher":"http:\/\/www.facebook.com\/yucatanencorto","article_published_time":"2023-07-23T04:49:55+00:00","og_image":[{"width":768,"height":512,"url":"https:\/\/www.yucatanencorto.com\/noticias\/wp-content\/uploads\/2023\/07\/IMG_2941-scaled.jpeg","type":"image\/jpeg"}],"author":"Redes","twitter_card":"summary_large_image","twitter_creator":"@yucatanencorto","twitter_site":"@yucatanencorto","twitter_misc":{"Escrito por":"Redes","Tiempo de lectura":"4 minutos"},"schema":{"@context":"https:\/\/schema.org","@graph":[{"@type":"Article","@id":"https:\/\/www.yucatanencorto.com\/noticias\/reabre-el-balneario-del-isstey-en-el-puerto-de-yucalpeten\/#article","isPartOf":{"@id":"https:\/\/www.yucatanencorto.com\/noticias\/reabre-el-balneario-del-isstey-en-el-puerto-de-yucalpeten\/"},"author":{"name":"Redes","@id":"https:\/\/www.yucatanencorto.com\/noticias\/#\/schema\/person\/e2fbdfaf30a07014a43940ce989f3119"},"headline":"Reabre el balneario del Isstey en el puerto de Yucalpet\u00e9n","datePublished":"2023-07-23T04:49:55+00:00","mainEntityOfPage":{"@id":"https:\/\/www.yucatanencorto.com\/noticias\/reabre-el-balneario-del-isstey-en-el-puerto-de-yucalpeten\/"},"wordCount":759,"image":{"@id":"https:\/\/www.yucatanencorto.com\/noticias\/reabre-el-balneario-del-isstey-en-el-puerto-de-yucalpeten\/#primaryimage"},"thumbnailUrl":"https:\/\/www.yucatanencorto.com\/noticias\/wp-content\/uploads\/2023\/07\/IMG_2941-scaled.jpeg","articleSection":["Yucat\u00e1n"],"inLanguage":"es"},{"@type":"WebPage","@id":"https:\/\/www.yucatanencorto.com\/noticias\/reabre-el-balneario-del-isstey-en-el-puerto-de-yucalpeten\/","url":"https:\/\/www.yucatanencorto.com\/noticias\/reabre-el-balneario-del-isstey-en-el-puerto-de-yucalpeten\/","name":"Reabre el balneario del Isstey en el puerto de Yucalpet\u00e9n - Yucat\u00e1n en corto","isPartOf":{"@id":"https:\/\/www.yucatanencorto.com\/noticias\/#website"},"primaryImageOfPage":{"@id":"https:\/\/www.yucatanencorto.com\/noticias\/reabre-el-balneario-del-isstey-en-el-puerto-de-yucalpeten\/#primaryimage"},"image":{"@id":"https:\/\/www.yucatanencorto.com\/noticias\/reabre-el-balneario-del-isstey-en-el-puerto-de-yucalpeten\/#primaryimage"},"thumbnailUrl":"https:\/\/www.yucatanencorto.com\/noticias\/wp-content\/uploads\/2023\/07\/IMG_2941-scaled.jpeg","datePublished":"2023-07-23T04:49:55+00:00","author":{"@id":"https:\/\/www.yucatanencorto.com\/noticias\/#\/schema\/person\/e2fbdfaf30a07014a43940ce989f3119"},"breadcrumb":{"@id":"https:\/\/www.yucatanencorto.com\/noticias\/reabre-el-balneario-del-isstey-en-el-puerto-de-yucalpeten\/#breadcrumb"},"inLanguage":"es","potentialAction":[{"@type":"ReadAction","target":["https:\/\/www.yucatanencorto.com\/noticias\/reabre-el-balneario-del-isstey-en-el-puerto-de-yucalpeten\/"]}]},{"@type":"ImageObject","inLanguage":"es","@id":"https:\/\/www.yucatanencorto.com\/noticias\/reabre-el-balneario-del-isstey-en-el-puerto-de-yucalpeten\/#primaryimage","url":"https:\/\/www.yucatanencorto.com\/noticias\/wp-content\/uploads\/2023\/07\/IMG_2941-scaled.jpeg","contentUrl":"https:\/\/www.yucatanencorto.com\/noticias\/wp-content\/uploads\/2023\/07\/IMG_2941-scaled.jpeg","width":768,"height":512},{"@type":"BreadcrumbList","@id":"https:\/\/www.yucatanencorto.com\/noticias\/reabre-el-balneario-del-isstey-en-el-puerto-de-yucalpeten\/#breadcrumb","itemListElement":[{"@type":"ListItem","position":1,"name":"Portada","item":"https:\/\/www.yucatanencorto.com\/noticias\/"},{"@type":"ListItem","position":2,"name":"Reabre el balneario del Isstey en el puerto de Yucalpet\u00e9n"}]},{"@type":"WebSite","@id":"https:\/\/www.yucatanencorto.com\/noticias\/#website","url":"https:\/\/www.yucatanencorto.com\/noticias\/","name":"Yucat\u00e1n en corto","description":"Noticias","potentialAction":[{"@type":"SearchAction","target":{"@type":"EntryPoint","urlTemplate":"https:\/\/www.yucatanencorto.com\/noticias\/?s={search_term_string}"},"query-input":{"@type":"PropertyValueSpecification","valueRequired":true,"valueName":"search_term_string"}}],"inLanguage":"es"},{"@type":"Person","@id":"https:\/\/www.yucatanencorto.com\/noticias\/#\/schema\/person\/e2fbdfaf30a07014a43940ce989f3119","name":"Redes","image":{"@type":"ImageObject","inLanguage":"es","@id":"https:\/\/secure.gravatar.com\/avatar\/5931a2d21dd7cc834f44c8c34fe56d90ed6d536ef452cbf870c7485b524dddd7?s=96&d=mm&r=g","url":"https:\/\/secure.gravatar.com\/avatar\/5931a2d21dd7cc834f44c8c34fe56d90ed6d536ef452cbf870c7485b524dddd7?s=96&d=mm&r=g","contentUrl":"https:\/\/secure.gravatar.com\/avatar\/5931a2d21dd7cc834f44c8c34fe56d90ed6d536ef452cbf870c7485b524dddd7?s=96&d=mm&r=g","caption":"Redes"},"url":"https:\/\/www.yucatanencorto.com\/noticias\/author\/redes\/"}]}},"_links":{"self":[{"href":"https:\/\/www.yucatanencorto.com\/noticias\/wp-json\/wp\/v2\/posts\/99236","targetHints":{"allow":["GET"]}}],"collection":[{"href":"https:\/\/www.yucatanencorto.com\/noticias\/wp-json\/wp\/v2\/posts"}],"about":[{"href":"https:\/\/www.yucatanencorto.com\/noticias\/wp-json\/wp\/v2\/types\/post"}],"author":[{"embeddable":true,"href":"https:\/\/www.yucatanencorto.com\/noticias\/wp-json\/wp\/v2\/users\/3"}],"replies":[{"embeddable":true,"href":"https:\/\/www.yucatanencorto.com\/noticias\/wp-json\/wp\/v2\/comments?post=99236"}],"version-history":[{"count":0,"href":"https:\/\/www.yucatanencorto.com\/noticias\/wp-json\/wp\/v2\/posts\/99236\/revisions"}],"wp:featuredmedia":[{"embeddable":true,"href":"https:\/\/www.yucatanencorto.com\/noticias\/wp-json\/wp\/v2\/media\/99237"}],"wp:attachment":[{"href":"https:\/\/www.yucatanencorto.com\/noticias\/wp-json\/wp\/v2\/media?parent=99236"}],"wp:term":[{"taxonomy":"category","embeddable":true,"href":"https:\/\/www.yucatanencorto.com\/noticias\/wp-json\/wp\/v2\/categories?post=99236"},{"taxonomy":"post_tag","embeddable":true,"href":"https:\/\/www.yucatanencorto.com\/noticias\/wp-json\/wp\/v2\/tags?post=99236"}],"curies":[{"name":"wp","href":"https:\/\/api.w.org\/{rel}","templated":true}]}}