{"id":99243,"date":"2023-07-23T19:03:49","date_gmt":"2023-07-24T01:03:49","guid":{"rendered":"https:\/\/www.yucatanencorto.com\/noticias\/?p=99243"},"modified":"2023-07-23T19:03:49","modified_gmt":"2023-07-24T01:03:49","slug":"yucatan-se-reitera-como-la-entidad-mas-segura-del-pais","status":"publish","type":"post","link":"https:\/\/www.yucatanencorto.com\/noticias\/yucatan-se-reitera-como-la-entidad-mas-segura-del-pais\/","title":{"rendered":"Yucat\u00e1n se reitera como la entidad m\u00e1s segura del pa\u00eds"},"content":{"rendered":"<p><img loading=\"lazy\" decoding=\"async\" class=\"alignnone size-full wp-image-99244\" src=\"https:\/\/www.yucatanencorto.com\/noticias\/wp-content\/uploads\/2023\/07\/IMG_2967-scaled.jpeg\" alt=\"\" width=\"768\" height=\"433\" srcset=\"https:\/\/www.yucatanencorto.com\/noticias\/wp-content\/uploads\/2023\/07\/IMG_2967-scaled.jpeg 768w, https:\/\/www.yucatanencorto.com\/noticias\/wp-content\/uploads\/2023\/07\/IMG_2967-696x392.jpeg 696w, https:\/\/www.yucatanencorto.com\/noticias\/wp-content\/uploads\/2023\/07\/IMG_2967-1068x602.jpeg 1068w, https:\/\/www.yucatanencorto.com\/noticias\/wp-content\/uploads\/2023\/07\/IMG_2967-746x420.jpeg 746w\" sizes=\"auto, (max-width: 768px) 100vw, 768px\" \/><br \/>\nM\u00e9rida, Yucat\u00e1n, 23 de julio de 2023.- Yucat\u00e1n se posicion\u00f3 en el primer lugar con menor incidencia delictiva a nivel nacional, con lo que se reitera como la entidad m\u00e1s segura al registrar una tasa de 90.21 delitos por cada 100 mil habitantes, cifra m\u00e1s de nueve veces menor a la registrada a nivel nacional que es de 838.57 delitos por cada 100 mil habitantes, datos que reflejan el impulso del Gobernador Mauricio Vila Dosal para prevalecer el clima de paz y tranquilidad en el territorio.<\/p>\n<p>De acuerdo con el Secretariado Ejecutivo del Sistema Nacional de Seguridad P\u00fablica (SESNSP) en el reporte de Incidencia delictiva correspondiente al pasado mes de junio, Yucat\u00e1n tambi\u00e9n mantiene sus buenos \u00edndices de seguridad al ser la entidad con menor registro de algunos delitos.<\/p>\n<p>Por ejemplo, es el estado con menor tasa de homicidios dolosos del pa\u00eds al registrar 0.81 casos por cada 100 mil habitantes, tasa 12 veces menor a la nacional que es de 9.74 casos por cada 100 mil habitantes.<\/p>\n<p>El territorio tambi\u00e9n se posicion\u00f3 en el primer lugar del pa\u00eds con la menor tasa de robo de veh\u00edculo de cuatro ruedas al registrar 0.90 casos, tasa significativamente menor a la nacional de 36.54 casos por cada 100 mil habitantes.<\/p>\n<p>En cuanto al delito de extorsi\u00f3n, Yucat\u00e1n est\u00e1 entre los primeros cuatro estados con la cifra m\u00e1s baja al registrar 0.39 casos, que es menor a la nacional de 3.85 casos; y se posicion\u00f3 en el segundo lugar con menor tasa de robo a casa habitaci\u00f3n y entre los primeros cuatro con menos robos a transe\u00fante, al registrar 2.49 casos y 1.46 casos, respectivamente, ambas tasas por debajo de la media nacional.<\/p>\n<p>En lo que corresponde a feminicidios, se registr\u00f3 una tasa de 0.34 feminicidios por cada 100 mil mujeres, por lo que la entidad se posicion\u00f3 entre las primeras con tasas m\u00e1s bajas.<\/p>\n<p>Todo ello como resultado de la pol\u00edtica de seguridad que encabeza el Gobernador Mauricio Vila Dosal a trav\u00e9s del programa Yucat\u00e1n Seguro con el que se est\u00e1 dotando de equipamiento, tecnolog\u00eda y fuerte capacitaci\u00f3n a la polic\u00eda para pasar de 2,248 c\u00e1maras a 6,775 y de 100 arcos carreteros a 219.<\/p>\n<p>Como parte de estos esfuerzos se cre\u00f3 el C5i y la Academia de Polic\u00eda pasar\u00e1 a ser Universidad Policiaca, a lo que se suma el moderno helic\u00f3ptero Bell 429, considerado como el mejor equipado en su tipo en toda Latinoam\u00e9rica, as\u00ed como lanchas r\u00e1pidas.<\/p>\n<p>Aunado a ello, se han fortalecido las condiciones de los agentes con salarios competitivos, esquemas para acceder a atenci\u00f3n m\u00e9dica privada en caso de accidentes de trabajo y la posibilidad de obtener un cr\u00e9dito del Instituto del Fondo Nacional de Vivienda de los Trabajadores (Infonavit).<\/p>\n<p>Tambi\u00e9n, se otorgan becas para la universidad a sus hijos del 100% de inscripci\u00f3n y colegiatura, con un apoyo bimestral de 1,600 pesos si demuestran su admisi\u00f3n a cualquier instituci\u00f3n privada o p\u00fablica, al igual que el Circuito y la Tarjeta H\u00e9roes Ciudadanos, con m\u00e1s de 1,000 empresas que ofrecen descuentos a las fuerzas de seguridad y personal de salud.<\/p>\n<p>Esto, con el objetivo de motivar a las y los elementos policiacos mejorando sus condiciones laborales para que respondan con honestidad y compromiso en el trabajo de velar por la seguridad de cada uno de las y los yucatecos.<\/p>\n","protected":false},"excerpt":{"rendered":"<p>M\u00e9rida, Yucat\u00e1n, 23 de julio de 2023.- Yucat\u00e1n se posicion\u00f3 en el primer lugar con menor incidencia delictiva a nivel nacional, con lo que se reitera como la entidad m\u00e1s segura al registrar una tasa de 90.21 delitos por cada 100 mil habitantes, cifra m\u00e1s de nueve veces menor a la registrada a nivel nacional [&hellip;]<\/p>\n","protected":false},"author":3,"featured_media":99244,"comment_status":"closed","ping_status":"closed","sticky":false,"template":"","format":"standard","meta":{"footnotes":""},"categories":[3],"tags":[],"class_list":{"0":"post-99243","1":"post","2":"type-post","3":"status-publish","4":"format-standard","5":"has-post-thumbnail","7":"category-yucatan"},"yoast_head":"<!-- This site is optimized with the Yoast SEO plugin v27.4 - https:\/\/yoast.com\/product\/yoast-seo-wordpress\/ -->\n<title>Yucat\u00e1n se reitera como la entidad m\u00e1s segura del pa\u00eds - Yucat\u00e1n en corto<\/title>\n<meta name=\"robots\" content=\"index, follow, max-snippet:-1, max-image-preview:large, max-video-preview:-1\" \/>\n<link rel=\"canonical\" href=\"https:\/\/www.yucatanencorto.com\/noticias\/yucatan-se-reitera-como-la-entidad-mas-segura-del-pais\/\" \/>\n<meta property=\"og:locale\" content=\"es_ES\" \/>\n<meta property=\"og:type\" content=\"article\" \/>\n<meta property=\"og:title\" content=\"Yucat\u00e1n se reitera como la entidad m\u00e1s segura del pa\u00eds - Yucat\u00e1n en corto\" \/>\n<meta property=\"og:description\" content=\"M\u00e9rida, Yucat\u00e1n, 23 de julio de 2023.- Yucat\u00e1n se posicion\u00f3 en el primer lugar con menor incidencia delictiva a nivel nacional, con lo que se reitera como la entidad m\u00e1s segura al registrar una tasa de 90.21 delitos por cada 100 mil habitantes, cifra m\u00e1s de nueve veces menor a la registrada a nivel nacional [&hellip;]\" \/>\n<meta property=\"og:url\" content=\"https:\/\/www.yucatanencorto.com\/noticias\/yucatan-se-reitera-como-la-entidad-mas-segura-del-pais\/\" \/>\n<meta property=\"og:site_name\" content=\"Yucat\u00e1n en corto\" \/>\n<meta property=\"article:publisher\" content=\"http:\/\/www.facebook.com\/yucatanencorto\" \/>\n<meta property=\"article:published_time\" content=\"2023-07-24T01:03:49+00:00\" \/>\n<meta property=\"og:image\" content=\"https:\/\/www.yucatanencorto.com\/noticias\/wp-content\/uploads\/2023\/07\/IMG_2967-scaled.jpeg\" \/>\n\t<meta property=\"og:image:width\" content=\"768\" \/>\n\t<meta property=\"og:image:height\" content=\"433\" \/>\n\t<meta property=\"og:image:type\" content=\"image\/jpeg\" \/>\n<meta name=\"author\" content=\"Redes\" \/>\n<meta name=\"twitter:card\" content=\"summary_large_image\" \/>\n<meta name=\"twitter:creator\" content=\"@yucatanencorto\" \/>\n<meta name=\"twitter:site\" content=\"@yucatanencorto\" \/>\n<meta name=\"twitter:label1\" content=\"Escrito por\" \/>\n\t<meta name=\"twitter:data1\" content=\"Redes\" \/>\n\t<meta name=\"twitter:label2\" content=\"Tiempo de lectura\" \/>\n\t<meta name=\"twitter:data2\" content=\"3 minutos\" \/>\n<script type=\"application\/ld+json\" class=\"yoast-schema-graph\">{\"@context\":\"https:\\\/\\\/schema.org\",\"@graph\":[{\"@type\":\"Article\",\"@id\":\"https:\\\/\\\/www.yucatanencorto.com\\\/noticias\\\/yucatan-se-reitera-como-la-entidad-mas-segura-del-pais\\\/#article\",\"isPartOf\":{\"@id\":\"https:\\\/\\\/www.yucatanencorto.com\\\/noticias\\\/yucatan-se-reitera-como-la-entidad-mas-segura-del-pais\\\/\"},\"author\":{\"name\":\"Redes\",\"@id\":\"https:\\\/\\\/www.yucatanencorto.com\\\/noticias\\\/#\\\/schema\\\/person\\\/e2fbdfaf30a07014a43940ce989f3119\"},\"headline\":\"Yucat\u00e1n se reitera como la entidad m\u00e1s segura del pa\u00eds\",\"datePublished\":\"2023-07-24T01:03:49+00:00\",\"mainEntityOfPage\":{\"@id\":\"https:\\\/\\\/www.yucatanencorto.com\\\/noticias\\\/yucatan-se-reitera-como-la-entidad-mas-segura-del-pais\\\/\"},\"wordCount\":577,\"image\":{\"@id\":\"https:\\\/\\\/www.yucatanencorto.com\\\/noticias\\\/yucatan-se-reitera-como-la-entidad-mas-segura-del-pais\\\/#primaryimage\"},\"thumbnailUrl\":\"https:\\\/\\\/www.yucatanencorto.com\\\/noticias\\\/wp-content\\\/uploads\\\/2023\\\/07\\\/IMG_2967-scaled.jpeg\",\"articleSection\":[\"Yucat\u00e1n\"],\"inLanguage\":\"es\"},{\"@type\":\"WebPage\",\"@id\":\"https:\\\/\\\/www.yucatanencorto.com\\\/noticias\\\/yucatan-se-reitera-como-la-entidad-mas-segura-del-pais\\\/\",\"url\":\"https:\\\/\\\/www.yucatanencorto.com\\\/noticias\\\/yucatan-se-reitera-como-la-entidad-mas-segura-del-pais\\\/\",\"name\":\"Yucat\u00e1n se reitera como la entidad m\u00e1s segura del pa\u00eds - Yucat\u00e1n en corto\",\"isPartOf\":{\"@id\":\"https:\\\/\\\/www.yucatanencorto.com\\\/noticias\\\/#website\"},\"primaryImageOfPage\":{\"@id\":\"https:\\\/\\\/www.yucatanencorto.com\\\/noticias\\\/yucatan-se-reitera-como-la-entidad-mas-segura-del-pais\\\/#primaryimage\"},\"image\":{\"@id\":\"https:\\\/\\\/www.yucatanencorto.com\\\/noticias\\\/yucatan-se-reitera-como-la-entidad-mas-segura-del-pais\\\/#primaryimage\"},\"thumbnailUrl\":\"https:\\\/\\\/www.yucatanencorto.com\\\/noticias\\\/wp-content\\\/uploads\\\/2023\\\/07\\\/IMG_2967-scaled.jpeg\",\"datePublished\":\"2023-07-24T01:03:49+00:00\",\"author\":{\"@id\":\"https:\\\/\\\/www.yucatanencorto.com\\\/noticias\\\/#\\\/schema\\\/person\\\/e2fbdfaf30a07014a43940ce989f3119\"},\"breadcrumb\":{\"@id\":\"https:\\\/\\\/www.yucatanencorto.com\\\/noticias\\\/yucatan-se-reitera-como-la-entidad-mas-segura-del-pais\\\/#breadcrumb\"},\"inLanguage\":\"es\",\"potentialAction\":[{\"@type\":\"ReadAction\",\"target\":[\"https:\\\/\\\/www.yucatanencorto.com\\\/noticias\\\/yucatan-se-reitera-como-la-entidad-mas-segura-del-pais\\\/\"]}]},{\"@type\":\"ImageObject\",\"inLanguage\":\"es\",\"@id\":\"https:\\\/\\\/www.yucatanencorto.com\\\/noticias\\\/yucatan-se-reitera-como-la-entidad-mas-segura-del-pais\\\/#primaryimage\",\"url\":\"https:\\\/\\\/www.yucatanencorto.com\\\/noticias\\\/wp-content\\\/uploads\\\/2023\\\/07\\\/IMG_2967-scaled.jpeg\",\"contentUrl\":\"https:\\\/\\\/www.yucatanencorto.com\\\/noticias\\\/wp-content\\\/uploads\\\/2023\\\/07\\\/IMG_2967-scaled.jpeg\",\"width\":768,\"height\":433},{\"@type\":\"BreadcrumbList\",\"@id\":\"https:\\\/\\\/www.yucatanencorto.com\\\/noticias\\\/yucatan-se-reitera-como-la-entidad-mas-segura-del-pais\\\/#breadcrumb\",\"itemListElement\":[{\"@type\":\"ListItem\",\"position\":1,\"name\":\"Portada\",\"item\":\"https:\\\/\\\/www.yucatanencorto.com\\\/noticias\\\/\"},{\"@type\":\"ListItem\",\"position\":2,\"name\":\"Yucat\u00e1n se reitera como la entidad m\u00e1s segura del pa\u00eds\"}]},{\"@type\":\"WebSite\",\"@id\":\"https:\\\/\\\/www.yucatanencorto.com\\\/noticias\\\/#website\",\"url\":\"https:\\\/\\\/www.yucatanencorto.com\\\/noticias\\\/\",\"name\":\"Yucat\u00e1n en corto\",\"description\":\"Noticias\",\"potentialAction\":[{\"@type\":\"SearchAction\",\"target\":{\"@type\":\"EntryPoint\",\"urlTemplate\":\"https:\\\/\\\/www.yucatanencorto.com\\\/noticias\\\/?s={search_term_string}\"},\"query-input\":{\"@type\":\"PropertyValueSpecification\",\"valueRequired\":true,\"valueName\":\"search_term_string\"}}],\"inLanguage\":\"es\"},{\"@type\":\"Person\",\"@id\":\"https:\\\/\\\/www.yucatanencorto.com\\\/noticias\\\/#\\\/schema\\\/person\\\/e2fbdfaf30a07014a43940ce989f3119\",\"name\":\"Redes\",\"image\":{\"@type\":\"ImageObject\",\"inLanguage\":\"es\",\"@id\":\"https:\\\/\\\/secure.gravatar.com\\\/avatar\\\/5931a2d21dd7cc834f44c8c34fe56d90ed6d536ef452cbf870c7485b524dddd7?s=96&d=mm&r=g\",\"url\":\"https:\\\/\\\/secure.gravatar.com\\\/avatar\\\/5931a2d21dd7cc834f44c8c34fe56d90ed6d536ef452cbf870c7485b524dddd7?s=96&d=mm&r=g\",\"contentUrl\":\"https:\\\/\\\/secure.gravatar.com\\\/avatar\\\/5931a2d21dd7cc834f44c8c34fe56d90ed6d536ef452cbf870c7485b524dddd7?s=96&d=mm&r=g\",\"caption\":\"Redes\"},\"url\":\"https:\\\/\\\/www.yucatanencorto.com\\\/noticias\\\/author\\\/redes\\\/\"}]}<\/script>\n<!-- \/ Yoast SEO plugin. -->","yoast_head_json":{"title":"Yucat\u00e1n se reitera como la entidad m\u00e1s segura del pa\u00eds - Yucat\u00e1n en corto","robots":{"index":"index","follow":"follow","max-snippet":"max-snippet:-1","max-image-preview":"max-image-preview:large","max-video-preview":"max-video-preview:-1"},"canonical":"https:\/\/www.yucatanencorto.com\/noticias\/yucatan-se-reitera-como-la-entidad-mas-segura-del-pais\/","og_locale":"es_ES","og_type":"article","og_title":"Yucat\u00e1n se reitera como la entidad m\u00e1s segura del pa\u00eds - Yucat\u00e1n en corto","og_description":"M\u00e9rida, Yucat\u00e1n, 23 de julio de 2023.- Yucat\u00e1n se posicion\u00f3 en el primer lugar con menor incidencia delictiva a nivel nacional, con lo que se reitera como la entidad m\u00e1s segura al registrar una tasa de 90.21 delitos por cada 100 mil habitantes, cifra m\u00e1s de nueve veces menor a la registrada a nivel nacional [&hellip;]","og_url":"https:\/\/www.yucatanencorto.com\/noticias\/yucatan-se-reitera-como-la-entidad-mas-segura-del-pais\/","og_site_name":"Yucat\u00e1n en corto","article_publisher":"http:\/\/www.facebook.com\/yucatanencorto","article_published_time":"2023-07-24T01:03:49+00:00","og_image":[{"width":768,"height":433,"url":"https:\/\/www.yucatanencorto.com\/noticias\/wp-content\/uploads\/2023\/07\/IMG_2967-scaled.jpeg","type":"image\/jpeg"}],"author":"Redes","twitter_card":"summary_large_image","twitter_creator":"@yucatanencorto","twitter_site":"@yucatanencorto","twitter_misc":{"Escrito por":"Redes","Tiempo de lectura":"3 minutos"},"schema":{"@context":"https:\/\/schema.org","@graph":[{"@type":"Article","@id":"https:\/\/www.yucatanencorto.com\/noticias\/yucatan-se-reitera-como-la-entidad-mas-segura-del-pais\/#article","isPartOf":{"@id":"https:\/\/www.yucatanencorto.com\/noticias\/yucatan-se-reitera-como-la-entidad-mas-segura-del-pais\/"},"author":{"name":"Redes","@id":"https:\/\/www.yucatanencorto.com\/noticias\/#\/schema\/person\/e2fbdfaf30a07014a43940ce989f3119"},"headline":"Yucat\u00e1n se reitera como la entidad m\u00e1s segura del pa\u00eds","datePublished":"2023-07-24T01:03:49+00:00","mainEntityOfPage":{"@id":"https:\/\/www.yucatanencorto.com\/noticias\/yucatan-se-reitera-como-la-entidad-mas-segura-del-pais\/"},"wordCount":577,"image":{"@id":"https:\/\/www.yucatanencorto.com\/noticias\/yucatan-se-reitera-como-la-entidad-mas-segura-del-pais\/#primaryimage"},"thumbnailUrl":"https:\/\/www.yucatanencorto.com\/noticias\/wp-content\/uploads\/2023\/07\/IMG_2967-scaled.jpeg","articleSection":["Yucat\u00e1n"],"inLanguage":"es"},{"@type":"WebPage","@id":"https:\/\/www.yucatanencorto.com\/noticias\/yucatan-se-reitera-como-la-entidad-mas-segura-del-pais\/","url":"https:\/\/www.yucatanencorto.com\/noticias\/yucatan-se-reitera-como-la-entidad-mas-segura-del-pais\/","name":"Yucat\u00e1n se reitera como la entidad m\u00e1s segura del pa\u00eds - Yucat\u00e1n en corto","isPartOf":{"@id":"https:\/\/www.yucatanencorto.com\/noticias\/#website"},"primaryImageOfPage":{"@id":"https:\/\/www.yucatanencorto.com\/noticias\/yucatan-se-reitera-como-la-entidad-mas-segura-del-pais\/#primaryimage"},"image":{"@id":"https:\/\/www.yucatanencorto.com\/noticias\/yucatan-se-reitera-como-la-entidad-mas-segura-del-pais\/#primaryimage"},"thumbnailUrl":"https:\/\/www.yucatanencorto.com\/noticias\/wp-content\/uploads\/2023\/07\/IMG_2967-scaled.jpeg","datePublished":"2023-07-24T01:03:49+00:00","author":{"@id":"https:\/\/www.yucatanencorto.com\/noticias\/#\/schema\/person\/e2fbdfaf30a07014a43940ce989f3119"},"breadcrumb":{"@id":"https:\/\/www.yucatanencorto.com\/noticias\/yucatan-se-reitera-como-la-entidad-mas-segura-del-pais\/#breadcrumb"},"inLanguage":"es","potentialAction":[{"@type":"ReadAction","target":["https:\/\/www.yucatanencorto.com\/noticias\/yucatan-se-reitera-como-la-entidad-mas-segura-del-pais\/"]}]},{"@type":"ImageObject","inLanguage":"es","@id":"https:\/\/www.yucatanencorto.com\/noticias\/yucatan-se-reitera-como-la-entidad-mas-segura-del-pais\/#primaryimage","url":"https:\/\/www.yucatanencorto.com\/noticias\/wp-content\/uploads\/2023\/07\/IMG_2967-scaled.jpeg","contentUrl":"https:\/\/www.yucatanencorto.com\/noticias\/wp-content\/uploads\/2023\/07\/IMG_2967-scaled.jpeg","width":768,"height":433},{"@type":"BreadcrumbList","@id":"https:\/\/www.yucatanencorto.com\/noticias\/yucatan-se-reitera-como-la-entidad-mas-segura-del-pais\/#breadcrumb","itemListElement":[{"@type":"ListItem","position":1,"name":"Portada","item":"https:\/\/www.yucatanencorto.com\/noticias\/"},{"@type":"ListItem","position":2,"name":"Yucat\u00e1n se reitera como la entidad m\u00e1s segura del pa\u00eds"}]},{"@type":"WebSite","@id":"https:\/\/www.yucatanencorto.com\/noticias\/#website","url":"https:\/\/www.yucatanencorto.com\/noticias\/","name":"Yucat\u00e1n en corto","description":"Noticias","potentialAction":[{"@type":"SearchAction","target":{"@type":"EntryPoint","urlTemplate":"https:\/\/www.yucatanencorto.com\/noticias\/?s={search_term_string}"},"query-input":{"@type":"PropertyValueSpecification","valueRequired":true,"valueName":"search_term_string"}}],"inLanguage":"es"},{"@type":"Person","@id":"https:\/\/www.yucatanencorto.com\/noticias\/#\/schema\/person\/e2fbdfaf30a07014a43940ce989f3119","name":"Redes","image":{"@type":"ImageObject","inLanguage":"es","@id":"https:\/\/secure.gravatar.com\/avatar\/5931a2d21dd7cc834f44c8c34fe56d90ed6d536ef452cbf870c7485b524dddd7?s=96&d=mm&r=g","url":"https:\/\/secure.gravatar.com\/avatar\/5931a2d21dd7cc834f44c8c34fe56d90ed6d536ef452cbf870c7485b524dddd7?s=96&d=mm&r=g","contentUrl":"https:\/\/secure.gravatar.com\/avatar\/5931a2d21dd7cc834f44c8c34fe56d90ed6d536ef452cbf870c7485b524dddd7?s=96&d=mm&r=g","caption":"Redes"},"url":"https:\/\/www.yucatanencorto.com\/noticias\/author\/redes\/"}]}},"_links":{"self":[{"href":"https:\/\/www.yucatanencorto.com\/noticias\/wp-json\/wp\/v2\/posts\/99243","targetHints":{"allow":["GET"]}}],"collection":[{"href":"https:\/\/www.yucatanencorto.com\/noticias\/wp-json\/wp\/v2\/posts"}],"about":[{"href":"https:\/\/www.yucatanencorto.com\/noticias\/wp-json\/wp\/v2\/types\/post"}],"author":[{"embeddable":true,"href":"https:\/\/www.yucatanencorto.com\/noticias\/wp-json\/wp\/v2\/users\/3"}],"replies":[{"embeddable":true,"href":"https:\/\/www.yucatanencorto.com\/noticias\/wp-json\/wp\/v2\/comments?post=99243"}],"version-history":[{"count":0,"href":"https:\/\/www.yucatanencorto.com\/noticias\/wp-json\/wp\/v2\/posts\/99243\/revisions"}],"wp:featuredmedia":[{"embeddable":true,"href":"https:\/\/www.yucatanencorto.com\/noticias\/wp-json\/wp\/v2\/media\/99244"}],"wp:attachment":[{"href":"https:\/\/www.yucatanencorto.com\/noticias\/wp-json\/wp\/v2\/media?parent=99243"}],"wp:term":[{"taxonomy":"category","embeddable":true,"href":"https:\/\/www.yucatanencorto.com\/noticias\/wp-json\/wp\/v2\/categories?post=99243"},{"taxonomy":"post_tag","embeddable":true,"href":"https:\/\/www.yucatanencorto.com\/noticias\/wp-json\/wp\/v2\/tags?post=99243"}],"curies":[{"name":"wp","href":"https:\/\/api.w.org\/{rel}","templated":true}]}}