{"id":99246,"date":"2023-07-24T17:22:13","date_gmt":"2023-07-24T23:22:13","guid":{"rendered":"https:\/\/www.yucatanencorto.com\/noticias\/?p=99246"},"modified":"2023-07-24T17:22:13","modified_gmt":"2023-07-24T23:22:13","slug":"edwin-bojorquez-anuncia-entrega-de-recursos-del-programa-de-asistencia-social-a-personas-y-grupos-en-vulnerabilidad-a-partir-de-este-jueves","status":"publish","type":"post","link":"https:\/\/www.yucatanencorto.com\/noticias\/edwin-bojorquez-anuncia-entrega-de-recursos-del-programa-de-asistencia-social-a-personas-y-grupos-en-vulnerabilidad-a-partir-de-este-jueves\/","title":{"rendered":"Edwin Boj\u00f3rquez anuncia entrega de recursos del programa de asistencia social a personas y grupos en vulnerabilidad a partir de este jueves"},"content":{"rendered":"<p><img loading=\"lazy\" decoding=\"async\" class=\"alignnone size-full wp-image-99249\" src=\"https:\/\/www.yucatanencorto.com\/noticias\/wp-content\/uploads\/2023\/07\/WhatsApp-Image-2023-07-24-at-4.10.15-PM-2-scaled.jpeg\" alt=\"\" width=\"768\" height=\"512\" srcset=\"https:\/\/www.yucatanencorto.com\/noticias\/wp-content\/uploads\/2023\/07\/WhatsApp-Image-2023-07-24-at-4.10.15-PM-2-scaled.jpeg 768w, https:\/\/www.yucatanencorto.com\/noticias\/wp-content\/uploads\/2023\/07\/WhatsApp-Image-2023-07-24-at-4.10.15-PM-2-1536x1023.jpeg 1536w, https:\/\/www.yucatanencorto.com\/noticias\/wp-content\/uploads\/2023\/07\/WhatsApp-Image-2023-07-24-at-4.10.15-PM-2-696x464.jpeg 696w, https:\/\/www.yucatanencorto.com\/noticias\/wp-content\/uploads\/2023\/07\/WhatsApp-Image-2023-07-24-at-4.10.15-PM-2-1068x712.jpeg 1068w, https:\/\/www.yucatanencorto.com\/noticias\/wp-content\/uploads\/2023\/07\/WhatsApp-Image-2023-07-24-at-4.10.15-PM-2-630x420.jpeg 630w\" sizes=\"auto, (max-width: 768px) 100vw, 768px\" \/>KANAS\u00cdN, Yucat\u00e1n a 24 de julio 2023.- El alcalde Edwin Boj\u00f3rquez Ram\u00edrez anunci\u00f3 este d\u00eda que ma\u00f1ana martes se publicar\u00e1n los folios de quienes resultaron beneficiados con alguno de los seis Programas de Asistencia Social, dirigido a personas y grupos sociales que viven en situaci\u00f3n de vulnerabilidad, y a\u00f1adi\u00f3 que a partir del jueves se iniciar\u00e1 la entrega de los recursos de dicha acci\u00f3n.<\/p>\n<p>Apenas el 30 de junio pasado el edil inform\u00f3 de la puesta en marcha de seis programas de asistencia social que permitir\u00e1n sacar del rezago a las familias de escasos ingresos y reactivar a las peque\u00f1as empresas de Kanas\u00edn: Apoyo econ\u00f3mico al adulto mayor, Apoyo econ\u00f3mico para personas con discapacidad, Becas para estudiantes destacados, Becas para deportistas de alto rendimiento y destacados, Apoyo para el fortalecimiento de la econom\u00eda para micro negocios y Programa de asistencia social alimentaria en especie para madres o padres solteros.<\/p>\n<p><img loading=\"lazy\" decoding=\"async\" class=\"alignnone size-full wp-image-99250\" src=\"https:\/\/www.yucatanencorto.com\/noticias\/wp-content\/uploads\/2023\/07\/WhatsApp-Image-2023-07-24-at-4.10.15-PM-scaled.jpeg\" alt=\"\" width=\"768\" height=\"512\" srcset=\"https:\/\/www.yucatanencorto.com\/noticias\/wp-content\/uploads\/2023\/07\/WhatsApp-Image-2023-07-24-at-4.10.15-PM-scaled.jpeg 768w, https:\/\/www.yucatanencorto.com\/noticias\/wp-content\/uploads\/2023\/07\/WhatsApp-Image-2023-07-24-at-4.10.15-PM-1536x1023.jpeg 1536w, https:\/\/www.yucatanencorto.com\/noticias\/wp-content\/uploads\/2023\/07\/WhatsApp-Image-2023-07-24-at-4.10.15-PM-696x464.jpeg 696w, https:\/\/www.yucatanencorto.com\/noticias\/wp-content\/uploads\/2023\/07\/WhatsApp-Image-2023-07-24-at-4.10.15-PM-1068x712.jpeg 1068w, https:\/\/www.yucatanencorto.com\/noticias\/wp-content\/uploads\/2023\/07\/WhatsApp-Image-2023-07-24-at-4.10.15-PM-630x420.jpeg 630w\" sizes=\"auto, (max-width: 768px) 100vw, 768px\" \/>Del 3 al 8 de julio pasado se realiz\u00f3 la recepci\u00f3n de los documentos de los interesados en inscribirse en cada uno de los programas y ser\u00e1 ma\u00f1ana a partir de las 9 am, en los bajos del Palacio Municipal, cuando se dar\u00e1n a conocer los folios de quienes recibir\u00e1n los apoyos que consisten en $1,000 al mes.<\/p>\n<p>Inform\u00f3 que los primeros apoyos que se entregar\u00e1n ser\u00e1n los de asistencia social dirigos a padres y madres solteras y ser\u00e1 el jueves 27 de julio apartir de las 9 de la ma\u00f1ana en el Gimnasio Polifuncional, ubicado detr\u00e1s de Palacio Municipal.<\/p>\n<p>El viernes 28 tocar\u00e1 el turno a los adultos mayores, en la misma sede y a la misma hora. El s\u00e1bado 29 los apoyos ser\u00e1n para las personas con discapacidad y ese mismo d\u00eda, s\u00f3lo que a partir de las 11 de la ma\u00f1ana, la entrega de apoyos ser\u00e1 para los deportistas destacados y estudiantes.<\/p>\n<p><img loading=\"lazy\" decoding=\"async\" class=\"alignnone size-full wp-image-99248\" src=\"https:\/\/www.yucatanencorto.com\/noticias\/wp-content\/uploads\/2023\/07\/WhatsApp-Image-2023-07-24-at-4.10.15-PM-1-scaled.jpeg\" alt=\"\" width=\"768\" height=\"512\" srcset=\"https:\/\/www.yucatanencorto.com\/noticias\/wp-content\/uploads\/2023\/07\/WhatsApp-Image-2023-07-24-at-4.10.15-PM-1-scaled.jpeg 768w, https:\/\/www.yucatanencorto.com\/noticias\/wp-content\/uploads\/2023\/07\/WhatsApp-Image-2023-07-24-at-4.10.15-PM-1-1536x1023.jpeg 1536w, https:\/\/www.yucatanencorto.com\/noticias\/wp-content\/uploads\/2023\/07\/WhatsApp-Image-2023-07-24-at-4.10.15-PM-1-696x464.jpeg 696w, https:\/\/www.yucatanencorto.com\/noticias\/wp-content\/uploads\/2023\/07\/WhatsApp-Image-2023-07-24-at-4.10.15-PM-1-1068x712.jpeg 1068w, https:\/\/www.yucatanencorto.com\/noticias\/wp-content\/uploads\/2023\/07\/WhatsApp-Image-2023-07-24-at-4.10.15-PM-1-630x420.jpeg 630w\" sizes=\"auto, (max-width: 768px) 100vw, 768px\" \/>El domingo ser\u00e1 el turno de los que se inscribieron al programa \u00abfortalecimiento a la econom\u00eda\u00bb tambi\u00e9n en el Polifuncional a partir de las 9 de la ma\u00f1ana.<\/p>\n<p>Asimismo coment\u00f3 que las personas que no pudieron acceder al apoyo de fortalecimiento a la econom\u00eda podr\u00e1n acercarse a Palacio Municipal a la ventanilla de \u00abatenci\u00f3n ciudadana\u00bb este lunes 31 de julio para que se les explique el porqu\u00e9 no salieron beneficiados y asesor\u00e1ndolos para que puedan tener acceso.<\/p>\n<p>Destac\u00f3 que quienes resulten beneficiados tendr\u00e1n que llevar su identificaci\u00f3n oficial, en este caso INE, para que se les entregue el recurso.<\/p>\n","protected":false},"excerpt":{"rendered":"<p>KANAS\u00cdN, Yucat\u00e1n a 24 de julio 2023.- El alcalde Edwin Boj\u00f3rquez Ram\u00edrez anunci\u00f3 este d\u00eda que ma\u00f1ana martes se publicar\u00e1n los folios de quienes resultaron beneficiados con alguno de los seis Programas de Asistencia Social, dirigido a personas y grupos sociales que viven en situaci\u00f3n de vulnerabilidad, y a\u00f1adi\u00f3 que a partir del jueves se [&hellip;]<\/p>\n","protected":false},"author":3,"featured_media":99250,"comment_status":"closed","ping_status":"closed","sticky":false,"template":"","format":"standard","meta":{"footnotes":""},"categories":[3],"tags":[],"class_list":{"0":"post-99246","1":"post","2":"type-post","3":"status-publish","4":"format-standard","5":"has-post-thumbnail","7":"category-yucatan"},"yoast_head":"<!-- This site is optimized with the Yoast SEO plugin v27.4 - https:\/\/yoast.com\/product\/yoast-seo-wordpress\/ -->\n<title>Edwin Boj\u00f3rquez anuncia entrega de recursos del programa de asistencia social a personas y grupos en vulnerabilidad a partir de este jueves - Yucat\u00e1n en corto<\/title>\n<meta name=\"robots\" content=\"index, follow, max-snippet:-1, max-image-preview:large, max-video-preview:-1\" \/>\n<link rel=\"canonical\" href=\"https:\/\/www.yucatanencorto.com\/noticias\/edwin-bojorquez-anuncia-entrega-de-recursos-del-programa-de-asistencia-social-a-personas-y-grupos-en-vulnerabilidad-a-partir-de-este-jueves\/\" \/>\n<meta property=\"og:locale\" content=\"es_ES\" \/>\n<meta property=\"og:type\" content=\"article\" \/>\n<meta property=\"og:title\" content=\"Edwin Boj\u00f3rquez anuncia entrega de recursos del programa de asistencia social a personas y grupos en vulnerabilidad a partir de este jueves - Yucat\u00e1n en corto\" \/>\n<meta property=\"og:description\" content=\"KANAS\u00cdN, Yucat\u00e1n a 24 de julio 2023.- El alcalde Edwin Boj\u00f3rquez Ram\u00edrez anunci\u00f3 este d\u00eda que ma\u00f1ana martes se publicar\u00e1n los folios de quienes resultaron beneficiados con alguno de los seis Programas de Asistencia Social, dirigido a personas y grupos sociales que viven en situaci\u00f3n de vulnerabilidad, y a\u00f1adi\u00f3 que a partir del jueves se [&hellip;]\" \/>\n<meta property=\"og:url\" content=\"https:\/\/www.yucatanencorto.com\/noticias\/edwin-bojorquez-anuncia-entrega-de-recursos-del-programa-de-asistencia-social-a-personas-y-grupos-en-vulnerabilidad-a-partir-de-este-jueves\/\" \/>\n<meta property=\"og:site_name\" content=\"Yucat\u00e1n en corto\" \/>\n<meta property=\"article:publisher\" content=\"http:\/\/www.facebook.com\/yucatanencorto\" \/>\n<meta property=\"article:published_time\" content=\"2023-07-24T23:22:13+00:00\" \/>\n<meta property=\"og:image\" content=\"https:\/\/www.yucatanencorto.com\/noticias\/wp-content\/uploads\/2023\/07\/WhatsApp-Image-2023-07-24-at-4.10.15-PM-scaled.jpeg\" \/>\n\t<meta property=\"og:image:width\" content=\"768\" \/>\n\t<meta property=\"og:image:height\" content=\"512\" \/>\n\t<meta property=\"og:image:type\" content=\"image\/jpeg\" \/>\n<meta name=\"author\" content=\"Redes\" \/>\n<meta name=\"twitter:card\" content=\"summary_large_image\" \/>\n<meta name=\"twitter:creator\" content=\"@yucatanencorto\" \/>\n<meta name=\"twitter:site\" content=\"@yucatanencorto\" \/>\n<meta name=\"twitter:label1\" content=\"Escrito por\" \/>\n\t<meta name=\"twitter:data1\" content=\"Redes\" \/>\n\t<meta name=\"twitter:label2\" content=\"Tiempo de lectura\" \/>\n\t<meta name=\"twitter:data2\" content=\"3 minutos\" \/>\n<script type=\"application\/ld+json\" class=\"yoast-schema-graph\">{\"@context\":\"https:\\\/\\\/schema.org\",\"@graph\":[{\"@type\":\"Article\",\"@id\":\"https:\\\/\\\/www.yucatanencorto.com\\\/noticias\\\/edwin-bojorquez-anuncia-entrega-de-recursos-del-programa-de-asistencia-social-a-personas-y-grupos-en-vulnerabilidad-a-partir-de-este-jueves\\\/#article\",\"isPartOf\":{\"@id\":\"https:\\\/\\\/www.yucatanencorto.com\\\/noticias\\\/edwin-bojorquez-anuncia-entrega-de-recursos-del-programa-de-asistencia-social-a-personas-y-grupos-en-vulnerabilidad-a-partir-de-este-jueves\\\/\"},\"author\":{\"name\":\"Redes\",\"@id\":\"https:\\\/\\\/www.yucatanencorto.com\\\/noticias\\\/#\\\/schema\\\/person\\\/e2fbdfaf30a07014a43940ce989f3119\"},\"headline\":\"Edwin Boj\u00f3rquez anuncia entrega de recursos del programa de asistencia social a personas y grupos en vulnerabilidad a partir de este jueves\",\"datePublished\":\"2023-07-24T23:22:13+00:00\",\"mainEntityOfPage\":{\"@id\":\"https:\\\/\\\/www.yucatanencorto.com\\\/noticias\\\/edwin-bojorquez-anuncia-entrega-de-recursos-del-programa-de-asistencia-social-a-personas-y-grupos-en-vulnerabilidad-a-partir-de-este-jueves\\\/\"},\"wordCount\":451,\"image\":{\"@id\":\"https:\\\/\\\/www.yucatanencorto.com\\\/noticias\\\/edwin-bojorquez-anuncia-entrega-de-recursos-del-programa-de-asistencia-social-a-personas-y-grupos-en-vulnerabilidad-a-partir-de-este-jueves\\\/#primaryimage\"},\"thumbnailUrl\":\"https:\\\/\\\/www.yucatanencorto.com\\\/noticias\\\/wp-content\\\/uploads\\\/2023\\\/07\\\/WhatsApp-Image-2023-07-24-at-4.10.15-PM-scaled.jpeg\",\"articleSection\":[\"Yucat\u00e1n\"],\"inLanguage\":\"es\"},{\"@type\":\"WebPage\",\"@id\":\"https:\\\/\\\/www.yucatanencorto.com\\\/noticias\\\/edwin-bojorquez-anuncia-entrega-de-recursos-del-programa-de-asistencia-social-a-personas-y-grupos-en-vulnerabilidad-a-partir-de-este-jueves\\\/\",\"url\":\"https:\\\/\\\/www.yucatanencorto.com\\\/noticias\\\/edwin-bojorquez-anuncia-entrega-de-recursos-del-programa-de-asistencia-social-a-personas-y-grupos-en-vulnerabilidad-a-partir-de-este-jueves\\\/\",\"name\":\"Edwin Boj\u00f3rquez anuncia entrega de recursos del programa de asistencia social a personas y grupos en vulnerabilidad a partir de este jueves - Yucat\u00e1n en corto\",\"isPartOf\":{\"@id\":\"https:\\\/\\\/www.yucatanencorto.com\\\/noticias\\\/#website\"},\"primaryImageOfPage\":{\"@id\":\"https:\\\/\\\/www.yucatanencorto.com\\\/noticias\\\/edwin-bojorquez-anuncia-entrega-de-recursos-del-programa-de-asistencia-social-a-personas-y-grupos-en-vulnerabilidad-a-partir-de-este-jueves\\\/#primaryimage\"},\"image\":{\"@id\":\"https:\\\/\\\/www.yucatanencorto.com\\\/noticias\\\/edwin-bojorquez-anuncia-entrega-de-recursos-del-programa-de-asistencia-social-a-personas-y-grupos-en-vulnerabilidad-a-partir-de-este-jueves\\\/#primaryimage\"},\"thumbnailUrl\":\"https:\\\/\\\/www.yucatanencorto.com\\\/noticias\\\/wp-content\\\/uploads\\\/2023\\\/07\\\/WhatsApp-Image-2023-07-24-at-4.10.15-PM-scaled.jpeg\",\"datePublished\":\"2023-07-24T23:22:13+00:00\",\"author\":{\"@id\":\"https:\\\/\\\/www.yucatanencorto.com\\\/noticias\\\/#\\\/schema\\\/person\\\/e2fbdfaf30a07014a43940ce989f3119\"},\"breadcrumb\":{\"@id\":\"https:\\\/\\\/www.yucatanencorto.com\\\/noticias\\\/edwin-bojorquez-anuncia-entrega-de-recursos-del-programa-de-asistencia-social-a-personas-y-grupos-en-vulnerabilidad-a-partir-de-este-jueves\\\/#breadcrumb\"},\"inLanguage\":\"es\",\"potentialAction\":[{\"@type\":\"ReadAction\",\"target\":[\"https:\\\/\\\/www.yucatanencorto.com\\\/noticias\\\/edwin-bojorquez-anuncia-entrega-de-recursos-del-programa-de-asistencia-social-a-personas-y-grupos-en-vulnerabilidad-a-partir-de-este-jueves\\\/\"]}]},{\"@type\":\"ImageObject\",\"inLanguage\":\"es\",\"@id\":\"https:\\\/\\\/www.yucatanencorto.com\\\/noticias\\\/edwin-bojorquez-anuncia-entrega-de-recursos-del-programa-de-asistencia-social-a-personas-y-grupos-en-vulnerabilidad-a-partir-de-este-jueves\\\/#primaryimage\",\"url\":\"https:\\\/\\\/www.yucatanencorto.com\\\/noticias\\\/wp-content\\\/uploads\\\/2023\\\/07\\\/WhatsApp-Image-2023-07-24-at-4.10.15-PM-scaled.jpeg\",\"contentUrl\":\"https:\\\/\\\/www.yucatanencorto.com\\\/noticias\\\/wp-content\\\/uploads\\\/2023\\\/07\\\/WhatsApp-Image-2023-07-24-at-4.10.15-PM-scaled.jpeg\",\"width\":768,\"height\":512},{\"@type\":\"BreadcrumbList\",\"@id\":\"https:\\\/\\\/www.yucatanencorto.com\\\/noticias\\\/edwin-bojorquez-anuncia-entrega-de-recursos-del-programa-de-asistencia-social-a-personas-y-grupos-en-vulnerabilidad-a-partir-de-este-jueves\\\/#breadcrumb\",\"itemListElement\":[{\"@type\":\"ListItem\",\"position\":1,\"name\":\"Portada\",\"item\":\"https:\\\/\\\/www.yucatanencorto.com\\\/noticias\\\/\"},{\"@type\":\"ListItem\",\"position\":2,\"name\":\"Edwin Boj\u00f3rquez anuncia entrega de recursos del programa de asistencia social a personas y grupos en vulnerabilidad a partir de este jueves\"}]},{\"@type\":\"WebSite\",\"@id\":\"https:\\\/\\\/www.yucatanencorto.com\\\/noticias\\\/#website\",\"url\":\"https:\\\/\\\/www.yucatanencorto.com\\\/noticias\\\/\",\"name\":\"Yucat\u00e1n en corto\",\"description\":\"Noticias\",\"potentialAction\":[{\"@type\":\"SearchAction\",\"target\":{\"@type\":\"EntryPoint\",\"urlTemplate\":\"https:\\\/\\\/www.yucatanencorto.com\\\/noticias\\\/?s={search_term_string}\"},\"query-input\":{\"@type\":\"PropertyValueSpecification\",\"valueRequired\":true,\"valueName\":\"search_term_string\"}}],\"inLanguage\":\"es\"},{\"@type\":\"Person\",\"@id\":\"https:\\\/\\\/www.yucatanencorto.com\\\/noticias\\\/#\\\/schema\\\/person\\\/e2fbdfaf30a07014a43940ce989f3119\",\"name\":\"Redes\",\"image\":{\"@type\":\"ImageObject\",\"inLanguage\":\"es\",\"@id\":\"https:\\\/\\\/secure.gravatar.com\\\/avatar\\\/5931a2d21dd7cc834f44c8c34fe56d90ed6d536ef452cbf870c7485b524dddd7?s=96&d=mm&r=g\",\"url\":\"https:\\\/\\\/secure.gravatar.com\\\/avatar\\\/5931a2d21dd7cc834f44c8c34fe56d90ed6d536ef452cbf870c7485b524dddd7?s=96&d=mm&r=g\",\"contentUrl\":\"https:\\\/\\\/secure.gravatar.com\\\/avatar\\\/5931a2d21dd7cc834f44c8c34fe56d90ed6d536ef452cbf870c7485b524dddd7?s=96&d=mm&r=g\",\"caption\":\"Redes\"},\"url\":\"https:\\\/\\\/www.yucatanencorto.com\\\/noticias\\\/author\\\/redes\\\/\"}]}<\/script>\n<!-- \/ Yoast SEO plugin. -->","yoast_head_json":{"title":"Edwin Boj\u00f3rquez anuncia entrega de recursos del programa de asistencia social a personas y grupos en vulnerabilidad a partir de este jueves - Yucat\u00e1n en corto","robots":{"index":"index","follow":"follow","max-snippet":"max-snippet:-1","max-image-preview":"max-image-preview:large","max-video-preview":"max-video-preview:-1"},"canonical":"https:\/\/www.yucatanencorto.com\/noticias\/edwin-bojorquez-anuncia-entrega-de-recursos-del-programa-de-asistencia-social-a-personas-y-grupos-en-vulnerabilidad-a-partir-de-este-jueves\/","og_locale":"es_ES","og_type":"article","og_title":"Edwin Boj\u00f3rquez anuncia entrega de recursos del programa de asistencia social a personas y grupos en vulnerabilidad a partir de este jueves - Yucat\u00e1n en corto","og_description":"KANAS\u00cdN, Yucat\u00e1n a 24 de julio 2023.- El alcalde Edwin Boj\u00f3rquez Ram\u00edrez anunci\u00f3 este d\u00eda que ma\u00f1ana martes se publicar\u00e1n los folios de quienes resultaron beneficiados con alguno de los seis Programas de Asistencia Social, dirigido a personas y grupos sociales que viven en situaci\u00f3n de vulnerabilidad, y a\u00f1adi\u00f3 que a partir del jueves se [&hellip;]","og_url":"https:\/\/www.yucatanencorto.com\/noticias\/edwin-bojorquez-anuncia-entrega-de-recursos-del-programa-de-asistencia-social-a-personas-y-grupos-en-vulnerabilidad-a-partir-de-este-jueves\/","og_site_name":"Yucat\u00e1n en corto","article_publisher":"http:\/\/www.facebook.com\/yucatanencorto","article_published_time":"2023-07-24T23:22:13+00:00","og_image":[{"width":768,"height":512,"url":"https:\/\/www.yucatanencorto.com\/noticias\/wp-content\/uploads\/2023\/07\/WhatsApp-Image-2023-07-24-at-4.10.15-PM-scaled.jpeg","type":"image\/jpeg"}],"author":"Redes","twitter_card":"summary_large_image","twitter_creator":"@yucatanencorto","twitter_site":"@yucatanencorto","twitter_misc":{"Escrito por":"Redes","Tiempo de lectura":"3 minutos"},"schema":{"@context":"https:\/\/schema.org","@graph":[{"@type":"Article","@id":"https:\/\/www.yucatanencorto.com\/noticias\/edwin-bojorquez-anuncia-entrega-de-recursos-del-programa-de-asistencia-social-a-personas-y-grupos-en-vulnerabilidad-a-partir-de-este-jueves\/#article","isPartOf":{"@id":"https:\/\/www.yucatanencorto.com\/noticias\/edwin-bojorquez-anuncia-entrega-de-recursos-del-programa-de-asistencia-social-a-personas-y-grupos-en-vulnerabilidad-a-partir-de-este-jueves\/"},"author":{"name":"Redes","@id":"https:\/\/www.yucatanencorto.com\/noticias\/#\/schema\/person\/e2fbdfaf30a07014a43940ce989f3119"},"headline":"Edwin Boj\u00f3rquez anuncia entrega de recursos del programa de asistencia social a personas y grupos en vulnerabilidad a partir de este jueves","datePublished":"2023-07-24T23:22:13+00:00","mainEntityOfPage":{"@id":"https:\/\/www.yucatanencorto.com\/noticias\/edwin-bojorquez-anuncia-entrega-de-recursos-del-programa-de-asistencia-social-a-personas-y-grupos-en-vulnerabilidad-a-partir-de-este-jueves\/"},"wordCount":451,"image":{"@id":"https:\/\/www.yucatanencorto.com\/noticias\/edwin-bojorquez-anuncia-entrega-de-recursos-del-programa-de-asistencia-social-a-personas-y-grupos-en-vulnerabilidad-a-partir-de-este-jueves\/#primaryimage"},"thumbnailUrl":"https:\/\/www.yucatanencorto.com\/noticias\/wp-content\/uploads\/2023\/07\/WhatsApp-Image-2023-07-24-at-4.10.15-PM-scaled.jpeg","articleSection":["Yucat\u00e1n"],"inLanguage":"es"},{"@type":"WebPage","@id":"https:\/\/www.yucatanencorto.com\/noticias\/edwin-bojorquez-anuncia-entrega-de-recursos-del-programa-de-asistencia-social-a-personas-y-grupos-en-vulnerabilidad-a-partir-de-este-jueves\/","url":"https:\/\/www.yucatanencorto.com\/noticias\/edwin-bojorquez-anuncia-entrega-de-recursos-del-programa-de-asistencia-social-a-personas-y-grupos-en-vulnerabilidad-a-partir-de-este-jueves\/","name":"Edwin Boj\u00f3rquez anuncia entrega de recursos del programa de asistencia social a personas y grupos en vulnerabilidad a partir de este jueves - Yucat\u00e1n en corto","isPartOf":{"@id":"https:\/\/www.yucatanencorto.com\/noticias\/#website"},"primaryImageOfPage":{"@id":"https:\/\/www.yucatanencorto.com\/noticias\/edwin-bojorquez-anuncia-entrega-de-recursos-del-programa-de-asistencia-social-a-personas-y-grupos-en-vulnerabilidad-a-partir-de-este-jueves\/#primaryimage"},"image":{"@id":"https:\/\/www.yucatanencorto.com\/noticias\/edwin-bojorquez-anuncia-entrega-de-recursos-del-programa-de-asistencia-social-a-personas-y-grupos-en-vulnerabilidad-a-partir-de-este-jueves\/#primaryimage"},"thumbnailUrl":"https:\/\/www.yucatanencorto.com\/noticias\/wp-content\/uploads\/2023\/07\/WhatsApp-Image-2023-07-24-at-4.10.15-PM-scaled.jpeg","datePublished":"2023-07-24T23:22:13+00:00","author":{"@id":"https:\/\/www.yucatanencorto.com\/noticias\/#\/schema\/person\/e2fbdfaf30a07014a43940ce989f3119"},"breadcrumb":{"@id":"https:\/\/www.yucatanencorto.com\/noticias\/edwin-bojorquez-anuncia-entrega-de-recursos-del-programa-de-asistencia-social-a-personas-y-grupos-en-vulnerabilidad-a-partir-de-este-jueves\/#breadcrumb"},"inLanguage":"es","potentialAction":[{"@type":"ReadAction","target":["https:\/\/www.yucatanencorto.com\/noticias\/edwin-bojorquez-anuncia-entrega-de-recursos-del-programa-de-asistencia-social-a-personas-y-grupos-en-vulnerabilidad-a-partir-de-este-jueves\/"]}]},{"@type":"ImageObject","inLanguage":"es","@id":"https:\/\/www.yucatanencorto.com\/noticias\/edwin-bojorquez-anuncia-entrega-de-recursos-del-programa-de-asistencia-social-a-personas-y-grupos-en-vulnerabilidad-a-partir-de-este-jueves\/#primaryimage","url":"https:\/\/www.yucatanencorto.com\/noticias\/wp-content\/uploads\/2023\/07\/WhatsApp-Image-2023-07-24-at-4.10.15-PM-scaled.jpeg","contentUrl":"https:\/\/www.yucatanencorto.com\/noticias\/wp-content\/uploads\/2023\/07\/WhatsApp-Image-2023-07-24-at-4.10.15-PM-scaled.jpeg","width":768,"height":512},{"@type":"BreadcrumbList","@id":"https:\/\/www.yucatanencorto.com\/noticias\/edwin-bojorquez-anuncia-entrega-de-recursos-del-programa-de-asistencia-social-a-personas-y-grupos-en-vulnerabilidad-a-partir-de-este-jueves\/#breadcrumb","itemListElement":[{"@type":"ListItem","position":1,"name":"Portada","item":"https:\/\/www.yucatanencorto.com\/noticias\/"},{"@type":"ListItem","position":2,"name":"Edwin Boj\u00f3rquez anuncia entrega de recursos del programa de asistencia social a personas y grupos en vulnerabilidad a partir de este jueves"}]},{"@type":"WebSite","@id":"https:\/\/www.yucatanencorto.com\/noticias\/#website","url":"https:\/\/www.yucatanencorto.com\/noticias\/","name":"Yucat\u00e1n en corto","description":"Noticias","potentialAction":[{"@type":"SearchAction","target":{"@type":"EntryPoint","urlTemplate":"https:\/\/www.yucatanencorto.com\/noticias\/?s={search_term_string}"},"query-input":{"@type":"PropertyValueSpecification","valueRequired":true,"valueName":"search_term_string"}}],"inLanguage":"es"},{"@type":"Person","@id":"https:\/\/www.yucatanencorto.com\/noticias\/#\/schema\/person\/e2fbdfaf30a07014a43940ce989f3119","name":"Redes","image":{"@type":"ImageObject","inLanguage":"es","@id":"https:\/\/secure.gravatar.com\/avatar\/5931a2d21dd7cc834f44c8c34fe56d90ed6d536ef452cbf870c7485b524dddd7?s=96&d=mm&r=g","url":"https:\/\/secure.gravatar.com\/avatar\/5931a2d21dd7cc834f44c8c34fe56d90ed6d536ef452cbf870c7485b524dddd7?s=96&d=mm&r=g","contentUrl":"https:\/\/secure.gravatar.com\/avatar\/5931a2d21dd7cc834f44c8c34fe56d90ed6d536ef452cbf870c7485b524dddd7?s=96&d=mm&r=g","caption":"Redes"},"url":"https:\/\/www.yucatanencorto.com\/noticias\/author\/redes\/"}]}},"_links":{"self":[{"href":"https:\/\/www.yucatanencorto.com\/noticias\/wp-json\/wp\/v2\/posts\/99246","targetHints":{"allow":["GET"]}}],"collection":[{"href":"https:\/\/www.yucatanencorto.com\/noticias\/wp-json\/wp\/v2\/posts"}],"about":[{"href":"https:\/\/www.yucatanencorto.com\/noticias\/wp-json\/wp\/v2\/types\/post"}],"author":[{"embeddable":true,"href":"https:\/\/www.yucatanencorto.com\/noticias\/wp-json\/wp\/v2\/users\/3"}],"replies":[{"embeddable":true,"href":"https:\/\/www.yucatanencorto.com\/noticias\/wp-json\/wp\/v2\/comments?post=99246"}],"version-history":[{"count":0,"href":"https:\/\/www.yucatanencorto.com\/noticias\/wp-json\/wp\/v2\/posts\/99246\/revisions"}],"wp:featuredmedia":[{"embeddable":true,"href":"https:\/\/www.yucatanencorto.com\/noticias\/wp-json\/wp\/v2\/media\/99250"}],"wp:attachment":[{"href":"https:\/\/www.yucatanencorto.com\/noticias\/wp-json\/wp\/v2\/media?parent=99246"}],"wp:term":[{"taxonomy":"category","embeddable":true,"href":"https:\/\/www.yucatanencorto.com\/noticias\/wp-json\/wp\/v2\/categories?post=99246"},{"taxonomy":"post_tag","embeddable":true,"href":"https:\/\/www.yucatanencorto.com\/noticias\/wp-json\/wp\/v2\/tags?post=99246"}],"curies":[{"name":"wp","href":"https:\/\/api.w.org\/{rel}","templated":true}]}}