{"id":99252,"date":"2023-07-24T17:29:37","date_gmt":"2023-07-24T23:29:37","guid":{"rendered":"https:\/\/www.yucatanencorto.com\/noticias\/?p=99252"},"modified":"2023-07-24T17:29:37","modified_gmt":"2023-07-24T23:29:37","slug":"presentan-el-ie-tram-en-la-mananera-de-amlo","status":"publish","type":"post","link":"https:\/\/www.yucatanencorto.com\/noticias\/presentan-el-ie-tram-en-la-mananera-de-amlo\/","title":{"rendered":"Presentan el Ie-tram en la ma\u00f1anera de AMLO"},"content":{"rendered":"<p><img loading=\"lazy\" decoding=\"async\" class=\"alignnone size-full wp-image-99253\" src=\"https:\/\/www.yucatanencorto.com\/noticias\/wp-content\/uploads\/2023\/07\/357104182_880205816808375_7146338418346019261_n.png\" alt=\"\" width=\"768\" height=\"512\" srcset=\"https:\/\/www.yucatanencorto.com\/noticias\/wp-content\/uploads\/2023\/07\/357104182_880205816808375_7146338418346019261_n.png 768w, https:\/\/www.yucatanencorto.com\/noticias\/wp-content\/uploads\/2023\/07\/357104182_880205816808375_7146338418346019261_n-696x464.png 696w, https:\/\/www.yucatanencorto.com\/noticias\/wp-content\/uploads\/2023\/07\/357104182_880205816808375_7146338418346019261_n-1068x712.png 1068w, https:\/\/www.yucatanencorto.com\/noticias\/wp-content\/uploads\/2023\/07\/357104182_880205816808375_7146338418346019261_n-630x420.png 630w\" sizes=\"auto, (max-width: 768px) 100vw, 768px\" \/>Ciudad de M\u00e9xico, 24 de julio de 2023.- La movilidad en el sureste del pa\u00eds se transforma con la llegada del Ie-tram, la primera ruta 100% el\u00e9ctrica y \u00fanica en su tipo en Latinoam\u00e9rica, proyecto que se implementa en Yucat\u00e1n y cuyos avances present\u00f3 el Gobernador Mauricio Vila Dosal, quien reiter\u00f3 su disposici\u00f3n al trabajo coordinado y en equipo para ofrecer a los yucatecos una opci\u00f3n de transporte eficiente, moderna y segura.<\/p>\n<p>Durante la acostumbrada conferencia de prensa ma\u00f1anera del presidente Andr\u00e9s Manuel L\u00f3pez Obrador desde Palacio Nacional, el Gobernador se\u00f1al\u00f3 que el Ie-tram forma parte del Sistema de Transporte \u201cVa y Ven\u201d y conectar\u00e1 a m\u00e1s de 137 colonias en 3 municipios con otras 80 rutas de transporte p\u00fablico existentes, m\u00e1s de 30 centros educativos, 2 estaciones del Tren Maya, el Gran Parque de \u201cLa Plancha\u201d y otros 20 puntos tur\u00edsticos de la ciudad, a trav\u00e9s de 32 unidades que entrar\u00e1n en operaci\u00f3n y se estima que tendr\u00eda m\u00e1s de 25 mil usuarios diario. Estar\u00e1 listo en diciembre de este a\u00f1o.<\/p>\n<p>Sobre las caracter\u00edsticas del Ie-tram, Vila Dosal refiri\u00f3 que se trata de un medio de transporte moderno y accesible al contar con puertos USB con carga r\u00e1pida para celular, WiFi, Geolocalizador en tiempo real para poder ver su ruta desde la app \u201cVa &#8211; y -Ven\u201d, 11 c\u00e1maras que permiten una mejor conducci\u00f3n e identificar ciclistas y peatones para evitar accidentes.<\/p>\n<p>\u201cTiene los beneficios de un tranv\u00eda y la flexibilidad de un autob\u00fas, es 100% el\u00e9ctrico con carga r\u00e1pida mediante pant\u00f3grafos y silencioso al no emitir contaminaci\u00f3n auditiva. Adem\u00e1s, son adaptados para personas con cualquier tipo de discapacidad al tener rampas, alarmas de luz, pulsadores en braille y gu\u00eda podo-t\u00e1ctil\u201d, indic\u00f3 el Gobernador.<\/p>\n<p>Dicho plan, continu\u00f3 Vila Dosal, representa una inversi\u00f3n de m\u00e1s de 2.8 millones de pesos, de los cuales el 61% aportar\u00e1 el Gobierno del Estado; 23%, Banobras, y 16%, la iniciativa privada para poder tener un medio de transporte p\u00fablico que actualmente s\u00f3lo se utiliza en Europa y Medio Oriente.<\/p>\n<p>El Ie-tram recorrer\u00e1 100 kil\u00f3metros en 5 trayectos de alta demanda, que vincular\u00e1n el primer cuadro de M\u00e9rida con la Facultad de Ingenier\u00eda de la Universidad Aut\u00f3noma de Yucat\u00e1n (UADY), Um\u00e1n, Kanas\u00edn, y las estaciones del Tren Maya en Poxil\u00e1 y Teya.<\/p>\n<p>En ese marco, el Gobernador agradeci\u00f3 a la Comisi\u00f3n Federal de Electricidad (CFE) por la construcci\u00f3n de la Central Fotovoltaica \u201cNachi Cocom\u201d de 7.5 megas para dar energ\u00eda al Ie-tram de una fuente renovable y sostenible, la cual actualmente se encuentra en proceso de desmantelamiento de la antigua planta.<\/p>\n<p>El Patio de Carga del Parque de la Plancha tendr\u00e1 16 cargadores de 120 kW duales y 3 pant\u00f3grafos de 300 kW, lo que permitir\u00e1 que, durante el d\u00eda sea posible cargar 3 autobuses al mismo tiempo, haciendo del Ie-tram, un medio totalmente sustentable y amigable con el medio ambiente.<\/p>\n<p>Por \u00faltimo, Vila Dosal reiter\u00f3 la disposici\u00f3n de Yucat\u00e1n para continuar el trabajo en equipo en proyectos como este que mejorar\u00e1n la movilidad en el Sureste del pa\u00eds, sumando esfuerzos para que a esta zona le vaya mejor y se eleve la calidad de vida de las familias mexicanas.<\/p>\n<p>Cabe recordar que en Yucat\u00e1n ya se encuentra la primera moderna unidad de prueba del Ie-tram despu\u00e9s de estar en los municipios de Um\u00e1n y Kanas\u00edn, as\u00ed como en la Plaza Grande de M\u00e9rida, se est\u00e1 exhibiendo en diversos puntos de la capital con el objetivo de que las y los yucatecos puedan comenzar a familiarizarse con las bondades que ofrece este novedoso veh\u00edculo el\u00e9ctrico.<\/p>\n","protected":false},"excerpt":{"rendered":"<p>Ciudad de M\u00e9xico, 24 de julio de 2023.- La movilidad en el sureste del pa\u00eds se transforma con la llegada del Ie-tram, la primera ruta 100% el\u00e9ctrica y \u00fanica en su tipo en Latinoam\u00e9rica, proyecto que se implementa en Yucat\u00e1n y cuyos avances present\u00f3 el Gobernador Mauricio Vila Dosal, quien reiter\u00f3 su disposici\u00f3n al trabajo [&hellip;]<\/p>\n","protected":false},"author":3,"featured_media":99253,"comment_status":"closed","ping_status":"closed","sticky":false,"template":"","format":"standard","meta":{"footnotes":""},"categories":[3],"tags":[],"class_list":{"0":"post-99252","1":"post","2":"type-post","3":"status-publish","4":"format-standard","5":"has-post-thumbnail","7":"category-yucatan"},"yoast_head":"<!-- This site is optimized with the Yoast SEO plugin v27.4 - https:\/\/yoast.com\/product\/yoast-seo-wordpress\/ -->\n<title>Presentan el Ie-tram en la ma\u00f1anera de AMLO - Yucat\u00e1n en corto<\/title>\n<meta name=\"robots\" content=\"index, follow, max-snippet:-1, max-image-preview:large, max-video-preview:-1\" \/>\n<link rel=\"canonical\" href=\"https:\/\/www.yucatanencorto.com\/noticias\/presentan-el-ie-tram-en-la-mananera-de-amlo\/\" \/>\n<meta property=\"og:locale\" content=\"es_ES\" \/>\n<meta property=\"og:type\" content=\"article\" \/>\n<meta property=\"og:title\" content=\"Presentan el Ie-tram en la ma\u00f1anera de AMLO - Yucat\u00e1n en corto\" \/>\n<meta property=\"og:description\" content=\"Ciudad de M\u00e9xico, 24 de julio de 2023.- La movilidad en el sureste del pa\u00eds se transforma con la llegada del Ie-tram, la primera ruta 100% el\u00e9ctrica y \u00fanica en su tipo en Latinoam\u00e9rica, proyecto que se implementa en Yucat\u00e1n y cuyos avances present\u00f3 el Gobernador Mauricio Vila Dosal, quien reiter\u00f3 su disposici\u00f3n al trabajo [&hellip;]\" \/>\n<meta property=\"og:url\" content=\"https:\/\/www.yucatanencorto.com\/noticias\/presentan-el-ie-tram-en-la-mananera-de-amlo\/\" \/>\n<meta property=\"og:site_name\" content=\"Yucat\u00e1n en corto\" \/>\n<meta property=\"article:publisher\" content=\"http:\/\/www.facebook.com\/yucatanencorto\" \/>\n<meta property=\"article:published_time\" content=\"2023-07-24T23:29:37+00:00\" \/>\n<meta property=\"og:image\" content=\"https:\/\/www.yucatanencorto.com\/noticias\/wp-content\/uploads\/2023\/07\/357104182_880205816808375_7146338418346019261_n.png\" \/>\n\t<meta property=\"og:image:width\" content=\"768\" \/>\n\t<meta property=\"og:image:height\" content=\"512\" \/>\n\t<meta property=\"og:image:type\" content=\"image\/png\" \/>\n<meta name=\"author\" content=\"Redes\" \/>\n<meta name=\"twitter:card\" content=\"summary_large_image\" \/>\n<meta name=\"twitter:creator\" content=\"@yucatanencorto\" \/>\n<meta name=\"twitter:site\" content=\"@yucatanencorto\" \/>\n<meta name=\"twitter:label1\" content=\"Escrito por\" \/>\n\t<meta name=\"twitter:data1\" content=\"Redes\" \/>\n\t<meta name=\"twitter:label2\" content=\"Tiempo de lectura\" \/>\n\t<meta name=\"twitter:data2\" content=\"3 minutos\" \/>\n<script type=\"application\/ld+json\" class=\"yoast-schema-graph\">{\"@context\":\"https:\\\/\\\/schema.org\",\"@graph\":[{\"@type\":\"Article\",\"@id\":\"https:\\\/\\\/www.yucatanencorto.com\\\/noticias\\\/presentan-el-ie-tram-en-la-mananera-de-amlo\\\/#article\",\"isPartOf\":{\"@id\":\"https:\\\/\\\/www.yucatanencorto.com\\\/noticias\\\/presentan-el-ie-tram-en-la-mananera-de-amlo\\\/\"},\"author\":{\"name\":\"Redes\",\"@id\":\"https:\\\/\\\/www.yucatanencorto.com\\\/noticias\\\/#\\\/schema\\\/person\\\/e2fbdfaf30a07014a43940ce989f3119\"},\"headline\":\"Presentan el Ie-tram en la ma\u00f1anera de AMLO\",\"datePublished\":\"2023-07-24T23:29:37+00:00\",\"mainEntityOfPage\":{\"@id\":\"https:\\\/\\\/www.yucatanencorto.com\\\/noticias\\\/presentan-el-ie-tram-en-la-mananera-de-amlo\\\/\"},\"wordCount\":637,\"image\":{\"@id\":\"https:\\\/\\\/www.yucatanencorto.com\\\/noticias\\\/presentan-el-ie-tram-en-la-mananera-de-amlo\\\/#primaryimage\"},\"thumbnailUrl\":\"https:\\\/\\\/www.yucatanencorto.com\\\/noticias\\\/wp-content\\\/uploads\\\/2023\\\/07\\\/357104182_880205816808375_7146338418346019261_n.png\",\"articleSection\":[\"Yucat\u00e1n\"],\"inLanguage\":\"es\"},{\"@type\":\"WebPage\",\"@id\":\"https:\\\/\\\/www.yucatanencorto.com\\\/noticias\\\/presentan-el-ie-tram-en-la-mananera-de-amlo\\\/\",\"url\":\"https:\\\/\\\/www.yucatanencorto.com\\\/noticias\\\/presentan-el-ie-tram-en-la-mananera-de-amlo\\\/\",\"name\":\"Presentan el Ie-tram en la ma\u00f1anera de AMLO - Yucat\u00e1n en corto\",\"isPartOf\":{\"@id\":\"https:\\\/\\\/www.yucatanencorto.com\\\/noticias\\\/#website\"},\"primaryImageOfPage\":{\"@id\":\"https:\\\/\\\/www.yucatanencorto.com\\\/noticias\\\/presentan-el-ie-tram-en-la-mananera-de-amlo\\\/#primaryimage\"},\"image\":{\"@id\":\"https:\\\/\\\/www.yucatanencorto.com\\\/noticias\\\/presentan-el-ie-tram-en-la-mananera-de-amlo\\\/#primaryimage\"},\"thumbnailUrl\":\"https:\\\/\\\/www.yucatanencorto.com\\\/noticias\\\/wp-content\\\/uploads\\\/2023\\\/07\\\/357104182_880205816808375_7146338418346019261_n.png\",\"datePublished\":\"2023-07-24T23:29:37+00:00\",\"author\":{\"@id\":\"https:\\\/\\\/www.yucatanencorto.com\\\/noticias\\\/#\\\/schema\\\/person\\\/e2fbdfaf30a07014a43940ce989f3119\"},\"breadcrumb\":{\"@id\":\"https:\\\/\\\/www.yucatanencorto.com\\\/noticias\\\/presentan-el-ie-tram-en-la-mananera-de-amlo\\\/#breadcrumb\"},\"inLanguage\":\"es\",\"potentialAction\":[{\"@type\":\"ReadAction\",\"target\":[\"https:\\\/\\\/www.yucatanencorto.com\\\/noticias\\\/presentan-el-ie-tram-en-la-mananera-de-amlo\\\/\"]}]},{\"@type\":\"ImageObject\",\"inLanguage\":\"es\",\"@id\":\"https:\\\/\\\/www.yucatanencorto.com\\\/noticias\\\/presentan-el-ie-tram-en-la-mananera-de-amlo\\\/#primaryimage\",\"url\":\"https:\\\/\\\/www.yucatanencorto.com\\\/noticias\\\/wp-content\\\/uploads\\\/2023\\\/07\\\/357104182_880205816808375_7146338418346019261_n.png\",\"contentUrl\":\"https:\\\/\\\/www.yucatanencorto.com\\\/noticias\\\/wp-content\\\/uploads\\\/2023\\\/07\\\/357104182_880205816808375_7146338418346019261_n.png\",\"width\":768,\"height\":512},{\"@type\":\"BreadcrumbList\",\"@id\":\"https:\\\/\\\/www.yucatanencorto.com\\\/noticias\\\/presentan-el-ie-tram-en-la-mananera-de-amlo\\\/#breadcrumb\",\"itemListElement\":[{\"@type\":\"ListItem\",\"position\":1,\"name\":\"Portada\",\"item\":\"https:\\\/\\\/www.yucatanencorto.com\\\/noticias\\\/\"},{\"@type\":\"ListItem\",\"position\":2,\"name\":\"Presentan el Ie-tram en la ma\u00f1anera de AMLO\"}]},{\"@type\":\"WebSite\",\"@id\":\"https:\\\/\\\/www.yucatanencorto.com\\\/noticias\\\/#website\",\"url\":\"https:\\\/\\\/www.yucatanencorto.com\\\/noticias\\\/\",\"name\":\"Yucat\u00e1n en corto\",\"description\":\"Noticias\",\"potentialAction\":[{\"@type\":\"SearchAction\",\"target\":{\"@type\":\"EntryPoint\",\"urlTemplate\":\"https:\\\/\\\/www.yucatanencorto.com\\\/noticias\\\/?s={search_term_string}\"},\"query-input\":{\"@type\":\"PropertyValueSpecification\",\"valueRequired\":true,\"valueName\":\"search_term_string\"}}],\"inLanguage\":\"es\"},{\"@type\":\"Person\",\"@id\":\"https:\\\/\\\/www.yucatanencorto.com\\\/noticias\\\/#\\\/schema\\\/person\\\/e2fbdfaf30a07014a43940ce989f3119\",\"name\":\"Redes\",\"image\":{\"@type\":\"ImageObject\",\"inLanguage\":\"es\",\"@id\":\"https:\\\/\\\/secure.gravatar.com\\\/avatar\\\/5931a2d21dd7cc834f44c8c34fe56d90ed6d536ef452cbf870c7485b524dddd7?s=96&d=mm&r=g\",\"url\":\"https:\\\/\\\/secure.gravatar.com\\\/avatar\\\/5931a2d21dd7cc834f44c8c34fe56d90ed6d536ef452cbf870c7485b524dddd7?s=96&d=mm&r=g\",\"contentUrl\":\"https:\\\/\\\/secure.gravatar.com\\\/avatar\\\/5931a2d21dd7cc834f44c8c34fe56d90ed6d536ef452cbf870c7485b524dddd7?s=96&d=mm&r=g\",\"caption\":\"Redes\"},\"url\":\"https:\\\/\\\/www.yucatanencorto.com\\\/noticias\\\/author\\\/redes\\\/\"}]}<\/script>\n<!-- \/ Yoast SEO plugin. -->","yoast_head_json":{"title":"Presentan el Ie-tram en la ma\u00f1anera de AMLO - Yucat\u00e1n en corto","robots":{"index":"index","follow":"follow","max-snippet":"max-snippet:-1","max-image-preview":"max-image-preview:large","max-video-preview":"max-video-preview:-1"},"canonical":"https:\/\/www.yucatanencorto.com\/noticias\/presentan-el-ie-tram-en-la-mananera-de-amlo\/","og_locale":"es_ES","og_type":"article","og_title":"Presentan el Ie-tram en la ma\u00f1anera de AMLO - Yucat\u00e1n en corto","og_description":"Ciudad de M\u00e9xico, 24 de julio de 2023.- La movilidad en el sureste del pa\u00eds se transforma con la llegada del Ie-tram, la primera ruta 100% el\u00e9ctrica y \u00fanica en su tipo en Latinoam\u00e9rica, proyecto que se implementa en Yucat\u00e1n y cuyos avances present\u00f3 el Gobernador Mauricio Vila Dosal, quien reiter\u00f3 su disposici\u00f3n al trabajo [&hellip;]","og_url":"https:\/\/www.yucatanencorto.com\/noticias\/presentan-el-ie-tram-en-la-mananera-de-amlo\/","og_site_name":"Yucat\u00e1n en corto","article_publisher":"http:\/\/www.facebook.com\/yucatanencorto","article_published_time":"2023-07-24T23:29:37+00:00","og_image":[{"width":768,"height":512,"url":"https:\/\/www.yucatanencorto.com\/noticias\/wp-content\/uploads\/2023\/07\/357104182_880205816808375_7146338418346019261_n.png","type":"image\/png"}],"author":"Redes","twitter_card":"summary_large_image","twitter_creator":"@yucatanencorto","twitter_site":"@yucatanencorto","twitter_misc":{"Escrito por":"Redes","Tiempo de lectura":"3 minutos"},"schema":{"@context":"https:\/\/schema.org","@graph":[{"@type":"Article","@id":"https:\/\/www.yucatanencorto.com\/noticias\/presentan-el-ie-tram-en-la-mananera-de-amlo\/#article","isPartOf":{"@id":"https:\/\/www.yucatanencorto.com\/noticias\/presentan-el-ie-tram-en-la-mananera-de-amlo\/"},"author":{"name":"Redes","@id":"https:\/\/www.yucatanencorto.com\/noticias\/#\/schema\/person\/e2fbdfaf30a07014a43940ce989f3119"},"headline":"Presentan el Ie-tram en la ma\u00f1anera de AMLO","datePublished":"2023-07-24T23:29:37+00:00","mainEntityOfPage":{"@id":"https:\/\/www.yucatanencorto.com\/noticias\/presentan-el-ie-tram-en-la-mananera-de-amlo\/"},"wordCount":637,"image":{"@id":"https:\/\/www.yucatanencorto.com\/noticias\/presentan-el-ie-tram-en-la-mananera-de-amlo\/#primaryimage"},"thumbnailUrl":"https:\/\/www.yucatanencorto.com\/noticias\/wp-content\/uploads\/2023\/07\/357104182_880205816808375_7146338418346019261_n.png","articleSection":["Yucat\u00e1n"],"inLanguage":"es"},{"@type":"WebPage","@id":"https:\/\/www.yucatanencorto.com\/noticias\/presentan-el-ie-tram-en-la-mananera-de-amlo\/","url":"https:\/\/www.yucatanencorto.com\/noticias\/presentan-el-ie-tram-en-la-mananera-de-amlo\/","name":"Presentan el Ie-tram en la ma\u00f1anera de AMLO - Yucat\u00e1n en corto","isPartOf":{"@id":"https:\/\/www.yucatanencorto.com\/noticias\/#website"},"primaryImageOfPage":{"@id":"https:\/\/www.yucatanencorto.com\/noticias\/presentan-el-ie-tram-en-la-mananera-de-amlo\/#primaryimage"},"image":{"@id":"https:\/\/www.yucatanencorto.com\/noticias\/presentan-el-ie-tram-en-la-mananera-de-amlo\/#primaryimage"},"thumbnailUrl":"https:\/\/www.yucatanencorto.com\/noticias\/wp-content\/uploads\/2023\/07\/357104182_880205816808375_7146338418346019261_n.png","datePublished":"2023-07-24T23:29:37+00:00","author":{"@id":"https:\/\/www.yucatanencorto.com\/noticias\/#\/schema\/person\/e2fbdfaf30a07014a43940ce989f3119"},"breadcrumb":{"@id":"https:\/\/www.yucatanencorto.com\/noticias\/presentan-el-ie-tram-en-la-mananera-de-amlo\/#breadcrumb"},"inLanguage":"es","potentialAction":[{"@type":"ReadAction","target":["https:\/\/www.yucatanencorto.com\/noticias\/presentan-el-ie-tram-en-la-mananera-de-amlo\/"]}]},{"@type":"ImageObject","inLanguage":"es","@id":"https:\/\/www.yucatanencorto.com\/noticias\/presentan-el-ie-tram-en-la-mananera-de-amlo\/#primaryimage","url":"https:\/\/www.yucatanencorto.com\/noticias\/wp-content\/uploads\/2023\/07\/357104182_880205816808375_7146338418346019261_n.png","contentUrl":"https:\/\/www.yucatanencorto.com\/noticias\/wp-content\/uploads\/2023\/07\/357104182_880205816808375_7146338418346019261_n.png","width":768,"height":512},{"@type":"BreadcrumbList","@id":"https:\/\/www.yucatanencorto.com\/noticias\/presentan-el-ie-tram-en-la-mananera-de-amlo\/#breadcrumb","itemListElement":[{"@type":"ListItem","position":1,"name":"Portada","item":"https:\/\/www.yucatanencorto.com\/noticias\/"},{"@type":"ListItem","position":2,"name":"Presentan el Ie-tram en la ma\u00f1anera de AMLO"}]},{"@type":"WebSite","@id":"https:\/\/www.yucatanencorto.com\/noticias\/#website","url":"https:\/\/www.yucatanencorto.com\/noticias\/","name":"Yucat\u00e1n en corto","description":"Noticias","potentialAction":[{"@type":"SearchAction","target":{"@type":"EntryPoint","urlTemplate":"https:\/\/www.yucatanencorto.com\/noticias\/?s={search_term_string}"},"query-input":{"@type":"PropertyValueSpecification","valueRequired":true,"valueName":"search_term_string"}}],"inLanguage":"es"},{"@type":"Person","@id":"https:\/\/www.yucatanencorto.com\/noticias\/#\/schema\/person\/e2fbdfaf30a07014a43940ce989f3119","name":"Redes","image":{"@type":"ImageObject","inLanguage":"es","@id":"https:\/\/secure.gravatar.com\/avatar\/5931a2d21dd7cc834f44c8c34fe56d90ed6d536ef452cbf870c7485b524dddd7?s=96&d=mm&r=g","url":"https:\/\/secure.gravatar.com\/avatar\/5931a2d21dd7cc834f44c8c34fe56d90ed6d536ef452cbf870c7485b524dddd7?s=96&d=mm&r=g","contentUrl":"https:\/\/secure.gravatar.com\/avatar\/5931a2d21dd7cc834f44c8c34fe56d90ed6d536ef452cbf870c7485b524dddd7?s=96&d=mm&r=g","caption":"Redes"},"url":"https:\/\/www.yucatanencorto.com\/noticias\/author\/redes\/"}]}},"_links":{"self":[{"href":"https:\/\/www.yucatanencorto.com\/noticias\/wp-json\/wp\/v2\/posts\/99252","targetHints":{"allow":["GET"]}}],"collection":[{"href":"https:\/\/www.yucatanencorto.com\/noticias\/wp-json\/wp\/v2\/posts"}],"about":[{"href":"https:\/\/www.yucatanencorto.com\/noticias\/wp-json\/wp\/v2\/types\/post"}],"author":[{"embeddable":true,"href":"https:\/\/www.yucatanencorto.com\/noticias\/wp-json\/wp\/v2\/users\/3"}],"replies":[{"embeddable":true,"href":"https:\/\/www.yucatanencorto.com\/noticias\/wp-json\/wp\/v2\/comments?post=99252"}],"version-history":[{"count":0,"href":"https:\/\/www.yucatanencorto.com\/noticias\/wp-json\/wp\/v2\/posts\/99252\/revisions"}],"wp:featuredmedia":[{"embeddable":true,"href":"https:\/\/www.yucatanencorto.com\/noticias\/wp-json\/wp\/v2\/media\/99253"}],"wp:attachment":[{"href":"https:\/\/www.yucatanencorto.com\/noticias\/wp-json\/wp\/v2\/media?parent=99252"}],"wp:term":[{"taxonomy":"category","embeddable":true,"href":"https:\/\/www.yucatanencorto.com\/noticias\/wp-json\/wp\/v2\/categories?post=99252"},{"taxonomy":"post_tag","embeddable":true,"href":"https:\/\/www.yucatanencorto.com\/noticias\/wp-json\/wp\/v2\/tags?post=99252"}],"curies":[{"name":"wp","href":"https:\/\/api.w.org\/{rel}","templated":true}]}}