{"id":99271,"date":"2023-07-25T15:58:42","date_gmt":"2023-07-25T21:58:42","guid":{"rendered":"https:\/\/www.yucatanencorto.com\/noticias\/?p=99271"},"modified":"2023-07-25T15:58:42","modified_gmt":"2023-07-25T21:58:42","slug":"que-vitaminas-te-faltan-si-todo-el-dia-tiene-cansancio-sueno-y-pesadez","status":"publish","type":"post","link":"https:\/\/www.yucatanencorto.com\/noticias\/que-vitaminas-te-faltan-si-todo-el-dia-tiene-cansancio-sueno-y-pesadez\/","title":{"rendered":"Qu\u00e9 vitaminas te faltan si todo el d\u00eda tiene cansancio, sue\u00f1o y pesadez"},"content":{"rendered":"<p><img loading=\"lazy\" decoding=\"async\" class=\"alignnone size-full wp-image-99272\" src=\"https:\/\/www.yucatanencorto.com\/noticias\/wp-content\/uploads\/2023\/07\/NYUW3GCNB5E47O5YOABUKAZABU-scaled.jpg\" alt=\"\" width=\"768\" height=\"509\" srcset=\"https:\/\/www.yucatanencorto.com\/noticias\/wp-content\/uploads\/2023\/07\/NYUW3GCNB5E47O5YOABUKAZABU-scaled.jpg 768w, https:\/\/www.yucatanencorto.com\/noticias\/wp-content\/uploads\/2023\/07\/NYUW3GCNB5E47O5YOABUKAZABU-1536x1017.jpg 1536w, https:\/\/www.yucatanencorto.com\/noticias\/wp-content\/uploads\/2023\/07\/NYUW3GCNB5E47O5YOABUKAZABU-2048x1357.jpg 2048w, https:\/\/www.yucatanencorto.com\/noticias\/wp-content\/uploads\/2023\/07\/NYUW3GCNB5E47O5YOABUKAZABU-696x461.jpg 696w, https:\/\/www.yucatanencorto.com\/noticias\/wp-content\/uploads\/2023\/07\/NYUW3GCNB5E47O5YOABUKAZABU-1068x707.jpg 1068w, https:\/\/www.yucatanencorto.com\/noticias\/wp-content\/uploads\/2023\/07\/NYUW3GCNB5E47O5YOABUKAZABU-1920x1272.jpg 1920w, https:\/\/www.yucatanencorto.com\/noticias\/wp-content\/uploads\/2023\/07\/NYUW3GCNB5E47O5YOABUKAZABU-634x420.jpg 634w\" sizes=\"auto, (max-width: 768px) 100vw, 768px\" \/><\/p>\n<p>El cansancio, el sue\u00f1o excesivo y la pesadez pueden ser s\u00edntomas de diversas condiciones m\u00e9dicas, pero tambi\u00e9n pueden estar relacionados con deficiencias de ciertas vitaminas y minerales en el cuerpo. Una dieta equilibrada y rica en nutrientes es esencial para mantener la salud y el bienestar general. En este contexto, hay algunas vitaminas clave que podr\u00edan estar faltando si te sientes agotado y con somnolencia durante todo el d\u00eda.<\/p>\n<p>1. Vitamina B12:\u00a0Esta vitamina es crucial para el adecuado funcionamiento del sistema nervioso y la producci\u00f3n de gl\u00f3bulos rojos. Su deficiencia puede provocar fatiga cr\u00f3nica, debilidad y sensaci\u00f3n de cansancio. La vitamina B12 se encuentra principalmente en alimentos de origen animal, como carnes, pescados, huevos y l\u00e1cteos. Si llevas una dieta vegetariana o vegana, podr\u00edas estar en mayor riesgo de carencia de B12.<\/p>\n<p>2. Vitamina D:\u00a0Conocida como la \u00abvitamina del sol\u00bb, la vitamina D es esencial para la absorci\u00f3n de calcio y el mantenimiento de huesos y m\u00fasculos saludables. Una deficiencia de vitamina D puede llevar a la fatiga y debilidad muscular, adem\u00e1s de afectar negativamente el estado de \u00e1nimo. La exposici\u00f3n al sol y ciertos alimentos como pescados grasos, h\u00edgado y productos enriquecidos son fuentes de vitamina D.<\/p>\n<p>3. Hierro:\u00a0Es un componente clave de la hemoglobina, la prote\u00edna que transporta el ox\u00edgeno en la sangre. La falta de hierro puede llevar a una disminuci\u00f3n del suministro de ox\u00edgeno a los tejidos y causar anemia, lo que se manifiesta en fatiga constante, debilidad y palidez. Las carnes rojas, aves, pescado, espinacas y legumbres son buenas fuentes de hierro.<\/p>\n<p>4. Vitamina C:\u00a0Esta vitamina es fundamental para el sistema inmunol\u00f3gico y tambi\u00e9n mejora la absorci\u00f3n de hierro. Su deficiencia puede contribuir a la fatiga y la susceptibilidad a infecciones. Los c\u00edtricos, kiwis, fresas, br\u00f3coli y pimientos son ricos en vitamina C.<\/p>\n<p>5. Vitamina B6:\u00a0Es esencial para el metabolismo de los amino\u00e1cidos y la producci\u00f3n de neurotransmisores, como la serotonina y la dopamina, que regulan el estado de \u00e1nimo y el sue\u00f1o. Una deficiencia de B6 podr\u00eda estar relacionada con la fatiga y problemas del sue\u00f1o. Se encuentra en alimentos como carnes, nueces, pl\u00e1tanos y papas.<\/p>\n<p>6. \u00c1cido f\u00f3lico (Vitamina B9):\u00a0Juega un papel crucial en la s\u00edntesis del ADN y en la producci\u00f3n de gl\u00f3bulos rojos. Su deficiencia puede provocar anemia megalobl\u00e1stica, que se caracteriza por fatiga extrema y debilidad. Alimentos como vegetales de hojas verdes, legumbres y cereales fortificados son buenas fuentes de \u00e1cido f\u00f3lico.<\/p>\n<p>7. Magnesio:\u00a0A menudo denominado el \u00abmineral relajante\u00bb, el magnesio juega un papel en m\u00e1s de 300 reacciones bioqu\u00edmicas en el cuerpo, incluida la funci\u00f3n muscular y nerviosa. La falta de magnesio puede manifestarse en cansancio, insomnio y sensaci\u00f3n de pesadez. Frutos secos, semillas, espinacas y aguacates son buenas fuentes de magnesio.<\/p>\n<p>8. Vitamina E:\u00a0Conocida por sus propiedades antioxidantes, la vitamina E es importante para proteger las c\u00e9lulas del da\u00f1o oxidativo. Si bien una deficiencia grave de vitamina E es rara, su falta podr\u00eda contribuir a la fatiga cr\u00f3nica y debilidad muscular. Se encuentra en aceites vegetales, nueces, semillas y cereales integrales.<\/p>\n<p>9. Zinc:\u00a0Este mineral es esencial para el sistema inmunol\u00f3gico, la s\u00edntesis de prote\u00ednas y el metabolismo energ\u00e9tico. La falta de zinc puede afectar negativamente el sistema inmunol\u00f3gico y contribuir a la fatiga. Carnes, mariscos, nueces y semillas son buenas fuentes de zinc.<\/p>\n<p>Si experimentas s\u00edntomas persistentes de cansancio, sue\u00f1o excesivo y pesadez, es recomendable consultar a un profesional de la salud para obtener un diagn\u00f3stico adecuado. No solo las deficiencias de\u00a0vitaminas y minerales pueden causar estos s\u00edntomas, sino que tambi\u00e9n pueden ser indicativos de otras condiciones m\u00e9dicas que requieren atenci\u00f3n y tratamiento espec\u00edficos. Una dieta equilibrada, rica en nutrientes y variada, junto con un estilo de vida saludable, son clave para mantener la vitalidad y el bienestar general.<\/p>\n","protected":false},"excerpt":{"rendered":"<p>El cansancio, el sue\u00f1o excesivo y la pesadez pueden ser s\u00edntomas de diversas condiciones m\u00e9dicas, pero tambi\u00e9n pueden estar relacionados con deficiencias de ciertas vitaminas y minerales en el cuerpo. Una dieta equilibrada y rica en nutrientes es esencial para mantener la salud y el bienestar general. En este contexto, hay algunas vitaminas clave que [&hellip;]<\/p>\n","protected":false},"author":3,"featured_media":99272,"comment_status":"closed","ping_status":"closed","sticky":false,"template":"","format":"standard","meta":{"footnotes":""},"categories":[10],"tags":[],"class_list":{"0":"post-99271","1":"post","2":"type-post","3":"status-publish","4":"format-standard","5":"has-post-thumbnail","7":"category-bienestar"},"yoast_head":"<!-- This site is optimized with the Yoast SEO plugin v27.4 - https:\/\/yoast.com\/product\/yoast-seo-wordpress\/ -->\n<title>Qu\u00e9 vitaminas te faltan si todo el d\u00eda tiene cansancio, sue\u00f1o y pesadez - Yucat\u00e1n en corto<\/title>\n<meta name=\"robots\" content=\"index, follow, max-snippet:-1, max-image-preview:large, max-video-preview:-1\" \/>\n<link rel=\"canonical\" href=\"https:\/\/www.yucatanencorto.com\/noticias\/que-vitaminas-te-faltan-si-todo-el-dia-tiene-cansancio-sueno-y-pesadez\/\" \/>\n<meta property=\"og:locale\" content=\"es_ES\" \/>\n<meta property=\"og:type\" content=\"article\" \/>\n<meta property=\"og:title\" content=\"Qu\u00e9 vitaminas te faltan si todo el d\u00eda tiene cansancio, sue\u00f1o y pesadez - Yucat\u00e1n en corto\" \/>\n<meta property=\"og:description\" content=\"El cansancio, el sue\u00f1o excesivo y la pesadez pueden ser s\u00edntomas de diversas condiciones m\u00e9dicas, pero tambi\u00e9n pueden estar relacionados con deficiencias de ciertas vitaminas y minerales en el cuerpo. Una dieta equilibrada y rica en nutrientes es esencial para mantener la salud y el bienestar general. En este contexto, hay algunas vitaminas clave que [&hellip;]\" \/>\n<meta property=\"og:url\" content=\"https:\/\/www.yucatanencorto.com\/noticias\/que-vitaminas-te-faltan-si-todo-el-dia-tiene-cansancio-sueno-y-pesadez\/\" \/>\n<meta property=\"og:site_name\" content=\"Yucat\u00e1n en corto\" \/>\n<meta property=\"article:publisher\" content=\"http:\/\/www.facebook.com\/yucatanencorto\" \/>\n<meta property=\"article:published_time\" content=\"2023-07-25T21:58:42+00:00\" \/>\n<meta property=\"og:image\" content=\"https:\/\/www.yucatanencorto.com\/noticias\/wp-content\/uploads\/2023\/07\/NYUW3GCNB5E47O5YOABUKAZABU-scaled.jpg\" \/>\n\t<meta property=\"og:image:width\" content=\"768\" \/>\n\t<meta property=\"og:image:height\" content=\"509\" \/>\n\t<meta property=\"og:image:type\" content=\"image\/jpeg\" \/>\n<meta name=\"author\" content=\"Redes\" \/>\n<meta name=\"twitter:card\" content=\"summary_large_image\" \/>\n<meta name=\"twitter:creator\" content=\"@yucatanencorto\" \/>\n<meta name=\"twitter:site\" content=\"@yucatanencorto\" \/>\n<meta name=\"twitter:label1\" content=\"Escrito por\" \/>\n\t<meta name=\"twitter:data1\" content=\"Redes\" \/>\n\t<meta name=\"twitter:label2\" content=\"Tiempo de lectura\" \/>\n\t<meta name=\"twitter:data2\" content=\"3 minutos\" \/>\n<script type=\"application\/ld+json\" class=\"yoast-schema-graph\">{\"@context\":\"https:\\\/\\\/schema.org\",\"@graph\":[{\"@type\":\"Article\",\"@id\":\"https:\\\/\\\/www.yucatanencorto.com\\\/noticias\\\/que-vitaminas-te-faltan-si-todo-el-dia-tiene-cansancio-sueno-y-pesadez\\\/#article\",\"isPartOf\":{\"@id\":\"https:\\\/\\\/www.yucatanencorto.com\\\/noticias\\\/que-vitaminas-te-faltan-si-todo-el-dia-tiene-cansancio-sueno-y-pesadez\\\/\"},\"author\":{\"name\":\"Redes\",\"@id\":\"https:\\\/\\\/www.yucatanencorto.com\\\/noticias\\\/#\\\/schema\\\/person\\\/e2fbdfaf30a07014a43940ce989f3119\"},\"headline\":\"Qu\u00e9 vitaminas te faltan si todo el d\u00eda tiene cansancio, sue\u00f1o y pesadez\",\"datePublished\":\"2023-07-25T21:58:42+00:00\",\"mainEntityOfPage\":{\"@id\":\"https:\\\/\\\/www.yucatanencorto.com\\\/noticias\\\/que-vitaminas-te-faltan-si-todo-el-dia-tiene-cansancio-sueno-y-pesadez\\\/\"},\"wordCount\":695,\"image\":{\"@id\":\"https:\\\/\\\/www.yucatanencorto.com\\\/noticias\\\/que-vitaminas-te-faltan-si-todo-el-dia-tiene-cansancio-sueno-y-pesadez\\\/#primaryimage\"},\"thumbnailUrl\":\"https:\\\/\\\/www.yucatanencorto.com\\\/noticias\\\/wp-content\\\/uploads\\\/2023\\\/07\\\/NYUW3GCNB5E47O5YOABUKAZABU-scaled.jpg\",\"articleSection\":[\"Bienestar\"],\"inLanguage\":\"es\"},{\"@type\":\"WebPage\",\"@id\":\"https:\\\/\\\/www.yucatanencorto.com\\\/noticias\\\/que-vitaminas-te-faltan-si-todo-el-dia-tiene-cansancio-sueno-y-pesadez\\\/\",\"url\":\"https:\\\/\\\/www.yucatanencorto.com\\\/noticias\\\/que-vitaminas-te-faltan-si-todo-el-dia-tiene-cansancio-sueno-y-pesadez\\\/\",\"name\":\"Qu\u00e9 vitaminas te faltan si todo el d\u00eda tiene cansancio, sue\u00f1o y pesadez - Yucat\u00e1n en corto\",\"isPartOf\":{\"@id\":\"https:\\\/\\\/www.yucatanencorto.com\\\/noticias\\\/#website\"},\"primaryImageOfPage\":{\"@id\":\"https:\\\/\\\/www.yucatanencorto.com\\\/noticias\\\/que-vitaminas-te-faltan-si-todo-el-dia-tiene-cansancio-sueno-y-pesadez\\\/#primaryimage\"},\"image\":{\"@id\":\"https:\\\/\\\/www.yucatanencorto.com\\\/noticias\\\/que-vitaminas-te-faltan-si-todo-el-dia-tiene-cansancio-sueno-y-pesadez\\\/#primaryimage\"},\"thumbnailUrl\":\"https:\\\/\\\/www.yucatanencorto.com\\\/noticias\\\/wp-content\\\/uploads\\\/2023\\\/07\\\/NYUW3GCNB5E47O5YOABUKAZABU-scaled.jpg\",\"datePublished\":\"2023-07-25T21:58:42+00:00\",\"author\":{\"@id\":\"https:\\\/\\\/www.yucatanencorto.com\\\/noticias\\\/#\\\/schema\\\/person\\\/e2fbdfaf30a07014a43940ce989f3119\"},\"breadcrumb\":{\"@id\":\"https:\\\/\\\/www.yucatanencorto.com\\\/noticias\\\/que-vitaminas-te-faltan-si-todo-el-dia-tiene-cansancio-sueno-y-pesadez\\\/#breadcrumb\"},\"inLanguage\":\"es\",\"potentialAction\":[{\"@type\":\"ReadAction\",\"target\":[\"https:\\\/\\\/www.yucatanencorto.com\\\/noticias\\\/que-vitaminas-te-faltan-si-todo-el-dia-tiene-cansancio-sueno-y-pesadez\\\/\"]}]},{\"@type\":\"ImageObject\",\"inLanguage\":\"es\",\"@id\":\"https:\\\/\\\/www.yucatanencorto.com\\\/noticias\\\/que-vitaminas-te-faltan-si-todo-el-dia-tiene-cansancio-sueno-y-pesadez\\\/#primaryimage\",\"url\":\"https:\\\/\\\/www.yucatanencorto.com\\\/noticias\\\/wp-content\\\/uploads\\\/2023\\\/07\\\/NYUW3GCNB5E47O5YOABUKAZABU-scaled.jpg\",\"contentUrl\":\"https:\\\/\\\/www.yucatanencorto.com\\\/noticias\\\/wp-content\\\/uploads\\\/2023\\\/07\\\/NYUW3GCNB5E47O5YOABUKAZABU-scaled.jpg\",\"width\":768,\"height\":509},{\"@type\":\"BreadcrumbList\",\"@id\":\"https:\\\/\\\/www.yucatanencorto.com\\\/noticias\\\/que-vitaminas-te-faltan-si-todo-el-dia-tiene-cansancio-sueno-y-pesadez\\\/#breadcrumb\",\"itemListElement\":[{\"@type\":\"ListItem\",\"position\":1,\"name\":\"Portada\",\"item\":\"https:\\\/\\\/www.yucatanencorto.com\\\/noticias\\\/\"},{\"@type\":\"ListItem\",\"position\":2,\"name\":\"Qu\u00e9 vitaminas te faltan si todo el d\u00eda tiene cansancio, sue\u00f1o y pesadez\"}]},{\"@type\":\"WebSite\",\"@id\":\"https:\\\/\\\/www.yucatanencorto.com\\\/noticias\\\/#website\",\"url\":\"https:\\\/\\\/www.yucatanencorto.com\\\/noticias\\\/\",\"name\":\"Yucat\u00e1n en corto\",\"description\":\"Noticias\",\"potentialAction\":[{\"@type\":\"SearchAction\",\"target\":{\"@type\":\"EntryPoint\",\"urlTemplate\":\"https:\\\/\\\/www.yucatanencorto.com\\\/noticias\\\/?s={search_term_string}\"},\"query-input\":{\"@type\":\"PropertyValueSpecification\",\"valueRequired\":true,\"valueName\":\"search_term_string\"}}],\"inLanguage\":\"es\"},{\"@type\":\"Person\",\"@id\":\"https:\\\/\\\/www.yucatanencorto.com\\\/noticias\\\/#\\\/schema\\\/person\\\/e2fbdfaf30a07014a43940ce989f3119\",\"name\":\"Redes\",\"image\":{\"@type\":\"ImageObject\",\"inLanguage\":\"es\",\"@id\":\"https:\\\/\\\/secure.gravatar.com\\\/avatar\\\/5931a2d21dd7cc834f44c8c34fe56d90ed6d536ef452cbf870c7485b524dddd7?s=96&d=mm&r=g\",\"url\":\"https:\\\/\\\/secure.gravatar.com\\\/avatar\\\/5931a2d21dd7cc834f44c8c34fe56d90ed6d536ef452cbf870c7485b524dddd7?s=96&d=mm&r=g\",\"contentUrl\":\"https:\\\/\\\/secure.gravatar.com\\\/avatar\\\/5931a2d21dd7cc834f44c8c34fe56d90ed6d536ef452cbf870c7485b524dddd7?s=96&d=mm&r=g\",\"caption\":\"Redes\"},\"url\":\"https:\\\/\\\/www.yucatanencorto.com\\\/noticias\\\/author\\\/redes\\\/\"}]}<\/script>\n<!-- \/ Yoast SEO plugin. -->","yoast_head_json":{"title":"Qu\u00e9 vitaminas te faltan si todo el d\u00eda tiene cansancio, sue\u00f1o y pesadez - Yucat\u00e1n en corto","robots":{"index":"index","follow":"follow","max-snippet":"max-snippet:-1","max-image-preview":"max-image-preview:large","max-video-preview":"max-video-preview:-1"},"canonical":"https:\/\/www.yucatanencorto.com\/noticias\/que-vitaminas-te-faltan-si-todo-el-dia-tiene-cansancio-sueno-y-pesadez\/","og_locale":"es_ES","og_type":"article","og_title":"Qu\u00e9 vitaminas te faltan si todo el d\u00eda tiene cansancio, sue\u00f1o y pesadez - Yucat\u00e1n en corto","og_description":"El cansancio, el sue\u00f1o excesivo y la pesadez pueden ser s\u00edntomas de diversas condiciones m\u00e9dicas, pero tambi\u00e9n pueden estar relacionados con deficiencias de ciertas vitaminas y minerales en el cuerpo. Una dieta equilibrada y rica en nutrientes es esencial para mantener la salud y el bienestar general. En este contexto, hay algunas vitaminas clave que [&hellip;]","og_url":"https:\/\/www.yucatanencorto.com\/noticias\/que-vitaminas-te-faltan-si-todo-el-dia-tiene-cansancio-sueno-y-pesadez\/","og_site_name":"Yucat\u00e1n en corto","article_publisher":"http:\/\/www.facebook.com\/yucatanencorto","article_published_time":"2023-07-25T21:58:42+00:00","og_image":[{"width":768,"height":509,"url":"https:\/\/www.yucatanencorto.com\/noticias\/wp-content\/uploads\/2023\/07\/NYUW3GCNB5E47O5YOABUKAZABU-scaled.jpg","type":"image\/jpeg"}],"author":"Redes","twitter_card":"summary_large_image","twitter_creator":"@yucatanencorto","twitter_site":"@yucatanencorto","twitter_misc":{"Escrito por":"Redes","Tiempo de lectura":"3 minutos"},"schema":{"@context":"https:\/\/schema.org","@graph":[{"@type":"Article","@id":"https:\/\/www.yucatanencorto.com\/noticias\/que-vitaminas-te-faltan-si-todo-el-dia-tiene-cansancio-sueno-y-pesadez\/#article","isPartOf":{"@id":"https:\/\/www.yucatanencorto.com\/noticias\/que-vitaminas-te-faltan-si-todo-el-dia-tiene-cansancio-sueno-y-pesadez\/"},"author":{"name":"Redes","@id":"https:\/\/www.yucatanencorto.com\/noticias\/#\/schema\/person\/e2fbdfaf30a07014a43940ce989f3119"},"headline":"Qu\u00e9 vitaminas te faltan si todo el d\u00eda tiene cansancio, sue\u00f1o y pesadez","datePublished":"2023-07-25T21:58:42+00:00","mainEntityOfPage":{"@id":"https:\/\/www.yucatanencorto.com\/noticias\/que-vitaminas-te-faltan-si-todo-el-dia-tiene-cansancio-sueno-y-pesadez\/"},"wordCount":695,"image":{"@id":"https:\/\/www.yucatanencorto.com\/noticias\/que-vitaminas-te-faltan-si-todo-el-dia-tiene-cansancio-sueno-y-pesadez\/#primaryimage"},"thumbnailUrl":"https:\/\/www.yucatanencorto.com\/noticias\/wp-content\/uploads\/2023\/07\/NYUW3GCNB5E47O5YOABUKAZABU-scaled.jpg","articleSection":["Bienestar"],"inLanguage":"es"},{"@type":"WebPage","@id":"https:\/\/www.yucatanencorto.com\/noticias\/que-vitaminas-te-faltan-si-todo-el-dia-tiene-cansancio-sueno-y-pesadez\/","url":"https:\/\/www.yucatanencorto.com\/noticias\/que-vitaminas-te-faltan-si-todo-el-dia-tiene-cansancio-sueno-y-pesadez\/","name":"Qu\u00e9 vitaminas te faltan si todo el d\u00eda tiene cansancio, sue\u00f1o y pesadez - Yucat\u00e1n en corto","isPartOf":{"@id":"https:\/\/www.yucatanencorto.com\/noticias\/#website"},"primaryImageOfPage":{"@id":"https:\/\/www.yucatanencorto.com\/noticias\/que-vitaminas-te-faltan-si-todo-el-dia-tiene-cansancio-sueno-y-pesadez\/#primaryimage"},"image":{"@id":"https:\/\/www.yucatanencorto.com\/noticias\/que-vitaminas-te-faltan-si-todo-el-dia-tiene-cansancio-sueno-y-pesadez\/#primaryimage"},"thumbnailUrl":"https:\/\/www.yucatanencorto.com\/noticias\/wp-content\/uploads\/2023\/07\/NYUW3GCNB5E47O5YOABUKAZABU-scaled.jpg","datePublished":"2023-07-25T21:58:42+00:00","author":{"@id":"https:\/\/www.yucatanencorto.com\/noticias\/#\/schema\/person\/e2fbdfaf30a07014a43940ce989f3119"},"breadcrumb":{"@id":"https:\/\/www.yucatanencorto.com\/noticias\/que-vitaminas-te-faltan-si-todo-el-dia-tiene-cansancio-sueno-y-pesadez\/#breadcrumb"},"inLanguage":"es","potentialAction":[{"@type":"ReadAction","target":["https:\/\/www.yucatanencorto.com\/noticias\/que-vitaminas-te-faltan-si-todo-el-dia-tiene-cansancio-sueno-y-pesadez\/"]}]},{"@type":"ImageObject","inLanguage":"es","@id":"https:\/\/www.yucatanencorto.com\/noticias\/que-vitaminas-te-faltan-si-todo-el-dia-tiene-cansancio-sueno-y-pesadez\/#primaryimage","url":"https:\/\/www.yucatanencorto.com\/noticias\/wp-content\/uploads\/2023\/07\/NYUW3GCNB5E47O5YOABUKAZABU-scaled.jpg","contentUrl":"https:\/\/www.yucatanencorto.com\/noticias\/wp-content\/uploads\/2023\/07\/NYUW3GCNB5E47O5YOABUKAZABU-scaled.jpg","width":768,"height":509},{"@type":"BreadcrumbList","@id":"https:\/\/www.yucatanencorto.com\/noticias\/que-vitaminas-te-faltan-si-todo-el-dia-tiene-cansancio-sueno-y-pesadez\/#breadcrumb","itemListElement":[{"@type":"ListItem","position":1,"name":"Portada","item":"https:\/\/www.yucatanencorto.com\/noticias\/"},{"@type":"ListItem","position":2,"name":"Qu\u00e9 vitaminas te faltan si todo el d\u00eda tiene cansancio, sue\u00f1o y pesadez"}]},{"@type":"WebSite","@id":"https:\/\/www.yucatanencorto.com\/noticias\/#website","url":"https:\/\/www.yucatanencorto.com\/noticias\/","name":"Yucat\u00e1n en corto","description":"Noticias","potentialAction":[{"@type":"SearchAction","target":{"@type":"EntryPoint","urlTemplate":"https:\/\/www.yucatanencorto.com\/noticias\/?s={search_term_string}"},"query-input":{"@type":"PropertyValueSpecification","valueRequired":true,"valueName":"search_term_string"}}],"inLanguage":"es"},{"@type":"Person","@id":"https:\/\/www.yucatanencorto.com\/noticias\/#\/schema\/person\/e2fbdfaf30a07014a43940ce989f3119","name":"Redes","image":{"@type":"ImageObject","inLanguage":"es","@id":"https:\/\/secure.gravatar.com\/avatar\/5931a2d21dd7cc834f44c8c34fe56d90ed6d536ef452cbf870c7485b524dddd7?s=96&d=mm&r=g","url":"https:\/\/secure.gravatar.com\/avatar\/5931a2d21dd7cc834f44c8c34fe56d90ed6d536ef452cbf870c7485b524dddd7?s=96&d=mm&r=g","contentUrl":"https:\/\/secure.gravatar.com\/avatar\/5931a2d21dd7cc834f44c8c34fe56d90ed6d536ef452cbf870c7485b524dddd7?s=96&d=mm&r=g","caption":"Redes"},"url":"https:\/\/www.yucatanencorto.com\/noticias\/author\/redes\/"}]}},"_links":{"self":[{"href":"https:\/\/www.yucatanencorto.com\/noticias\/wp-json\/wp\/v2\/posts\/99271","targetHints":{"allow":["GET"]}}],"collection":[{"href":"https:\/\/www.yucatanencorto.com\/noticias\/wp-json\/wp\/v2\/posts"}],"about":[{"href":"https:\/\/www.yucatanencorto.com\/noticias\/wp-json\/wp\/v2\/types\/post"}],"author":[{"embeddable":true,"href":"https:\/\/www.yucatanencorto.com\/noticias\/wp-json\/wp\/v2\/users\/3"}],"replies":[{"embeddable":true,"href":"https:\/\/www.yucatanencorto.com\/noticias\/wp-json\/wp\/v2\/comments?post=99271"}],"version-history":[{"count":0,"href":"https:\/\/www.yucatanencorto.com\/noticias\/wp-json\/wp\/v2\/posts\/99271\/revisions"}],"wp:featuredmedia":[{"embeddable":true,"href":"https:\/\/www.yucatanencorto.com\/noticias\/wp-json\/wp\/v2\/media\/99272"}],"wp:attachment":[{"href":"https:\/\/www.yucatanencorto.com\/noticias\/wp-json\/wp\/v2\/media?parent=99271"}],"wp:term":[{"taxonomy":"category","embeddable":true,"href":"https:\/\/www.yucatanencorto.com\/noticias\/wp-json\/wp\/v2\/categories?post=99271"},{"taxonomy":"post_tag","embeddable":true,"href":"https:\/\/www.yucatanencorto.com\/noticias\/wp-json\/wp\/v2\/tags?post=99271"}],"curies":[{"name":"wp","href":"https:\/\/api.w.org\/{rel}","templated":true}]}}