{"id":99274,"date":"2023-07-25T16:57:45","date_gmt":"2023-07-25T22:57:45","guid":{"rendered":"https:\/\/www.yucatanencorto.com\/noticias\/?p=99274"},"modified":"2023-07-25T16:57:45","modified_gmt":"2023-07-25T22:57:45","slug":"inauguran-planta-de-augusta-sportswear-brands","status":"publish","type":"post","link":"https:\/\/www.yucatanencorto.com\/noticias\/inauguran-planta-de-augusta-sportswear-brands\/","title":{"rendered":"Inauguran planta de Augusta Sportswear Brands."},"content":{"rendered":"<div class=\"x11i5rnm xat24cr x1mh8g0r x1vvkbs xtlvy1s x126k92a\">\n<div dir=\"auto\"><img loading=\"lazy\" decoding=\"async\" class=\"alignnone size-full wp-image-99275\" src=\"https:\/\/www.yucatanencorto.com\/noticias\/wp-content\/uploads\/2023\/07\/image00006.png\" alt=\"\" width=\"768\" height=\"586\" srcset=\"https:\/\/www.yucatanencorto.com\/noticias\/wp-content\/uploads\/2023\/07\/image00006.png 768w, https:\/\/www.yucatanencorto.com\/noticias\/wp-content\/uploads\/2023\/07\/image00006-696x531.png 696w, https:\/\/www.yucatanencorto.com\/noticias\/wp-content\/uploads\/2023\/07\/image00006-1068x815.png 1068w, https:\/\/www.yucatanencorto.com\/noticias\/wp-content\/uploads\/2023\/07\/image00006-550x420.png 550w, https:\/\/www.yucatanencorto.com\/noticias\/wp-content\/uploads\/2023\/07\/image00006-80x60.png 80w\" sizes=\"auto, (max-width: 768px) 100vw, 768px\" \/><\/div>\n<div dir=\"auto\">Yucat\u00e1n se mantiene como un polo certero y de oportunidades para los proyectos de la iniciativa privada, como la maquiladora de la firma dedicada a la fabricaci\u00f3n de ropa y uniformes deportivos Augusta Sportswear Brands, que este d\u00eda inaugur\u00f3 el Gobernador Mauricio Vila Dosal y que est\u00e1 creando m\u00e1s de 1,500 empleos para las familias yucatecas.<\/div>\n<\/div>\n<div class=\"x11i5rnm xat24cr x1mh8g0r x1vvkbs xtlvy1s x126k92a\">\n<div dir=\"auto\">Vila Dosal, acompa\u00f1ado de vicepresidente de Manufactura M\u00e9xico, \u00d3scar Jim\u00e9nez Hervella, y de la c\u00f3nsul general de los Estados Unidos, Dorothy Ngutter, cort\u00f3 el list\u00f3n inaugural de esta planta, que es fuente de trabajo de personas provenientes de municipios como Hunucm\u00e1, Uc\u00fa, Hoct\u00fan, Timucuy, Acanceh y M\u00e9rida, quienes elaboran piezas deportivas que son exportadas a Estados Unidos y Canad\u00e1.<\/div>\n<div dir=\"auto\"><\/div>\n<\/div>\n<div class=\"x11i5rnm xat24cr x1mh8g0r x1vvkbs xtlvy1s x126k92a\">\n<div dir=\"auto\">Al respecto, el Gobernador afirm\u00f3 que Augusta est\u00e1 siendo parte del momento hist\u00f3rico que est\u00e1 viviendo Yucat\u00e1n, porque el 2021 fue el a\u00f1o con mayor crecimiento econ\u00f3mico y con m\u00e1s empleos generados en toda la historia del estado; mientras que el 2022 fue el a\u00f1o con mayor inversi\u00f3n extranjera directa, que registr\u00f3 la llegada de m\u00e1s turistas y la mayor seguridad.<\/div>\n<div dir=\"auto\"><\/div>\n<\/div>\n<div class=\"x11i5rnm xat24cr x1mh8g0r x1vvkbs xtlvy1s x126k92a\">\n<div dir=\"auto\">Sobre el 2023, Vila Dosal destac\u00f3 que junio es el mes en el que se registr\u00f3 el salario m\u00e1s grande en promedio, lo que es fruto de lo que se est\u00e1 procurando en la entidad, que es atraer m\u00e1s inversiones a la entidad que creen los empleos formales que las familias yucatecas necesitan y, por ello, no ha dejado de promocionar a Yucat\u00e1n a nivel nacional e internacional.<\/div>\n<div dir=\"auto\"><\/div>\n<\/div>\n<div class=\"x11i5rnm xat24cr x1mh8g0r x1vvkbs xtlvy1s x126k92a\">\n<div dir=\"auto\">Ejemplo de ello, continu\u00f3, la semana pasada estuvo en China, donde se lograron cosas importantes como la instalaci\u00f3n de un parque industrial de 1,000 hect\u00e1reas, lo que nos permitir\u00eda recibir hasta 50 empresas que est\u00e9n generando m\u00e1s fuentes de trabajo; al igual se obtuvo el establecimiento de una planta de autopartes en Ticul, llevando empleos al interior del estado.<\/div>\n<div dir=\"auto\"><\/div>\n<\/div>\n<div class=\"x11i5rnm xat24cr x1mh8g0r x1vvkbs xtlvy1s x126k92a\">\n<div dir=\"auto\">Tambi\u00e9n dijo que se estar\u00e1 reuniendo con una empresa alemana dedicada a las autopartes, que se ha mostrado interesada en lo que est\u00e1 pasando en la entidad.<\/div>\n<\/div>\n<div class=\"x11i5rnm xat24cr x1mh8g0r x1vvkbs xtlvy1s x126k92a\">\n<div dir=\"auto\">Finalmente, el Gobernador indic\u00f3 que la transformaci\u00f3n del estado no se queda \u00fanicamente en la generaci\u00f3n de empleos, sino que tambi\u00e9n se est\u00e1 buscando impactar en la calidad de vida de la gente con un transporte p\u00fablico m\u00e1s digno para la poblaci\u00f3n a trav\u00e9s del sistema Va y Ven.<\/div>\n<div dir=\"auto\"><\/div>\n<\/div>\n<div class=\"x11i5rnm xat24cr x1mh8g0r x1vvkbs xtlvy1s x126k92a\">\n<div dir=\"auto\">\u201cDesde el Gobierno del Estado seguiremos haciendo los cambios que Yucat\u00e1n necesitan para transformar este estado para bien y seguir generando empleos bien pagados y que las familias yucatecas puedan vivir mejor\u201d, finaliz\u00f3 Vila Dosal ante el gerente de la Planta de Augusta, Jos\u00e9 Aguiluz Ruiz; y la presidenta del Consejo Coordinador Empresarial (CCE), Beatriz Eugenia G\u00f3mory Correa.<\/div>\n<div dir=\"auto\"><\/div>\n<\/div>\n<div class=\"x11i5rnm xat24cr x1mh8g0r x1vvkbs xtlvy1s x126k92a\">\n<div dir=\"auto\">Del total de empleos que est\u00e1 generando esta maquiladora, un alto porcentaje es para personal t\u00e9cnico en informaci\u00f3n e ingenier\u00eda, sistemas y dise\u00f1o, todos ellos biling\u00fces. Sus instalaciones son de primer nivel de categor\u00eda AAA y la m\u00e1s avanzada tecnolog\u00eda. Gracias a ello, al d\u00eda se elaboran 9 mil piezas diarias, as\u00ed como m\u00e1s de 60 mil unidades a la semana.<\/div>\n<\/div>\n<div class=\"x11i5rnm xat24cr x1mh8g0r x1vvkbs xtlvy1s x126k92a\">\n<div dir=\"auto\">Se espera que en esta planta en M\u00e9rida que hoy inicia su funcionamiento se obtenga un crecimiento en 4 a\u00f1os, de producir hasta 5 millones de prendas que se exportan a Estados Unidos y Canad\u00e1.<\/div>\n<\/div>\n","protected":false},"excerpt":{"rendered":"<p>Yucat\u00e1n se mantiene como un polo certero y de oportunidades para los proyectos de la iniciativa privada, como la maquiladora de la firma dedicada a la fabricaci\u00f3n de ropa y uniformes deportivos Augusta Sportswear Brands, que este d\u00eda inaugur\u00f3 el Gobernador Mauricio Vila Dosal y que est\u00e1 creando m\u00e1s de 1,500 empleos para las familias [&hellip;]<\/p>\n","protected":false},"author":3,"featured_media":99275,"comment_status":"closed","ping_status":"closed","sticky":false,"template":"","format":"standard","meta":{"footnotes":""},"categories":[3],"tags":[],"class_list":{"0":"post-99274","1":"post","2":"type-post","3":"status-publish","4":"format-standard","5":"has-post-thumbnail","7":"category-yucatan"},"yoast_head":"<!-- This site is optimized with the Yoast SEO plugin v27.4 - https:\/\/yoast.com\/product\/yoast-seo-wordpress\/ -->\n<title>Inauguran planta de Augusta Sportswear Brands. - Yucat\u00e1n en corto<\/title>\n<meta name=\"robots\" content=\"index, follow, max-snippet:-1, max-image-preview:large, max-video-preview:-1\" \/>\n<link rel=\"canonical\" href=\"https:\/\/www.yucatanencorto.com\/noticias\/inauguran-planta-de-augusta-sportswear-brands\/\" \/>\n<meta property=\"og:locale\" content=\"es_ES\" \/>\n<meta property=\"og:type\" content=\"article\" \/>\n<meta property=\"og:title\" content=\"Inauguran planta de Augusta Sportswear Brands. - Yucat\u00e1n en corto\" \/>\n<meta property=\"og:description\" content=\"Yucat\u00e1n se mantiene como un polo certero y de oportunidades para los proyectos de la iniciativa privada, como la maquiladora de la firma dedicada a la fabricaci\u00f3n de ropa y uniformes deportivos Augusta Sportswear Brands, que este d\u00eda inaugur\u00f3 el Gobernador Mauricio Vila Dosal y que est\u00e1 creando m\u00e1s de 1,500 empleos para las familias [&hellip;]\" \/>\n<meta property=\"og:url\" content=\"https:\/\/www.yucatanencorto.com\/noticias\/inauguran-planta-de-augusta-sportswear-brands\/\" \/>\n<meta property=\"og:site_name\" content=\"Yucat\u00e1n en corto\" \/>\n<meta property=\"article:publisher\" content=\"http:\/\/www.facebook.com\/yucatanencorto\" \/>\n<meta property=\"article:published_time\" content=\"2023-07-25T22:57:45+00:00\" \/>\n<meta property=\"og:image\" content=\"https:\/\/www.yucatanencorto.com\/noticias\/wp-content\/uploads\/2023\/07\/image00006.png\" \/>\n\t<meta property=\"og:image:width\" content=\"768\" \/>\n\t<meta property=\"og:image:height\" content=\"586\" \/>\n\t<meta property=\"og:image:type\" content=\"image\/png\" \/>\n<meta name=\"author\" content=\"Redes\" \/>\n<meta name=\"twitter:card\" content=\"summary_large_image\" \/>\n<meta name=\"twitter:creator\" content=\"@yucatanencorto\" \/>\n<meta name=\"twitter:site\" content=\"@yucatanencorto\" \/>\n<meta name=\"twitter:label1\" content=\"Escrito por\" \/>\n\t<meta name=\"twitter:data1\" content=\"Redes\" \/>\n\t<meta name=\"twitter:label2\" content=\"Tiempo de lectura\" \/>\n\t<meta name=\"twitter:data2\" content=\"3 minutos\" \/>\n<script type=\"application\/ld+json\" class=\"yoast-schema-graph\">{\"@context\":\"https:\\\/\\\/schema.org\",\"@graph\":[{\"@type\":\"Article\",\"@id\":\"https:\\\/\\\/www.yucatanencorto.com\\\/noticias\\\/inauguran-planta-de-augusta-sportswear-brands\\\/#article\",\"isPartOf\":{\"@id\":\"https:\\\/\\\/www.yucatanencorto.com\\\/noticias\\\/inauguran-planta-de-augusta-sportswear-brands\\\/\"},\"author\":{\"name\":\"Redes\",\"@id\":\"https:\\\/\\\/www.yucatanencorto.com\\\/noticias\\\/#\\\/schema\\\/person\\\/e2fbdfaf30a07014a43940ce989f3119\"},\"headline\":\"Inauguran planta de Augusta Sportswear Brands.\",\"datePublished\":\"2023-07-25T22:57:45+00:00\",\"mainEntityOfPage\":{\"@id\":\"https:\\\/\\\/www.yucatanencorto.com\\\/noticias\\\/inauguran-planta-de-augusta-sportswear-brands\\\/\"},\"wordCount\":578,\"image\":{\"@id\":\"https:\\\/\\\/www.yucatanencorto.com\\\/noticias\\\/inauguran-planta-de-augusta-sportswear-brands\\\/#primaryimage\"},\"thumbnailUrl\":\"https:\\\/\\\/www.yucatanencorto.com\\\/noticias\\\/wp-content\\\/uploads\\\/2023\\\/07\\\/image00006.png\",\"articleSection\":[\"Yucat\u00e1n\"],\"inLanguage\":\"es\"},{\"@type\":\"WebPage\",\"@id\":\"https:\\\/\\\/www.yucatanencorto.com\\\/noticias\\\/inauguran-planta-de-augusta-sportswear-brands\\\/\",\"url\":\"https:\\\/\\\/www.yucatanencorto.com\\\/noticias\\\/inauguran-planta-de-augusta-sportswear-brands\\\/\",\"name\":\"Inauguran planta de Augusta Sportswear Brands. - Yucat\u00e1n en corto\",\"isPartOf\":{\"@id\":\"https:\\\/\\\/www.yucatanencorto.com\\\/noticias\\\/#website\"},\"primaryImageOfPage\":{\"@id\":\"https:\\\/\\\/www.yucatanencorto.com\\\/noticias\\\/inauguran-planta-de-augusta-sportswear-brands\\\/#primaryimage\"},\"image\":{\"@id\":\"https:\\\/\\\/www.yucatanencorto.com\\\/noticias\\\/inauguran-planta-de-augusta-sportswear-brands\\\/#primaryimage\"},\"thumbnailUrl\":\"https:\\\/\\\/www.yucatanencorto.com\\\/noticias\\\/wp-content\\\/uploads\\\/2023\\\/07\\\/image00006.png\",\"datePublished\":\"2023-07-25T22:57:45+00:00\",\"author\":{\"@id\":\"https:\\\/\\\/www.yucatanencorto.com\\\/noticias\\\/#\\\/schema\\\/person\\\/e2fbdfaf30a07014a43940ce989f3119\"},\"breadcrumb\":{\"@id\":\"https:\\\/\\\/www.yucatanencorto.com\\\/noticias\\\/inauguran-planta-de-augusta-sportswear-brands\\\/#breadcrumb\"},\"inLanguage\":\"es\",\"potentialAction\":[{\"@type\":\"ReadAction\",\"target\":[\"https:\\\/\\\/www.yucatanencorto.com\\\/noticias\\\/inauguran-planta-de-augusta-sportswear-brands\\\/\"]}]},{\"@type\":\"ImageObject\",\"inLanguage\":\"es\",\"@id\":\"https:\\\/\\\/www.yucatanencorto.com\\\/noticias\\\/inauguran-planta-de-augusta-sportswear-brands\\\/#primaryimage\",\"url\":\"https:\\\/\\\/www.yucatanencorto.com\\\/noticias\\\/wp-content\\\/uploads\\\/2023\\\/07\\\/image00006.png\",\"contentUrl\":\"https:\\\/\\\/www.yucatanencorto.com\\\/noticias\\\/wp-content\\\/uploads\\\/2023\\\/07\\\/image00006.png\",\"width\":768,\"height\":586},{\"@type\":\"BreadcrumbList\",\"@id\":\"https:\\\/\\\/www.yucatanencorto.com\\\/noticias\\\/inauguran-planta-de-augusta-sportswear-brands\\\/#breadcrumb\",\"itemListElement\":[{\"@type\":\"ListItem\",\"position\":1,\"name\":\"Portada\",\"item\":\"https:\\\/\\\/www.yucatanencorto.com\\\/noticias\\\/\"},{\"@type\":\"ListItem\",\"position\":2,\"name\":\"Inauguran planta de Augusta Sportswear Brands.\"}]},{\"@type\":\"WebSite\",\"@id\":\"https:\\\/\\\/www.yucatanencorto.com\\\/noticias\\\/#website\",\"url\":\"https:\\\/\\\/www.yucatanencorto.com\\\/noticias\\\/\",\"name\":\"Yucat\u00e1n en corto\",\"description\":\"Noticias\",\"potentialAction\":[{\"@type\":\"SearchAction\",\"target\":{\"@type\":\"EntryPoint\",\"urlTemplate\":\"https:\\\/\\\/www.yucatanencorto.com\\\/noticias\\\/?s={search_term_string}\"},\"query-input\":{\"@type\":\"PropertyValueSpecification\",\"valueRequired\":true,\"valueName\":\"search_term_string\"}}],\"inLanguage\":\"es\"},{\"@type\":\"Person\",\"@id\":\"https:\\\/\\\/www.yucatanencorto.com\\\/noticias\\\/#\\\/schema\\\/person\\\/e2fbdfaf30a07014a43940ce989f3119\",\"name\":\"Redes\",\"image\":{\"@type\":\"ImageObject\",\"inLanguage\":\"es\",\"@id\":\"https:\\\/\\\/secure.gravatar.com\\\/avatar\\\/5931a2d21dd7cc834f44c8c34fe56d90ed6d536ef452cbf870c7485b524dddd7?s=96&d=mm&r=g\",\"url\":\"https:\\\/\\\/secure.gravatar.com\\\/avatar\\\/5931a2d21dd7cc834f44c8c34fe56d90ed6d536ef452cbf870c7485b524dddd7?s=96&d=mm&r=g\",\"contentUrl\":\"https:\\\/\\\/secure.gravatar.com\\\/avatar\\\/5931a2d21dd7cc834f44c8c34fe56d90ed6d536ef452cbf870c7485b524dddd7?s=96&d=mm&r=g\",\"caption\":\"Redes\"},\"url\":\"https:\\\/\\\/www.yucatanencorto.com\\\/noticias\\\/author\\\/redes\\\/\"}]}<\/script>\n<!-- \/ Yoast SEO plugin. -->","yoast_head_json":{"title":"Inauguran planta de Augusta Sportswear Brands. - Yucat\u00e1n en corto","robots":{"index":"index","follow":"follow","max-snippet":"max-snippet:-1","max-image-preview":"max-image-preview:large","max-video-preview":"max-video-preview:-1"},"canonical":"https:\/\/www.yucatanencorto.com\/noticias\/inauguran-planta-de-augusta-sportswear-brands\/","og_locale":"es_ES","og_type":"article","og_title":"Inauguran planta de Augusta Sportswear Brands. - Yucat\u00e1n en corto","og_description":"Yucat\u00e1n se mantiene como un polo certero y de oportunidades para los proyectos de la iniciativa privada, como la maquiladora de la firma dedicada a la fabricaci\u00f3n de ropa y uniformes deportivos Augusta Sportswear Brands, que este d\u00eda inaugur\u00f3 el Gobernador Mauricio Vila Dosal y que est\u00e1 creando m\u00e1s de 1,500 empleos para las familias [&hellip;]","og_url":"https:\/\/www.yucatanencorto.com\/noticias\/inauguran-planta-de-augusta-sportswear-brands\/","og_site_name":"Yucat\u00e1n en corto","article_publisher":"http:\/\/www.facebook.com\/yucatanencorto","article_published_time":"2023-07-25T22:57:45+00:00","og_image":[{"width":768,"height":586,"url":"https:\/\/www.yucatanencorto.com\/noticias\/wp-content\/uploads\/2023\/07\/image00006.png","type":"image\/png"}],"author":"Redes","twitter_card":"summary_large_image","twitter_creator":"@yucatanencorto","twitter_site":"@yucatanencorto","twitter_misc":{"Escrito por":"Redes","Tiempo de lectura":"3 minutos"},"schema":{"@context":"https:\/\/schema.org","@graph":[{"@type":"Article","@id":"https:\/\/www.yucatanencorto.com\/noticias\/inauguran-planta-de-augusta-sportswear-brands\/#article","isPartOf":{"@id":"https:\/\/www.yucatanencorto.com\/noticias\/inauguran-planta-de-augusta-sportswear-brands\/"},"author":{"name":"Redes","@id":"https:\/\/www.yucatanencorto.com\/noticias\/#\/schema\/person\/e2fbdfaf30a07014a43940ce989f3119"},"headline":"Inauguran planta de Augusta Sportswear Brands.","datePublished":"2023-07-25T22:57:45+00:00","mainEntityOfPage":{"@id":"https:\/\/www.yucatanencorto.com\/noticias\/inauguran-planta-de-augusta-sportswear-brands\/"},"wordCount":578,"image":{"@id":"https:\/\/www.yucatanencorto.com\/noticias\/inauguran-planta-de-augusta-sportswear-brands\/#primaryimage"},"thumbnailUrl":"https:\/\/www.yucatanencorto.com\/noticias\/wp-content\/uploads\/2023\/07\/image00006.png","articleSection":["Yucat\u00e1n"],"inLanguage":"es"},{"@type":"WebPage","@id":"https:\/\/www.yucatanencorto.com\/noticias\/inauguran-planta-de-augusta-sportswear-brands\/","url":"https:\/\/www.yucatanencorto.com\/noticias\/inauguran-planta-de-augusta-sportswear-brands\/","name":"Inauguran planta de Augusta Sportswear Brands. - Yucat\u00e1n en corto","isPartOf":{"@id":"https:\/\/www.yucatanencorto.com\/noticias\/#website"},"primaryImageOfPage":{"@id":"https:\/\/www.yucatanencorto.com\/noticias\/inauguran-planta-de-augusta-sportswear-brands\/#primaryimage"},"image":{"@id":"https:\/\/www.yucatanencorto.com\/noticias\/inauguran-planta-de-augusta-sportswear-brands\/#primaryimage"},"thumbnailUrl":"https:\/\/www.yucatanencorto.com\/noticias\/wp-content\/uploads\/2023\/07\/image00006.png","datePublished":"2023-07-25T22:57:45+00:00","author":{"@id":"https:\/\/www.yucatanencorto.com\/noticias\/#\/schema\/person\/e2fbdfaf30a07014a43940ce989f3119"},"breadcrumb":{"@id":"https:\/\/www.yucatanencorto.com\/noticias\/inauguran-planta-de-augusta-sportswear-brands\/#breadcrumb"},"inLanguage":"es","potentialAction":[{"@type":"ReadAction","target":["https:\/\/www.yucatanencorto.com\/noticias\/inauguran-planta-de-augusta-sportswear-brands\/"]}]},{"@type":"ImageObject","inLanguage":"es","@id":"https:\/\/www.yucatanencorto.com\/noticias\/inauguran-planta-de-augusta-sportswear-brands\/#primaryimage","url":"https:\/\/www.yucatanencorto.com\/noticias\/wp-content\/uploads\/2023\/07\/image00006.png","contentUrl":"https:\/\/www.yucatanencorto.com\/noticias\/wp-content\/uploads\/2023\/07\/image00006.png","width":768,"height":586},{"@type":"BreadcrumbList","@id":"https:\/\/www.yucatanencorto.com\/noticias\/inauguran-planta-de-augusta-sportswear-brands\/#breadcrumb","itemListElement":[{"@type":"ListItem","position":1,"name":"Portada","item":"https:\/\/www.yucatanencorto.com\/noticias\/"},{"@type":"ListItem","position":2,"name":"Inauguran planta de Augusta Sportswear Brands."}]},{"@type":"WebSite","@id":"https:\/\/www.yucatanencorto.com\/noticias\/#website","url":"https:\/\/www.yucatanencorto.com\/noticias\/","name":"Yucat\u00e1n en corto","description":"Noticias","potentialAction":[{"@type":"SearchAction","target":{"@type":"EntryPoint","urlTemplate":"https:\/\/www.yucatanencorto.com\/noticias\/?s={search_term_string}"},"query-input":{"@type":"PropertyValueSpecification","valueRequired":true,"valueName":"search_term_string"}}],"inLanguage":"es"},{"@type":"Person","@id":"https:\/\/www.yucatanencorto.com\/noticias\/#\/schema\/person\/e2fbdfaf30a07014a43940ce989f3119","name":"Redes","image":{"@type":"ImageObject","inLanguage":"es","@id":"https:\/\/secure.gravatar.com\/avatar\/5931a2d21dd7cc834f44c8c34fe56d90ed6d536ef452cbf870c7485b524dddd7?s=96&d=mm&r=g","url":"https:\/\/secure.gravatar.com\/avatar\/5931a2d21dd7cc834f44c8c34fe56d90ed6d536ef452cbf870c7485b524dddd7?s=96&d=mm&r=g","contentUrl":"https:\/\/secure.gravatar.com\/avatar\/5931a2d21dd7cc834f44c8c34fe56d90ed6d536ef452cbf870c7485b524dddd7?s=96&d=mm&r=g","caption":"Redes"},"url":"https:\/\/www.yucatanencorto.com\/noticias\/author\/redes\/"}]}},"_links":{"self":[{"href":"https:\/\/www.yucatanencorto.com\/noticias\/wp-json\/wp\/v2\/posts\/99274","targetHints":{"allow":["GET"]}}],"collection":[{"href":"https:\/\/www.yucatanencorto.com\/noticias\/wp-json\/wp\/v2\/posts"}],"about":[{"href":"https:\/\/www.yucatanencorto.com\/noticias\/wp-json\/wp\/v2\/types\/post"}],"author":[{"embeddable":true,"href":"https:\/\/www.yucatanencorto.com\/noticias\/wp-json\/wp\/v2\/users\/3"}],"replies":[{"embeddable":true,"href":"https:\/\/www.yucatanencorto.com\/noticias\/wp-json\/wp\/v2\/comments?post=99274"}],"version-history":[{"count":0,"href":"https:\/\/www.yucatanencorto.com\/noticias\/wp-json\/wp\/v2\/posts\/99274\/revisions"}],"wp:featuredmedia":[{"embeddable":true,"href":"https:\/\/www.yucatanencorto.com\/noticias\/wp-json\/wp\/v2\/media\/99275"}],"wp:attachment":[{"href":"https:\/\/www.yucatanencorto.com\/noticias\/wp-json\/wp\/v2\/media?parent=99274"}],"wp:term":[{"taxonomy":"category","embeddable":true,"href":"https:\/\/www.yucatanencorto.com\/noticias\/wp-json\/wp\/v2\/categories?post=99274"},{"taxonomy":"post_tag","embeddable":true,"href":"https:\/\/www.yucatanencorto.com\/noticias\/wp-json\/wp\/v2\/tags?post=99274"}],"curies":[{"name":"wp","href":"https:\/\/api.w.org\/{rel}","templated":true}]}}