{"id":99280,"date":"2023-07-25T21:34:23","date_gmt":"2023-07-26T03:34:23","guid":{"rendered":"https:\/\/www.yucatanencorto.com\/noticias\/?p=99280"},"modified":"2023-07-25T21:34:23","modified_gmt":"2023-07-26T03:34:23","slug":"yucatan-primer-lugar-nacional-en-manejo-de-informacion-presupuestal-y-finanzas-publicas-2","status":"publish","type":"post","link":"https:\/\/www.yucatanencorto.com\/noticias\/yucatan-primer-lugar-nacional-en-manejo-de-informacion-presupuestal-y-finanzas-publicas-2\/","title":{"rendered":"Yucat\u00e1n, primer lugar nacional en manejo de informaci\u00f3n presupuestal y finanzas p\u00fablicas"},"content":{"rendered":"<p><img loading=\"lazy\" decoding=\"async\" class=\"alignnone size-full wp-image-99281\" src=\"https:\/\/www.yucatanencorto.com\/noticias\/wp-content\/uploads\/2023\/07\/220e68af-30e5-4180-a750-aa7cd54d22e1-scaled.jpeg\" alt=\"\" width=\"768\" height=\"432\" srcset=\"https:\/\/www.yucatanencorto.com\/noticias\/wp-content\/uploads\/2023\/07\/220e68af-30e5-4180-a750-aa7cd54d22e1-scaled.jpeg 768w, https:\/\/www.yucatanencorto.com\/noticias\/wp-content\/uploads\/2023\/07\/220e68af-30e5-4180-a750-aa7cd54d22e1-696x392.jpeg 696w, https:\/\/www.yucatanencorto.com\/noticias\/wp-content\/uploads\/2023\/07\/220e68af-30e5-4180-a750-aa7cd54d22e1-1068x601.jpeg 1068w, https:\/\/www.yucatanencorto.com\/noticias\/wp-content\/uploads\/2023\/07\/220e68af-30e5-4180-a750-aa7cd54d22e1-747x420.jpeg 747w\" sizes=\"auto, (max-width: 768px) 100vw, 768px\" \/><\/p>\n<p>M\u00e9rida, Yucat\u00e1n, 25 de julio de 2023.- Yucat\u00e1n obtuvo el primer lugar nacional en el \u00cdndice del Bar\u00f3metro de Informaci\u00f3n Presupuestal Estatal (BIPE), que publica el Instituto Mexicano para la Competitividad (IMCO), al lograr una puntuaci\u00f3n del 100% en cumplimiento de los 116 criterios de la evaluaci\u00f3n correspondiente al ejercicio fiscal 2023, resultado de los esfuerzos del Gobernador Mauricio Vila Dosal para lograr una administraci\u00f3n m\u00e1s transparente y eficiente en la planeaci\u00f3n de los recursos p\u00fablicos en favor de una mejor calidad de vida para las familias yucatecas.<\/p>\n<p>De acuerdo con este estudio que busca medir y mejorar la calidad de la informaci\u00f3n presupuestal en los estados mediante las leyes de ingresos y presupuestos de egresos estatales, este es el segundo a\u00f1o consecutivo en que la entidad alcanza la calificaci\u00f3n perfecta, logro que no se hab\u00eda alcanzado nunca previo a esta administraci\u00f3n.<\/p>\n<p>En el 2017, se recibi\u00f3 el estado con un posicionamiento del 12\u00b0 lugar; posteriormente, en el 2019, luego de que el Gobernador impulsara acciones para cuidar y fortalecer el presupuesto estatal se logr\u00f3 un avance al 4\u00b0 lugar con una calificaci\u00f3n de 99.1 puntos, una de las 3 entidades con mayor avance.<\/p>\n<p>&nbsp;<\/p>\n<p>Esta valoraci\u00f3n se ha convertido en un punto de referencia para las mejores pr\u00e1cticas en la calidad de la informaci\u00f3n presupuestal y de finanzas p\u00fablicas, lo cual reitera que en la administraci\u00f3n de Mauricio Vila Dosal se realiza un buen manejo de los recursos p\u00fablicos en beneficio de la ciudadan\u00eda.<\/p>\n<p>&nbsp;<\/p>\n<p>El BIPE integra 116 criterios de evaluaci\u00f3n, agrupados en 10 secciones, cada una de las cuales mide una dimensi\u00f3n distinta de las finanzas p\u00fablicas: Acceso Inicial, Ley de Ingresos, Clasificaciones, Poderes\/Dependencias\/Organismos, Municipios, Tabuladores y Plazas, Obligaciones Financieras, Recursos federales, Rubros espec\u00edficos y Criterios.<\/p>\n<p>&nbsp;<\/p>\n<p>Asimismo, eval\u00faa la disponibilidad y calidad de la informaci\u00f3n sobre el ejercicio de los recursos p\u00fablicos de los 32 poderes ejecutivos estatales, con el prop\u00f3sito de mejorar la calidad del reporte de la informaci\u00f3n presupuestal, as\u00ed como impulsar la lucha contra la opacidad en el manejo de los recursos p\u00fablicos.<\/p>\n<p>&nbsp;<\/p>\n<p>Por su parte, las principales calificadoras financieras del pa\u00eds avalaron la solidez de las finanzas p\u00fablicas de Yucat\u00e1n. Este a\u00f1o, HR Ratings aument\u00f3 la calificaci\u00f3n crediticia de Yucat\u00e1n de \u201cAA-\u201d a \u201cAA\u201d, incluso considerando en sus an\u00e1lisis el financiamiento de la Ampliaci\u00f3n del Puerto de Altura; Moody\u2019s mejor\u00f3 la perspectiva del estado a Positiva ratificando el perfil crediticio de en \u201cA+\u201d; mientras que Fitch Ratings ratific\u00f3 la calificaci\u00f3n de la calidad crediticia de Yucat\u00e1n en \u201cA+\u201d.<\/p>\n<p>&nbsp;<\/p>\n<p>Estas evaluaciones ratifican que la pol\u00edtica financiera del gobernador Mauricio Vila da resultados. Yucat\u00e1n tiene finanzas sanas, reflejo de tres estrategias: ejercer los recursos p\u00fablicos con austeridad y disciplina; cuidar el nivel de endeudamiento y disminuir las contingencias financieras; e invertir los recursos del presupuesto en acciones que generar\u00e1n m\u00e1s crecimiento, ingresos y desarrollo equitativo para todo el estado.<\/p>\n<p>&nbsp;<\/p>\n<p>El Acuerdo de Austeridad del Gobierno del Estado de Yucat\u00e1n 2018-2024 sent\u00f3 las bases de eficiencia y responsabilidad en el uso de los recursos p\u00fablicos.<\/p>\n<p>&nbsp;<\/p>\n<p>Parte de las disposiciones incluyeron la desaparici\u00f3n de las secretar\u00edas del Trabajo y Previsi\u00f3n Social, de la Juventud, el Instituto de Museos e Historia de Yucat\u00e1n, la Junta de Electrificaci\u00f3n del estado y el Instituto Estatal para el Combate a la Corrupci\u00f3n, cuyas funciones fueron absorbidas por el Tribunal de Justicia Administrativa y la Vicefiscal\u00eda anticorrupci\u00f3n.<\/p>\n<p>Adem\u00e1s, se redujo en 20% el n\u00famero de funcionarios p\u00fablicos de confianza; los titulares de las dependencias del gobierno estatal no cuentan con servicio de telefon\u00eda celular con cargo al erario, y en total se cancelaron 300 l\u00edneas de telefon\u00eda celular, 50% contratadas por el gobierno estatal.<\/p>\n<p>&nbsp;<\/p>\n<p>De igual forma, se elimin\u00f3 la disposici\u00f3n veh\u00edculos de lujo, algunos con valor comercial superior a 900,000 pesos, y los que se rentaban fueron devueltos. En total dejaron de rentarse 500 veh\u00edculos, con lo cual se evit\u00f3 el gasto de 60 millones de pesos al a\u00f1o, y adicionalmente la medida permiti\u00f3 ahorrar 30 millones de pesos en combustibles.<\/p>\n<p>Igualmente se cre\u00f3 el Consejo Consultivo del Presupuesto y Ejercicio del Gasto del Gobierno del Estado, conformado en su mayor\u00eda por ciudadanos, y que ya se encuentra contemplado dentro de la Ley del Presupuesto y Contabilidad Gubernamental del Estado, luego de que el Congreso local aprobara la propuesta de reforma a dicha normativa para garantizar la permanencia de este organismo, enviada por el Poder Ejecutivo, con lo que se abona a fortalecer la transparencia y rendici\u00f3n de cuentas.<\/p>\n<p>Vale la pena mencionar, el IMCO considera la creaci\u00f3n de dicho Consejo como una buena pr\u00e1ctica nacional.<\/p>\n<p>Gracias a estas y otras medidas de austeridad y disciplina financiera, durante esta administraci\u00f3n se han evitado gastos que suman m\u00e1s de 1,000 millones de pesos anuales.<\/p>\n<p>Adem\u00e1s, el Gobernador Mauricio Vila logr\u00f3 evitar un pago de 740 millones de pesos y recuper\u00f3 el Hospital de Ticul, obra que qued\u00f3 inconclusa desde hace m\u00e1s de 10 a\u00f1os; tambi\u00e9n se redujo la deuda generada por la construcci\u00f3n y operaci\u00f3n del Gran Museo del Mundo Maya, con la cual se evita un pago de m\u00e1s de 1,500 millones de pesos.<\/p>\n<p>Esta disciplina y responsabilidad en manejo de los recursos p\u00fablicos ha permitido aumentar la inversi\u00f3n p\u00fablica en proyectos estrat\u00e9gicos, sin afectar la sostenibilidad de las finanzas p\u00fablicas. Como ejemplo, el nuevo transporte p\u00fablico el\u00e9ctrico \u201cIe-tram\u201d, que beneficiar\u00e1 a m\u00e1s de 200 mil personas cada d\u00eda, al mismo tiempo que disminuir\u00e1 las emisiones de contaminantes a nuestro medio ambiente.<\/p>\n","protected":false},"excerpt":{"rendered":"<p>M\u00e9rida, Yucat\u00e1n, 25 de julio de 2023.- Yucat\u00e1n obtuvo el primer lugar nacional en el \u00cdndice del Bar\u00f3metro de Informaci\u00f3n Presupuestal Estatal (BIPE), que publica el Instituto Mexicano para la Competitividad (IMCO), al lograr una puntuaci\u00f3n del 100% en cumplimiento de los 116 criterios de la evaluaci\u00f3n correspondiente al ejercicio fiscal 2023, resultado de los [&hellip;]<\/p>\n","protected":false},"author":3,"featured_media":99281,"comment_status":"closed","ping_status":"closed","sticky":false,"template":"","format":"standard","meta":{"footnotes":""},"categories":[3],"tags":[],"class_list":{"0":"post-99280","1":"post","2":"type-post","3":"status-publish","4":"format-standard","5":"has-post-thumbnail","7":"category-yucatan"},"yoast_head":"<!-- This site is optimized with the Yoast SEO plugin v27.4 - https:\/\/yoast.com\/product\/yoast-seo-wordpress\/ -->\n<title>Yucat\u00e1n, primer lugar nacional en manejo de informaci\u00f3n presupuestal y finanzas p\u00fablicas - Yucat\u00e1n en corto<\/title>\n<meta name=\"robots\" content=\"index, follow, max-snippet:-1, max-image-preview:large, max-video-preview:-1\" \/>\n<link rel=\"canonical\" href=\"https:\/\/www.yucatanencorto.com\/noticias\/yucatan-primer-lugar-nacional-en-manejo-de-informacion-presupuestal-y-finanzas-publicas-2\/\" \/>\n<meta property=\"og:locale\" content=\"es_ES\" \/>\n<meta property=\"og:type\" content=\"article\" \/>\n<meta property=\"og:title\" content=\"Yucat\u00e1n, primer lugar nacional en manejo de informaci\u00f3n presupuestal y finanzas p\u00fablicas - Yucat\u00e1n en corto\" \/>\n<meta property=\"og:description\" content=\"M\u00e9rida, Yucat\u00e1n, 25 de julio de 2023.- Yucat\u00e1n obtuvo el primer lugar nacional en el \u00cdndice del Bar\u00f3metro de Informaci\u00f3n Presupuestal Estatal (BIPE), que publica el Instituto Mexicano para la Competitividad (IMCO), al lograr una puntuaci\u00f3n del 100% en cumplimiento de los 116 criterios de la evaluaci\u00f3n correspondiente al ejercicio fiscal 2023, resultado de los [&hellip;]\" \/>\n<meta property=\"og:url\" content=\"https:\/\/www.yucatanencorto.com\/noticias\/yucatan-primer-lugar-nacional-en-manejo-de-informacion-presupuestal-y-finanzas-publicas-2\/\" \/>\n<meta property=\"og:site_name\" content=\"Yucat\u00e1n en corto\" \/>\n<meta property=\"article:publisher\" content=\"http:\/\/www.facebook.com\/yucatanencorto\" \/>\n<meta property=\"article:published_time\" content=\"2023-07-26T03:34:23+00:00\" \/>\n<meta property=\"og:image\" content=\"https:\/\/www.yucatanencorto.com\/noticias\/wp-content\/uploads\/2023\/07\/220e68af-30e5-4180-a750-aa7cd54d22e1-scaled.jpeg\" \/>\n\t<meta property=\"og:image:width\" content=\"768\" \/>\n\t<meta property=\"og:image:height\" content=\"432\" \/>\n\t<meta property=\"og:image:type\" content=\"image\/jpeg\" \/>\n<meta name=\"author\" content=\"Redes\" \/>\n<meta name=\"twitter:card\" content=\"summary_large_image\" \/>\n<meta name=\"twitter:creator\" content=\"@yucatanencorto\" \/>\n<meta name=\"twitter:site\" content=\"@yucatanencorto\" \/>\n<meta name=\"twitter:label1\" content=\"Escrito por\" \/>\n\t<meta name=\"twitter:data1\" content=\"Redes\" \/>\n\t<meta name=\"twitter:label2\" content=\"Tiempo de lectura\" \/>\n\t<meta name=\"twitter:data2\" content=\"5 minutos\" \/>\n<script type=\"application\/ld+json\" class=\"yoast-schema-graph\">{\"@context\":\"https:\\\/\\\/schema.org\",\"@graph\":[{\"@type\":\"Article\",\"@id\":\"https:\\\/\\\/www.yucatanencorto.com\\\/noticias\\\/yucatan-primer-lugar-nacional-en-manejo-de-informacion-presupuestal-y-finanzas-publicas-2\\\/#article\",\"isPartOf\":{\"@id\":\"https:\\\/\\\/www.yucatanencorto.com\\\/noticias\\\/yucatan-primer-lugar-nacional-en-manejo-de-informacion-presupuestal-y-finanzas-publicas-2\\\/\"},\"author\":{\"name\":\"Redes\",\"@id\":\"https:\\\/\\\/www.yucatanencorto.com\\\/noticias\\\/#\\\/schema\\\/person\\\/e2fbdfaf30a07014a43940ce989f3119\"},\"headline\":\"Yucat\u00e1n, primer lugar nacional en manejo de informaci\u00f3n presupuestal y finanzas p\u00fablicas\",\"datePublished\":\"2023-07-26T03:34:23+00:00\",\"mainEntityOfPage\":{\"@id\":\"https:\\\/\\\/www.yucatanencorto.com\\\/noticias\\\/yucatan-primer-lugar-nacional-en-manejo-de-informacion-presupuestal-y-finanzas-publicas-2\\\/\"},\"wordCount\":991,\"image\":{\"@id\":\"https:\\\/\\\/www.yucatanencorto.com\\\/noticias\\\/yucatan-primer-lugar-nacional-en-manejo-de-informacion-presupuestal-y-finanzas-publicas-2\\\/#primaryimage\"},\"thumbnailUrl\":\"https:\\\/\\\/www.yucatanencorto.com\\\/noticias\\\/wp-content\\\/uploads\\\/2023\\\/07\\\/220e68af-30e5-4180-a750-aa7cd54d22e1-scaled.jpeg\",\"articleSection\":[\"Yucat\u00e1n\"],\"inLanguage\":\"es\"},{\"@type\":\"WebPage\",\"@id\":\"https:\\\/\\\/www.yucatanencorto.com\\\/noticias\\\/yucatan-primer-lugar-nacional-en-manejo-de-informacion-presupuestal-y-finanzas-publicas-2\\\/\",\"url\":\"https:\\\/\\\/www.yucatanencorto.com\\\/noticias\\\/yucatan-primer-lugar-nacional-en-manejo-de-informacion-presupuestal-y-finanzas-publicas-2\\\/\",\"name\":\"Yucat\u00e1n, primer lugar nacional en manejo de informaci\u00f3n presupuestal y finanzas p\u00fablicas - Yucat\u00e1n en corto\",\"isPartOf\":{\"@id\":\"https:\\\/\\\/www.yucatanencorto.com\\\/noticias\\\/#website\"},\"primaryImageOfPage\":{\"@id\":\"https:\\\/\\\/www.yucatanencorto.com\\\/noticias\\\/yucatan-primer-lugar-nacional-en-manejo-de-informacion-presupuestal-y-finanzas-publicas-2\\\/#primaryimage\"},\"image\":{\"@id\":\"https:\\\/\\\/www.yucatanencorto.com\\\/noticias\\\/yucatan-primer-lugar-nacional-en-manejo-de-informacion-presupuestal-y-finanzas-publicas-2\\\/#primaryimage\"},\"thumbnailUrl\":\"https:\\\/\\\/www.yucatanencorto.com\\\/noticias\\\/wp-content\\\/uploads\\\/2023\\\/07\\\/220e68af-30e5-4180-a750-aa7cd54d22e1-scaled.jpeg\",\"datePublished\":\"2023-07-26T03:34:23+00:00\",\"author\":{\"@id\":\"https:\\\/\\\/www.yucatanencorto.com\\\/noticias\\\/#\\\/schema\\\/person\\\/e2fbdfaf30a07014a43940ce989f3119\"},\"breadcrumb\":{\"@id\":\"https:\\\/\\\/www.yucatanencorto.com\\\/noticias\\\/yucatan-primer-lugar-nacional-en-manejo-de-informacion-presupuestal-y-finanzas-publicas-2\\\/#breadcrumb\"},\"inLanguage\":\"es\",\"potentialAction\":[{\"@type\":\"ReadAction\",\"target\":[\"https:\\\/\\\/www.yucatanencorto.com\\\/noticias\\\/yucatan-primer-lugar-nacional-en-manejo-de-informacion-presupuestal-y-finanzas-publicas-2\\\/\"]}]},{\"@type\":\"ImageObject\",\"inLanguage\":\"es\",\"@id\":\"https:\\\/\\\/www.yucatanencorto.com\\\/noticias\\\/yucatan-primer-lugar-nacional-en-manejo-de-informacion-presupuestal-y-finanzas-publicas-2\\\/#primaryimage\",\"url\":\"https:\\\/\\\/www.yucatanencorto.com\\\/noticias\\\/wp-content\\\/uploads\\\/2023\\\/07\\\/220e68af-30e5-4180-a750-aa7cd54d22e1-scaled.jpeg\",\"contentUrl\":\"https:\\\/\\\/www.yucatanencorto.com\\\/noticias\\\/wp-content\\\/uploads\\\/2023\\\/07\\\/220e68af-30e5-4180-a750-aa7cd54d22e1-scaled.jpeg\",\"width\":768,\"height\":432},{\"@type\":\"BreadcrumbList\",\"@id\":\"https:\\\/\\\/www.yucatanencorto.com\\\/noticias\\\/yucatan-primer-lugar-nacional-en-manejo-de-informacion-presupuestal-y-finanzas-publicas-2\\\/#breadcrumb\",\"itemListElement\":[{\"@type\":\"ListItem\",\"position\":1,\"name\":\"Portada\",\"item\":\"https:\\\/\\\/www.yucatanencorto.com\\\/noticias\\\/\"},{\"@type\":\"ListItem\",\"position\":2,\"name\":\"Yucat\u00e1n, primer lugar nacional en manejo de informaci\u00f3n presupuestal y finanzas p\u00fablicas\"}]},{\"@type\":\"WebSite\",\"@id\":\"https:\\\/\\\/www.yucatanencorto.com\\\/noticias\\\/#website\",\"url\":\"https:\\\/\\\/www.yucatanencorto.com\\\/noticias\\\/\",\"name\":\"Yucat\u00e1n en corto\",\"description\":\"Noticias\",\"potentialAction\":[{\"@type\":\"SearchAction\",\"target\":{\"@type\":\"EntryPoint\",\"urlTemplate\":\"https:\\\/\\\/www.yucatanencorto.com\\\/noticias\\\/?s={search_term_string}\"},\"query-input\":{\"@type\":\"PropertyValueSpecification\",\"valueRequired\":true,\"valueName\":\"search_term_string\"}}],\"inLanguage\":\"es\"},{\"@type\":\"Person\",\"@id\":\"https:\\\/\\\/www.yucatanencorto.com\\\/noticias\\\/#\\\/schema\\\/person\\\/e2fbdfaf30a07014a43940ce989f3119\",\"name\":\"Redes\",\"image\":{\"@type\":\"ImageObject\",\"inLanguage\":\"es\",\"@id\":\"https:\\\/\\\/secure.gravatar.com\\\/avatar\\\/5931a2d21dd7cc834f44c8c34fe56d90ed6d536ef452cbf870c7485b524dddd7?s=96&d=mm&r=g\",\"url\":\"https:\\\/\\\/secure.gravatar.com\\\/avatar\\\/5931a2d21dd7cc834f44c8c34fe56d90ed6d536ef452cbf870c7485b524dddd7?s=96&d=mm&r=g\",\"contentUrl\":\"https:\\\/\\\/secure.gravatar.com\\\/avatar\\\/5931a2d21dd7cc834f44c8c34fe56d90ed6d536ef452cbf870c7485b524dddd7?s=96&d=mm&r=g\",\"caption\":\"Redes\"},\"url\":\"https:\\\/\\\/www.yucatanencorto.com\\\/noticias\\\/author\\\/redes\\\/\"}]}<\/script>\n<!-- \/ Yoast SEO plugin. -->","yoast_head_json":{"title":"Yucat\u00e1n, primer lugar nacional en manejo de informaci\u00f3n presupuestal y finanzas p\u00fablicas - Yucat\u00e1n en corto","robots":{"index":"index","follow":"follow","max-snippet":"max-snippet:-1","max-image-preview":"max-image-preview:large","max-video-preview":"max-video-preview:-1"},"canonical":"https:\/\/www.yucatanencorto.com\/noticias\/yucatan-primer-lugar-nacional-en-manejo-de-informacion-presupuestal-y-finanzas-publicas-2\/","og_locale":"es_ES","og_type":"article","og_title":"Yucat\u00e1n, primer lugar nacional en manejo de informaci\u00f3n presupuestal y finanzas p\u00fablicas - Yucat\u00e1n en corto","og_description":"M\u00e9rida, Yucat\u00e1n, 25 de julio de 2023.- Yucat\u00e1n obtuvo el primer lugar nacional en el \u00cdndice del Bar\u00f3metro de Informaci\u00f3n Presupuestal Estatal (BIPE), que publica el Instituto Mexicano para la Competitividad (IMCO), al lograr una puntuaci\u00f3n del 100% en cumplimiento de los 116 criterios de la evaluaci\u00f3n correspondiente al ejercicio fiscal 2023, resultado de los [&hellip;]","og_url":"https:\/\/www.yucatanencorto.com\/noticias\/yucatan-primer-lugar-nacional-en-manejo-de-informacion-presupuestal-y-finanzas-publicas-2\/","og_site_name":"Yucat\u00e1n en corto","article_publisher":"http:\/\/www.facebook.com\/yucatanencorto","article_published_time":"2023-07-26T03:34:23+00:00","og_image":[{"width":768,"height":432,"url":"https:\/\/www.yucatanencorto.com\/noticias\/wp-content\/uploads\/2023\/07\/220e68af-30e5-4180-a750-aa7cd54d22e1-scaled.jpeg","type":"image\/jpeg"}],"author":"Redes","twitter_card":"summary_large_image","twitter_creator":"@yucatanencorto","twitter_site":"@yucatanencorto","twitter_misc":{"Escrito por":"Redes","Tiempo de lectura":"5 minutos"},"schema":{"@context":"https:\/\/schema.org","@graph":[{"@type":"Article","@id":"https:\/\/www.yucatanencorto.com\/noticias\/yucatan-primer-lugar-nacional-en-manejo-de-informacion-presupuestal-y-finanzas-publicas-2\/#article","isPartOf":{"@id":"https:\/\/www.yucatanencorto.com\/noticias\/yucatan-primer-lugar-nacional-en-manejo-de-informacion-presupuestal-y-finanzas-publicas-2\/"},"author":{"name":"Redes","@id":"https:\/\/www.yucatanencorto.com\/noticias\/#\/schema\/person\/e2fbdfaf30a07014a43940ce989f3119"},"headline":"Yucat\u00e1n, primer lugar nacional en manejo de informaci\u00f3n presupuestal y finanzas p\u00fablicas","datePublished":"2023-07-26T03:34:23+00:00","mainEntityOfPage":{"@id":"https:\/\/www.yucatanencorto.com\/noticias\/yucatan-primer-lugar-nacional-en-manejo-de-informacion-presupuestal-y-finanzas-publicas-2\/"},"wordCount":991,"image":{"@id":"https:\/\/www.yucatanencorto.com\/noticias\/yucatan-primer-lugar-nacional-en-manejo-de-informacion-presupuestal-y-finanzas-publicas-2\/#primaryimage"},"thumbnailUrl":"https:\/\/www.yucatanencorto.com\/noticias\/wp-content\/uploads\/2023\/07\/220e68af-30e5-4180-a750-aa7cd54d22e1-scaled.jpeg","articleSection":["Yucat\u00e1n"],"inLanguage":"es"},{"@type":"WebPage","@id":"https:\/\/www.yucatanencorto.com\/noticias\/yucatan-primer-lugar-nacional-en-manejo-de-informacion-presupuestal-y-finanzas-publicas-2\/","url":"https:\/\/www.yucatanencorto.com\/noticias\/yucatan-primer-lugar-nacional-en-manejo-de-informacion-presupuestal-y-finanzas-publicas-2\/","name":"Yucat\u00e1n, primer lugar nacional en manejo de informaci\u00f3n presupuestal y finanzas p\u00fablicas - Yucat\u00e1n en corto","isPartOf":{"@id":"https:\/\/www.yucatanencorto.com\/noticias\/#website"},"primaryImageOfPage":{"@id":"https:\/\/www.yucatanencorto.com\/noticias\/yucatan-primer-lugar-nacional-en-manejo-de-informacion-presupuestal-y-finanzas-publicas-2\/#primaryimage"},"image":{"@id":"https:\/\/www.yucatanencorto.com\/noticias\/yucatan-primer-lugar-nacional-en-manejo-de-informacion-presupuestal-y-finanzas-publicas-2\/#primaryimage"},"thumbnailUrl":"https:\/\/www.yucatanencorto.com\/noticias\/wp-content\/uploads\/2023\/07\/220e68af-30e5-4180-a750-aa7cd54d22e1-scaled.jpeg","datePublished":"2023-07-26T03:34:23+00:00","author":{"@id":"https:\/\/www.yucatanencorto.com\/noticias\/#\/schema\/person\/e2fbdfaf30a07014a43940ce989f3119"},"breadcrumb":{"@id":"https:\/\/www.yucatanencorto.com\/noticias\/yucatan-primer-lugar-nacional-en-manejo-de-informacion-presupuestal-y-finanzas-publicas-2\/#breadcrumb"},"inLanguage":"es","potentialAction":[{"@type":"ReadAction","target":["https:\/\/www.yucatanencorto.com\/noticias\/yucatan-primer-lugar-nacional-en-manejo-de-informacion-presupuestal-y-finanzas-publicas-2\/"]}]},{"@type":"ImageObject","inLanguage":"es","@id":"https:\/\/www.yucatanencorto.com\/noticias\/yucatan-primer-lugar-nacional-en-manejo-de-informacion-presupuestal-y-finanzas-publicas-2\/#primaryimage","url":"https:\/\/www.yucatanencorto.com\/noticias\/wp-content\/uploads\/2023\/07\/220e68af-30e5-4180-a750-aa7cd54d22e1-scaled.jpeg","contentUrl":"https:\/\/www.yucatanencorto.com\/noticias\/wp-content\/uploads\/2023\/07\/220e68af-30e5-4180-a750-aa7cd54d22e1-scaled.jpeg","width":768,"height":432},{"@type":"BreadcrumbList","@id":"https:\/\/www.yucatanencorto.com\/noticias\/yucatan-primer-lugar-nacional-en-manejo-de-informacion-presupuestal-y-finanzas-publicas-2\/#breadcrumb","itemListElement":[{"@type":"ListItem","position":1,"name":"Portada","item":"https:\/\/www.yucatanencorto.com\/noticias\/"},{"@type":"ListItem","position":2,"name":"Yucat\u00e1n, primer lugar nacional en manejo de informaci\u00f3n presupuestal y finanzas p\u00fablicas"}]},{"@type":"WebSite","@id":"https:\/\/www.yucatanencorto.com\/noticias\/#website","url":"https:\/\/www.yucatanencorto.com\/noticias\/","name":"Yucat\u00e1n en corto","description":"Noticias","potentialAction":[{"@type":"SearchAction","target":{"@type":"EntryPoint","urlTemplate":"https:\/\/www.yucatanencorto.com\/noticias\/?s={search_term_string}"},"query-input":{"@type":"PropertyValueSpecification","valueRequired":true,"valueName":"search_term_string"}}],"inLanguage":"es"},{"@type":"Person","@id":"https:\/\/www.yucatanencorto.com\/noticias\/#\/schema\/person\/e2fbdfaf30a07014a43940ce989f3119","name":"Redes","image":{"@type":"ImageObject","inLanguage":"es","@id":"https:\/\/secure.gravatar.com\/avatar\/5931a2d21dd7cc834f44c8c34fe56d90ed6d536ef452cbf870c7485b524dddd7?s=96&d=mm&r=g","url":"https:\/\/secure.gravatar.com\/avatar\/5931a2d21dd7cc834f44c8c34fe56d90ed6d536ef452cbf870c7485b524dddd7?s=96&d=mm&r=g","contentUrl":"https:\/\/secure.gravatar.com\/avatar\/5931a2d21dd7cc834f44c8c34fe56d90ed6d536ef452cbf870c7485b524dddd7?s=96&d=mm&r=g","caption":"Redes"},"url":"https:\/\/www.yucatanencorto.com\/noticias\/author\/redes\/"}]}},"_links":{"self":[{"href":"https:\/\/www.yucatanencorto.com\/noticias\/wp-json\/wp\/v2\/posts\/99280","targetHints":{"allow":["GET"]}}],"collection":[{"href":"https:\/\/www.yucatanencorto.com\/noticias\/wp-json\/wp\/v2\/posts"}],"about":[{"href":"https:\/\/www.yucatanencorto.com\/noticias\/wp-json\/wp\/v2\/types\/post"}],"author":[{"embeddable":true,"href":"https:\/\/www.yucatanencorto.com\/noticias\/wp-json\/wp\/v2\/users\/3"}],"replies":[{"embeddable":true,"href":"https:\/\/www.yucatanencorto.com\/noticias\/wp-json\/wp\/v2\/comments?post=99280"}],"version-history":[{"count":0,"href":"https:\/\/www.yucatanencorto.com\/noticias\/wp-json\/wp\/v2\/posts\/99280\/revisions"}],"wp:featuredmedia":[{"embeddable":true,"href":"https:\/\/www.yucatanencorto.com\/noticias\/wp-json\/wp\/v2\/media\/99281"}],"wp:attachment":[{"href":"https:\/\/www.yucatanencorto.com\/noticias\/wp-json\/wp\/v2\/media?parent=99280"}],"wp:term":[{"taxonomy":"category","embeddable":true,"href":"https:\/\/www.yucatanencorto.com\/noticias\/wp-json\/wp\/v2\/categories?post=99280"},{"taxonomy":"post_tag","embeddable":true,"href":"https:\/\/www.yucatanencorto.com\/noticias\/wp-json\/wp\/v2\/tags?post=99280"}],"curies":[{"name":"wp","href":"https:\/\/api.w.org\/{rel}","templated":true}]}}