{"id":99283,"date":"2023-07-26T13:50:46","date_gmt":"2023-07-26T19:50:46","guid":{"rendered":"https:\/\/www.yucatanencorto.com\/noticias\/?p=99283"},"modified":"2023-07-26T13:50:46","modified_gmt":"2023-07-26T19:50:46","slug":"pugilistas-kanasinenses-que-tuvieron-una-destacada-participacion-en-el-torneo-guantes-dorados","status":"publish","type":"post","link":"https:\/\/www.yucatanencorto.com\/noticias\/pugilistas-kanasinenses-que-tuvieron-una-destacada-participacion-en-el-torneo-guantes-dorados\/","title":{"rendered":"Pugilistas kanasinenses que tuvieron una destacada participaci\u00f3n en el torneo \u201cGuantes Dorados\u201d"},"content":{"rendered":"<p><img loading=\"lazy\" decoding=\"async\" class=\"alignnone size-full wp-image-99284\" src=\"https:\/\/www.yucatanencorto.com\/noticias\/wp-content\/uploads\/2023\/07\/WhatsApp-Image-2023-07-26-at-13.35.29-3-scaled.jpeg\" alt=\"\" width=\"768\" height=\"458\" srcset=\"https:\/\/www.yucatanencorto.com\/noticias\/wp-content\/uploads\/2023\/07\/WhatsApp-Image-2023-07-26-at-13.35.29-3-scaled.jpeg 768w, https:\/\/www.yucatanencorto.com\/noticias\/wp-content\/uploads\/2023\/07\/WhatsApp-Image-2023-07-26-at-13.35.29-3-1536x916.jpeg 1536w, https:\/\/www.yucatanencorto.com\/noticias\/wp-content\/uploads\/2023\/07\/WhatsApp-Image-2023-07-26-at-13.35.29-3-696x415.jpeg 696w, https:\/\/www.yucatanencorto.com\/noticias\/wp-content\/uploads\/2023\/07\/WhatsApp-Image-2023-07-26-at-13.35.29-3-1068x637.jpeg 1068w, https:\/\/www.yucatanencorto.com\/noticias\/wp-content\/uploads\/2023\/07\/WhatsApp-Image-2023-07-26-at-13.35.29-3-704x420.jpeg 704w\" sizes=\"auto, (max-width: 768px) 100vw, 768px\" \/><\/p>\n<p>Kanas\u00edn, Yucat\u00e1n, a 26 de julio 2023.- J\u00f3venes pugilistas del municipio de Kanas\u00edn se reunieron con el alcalde Edwin Boj\u00f3rquez Ram\u00edrez para mostrarle los cinturones y medallas obtenidas durante su participaci\u00f3n en el torneo \u00abGuantes Dorados\u201d, que el pasado fin de semana se realiz\u00f3 en la ciudad de Canc\u00fan, Quintana Roo.<\/p>\n<p>Tras recibirlos en su oficina de Palacio Municipal, el edil los exhort\u00f3 a seguir d\u00e1ndolo todo por Kanas\u00edn y \u201ca ser el orgullo de esta tierra que los vio nacer. Deben llevar a Kanas\u00edn en el coraz\u00f3n, en el lugar donde est\u00e9n\u201d.<\/p>\n<p>\u00abEste es el Kanas\u00edn que queremos ver las familias del municipio, Son el orgullo del municipio y sigan adelante porque hay mucho talento\u201d, destac\u00f3.<\/p>\n<p>En el torneo \u201cGuantes Dorado\u201d, uno de los gimnasios con mejores resultados fue el de Jos\u00e9 \u201cRel\u00e1mpago\u201d Torres, de la colonia Mulchech\u00e9n, con cinco primeros lugares (cinturones) y cuatro subcampeonatos.<\/p>\n<p>El otro gimnasio que particip\u00f3 en el certamen fue el de \u00abGuerreros Mayas\u00bb que dirige Jos\u00e9 \u201cCacho\u201d Silveira, quienes obtuvieron tres campeonatos, un subcampeonato y cuatro medallas de bronce.<\/p>\n<p>La constancia, la dedicaci\u00f3n y la pasi\u00f3n por el boxeo permiti\u00f3 a las y los boxeadores del municipio obtener muy buenos resultados. Ahora los pugilistas viajar\u00e1n pr\u00f3ximamente a torneos de Campeche y de Cozumel, para llegar lo mejor preparados a la justa nacional denominada \u201cGuerra en la Frontera\u201d, que se celebrar\u00e1 en octubre en Baja California Sur.<\/p>\n<p>Del gimnasio de Jos\u00e9 \u201cRel\u00e1mpago\u201d Torres resultaron campeones Selina Rojas, Andr\u00e9s Jim\u00e9nez \u00abBig show\u00bb, Bryan Cen \u00abEl Gallo\u00bb, Eduard Maldonado y Johan \u00abTurno\u00bb Aguilar; los subcampeones fueron Fernanda Rodr\u00edguez, \u00c1ngel Jaime, Armando V\u00e1ldez y Farid Chal\u00e9.<\/p>\n<p>Por su parte, el equipo de Jos\u00e9 \u00abCacho\u00bb Silveira se agenci\u00f3 tres campeonatos con Jes\u00fas \u00abCabrita\u00bb Gamboa, Noem\u00ed Dzul e Ingrid D\u00edaz; la plata fue para Jes\u00fas Dzul y los bronces se los agenciaron David Escamilla, Oliver Dorantes y Leo Carrillo.<\/p>\n","protected":false},"excerpt":{"rendered":"<p>Kanas\u00edn, Yucat\u00e1n, a 26 de julio 2023.- J\u00f3venes pugilistas del municipio de Kanas\u00edn se reunieron con el alcalde Edwin Boj\u00f3rquez Ram\u00edrez para mostrarle los cinturones y medallas obtenidas durante su participaci\u00f3n en el torneo \u00abGuantes Dorados\u201d, que el pasado fin de semana se realiz\u00f3 en la ciudad de Canc\u00fan, Quintana Roo. Tras recibirlos en su [&hellip;]<\/p>\n","protected":false},"author":3,"featured_media":99284,"comment_status":"closed","ping_status":"closed","sticky":false,"template":"","format":"standard","meta":{"footnotes":""},"categories":[3],"tags":[],"class_list":{"0":"post-99283","1":"post","2":"type-post","3":"status-publish","4":"format-standard","5":"has-post-thumbnail","7":"category-yucatan"},"yoast_head":"<!-- This site is optimized with the Yoast SEO plugin v27.4 - https:\/\/yoast.com\/product\/yoast-seo-wordpress\/ -->\n<title>Pugilistas kanasinenses que tuvieron una destacada participaci\u00f3n en el torneo \u201cGuantes Dorados\u201d - Yucat\u00e1n en corto<\/title>\n<meta name=\"robots\" content=\"index, follow, max-snippet:-1, max-image-preview:large, max-video-preview:-1\" \/>\n<link rel=\"canonical\" href=\"https:\/\/www.yucatanencorto.com\/noticias\/pugilistas-kanasinenses-que-tuvieron-una-destacada-participacion-en-el-torneo-guantes-dorados\/\" \/>\n<meta property=\"og:locale\" content=\"es_ES\" \/>\n<meta property=\"og:type\" content=\"article\" \/>\n<meta property=\"og:title\" content=\"Pugilistas kanasinenses que tuvieron una destacada participaci\u00f3n en el torneo \u201cGuantes Dorados\u201d - Yucat\u00e1n en corto\" \/>\n<meta property=\"og:description\" content=\"Kanas\u00edn, Yucat\u00e1n, a 26 de julio 2023.- J\u00f3venes pugilistas del municipio de Kanas\u00edn se reunieron con el alcalde Edwin Boj\u00f3rquez Ram\u00edrez para mostrarle los cinturones y medallas obtenidas durante su participaci\u00f3n en el torneo \u00abGuantes Dorados\u201d, que el pasado fin de semana se realiz\u00f3 en la ciudad de Canc\u00fan, Quintana Roo. Tras recibirlos en su [&hellip;]\" \/>\n<meta property=\"og:url\" content=\"https:\/\/www.yucatanencorto.com\/noticias\/pugilistas-kanasinenses-que-tuvieron-una-destacada-participacion-en-el-torneo-guantes-dorados\/\" \/>\n<meta property=\"og:site_name\" content=\"Yucat\u00e1n en corto\" \/>\n<meta property=\"article:publisher\" content=\"http:\/\/www.facebook.com\/yucatanencorto\" \/>\n<meta property=\"article:published_time\" content=\"2023-07-26T19:50:46+00:00\" \/>\n<meta property=\"og:image\" content=\"https:\/\/www.yucatanencorto.com\/noticias\/wp-content\/uploads\/2023\/07\/WhatsApp-Image-2023-07-26-at-13.35.29-3-scaled.jpeg\" \/>\n\t<meta property=\"og:image:width\" content=\"768\" \/>\n\t<meta property=\"og:image:height\" content=\"458\" \/>\n\t<meta property=\"og:image:type\" content=\"image\/jpeg\" \/>\n<meta name=\"author\" content=\"Redes\" \/>\n<meta name=\"twitter:card\" content=\"summary_large_image\" \/>\n<meta name=\"twitter:creator\" content=\"@yucatanencorto\" \/>\n<meta name=\"twitter:site\" content=\"@yucatanencorto\" \/>\n<meta name=\"twitter:label1\" content=\"Escrito por\" \/>\n\t<meta name=\"twitter:data1\" content=\"Redes\" \/>\n\t<meta name=\"twitter:label2\" content=\"Tiempo de lectura\" \/>\n\t<meta name=\"twitter:data2\" content=\"2 minutos\" \/>\n<script type=\"application\/ld+json\" class=\"yoast-schema-graph\">{\"@context\":\"https:\\\/\\\/schema.org\",\"@graph\":[{\"@type\":\"Article\",\"@id\":\"https:\\\/\\\/www.yucatanencorto.com\\\/noticias\\\/pugilistas-kanasinenses-que-tuvieron-una-destacada-participacion-en-el-torneo-guantes-dorados\\\/#article\",\"isPartOf\":{\"@id\":\"https:\\\/\\\/www.yucatanencorto.com\\\/noticias\\\/pugilistas-kanasinenses-que-tuvieron-una-destacada-participacion-en-el-torneo-guantes-dorados\\\/\"},\"author\":{\"name\":\"Redes\",\"@id\":\"https:\\\/\\\/www.yucatanencorto.com\\\/noticias\\\/#\\\/schema\\\/person\\\/e2fbdfaf30a07014a43940ce989f3119\"},\"headline\":\"Pugilistas kanasinenses que tuvieron una destacada participaci\u00f3n en el torneo \u201cGuantes Dorados\u201d\",\"datePublished\":\"2023-07-26T19:50:46+00:00\",\"mainEntityOfPage\":{\"@id\":\"https:\\\/\\\/www.yucatanencorto.com\\\/noticias\\\/pugilistas-kanasinenses-que-tuvieron-una-destacada-participacion-en-el-torneo-guantes-dorados\\\/\"},\"wordCount\":350,\"image\":{\"@id\":\"https:\\\/\\\/www.yucatanencorto.com\\\/noticias\\\/pugilistas-kanasinenses-que-tuvieron-una-destacada-participacion-en-el-torneo-guantes-dorados\\\/#primaryimage\"},\"thumbnailUrl\":\"https:\\\/\\\/www.yucatanencorto.com\\\/noticias\\\/wp-content\\\/uploads\\\/2023\\\/07\\\/WhatsApp-Image-2023-07-26-at-13.35.29-3-scaled.jpeg\",\"articleSection\":[\"Yucat\u00e1n\"],\"inLanguage\":\"es\"},{\"@type\":\"WebPage\",\"@id\":\"https:\\\/\\\/www.yucatanencorto.com\\\/noticias\\\/pugilistas-kanasinenses-que-tuvieron-una-destacada-participacion-en-el-torneo-guantes-dorados\\\/\",\"url\":\"https:\\\/\\\/www.yucatanencorto.com\\\/noticias\\\/pugilistas-kanasinenses-que-tuvieron-una-destacada-participacion-en-el-torneo-guantes-dorados\\\/\",\"name\":\"Pugilistas kanasinenses que tuvieron una destacada participaci\u00f3n en el torneo \u201cGuantes Dorados\u201d - Yucat\u00e1n en corto\",\"isPartOf\":{\"@id\":\"https:\\\/\\\/www.yucatanencorto.com\\\/noticias\\\/#website\"},\"primaryImageOfPage\":{\"@id\":\"https:\\\/\\\/www.yucatanencorto.com\\\/noticias\\\/pugilistas-kanasinenses-que-tuvieron-una-destacada-participacion-en-el-torneo-guantes-dorados\\\/#primaryimage\"},\"image\":{\"@id\":\"https:\\\/\\\/www.yucatanencorto.com\\\/noticias\\\/pugilistas-kanasinenses-que-tuvieron-una-destacada-participacion-en-el-torneo-guantes-dorados\\\/#primaryimage\"},\"thumbnailUrl\":\"https:\\\/\\\/www.yucatanencorto.com\\\/noticias\\\/wp-content\\\/uploads\\\/2023\\\/07\\\/WhatsApp-Image-2023-07-26-at-13.35.29-3-scaled.jpeg\",\"datePublished\":\"2023-07-26T19:50:46+00:00\",\"author\":{\"@id\":\"https:\\\/\\\/www.yucatanencorto.com\\\/noticias\\\/#\\\/schema\\\/person\\\/e2fbdfaf30a07014a43940ce989f3119\"},\"breadcrumb\":{\"@id\":\"https:\\\/\\\/www.yucatanencorto.com\\\/noticias\\\/pugilistas-kanasinenses-que-tuvieron-una-destacada-participacion-en-el-torneo-guantes-dorados\\\/#breadcrumb\"},\"inLanguage\":\"es\",\"potentialAction\":[{\"@type\":\"ReadAction\",\"target\":[\"https:\\\/\\\/www.yucatanencorto.com\\\/noticias\\\/pugilistas-kanasinenses-que-tuvieron-una-destacada-participacion-en-el-torneo-guantes-dorados\\\/\"]}]},{\"@type\":\"ImageObject\",\"inLanguage\":\"es\",\"@id\":\"https:\\\/\\\/www.yucatanencorto.com\\\/noticias\\\/pugilistas-kanasinenses-que-tuvieron-una-destacada-participacion-en-el-torneo-guantes-dorados\\\/#primaryimage\",\"url\":\"https:\\\/\\\/www.yucatanencorto.com\\\/noticias\\\/wp-content\\\/uploads\\\/2023\\\/07\\\/WhatsApp-Image-2023-07-26-at-13.35.29-3-scaled.jpeg\",\"contentUrl\":\"https:\\\/\\\/www.yucatanencorto.com\\\/noticias\\\/wp-content\\\/uploads\\\/2023\\\/07\\\/WhatsApp-Image-2023-07-26-at-13.35.29-3-scaled.jpeg\",\"width\":768,\"height\":458},{\"@type\":\"BreadcrumbList\",\"@id\":\"https:\\\/\\\/www.yucatanencorto.com\\\/noticias\\\/pugilistas-kanasinenses-que-tuvieron-una-destacada-participacion-en-el-torneo-guantes-dorados\\\/#breadcrumb\",\"itemListElement\":[{\"@type\":\"ListItem\",\"position\":1,\"name\":\"Portada\",\"item\":\"https:\\\/\\\/www.yucatanencorto.com\\\/noticias\\\/\"},{\"@type\":\"ListItem\",\"position\":2,\"name\":\"Pugilistas kanasinenses que tuvieron una destacada participaci\u00f3n en el torneo \u201cGuantes Dorados\u201d\"}]},{\"@type\":\"WebSite\",\"@id\":\"https:\\\/\\\/www.yucatanencorto.com\\\/noticias\\\/#website\",\"url\":\"https:\\\/\\\/www.yucatanencorto.com\\\/noticias\\\/\",\"name\":\"Yucat\u00e1n en corto\",\"description\":\"Noticias\",\"potentialAction\":[{\"@type\":\"SearchAction\",\"target\":{\"@type\":\"EntryPoint\",\"urlTemplate\":\"https:\\\/\\\/www.yucatanencorto.com\\\/noticias\\\/?s={search_term_string}\"},\"query-input\":{\"@type\":\"PropertyValueSpecification\",\"valueRequired\":true,\"valueName\":\"search_term_string\"}}],\"inLanguage\":\"es\"},{\"@type\":\"Person\",\"@id\":\"https:\\\/\\\/www.yucatanencorto.com\\\/noticias\\\/#\\\/schema\\\/person\\\/e2fbdfaf30a07014a43940ce989f3119\",\"name\":\"Redes\",\"image\":{\"@type\":\"ImageObject\",\"inLanguage\":\"es\",\"@id\":\"https:\\\/\\\/secure.gravatar.com\\\/avatar\\\/5931a2d21dd7cc834f44c8c34fe56d90ed6d536ef452cbf870c7485b524dddd7?s=96&d=mm&r=g\",\"url\":\"https:\\\/\\\/secure.gravatar.com\\\/avatar\\\/5931a2d21dd7cc834f44c8c34fe56d90ed6d536ef452cbf870c7485b524dddd7?s=96&d=mm&r=g\",\"contentUrl\":\"https:\\\/\\\/secure.gravatar.com\\\/avatar\\\/5931a2d21dd7cc834f44c8c34fe56d90ed6d536ef452cbf870c7485b524dddd7?s=96&d=mm&r=g\",\"caption\":\"Redes\"},\"url\":\"https:\\\/\\\/www.yucatanencorto.com\\\/noticias\\\/author\\\/redes\\\/\"}]}<\/script>\n<!-- \/ Yoast SEO plugin. -->","yoast_head_json":{"title":"Pugilistas kanasinenses que tuvieron una destacada participaci\u00f3n en el torneo \u201cGuantes Dorados\u201d - Yucat\u00e1n en corto","robots":{"index":"index","follow":"follow","max-snippet":"max-snippet:-1","max-image-preview":"max-image-preview:large","max-video-preview":"max-video-preview:-1"},"canonical":"https:\/\/www.yucatanencorto.com\/noticias\/pugilistas-kanasinenses-que-tuvieron-una-destacada-participacion-en-el-torneo-guantes-dorados\/","og_locale":"es_ES","og_type":"article","og_title":"Pugilistas kanasinenses que tuvieron una destacada participaci\u00f3n en el torneo \u201cGuantes Dorados\u201d - Yucat\u00e1n en corto","og_description":"Kanas\u00edn, Yucat\u00e1n, a 26 de julio 2023.- J\u00f3venes pugilistas del municipio de Kanas\u00edn se reunieron con el alcalde Edwin Boj\u00f3rquez Ram\u00edrez para mostrarle los cinturones y medallas obtenidas durante su participaci\u00f3n en el torneo \u00abGuantes Dorados\u201d, que el pasado fin de semana se realiz\u00f3 en la ciudad de Canc\u00fan, Quintana Roo. Tras recibirlos en su [&hellip;]","og_url":"https:\/\/www.yucatanencorto.com\/noticias\/pugilistas-kanasinenses-que-tuvieron-una-destacada-participacion-en-el-torneo-guantes-dorados\/","og_site_name":"Yucat\u00e1n en corto","article_publisher":"http:\/\/www.facebook.com\/yucatanencorto","article_published_time":"2023-07-26T19:50:46+00:00","og_image":[{"width":768,"height":458,"url":"https:\/\/www.yucatanencorto.com\/noticias\/wp-content\/uploads\/2023\/07\/WhatsApp-Image-2023-07-26-at-13.35.29-3-scaled.jpeg","type":"image\/jpeg"}],"author":"Redes","twitter_card":"summary_large_image","twitter_creator":"@yucatanencorto","twitter_site":"@yucatanencorto","twitter_misc":{"Escrito por":"Redes","Tiempo de lectura":"2 minutos"},"schema":{"@context":"https:\/\/schema.org","@graph":[{"@type":"Article","@id":"https:\/\/www.yucatanencorto.com\/noticias\/pugilistas-kanasinenses-que-tuvieron-una-destacada-participacion-en-el-torneo-guantes-dorados\/#article","isPartOf":{"@id":"https:\/\/www.yucatanencorto.com\/noticias\/pugilistas-kanasinenses-que-tuvieron-una-destacada-participacion-en-el-torneo-guantes-dorados\/"},"author":{"name":"Redes","@id":"https:\/\/www.yucatanencorto.com\/noticias\/#\/schema\/person\/e2fbdfaf30a07014a43940ce989f3119"},"headline":"Pugilistas kanasinenses que tuvieron una destacada participaci\u00f3n en el torneo \u201cGuantes Dorados\u201d","datePublished":"2023-07-26T19:50:46+00:00","mainEntityOfPage":{"@id":"https:\/\/www.yucatanencorto.com\/noticias\/pugilistas-kanasinenses-que-tuvieron-una-destacada-participacion-en-el-torneo-guantes-dorados\/"},"wordCount":350,"image":{"@id":"https:\/\/www.yucatanencorto.com\/noticias\/pugilistas-kanasinenses-que-tuvieron-una-destacada-participacion-en-el-torneo-guantes-dorados\/#primaryimage"},"thumbnailUrl":"https:\/\/www.yucatanencorto.com\/noticias\/wp-content\/uploads\/2023\/07\/WhatsApp-Image-2023-07-26-at-13.35.29-3-scaled.jpeg","articleSection":["Yucat\u00e1n"],"inLanguage":"es"},{"@type":"WebPage","@id":"https:\/\/www.yucatanencorto.com\/noticias\/pugilistas-kanasinenses-que-tuvieron-una-destacada-participacion-en-el-torneo-guantes-dorados\/","url":"https:\/\/www.yucatanencorto.com\/noticias\/pugilistas-kanasinenses-que-tuvieron-una-destacada-participacion-en-el-torneo-guantes-dorados\/","name":"Pugilistas kanasinenses que tuvieron una destacada participaci\u00f3n en el torneo \u201cGuantes Dorados\u201d - Yucat\u00e1n en corto","isPartOf":{"@id":"https:\/\/www.yucatanencorto.com\/noticias\/#website"},"primaryImageOfPage":{"@id":"https:\/\/www.yucatanencorto.com\/noticias\/pugilistas-kanasinenses-que-tuvieron-una-destacada-participacion-en-el-torneo-guantes-dorados\/#primaryimage"},"image":{"@id":"https:\/\/www.yucatanencorto.com\/noticias\/pugilistas-kanasinenses-que-tuvieron-una-destacada-participacion-en-el-torneo-guantes-dorados\/#primaryimage"},"thumbnailUrl":"https:\/\/www.yucatanencorto.com\/noticias\/wp-content\/uploads\/2023\/07\/WhatsApp-Image-2023-07-26-at-13.35.29-3-scaled.jpeg","datePublished":"2023-07-26T19:50:46+00:00","author":{"@id":"https:\/\/www.yucatanencorto.com\/noticias\/#\/schema\/person\/e2fbdfaf30a07014a43940ce989f3119"},"breadcrumb":{"@id":"https:\/\/www.yucatanencorto.com\/noticias\/pugilistas-kanasinenses-que-tuvieron-una-destacada-participacion-en-el-torneo-guantes-dorados\/#breadcrumb"},"inLanguage":"es","potentialAction":[{"@type":"ReadAction","target":["https:\/\/www.yucatanencorto.com\/noticias\/pugilistas-kanasinenses-que-tuvieron-una-destacada-participacion-en-el-torneo-guantes-dorados\/"]}]},{"@type":"ImageObject","inLanguage":"es","@id":"https:\/\/www.yucatanencorto.com\/noticias\/pugilistas-kanasinenses-que-tuvieron-una-destacada-participacion-en-el-torneo-guantes-dorados\/#primaryimage","url":"https:\/\/www.yucatanencorto.com\/noticias\/wp-content\/uploads\/2023\/07\/WhatsApp-Image-2023-07-26-at-13.35.29-3-scaled.jpeg","contentUrl":"https:\/\/www.yucatanencorto.com\/noticias\/wp-content\/uploads\/2023\/07\/WhatsApp-Image-2023-07-26-at-13.35.29-3-scaled.jpeg","width":768,"height":458},{"@type":"BreadcrumbList","@id":"https:\/\/www.yucatanencorto.com\/noticias\/pugilistas-kanasinenses-que-tuvieron-una-destacada-participacion-en-el-torneo-guantes-dorados\/#breadcrumb","itemListElement":[{"@type":"ListItem","position":1,"name":"Portada","item":"https:\/\/www.yucatanencorto.com\/noticias\/"},{"@type":"ListItem","position":2,"name":"Pugilistas kanasinenses que tuvieron una destacada participaci\u00f3n en el torneo \u201cGuantes Dorados\u201d"}]},{"@type":"WebSite","@id":"https:\/\/www.yucatanencorto.com\/noticias\/#website","url":"https:\/\/www.yucatanencorto.com\/noticias\/","name":"Yucat\u00e1n en corto","description":"Noticias","potentialAction":[{"@type":"SearchAction","target":{"@type":"EntryPoint","urlTemplate":"https:\/\/www.yucatanencorto.com\/noticias\/?s={search_term_string}"},"query-input":{"@type":"PropertyValueSpecification","valueRequired":true,"valueName":"search_term_string"}}],"inLanguage":"es"},{"@type":"Person","@id":"https:\/\/www.yucatanencorto.com\/noticias\/#\/schema\/person\/e2fbdfaf30a07014a43940ce989f3119","name":"Redes","image":{"@type":"ImageObject","inLanguage":"es","@id":"https:\/\/secure.gravatar.com\/avatar\/5931a2d21dd7cc834f44c8c34fe56d90ed6d536ef452cbf870c7485b524dddd7?s=96&d=mm&r=g","url":"https:\/\/secure.gravatar.com\/avatar\/5931a2d21dd7cc834f44c8c34fe56d90ed6d536ef452cbf870c7485b524dddd7?s=96&d=mm&r=g","contentUrl":"https:\/\/secure.gravatar.com\/avatar\/5931a2d21dd7cc834f44c8c34fe56d90ed6d536ef452cbf870c7485b524dddd7?s=96&d=mm&r=g","caption":"Redes"},"url":"https:\/\/www.yucatanencorto.com\/noticias\/author\/redes\/"}]}},"_links":{"self":[{"href":"https:\/\/www.yucatanencorto.com\/noticias\/wp-json\/wp\/v2\/posts\/99283","targetHints":{"allow":["GET"]}}],"collection":[{"href":"https:\/\/www.yucatanencorto.com\/noticias\/wp-json\/wp\/v2\/posts"}],"about":[{"href":"https:\/\/www.yucatanencorto.com\/noticias\/wp-json\/wp\/v2\/types\/post"}],"author":[{"embeddable":true,"href":"https:\/\/www.yucatanencorto.com\/noticias\/wp-json\/wp\/v2\/users\/3"}],"replies":[{"embeddable":true,"href":"https:\/\/www.yucatanencorto.com\/noticias\/wp-json\/wp\/v2\/comments?post=99283"}],"version-history":[{"count":0,"href":"https:\/\/www.yucatanencorto.com\/noticias\/wp-json\/wp\/v2\/posts\/99283\/revisions"}],"wp:featuredmedia":[{"embeddable":true,"href":"https:\/\/www.yucatanencorto.com\/noticias\/wp-json\/wp\/v2\/media\/99284"}],"wp:attachment":[{"href":"https:\/\/www.yucatanencorto.com\/noticias\/wp-json\/wp\/v2\/media?parent=99283"}],"wp:term":[{"taxonomy":"category","embeddable":true,"href":"https:\/\/www.yucatanencorto.com\/noticias\/wp-json\/wp\/v2\/categories?post=99283"},{"taxonomy":"post_tag","embeddable":true,"href":"https:\/\/www.yucatanencorto.com\/noticias\/wp-json\/wp\/v2\/tags?post=99283"}],"curies":[{"name":"wp","href":"https:\/\/api.w.org\/{rel}","templated":true}]}}