{"id":99286,"date":"2023-07-26T16:45:09","date_gmt":"2023-07-26T22:45:09","guid":{"rendered":"https:\/\/www.yucatanencorto.com\/noticias\/?p=99286"},"modified":"2023-07-26T16:45:09","modified_gmt":"2023-07-26T22:45:09","slug":"constructores-llaman-a-trabajar-en-equipo-por-el-ordenamiento-urbano-que-requiere-merida","status":"publish","type":"post","link":"https:\/\/www.yucatanencorto.com\/noticias\/constructores-llaman-a-trabajar-en-equipo-por-el-ordenamiento-urbano-que-requiere-merida\/","title":{"rendered":"Constructores llaman a trabajar en equipo por el ordenamiento urbano que requiere M\u00e9rida"},"content":{"rendered":"<p><img loading=\"lazy\" decoding=\"async\" class=\"alignnone size-full wp-image-99287\" src=\"https:\/\/www.yucatanencorto.com\/noticias\/wp-content\/uploads\/2023\/07\/WhatsApp-Image-2023-07-26-at-16.29.29-scaled.jpeg\" alt=\"\" width=\"768\" height=\"504\" srcset=\"https:\/\/www.yucatanencorto.com\/noticias\/wp-content\/uploads\/2023\/07\/WhatsApp-Image-2023-07-26-at-16.29.29-scaled.jpeg 768w, https:\/\/www.yucatanencorto.com\/noticias\/wp-content\/uploads\/2023\/07\/WhatsApp-Image-2023-07-26-at-16.29.29-696x456.jpeg 696w, https:\/\/www.yucatanencorto.com\/noticias\/wp-content\/uploads\/2023\/07\/WhatsApp-Image-2023-07-26-at-16.29.29-641x420.jpeg 641w, https:\/\/www.yucatanencorto.com\/noticias\/wp-content\/uploads\/2023\/07\/WhatsApp-Image-2023-07-26-at-16.29.29-741x486.jpeg 741w\" sizes=\"auto, (max-width: 768px) 100vw, 768px\" \/><\/p>\n<p>Empresarios de 40 empresas constructoras manifestaron a la diputada federal Cecilia Patr\u00f3n Laviada su disposici\u00f3n de trabajar en equipo por el ordenamiento urbano que requiere M\u00e9rida ante el acelerado crecimiento que ha registrado los \u00faltimos a\u00f1os.<\/p>\n<p>Los representantes de este importante sector coincidieron en que la obra p\u00fablica y la vivienda tienen fuerte impacto en la calidad de vida de los ciudadanos y por ello es importante desarrollarlas con un sentido social.<\/p>\n<p>Recibieron con optimismo la visi\u00f3n de una M\u00e9rida ordenada, solidaria y sostenible que expuso la legisladora yucateca.<\/p>\n<p>Cecilia Patr\u00f3n resalt\u00f3 que el objetivo de esta reuni\u00f3n es el di\u00e1logo para saber lo que les interesa, lo que pueden aportar al proyecto y a la transformaci\u00f3n de M\u00e9rida y de Yucat\u00e1n, que se pueda traducir en iniciativas de ley para proponer.<\/p>\n<p>\u201cYo quiero ser una aliada para ustedes. A muchos los conozco por su trabajo y el compromiso que tienen con su tierra\u201d agreg\u00f3.<br \/>\nReconozco su contribuci\u00f3n para que M\u00e9rida y Yucat\u00e1n mantengan un clima de paz social, un ambiente donde el recurso que se invierte en desarrollo social brinda tambi\u00e9n ingresos a muchos, como plomeros, soldadores, electricistas, y por eso es importante invertir en obra p\u00fablica y que todos trabajemos como un s\u00f3lo equipo\u00bb.<\/p>\n<p>\u00abTenemos el gran ejemplo del gobernador Mauricio Vila que trabaja incansablemente por transformar diariamente a Yucat\u00e1n: gestiona y avanza en proyectos que le dan un rostro moderno a nuestro estado. Por ejemplo, la movilidad que hoy es un tema que pone a Yucat\u00e1n en la conversaci\u00f3n nacional, la llegada de empresas nacionales e internacionales que generan obra y empleos\u00bb.<\/p>\n<p>Asimismo Cecilia Patr\u00f3n reconoci\u00f3 el gran trabajo que realiza el alcalde Ren\u00e1n Barrera Concha para ofrecer mejores servicios en una ciudad que crece aceleradamente.<\/p>\n<p>La diputada federal subray\u00f3\u00a0 su compromiso para que M\u00e9rida siga siendo una ciudad con futuro, donde su mayor \u00e9xito como atractivo para invertir no se convierta en su mayor fracaso como en otras ciudades del pa\u00eds.<\/p>\n<p>El ordenamiento territorial y urbano, indic\u00f3,\u00a0 son claves para asegurar el futuro de la ciudad que requiere una reforma a la Ley de Asentamientos Humano que data de 1994 y no corresponden a las exigencias del desarrollo sostenible actual.<\/p>\n<p>\u201cCuenten conmigo para lo que necesiten de aqu\u00ed en adelante. Quiero ser su aliada. Hoy se trata de trabajar juntos como un solo equipo. Sigamos transformando M\u00e9rida y Yucat\u00e1n\u201d, concluy\u00f3.<\/p>\n","protected":false},"excerpt":{"rendered":"<p>Empresarios de 40 empresas constructoras manifestaron a la diputada federal Cecilia Patr\u00f3n Laviada su disposici\u00f3n de trabajar en equipo por el ordenamiento urbano que requiere M\u00e9rida ante el acelerado crecimiento que ha registrado los \u00faltimos a\u00f1os. Los representantes de este importante sector coincidieron en que la obra p\u00fablica y la vivienda tienen fuerte impacto en [&hellip;]<\/p>\n","protected":false},"author":3,"featured_media":99287,"comment_status":"closed","ping_status":"closed","sticky":false,"template":"","format":"standard","meta":{"footnotes":""},"categories":[3],"tags":[],"class_list":{"0":"post-99286","1":"post","2":"type-post","3":"status-publish","4":"format-standard","5":"has-post-thumbnail","7":"category-yucatan"},"yoast_head":"<!-- This site is optimized with the Yoast SEO plugin v27.4 - https:\/\/yoast.com\/product\/yoast-seo-wordpress\/ -->\n<title>Constructores llaman a trabajar en equipo por el ordenamiento urbano que requiere M\u00e9rida - Yucat\u00e1n en corto<\/title>\n<meta name=\"robots\" content=\"index, follow, max-snippet:-1, max-image-preview:large, max-video-preview:-1\" \/>\n<link rel=\"canonical\" href=\"https:\/\/www.yucatanencorto.com\/noticias\/constructores-llaman-a-trabajar-en-equipo-por-el-ordenamiento-urbano-que-requiere-merida\/\" \/>\n<meta property=\"og:locale\" content=\"es_ES\" \/>\n<meta property=\"og:type\" content=\"article\" \/>\n<meta property=\"og:title\" content=\"Constructores llaman a trabajar en equipo por el ordenamiento urbano que requiere M\u00e9rida - Yucat\u00e1n en corto\" \/>\n<meta property=\"og:description\" content=\"Empresarios de 40 empresas constructoras manifestaron a la diputada federal Cecilia Patr\u00f3n Laviada su disposici\u00f3n de trabajar en equipo por el ordenamiento urbano que requiere M\u00e9rida ante el acelerado crecimiento que ha registrado los \u00faltimos a\u00f1os. Los representantes de este importante sector coincidieron en que la obra p\u00fablica y la vivienda tienen fuerte impacto en [&hellip;]\" \/>\n<meta property=\"og:url\" content=\"https:\/\/www.yucatanencorto.com\/noticias\/constructores-llaman-a-trabajar-en-equipo-por-el-ordenamiento-urbano-que-requiere-merida\/\" \/>\n<meta property=\"og:site_name\" content=\"Yucat\u00e1n en corto\" \/>\n<meta property=\"article:publisher\" content=\"http:\/\/www.facebook.com\/yucatanencorto\" \/>\n<meta property=\"article:published_time\" content=\"2023-07-26T22:45:09+00:00\" \/>\n<meta property=\"og:image\" content=\"https:\/\/www.yucatanencorto.com\/noticias\/wp-content\/uploads\/2023\/07\/WhatsApp-Image-2023-07-26-at-16.29.29-scaled.jpeg\" \/>\n\t<meta property=\"og:image:width\" content=\"768\" \/>\n\t<meta property=\"og:image:height\" content=\"504\" \/>\n\t<meta property=\"og:image:type\" content=\"image\/jpeg\" \/>\n<meta name=\"author\" content=\"Redes\" \/>\n<meta name=\"twitter:card\" content=\"summary_large_image\" \/>\n<meta name=\"twitter:creator\" content=\"@yucatanencorto\" \/>\n<meta name=\"twitter:site\" content=\"@yucatanencorto\" \/>\n<meta name=\"twitter:label1\" content=\"Escrito por\" \/>\n\t<meta name=\"twitter:data1\" content=\"Redes\" \/>\n\t<meta name=\"twitter:label2\" content=\"Tiempo de lectura\" \/>\n\t<meta name=\"twitter:data2\" content=\"3 minutos\" \/>\n<script type=\"application\/ld+json\" class=\"yoast-schema-graph\">{\"@context\":\"https:\\\/\\\/schema.org\",\"@graph\":[{\"@type\":\"Article\",\"@id\":\"https:\\\/\\\/www.yucatanencorto.com\\\/noticias\\\/constructores-llaman-a-trabajar-en-equipo-por-el-ordenamiento-urbano-que-requiere-merida\\\/#article\",\"isPartOf\":{\"@id\":\"https:\\\/\\\/www.yucatanencorto.com\\\/noticias\\\/constructores-llaman-a-trabajar-en-equipo-por-el-ordenamiento-urbano-que-requiere-merida\\\/\"},\"author\":{\"name\":\"Redes\",\"@id\":\"https:\\\/\\\/www.yucatanencorto.com\\\/noticias\\\/#\\\/schema\\\/person\\\/e2fbdfaf30a07014a43940ce989f3119\"},\"headline\":\"Constructores llaman a trabajar en equipo por el ordenamiento urbano que requiere M\u00e9rida\",\"datePublished\":\"2023-07-26T22:45:09+00:00\",\"mainEntityOfPage\":{\"@id\":\"https:\\\/\\\/www.yucatanencorto.com\\\/noticias\\\/constructores-llaman-a-trabajar-en-equipo-por-el-ordenamiento-urbano-que-requiere-merida\\\/\"},\"wordCount\":434,\"image\":{\"@id\":\"https:\\\/\\\/www.yucatanencorto.com\\\/noticias\\\/constructores-llaman-a-trabajar-en-equipo-por-el-ordenamiento-urbano-que-requiere-merida\\\/#primaryimage\"},\"thumbnailUrl\":\"https:\\\/\\\/www.yucatanencorto.com\\\/noticias\\\/wp-content\\\/uploads\\\/2023\\\/07\\\/WhatsApp-Image-2023-07-26-at-16.29.29-scaled.jpeg\",\"articleSection\":[\"Yucat\u00e1n\"],\"inLanguage\":\"es\"},{\"@type\":\"WebPage\",\"@id\":\"https:\\\/\\\/www.yucatanencorto.com\\\/noticias\\\/constructores-llaman-a-trabajar-en-equipo-por-el-ordenamiento-urbano-que-requiere-merida\\\/\",\"url\":\"https:\\\/\\\/www.yucatanencorto.com\\\/noticias\\\/constructores-llaman-a-trabajar-en-equipo-por-el-ordenamiento-urbano-que-requiere-merida\\\/\",\"name\":\"Constructores llaman a trabajar en equipo por el ordenamiento urbano que requiere M\u00e9rida - Yucat\u00e1n en corto\",\"isPartOf\":{\"@id\":\"https:\\\/\\\/www.yucatanencorto.com\\\/noticias\\\/#website\"},\"primaryImageOfPage\":{\"@id\":\"https:\\\/\\\/www.yucatanencorto.com\\\/noticias\\\/constructores-llaman-a-trabajar-en-equipo-por-el-ordenamiento-urbano-que-requiere-merida\\\/#primaryimage\"},\"image\":{\"@id\":\"https:\\\/\\\/www.yucatanencorto.com\\\/noticias\\\/constructores-llaman-a-trabajar-en-equipo-por-el-ordenamiento-urbano-que-requiere-merida\\\/#primaryimage\"},\"thumbnailUrl\":\"https:\\\/\\\/www.yucatanencorto.com\\\/noticias\\\/wp-content\\\/uploads\\\/2023\\\/07\\\/WhatsApp-Image-2023-07-26-at-16.29.29-scaled.jpeg\",\"datePublished\":\"2023-07-26T22:45:09+00:00\",\"author\":{\"@id\":\"https:\\\/\\\/www.yucatanencorto.com\\\/noticias\\\/#\\\/schema\\\/person\\\/e2fbdfaf30a07014a43940ce989f3119\"},\"breadcrumb\":{\"@id\":\"https:\\\/\\\/www.yucatanencorto.com\\\/noticias\\\/constructores-llaman-a-trabajar-en-equipo-por-el-ordenamiento-urbano-que-requiere-merida\\\/#breadcrumb\"},\"inLanguage\":\"es\",\"potentialAction\":[{\"@type\":\"ReadAction\",\"target\":[\"https:\\\/\\\/www.yucatanencorto.com\\\/noticias\\\/constructores-llaman-a-trabajar-en-equipo-por-el-ordenamiento-urbano-que-requiere-merida\\\/\"]}]},{\"@type\":\"ImageObject\",\"inLanguage\":\"es\",\"@id\":\"https:\\\/\\\/www.yucatanencorto.com\\\/noticias\\\/constructores-llaman-a-trabajar-en-equipo-por-el-ordenamiento-urbano-que-requiere-merida\\\/#primaryimage\",\"url\":\"https:\\\/\\\/www.yucatanencorto.com\\\/noticias\\\/wp-content\\\/uploads\\\/2023\\\/07\\\/WhatsApp-Image-2023-07-26-at-16.29.29-scaled.jpeg\",\"contentUrl\":\"https:\\\/\\\/www.yucatanencorto.com\\\/noticias\\\/wp-content\\\/uploads\\\/2023\\\/07\\\/WhatsApp-Image-2023-07-26-at-16.29.29-scaled.jpeg\",\"width\":768,\"height\":504},{\"@type\":\"BreadcrumbList\",\"@id\":\"https:\\\/\\\/www.yucatanencorto.com\\\/noticias\\\/constructores-llaman-a-trabajar-en-equipo-por-el-ordenamiento-urbano-que-requiere-merida\\\/#breadcrumb\",\"itemListElement\":[{\"@type\":\"ListItem\",\"position\":1,\"name\":\"Portada\",\"item\":\"https:\\\/\\\/www.yucatanencorto.com\\\/noticias\\\/\"},{\"@type\":\"ListItem\",\"position\":2,\"name\":\"Constructores llaman a trabajar en equipo por el ordenamiento urbano que requiere M\u00e9rida\"}]},{\"@type\":\"WebSite\",\"@id\":\"https:\\\/\\\/www.yucatanencorto.com\\\/noticias\\\/#website\",\"url\":\"https:\\\/\\\/www.yucatanencorto.com\\\/noticias\\\/\",\"name\":\"Yucat\u00e1n en corto\",\"description\":\"Noticias\",\"potentialAction\":[{\"@type\":\"SearchAction\",\"target\":{\"@type\":\"EntryPoint\",\"urlTemplate\":\"https:\\\/\\\/www.yucatanencorto.com\\\/noticias\\\/?s={search_term_string}\"},\"query-input\":{\"@type\":\"PropertyValueSpecification\",\"valueRequired\":true,\"valueName\":\"search_term_string\"}}],\"inLanguage\":\"es\"},{\"@type\":\"Person\",\"@id\":\"https:\\\/\\\/www.yucatanencorto.com\\\/noticias\\\/#\\\/schema\\\/person\\\/e2fbdfaf30a07014a43940ce989f3119\",\"name\":\"Redes\",\"image\":{\"@type\":\"ImageObject\",\"inLanguage\":\"es\",\"@id\":\"https:\\\/\\\/secure.gravatar.com\\\/avatar\\\/5931a2d21dd7cc834f44c8c34fe56d90ed6d536ef452cbf870c7485b524dddd7?s=96&d=mm&r=g\",\"url\":\"https:\\\/\\\/secure.gravatar.com\\\/avatar\\\/5931a2d21dd7cc834f44c8c34fe56d90ed6d536ef452cbf870c7485b524dddd7?s=96&d=mm&r=g\",\"contentUrl\":\"https:\\\/\\\/secure.gravatar.com\\\/avatar\\\/5931a2d21dd7cc834f44c8c34fe56d90ed6d536ef452cbf870c7485b524dddd7?s=96&d=mm&r=g\",\"caption\":\"Redes\"},\"url\":\"https:\\\/\\\/www.yucatanencorto.com\\\/noticias\\\/author\\\/redes\\\/\"}]}<\/script>\n<!-- \/ Yoast SEO plugin. -->","yoast_head_json":{"title":"Constructores llaman a trabajar en equipo por el ordenamiento urbano que requiere M\u00e9rida - Yucat\u00e1n en corto","robots":{"index":"index","follow":"follow","max-snippet":"max-snippet:-1","max-image-preview":"max-image-preview:large","max-video-preview":"max-video-preview:-1"},"canonical":"https:\/\/www.yucatanencorto.com\/noticias\/constructores-llaman-a-trabajar-en-equipo-por-el-ordenamiento-urbano-que-requiere-merida\/","og_locale":"es_ES","og_type":"article","og_title":"Constructores llaman a trabajar en equipo por el ordenamiento urbano que requiere M\u00e9rida - Yucat\u00e1n en corto","og_description":"Empresarios de 40 empresas constructoras manifestaron a la diputada federal Cecilia Patr\u00f3n Laviada su disposici\u00f3n de trabajar en equipo por el ordenamiento urbano que requiere M\u00e9rida ante el acelerado crecimiento que ha registrado los \u00faltimos a\u00f1os. Los representantes de este importante sector coincidieron en que la obra p\u00fablica y la vivienda tienen fuerte impacto en [&hellip;]","og_url":"https:\/\/www.yucatanencorto.com\/noticias\/constructores-llaman-a-trabajar-en-equipo-por-el-ordenamiento-urbano-que-requiere-merida\/","og_site_name":"Yucat\u00e1n en corto","article_publisher":"http:\/\/www.facebook.com\/yucatanencorto","article_published_time":"2023-07-26T22:45:09+00:00","og_image":[{"width":768,"height":504,"url":"https:\/\/www.yucatanencorto.com\/noticias\/wp-content\/uploads\/2023\/07\/WhatsApp-Image-2023-07-26-at-16.29.29-scaled.jpeg","type":"image\/jpeg"}],"author":"Redes","twitter_card":"summary_large_image","twitter_creator":"@yucatanencorto","twitter_site":"@yucatanencorto","twitter_misc":{"Escrito por":"Redes","Tiempo de lectura":"3 minutos"},"schema":{"@context":"https:\/\/schema.org","@graph":[{"@type":"Article","@id":"https:\/\/www.yucatanencorto.com\/noticias\/constructores-llaman-a-trabajar-en-equipo-por-el-ordenamiento-urbano-que-requiere-merida\/#article","isPartOf":{"@id":"https:\/\/www.yucatanencorto.com\/noticias\/constructores-llaman-a-trabajar-en-equipo-por-el-ordenamiento-urbano-que-requiere-merida\/"},"author":{"name":"Redes","@id":"https:\/\/www.yucatanencorto.com\/noticias\/#\/schema\/person\/e2fbdfaf30a07014a43940ce989f3119"},"headline":"Constructores llaman a trabajar en equipo por el ordenamiento urbano que requiere M\u00e9rida","datePublished":"2023-07-26T22:45:09+00:00","mainEntityOfPage":{"@id":"https:\/\/www.yucatanencorto.com\/noticias\/constructores-llaman-a-trabajar-en-equipo-por-el-ordenamiento-urbano-que-requiere-merida\/"},"wordCount":434,"image":{"@id":"https:\/\/www.yucatanencorto.com\/noticias\/constructores-llaman-a-trabajar-en-equipo-por-el-ordenamiento-urbano-que-requiere-merida\/#primaryimage"},"thumbnailUrl":"https:\/\/www.yucatanencorto.com\/noticias\/wp-content\/uploads\/2023\/07\/WhatsApp-Image-2023-07-26-at-16.29.29-scaled.jpeg","articleSection":["Yucat\u00e1n"],"inLanguage":"es"},{"@type":"WebPage","@id":"https:\/\/www.yucatanencorto.com\/noticias\/constructores-llaman-a-trabajar-en-equipo-por-el-ordenamiento-urbano-que-requiere-merida\/","url":"https:\/\/www.yucatanencorto.com\/noticias\/constructores-llaman-a-trabajar-en-equipo-por-el-ordenamiento-urbano-que-requiere-merida\/","name":"Constructores llaman a trabajar en equipo por el ordenamiento urbano que requiere M\u00e9rida - Yucat\u00e1n en corto","isPartOf":{"@id":"https:\/\/www.yucatanencorto.com\/noticias\/#website"},"primaryImageOfPage":{"@id":"https:\/\/www.yucatanencorto.com\/noticias\/constructores-llaman-a-trabajar-en-equipo-por-el-ordenamiento-urbano-que-requiere-merida\/#primaryimage"},"image":{"@id":"https:\/\/www.yucatanencorto.com\/noticias\/constructores-llaman-a-trabajar-en-equipo-por-el-ordenamiento-urbano-que-requiere-merida\/#primaryimage"},"thumbnailUrl":"https:\/\/www.yucatanencorto.com\/noticias\/wp-content\/uploads\/2023\/07\/WhatsApp-Image-2023-07-26-at-16.29.29-scaled.jpeg","datePublished":"2023-07-26T22:45:09+00:00","author":{"@id":"https:\/\/www.yucatanencorto.com\/noticias\/#\/schema\/person\/e2fbdfaf30a07014a43940ce989f3119"},"breadcrumb":{"@id":"https:\/\/www.yucatanencorto.com\/noticias\/constructores-llaman-a-trabajar-en-equipo-por-el-ordenamiento-urbano-que-requiere-merida\/#breadcrumb"},"inLanguage":"es","potentialAction":[{"@type":"ReadAction","target":["https:\/\/www.yucatanencorto.com\/noticias\/constructores-llaman-a-trabajar-en-equipo-por-el-ordenamiento-urbano-que-requiere-merida\/"]}]},{"@type":"ImageObject","inLanguage":"es","@id":"https:\/\/www.yucatanencorto.com\/noticias\/constructores-llaman-a-trabajar-en-equipo-por-el-ordenamiento-urbano-que-requiere-merida\/#primaryimage","url":"https:\/\/www.yucatanencorto.com\/noticias\/wp-content\/uploads\/2023\/07\/WhatsApp-Image-2023-07-26-at-16.29.29-scaled.jpeg","contentUrl":"https:\/\/www.yucatanencorto.com\/noticias\/wp-content\/uploads\/2023\/07\/WhatsApp-Image-2023-07-26-at-16.29.29-scaled.jpeg","width":768,"height":504},{"@type":"BreadcrumbList","@id":"https:\/\/www.yucatanencorto.com\/noticias\/constructores-llaman-a-trabajar-en-equipo-por-el-ordenamiento-urbano-que-requiere-merida\/#breadcrumb","itemListElement":[{"@type":"ListItem","position":1,"name":"Portada","item":"https:\/\/www.yucatanencorto.com\/noticias\/"},{"@type":"ListItem","position":2,"name":"Constructores llaman a trabajar en equipo por el ordenamiento urbano que requiere M\u00e9rida"}]},{"@type":"WebSite","@id":"https:\/\/www.yucatanencorto.com\/noticias\/#website","url":"https:\/\/www.yucatanencorto.com\/noticias\/","name":"Yucat\u00e1n en corto","description":"Noticias","potentialAction":[{"@type":"SearchAction","target":{"@type":"EntryPoint","urlTemplate":"https:\/\/www.yucatanencorto.com\/noticias\/?s={search_term_string}"},"query-input":{"@type":"PropertyValueSpecification","valueRequired":true,"valueName":"search_term_string"}}],"inLanguage":"es"},{"@type":"Person","@id":"https:\/\/www.yucatanencorto.com\/noticias\/#\/schema\/person\/e2fbdfaf30a07014a43940ce989f3119","name":"Redes","image":{"@type":"ImageObject","inLanguage":"es","@id":"https:\/\/secure.gravatar.com\/avatar\/5931a2d21dd7cc834f44c8c34fe56d90ed6d536ef452cbf870c7485b524dddd7?s=96&d=mm&r=g","url":"https:\/\/secure.gravatar.com\/avatar\/5931a2d21dd7cc834f44c8c34fe56d90ed6d536ef452cbf870c7485b524dddd7?s=96&d=mm&r=g","contentUrl":"https:\/\/secure.gravatar.com\/avatar\/5931a2d21dd7cc834f44c8c34fe56d90ed6d536ef452cbf870c7485b524dddd7?s=96&d=mm&r=g","caption":"Redes"},"url":"https:\/\/www.yucatanencorto.com\/noticias\/author\/redes\/"}]}},"_links":{"self":[{"href":"https:\/\/www.yucatanencorto.com\/noticias\/wp-json\/wp\/v2\/posts\/99286","targetHints":{"allow":["GET"]}}],"collection":[{"href":"https:\/\/www.yucatanencorto.com\/noticias\/wp-json\/wp\/v2\/posts"}],"about":[{"href":"https:\/\/www.yucatanencorto.com\/noticias\/wp-json\/wp\/v2\/types\/post"}],"author":[{"embeddable":true,"href":"https:\/\/www.yucatanencorto.com\/noticias\/wp-json\/wp\/v2\/users\/3"}],"replies":[{"embeddable":true,"href":"https:\/\/www.yucatanencorto.com\/noticias\/wp-json\/wp\/v2\/comments?post=99286"}],"version-history":[{"count":0,"href":"https:\/\/www.yucatanencorto.com\/noticias\/wp-json\/wp\/v2\/posts\/99286\/revisions"}],"wp:featuredmedia":[{"embeddable":true,"href":"https:\/\/www.yucatanencorto.com\/noticias\/wp-json\/wp\/v2\/media\/99287"}],"wp:attachment":[{"href":"https:\/\/www.yucatanencorto.com\/noticias\/wp-json\/wp\/v2\/media?parent=99286"}],"wp:term":[{"taxonomy":"category","embeddable":true,"href":"https:\/\/www.yucatanencorto.com\/noticias\/wp-json\/wp\/v2\/categories?post=99286"},{"taxonomy":"post_tag","embeddable":true,"href":"https:\/\/www.yucatanencorto.com\/noticias\/wp-json\/wp\/v2\/tags?post=99286"}],"curies":[{"name":"wp","href":"https:\/\/api.w.org\/{rel}","templated":true}]}}