{"id":99289,"date":"2023-07-26T18:09:30","date_gmt":"2023-07-27T00:09:30","guid":{"rendered":"https:\/\/www.yucatanencorto.com\/noticias\/?p=99289"},"modified":"2023-07-26T18:09:30","modified_gmt":"2023-07-27T00:09:30","slug":"entregan-apoyos-a-familias-de-buctzotz","status":"publish","type":"post","link":"https:\/\/www.yucatanencorto.com\/noticias\/entregan-apoyos-a-familias-de-buctzotz\/","title":{"rendered":"Entregan apoyos a familias de Buctzotz"},"content":{"rendered":"<p><img loading=\"lazy\" decoding=\"async\" class=\"alignnone size-full wp-image-99290\" src=\"https:\/\/www.yucatanencorto.com\/noticias\/wp-content\/uploads\/2023\/07\/WhatsApp-Image-2023-07-26-at-17.44.17-scaled.jpeg\" alt=\"\" width=\"768\" height=\"569\" srcset=\"https:\/\/www.yucatanencorto.com\/noticias\/wp-content\/uploads\/2023\/07\/WhatsApp-Image-2023-07-26-at-17.44.17-scaled.jpeg 768w, https:\/\/www.yucatanencorto.com\/noticias\/wp-content\/uploads\/2023\/07\/WhatsApp-Image-2023-07-26-at-17.44.17-485x360.jpeg 485w, https:\/\/www.yucatanencorto.com\/noticias\/wp-content\/uploads\/2023\/07\/WhatsApp-Image-2023-07-26-at-17.44.17-696x515.jpeg 696w, https:\/\/www.yucatanencorto.com\/noticias\/wp-content\/uploads\/2023\/07\/WhatsApp-Image-2023-07-26-at-17.44.17-1068x791.jpeg 1068w, https:\/\/www.yucatanencorto.com\/noticias\/wp-content\/uploads\/2023\/07\/WhatsApp-Image-2023-07-26-at-17.44.17-567x420.jpeg 567w, https:\/\/www.yucatanencorto.com\/noticias\/wp-content\/uploads\/2023\/07\/WhatsApp-Image-2023-07-26-at-17.44.17-80x60.jpeg 80w\" sizes=\"auto, (max-width: 768px) 100vw, 768px\" \/><\/p>\n<p>Buctzotz, Yucat\u00e1n, 26 de julio de 2023.- Durante una gira de trabajo por Buctzotz, donde entreg\u00f3 apoyos sociales, culturales y agropecuarios, el Gobernador Mauricio Vila Dosal anunci\u00f3 que, a partir de enero del pr\u00f3ximo a\u00f1o, se tendr\u00e1n a disposici\u00f3n servicios de ultrasonido y ex\u00e1menes de laboratorio en todos los Centros de Salud del estado; y se a\u00f1adir\u00e1n, dentro del cuadro b\u00e1sico de medicamentos que manejan estas unidades, 116 medicinas que no corresponden a este primer nivel de atenci\u00f3n, pero que se ofrecer\u00e1n a los pacientes para evitar que pierdan tiempo y dinero en ir a buscarlos a otros lugares fuera de sus poblaciones de origen.<\/p>\n<p>Ante el alcalde anfitri\u00f3n, V\u00edctor Manuel Campos Baeza, Vila Dosal record\u00f3 que se est\u00e1n remodelando los 140 Centros de Salud de todo el territorio, pero en el caso de Buctzotz, debido a las condiciones en las que se encuentra, se construir\u00e1 uno nuevo a partir del a\u00f1o que viene.<\/p>\n<p>Para garantizar que todas las personas que lo necesiten reciban atenci\u00f3n m\u00e9dica de calidad y oportuna, el Gobernador anunci\u00f3 que, debido a que hay comisar\u00edas y municipios que no cuentan con el servicio de M\u00e9dico 24\/7, todos los Centro de Salud tendr\u00e1n servicio m\u00e9dico las 24 horas.<\/p>\n<p>Por lo que toca al ultrasonido, cabe puntualizar que este ser\u00e1 de forma conjunta con el programa M\u00e9dico 24\/7, adem\u00e1s de que dichos servicios son para personas que no son derechohabientes del Instituto Mexicano del Seguro Social (IMSS) o del Instituto de Seguridad y Servicios Sociales de los Trabajadores del Estado (Issste).<\/p>\n<p>\u00abYo quiero que les atiendan en su pueblo, que les atiendan mejor y que no est\u00e9n gastando dinero y tiempo en ir a M\u00e9rida, para que no gasten dinero en pasajes y en comidas\u00bb, subray\u00f3.<\/p>\n<p>Como parte de su gira de trabajo, el Gobernador tambi\u00e9n entreg\u00f3 un kit especial para equipar el espacio cultural de esta demarcaci\u00f3n, que consisti\u00f3 en un teclado, una bocina y dos micr\u00f3fonos, a fin de que pueda continuar operando ofreciendo cursos y talleres a la poblaci\u00f3n.<\/p>\n<p>Previamente, Vila Dosal puso en funcionamiento el Instituto Municipal de la Mujer y el Centro Regional Violeta de este municipio que ofrecer\u00e1 atenci\u00f3n psicol\u00f3gica y jur\u00eddica a mujeres de la zona.<\/p>\n<p>Adem\u00e1s, distribuy\u00f3 10 cr\u00e9ditos del esquema MicroYuc Social, que represent\u00f3 una inversi\u00f3n de 50 mil pesos, as\u00ed como 20 certificados de Vivienda Social, con el objetivo de reducir la condici\u00f3n de vulnerabilidad de las familias que m\u00e1s lo necesitan en la localidad a trav\u00e9s de la construcci\u00f3n de pisos, ba\u00f1os, cocinas ecol\u00f3gicas y cuartos adicionales.<\/p>\n<p>Ah\u00ed mismo, entreg\u00f3 apoyos del esquema Peso a Peso a 270 productores de este municipio, que consistieron 6,055 productos e insumos que, en conjunto, representaron una inversi\u00f3n de 3.4 millones de pesos.<\/p>\n<p>Tambi\u00e9n, respald\u00f3 a este sector con el programa de Mejoramiento Gen\u00e9tico que este a\u00f1o, a trav\u00e9s de una inversi\u00f3n de 22.9 millones de pesos, estar\u00e1 apoyando a 524 productores pecuarios de todo el estado, contribuyendo as\u00ed a fortalecer la fertilidad y calidad de sus animales para mejorar su producci\u00f3n.<\/p>\n<p>En ese sentido, el titular de la Secretar\u00eda de Desarrollo Rural (Seder), Jorge D\u00edaz Loeza, record\u00f3 que, en d\u00edas pasados, Yucat\u00e1n reafirm\u00f3 su estatus sanitario, lo que permite poder comercializar los animales fuera del estado y tener un mejor precio. En el estado se producen m\u00e1s de 200 mil becerros al a\u00f1o, lo que genera una derrama econ\u00f3mica de m\u00e1s de 400 millones de pesos.<\/p>\n<p>Adelant\u00f3 que este a\u00f1o tambi\u00e9n se realizar\u00e1 una depuraci\u00f3n de 70 mil, de los m\u00e1s de 400 mil animales que hay en el estado, para el control de la tuberculosis, lo cual permitir\u00e1 seguir manteniendo este estatus sanitario. D\u00edaz Loeza record\u00f3 que este a\u00f1o en Buctzotz se entregar\u00e1n a 535 productores m\u00e1s de 600 kilos de fertilizantes gratis.<\/p>\n","protected":false},"excerpt":{"rendered":"<p>Buctzotz, Yucat\u00e1n, 26 de julio de 2023.- Durante una gira de trabajo por Buctzotz, donde entreg\u00f3 apoyos sociales, culturales y agropecuarios, el Gobernador Mauricio Vila Dosal anunci\u00f3 que, a partir de enero del pr\u00f3ximo a\u00f1o, se tendr\u00e1n a disposici\u00f3n servicios de ultrasonido y ex\u00e1menes de laboratorio en todos los Centros de Salud del estado; y [&hellip;]<\/p>\n","protected":false},"author":3,"featured_media":99290,"comment_status":"closed","ping_status":"closed","sticky":false,"template":"","format":"standard","meta":{"footnotes":""},"categories":[3],"tags":[],"class_list":{"0":"post-99289","1":"post","2":"type-post","3":"status-publish","4":"format-standard","5":"has-post-thumbnail","7":"category-yucatan"},"yoast_head":"<!-- This site is optimized with the Yoast SEO plugin v27.4 - https:\/\/yoast.com\/product\/yoast-seo-wordpress\/ -->\n<title>Entregan apoyos a familias de Buctzotz - Yucat\u00e1n en corto<\/title>\n<meta name=\"robots\" content=\"index, follow, max-snippet:-1, max-image-preview:large, max-video-preview:-1\" \/>\n<link rel=\"canonical\" href=\"https:\/\/www.yucatanencorto.com\/noticias\/entregan-apoyos-a-familias-de-buctzotz\/\" \/>\n<meta property=\"og:locale\" content=\"es_ES\" \/>\n<meta property=\"og:type\" content=\"article\" \/>\n<meta property=\"og:title\" content=\"Entregan apoyos a familias de Buctzotz - Yucat\u00e1n en corto\" \/>\n<meta property=\"og:description\" content=\"Buctzotz, Yucat\u00e1n, 26 de julio de 2023.- Durante una gira de trabajo por Buctzotz, donde entreg\u00f3 apoyos sociales, culturales y agropecuarios, el Gobernador Mauricio Vila Dosal anunci\u00f3 que, a partir de enero del pr\u00f3ximo a\u00f1o, se tendr\u00e1n a disposici\u00f3n servicios de ultrasonido y ex\u00e1menes de laboratorio en todos los Centros de Salud del estado; y [&hellip;]\" \/>\n<meta property=\"og:url\" content=\"https:\/\/www.yucatanencorto.com\/noticias\/entregan-apoyos-a-familias-de-buctzotz\/\" \/>\n<meta property=\"og:site_name\" content=\"Yucat\u00e1n en corto\" \/>\n<meta property=\"article:publisher\" content=\"http:\/\/www.facebook.com\/yucatanencorto\" \/>\n<meta property=\"article:published_time\" content=\"2023-07-27T00:09:30+00:00\" \/>\n<meta property=\"og:image\" content=\"https:\/\/www.yucatanencorto.com\/noticias\/wp-content\/uploads\/2023\/07\/WhatsApp-Image-2023-07-26-at-17.44.17-scaled.jpeg\" \/>\n\t<meta property=\"og:image:width\" content=\"768\" \/>\n\t<meta property=\"og:image:height\" content=\"569\" \/>\n\t<meta property=\"og:image:type\" content=\"image\/jpeg\" \/>\n<meta name=\"author\" content=\"Redes\" \/>\n<meta name=\"twitter:card\" content=\"summary_large_image\" \/>\n<meta name=\"twitter:creator\" content=\"@yucatanencorto\" \/>\n<meta name=\"twitter:site\" content=\"@yucatanencorto\" \/>\n<meta name=\"twitter:label1\" content=\"Escrito por\" \/>\n\t<meta name=\"twitter:data1\" content=\"Redes\" \/>\n\t<meta name=\"twitter:label2\" content=\"Tiempo de lectura\" \/>\n\t<meta name=\"twitter:data2\" content=\"4 minutos\" \/>\n<script type=\"application\/ld+json\" class=\"yoast-schema-graph\">{\"@context\":\"https:\\\/\\\/schema.org\",\"@graph\":[{\"@type\":\"Article\",\"@id\":\"https:\\\/\\\/www.yucatanencorto.com\\\/noticias\\\/entregan-apoyos-a-familias-de-buctzotz\\\/#article\",\"isPartOf\":{\"@id\":\"https:\\\/\\\/www.yucatanencorto.com\\\/noticias\\\/entregan-apoyos-a-familias-de-buctzotz\\\/\"},\"author\":{\"name\":\"Redes\",\"@id\":\"https:\\\/\\\/www.yucatanencorto.com\\\/noticias\\\/#\\\/schema\\\/person\\\/e2fbdfaf30a07014a43940ce989f3119\"},\"headline\":\"Entregan apoyos a familias de Buctzotz\",\"datePublished\":\"2023-07-27T00:09:30+00:00\",\"mainEntityOfPage\":{\"@id\":\"https:\\\/\\\/www.yucatanencorto.com\\\/noticias\\\/entregan-apoyos-a-familias-de-buctzotz\\\/\"},\"wordCount\":674,\"image\":{\"@id\":\"https:\\\/\\\/www.yucatanencorto.com\\\/noticias\\\/entregan-apoyos-a-familias-de-buctzotz\\\/#primaryimage\"},\"thumbnailUrl\":\"https:\\\/\\\/www.yucatanencorto.com\\\/noticias\\\/wp-content\\\/uploads\\\/2023\\\/07\\\/WhatsApp-Image-2023-07-26-at-17.44.17-scaled.jpeg\",\"articleSection\":[\"Yucat\u00e1n\"],\"inLanguage\":\"es\"},{\"@type\":\"WebPage\",\"@id\":\"https:\\\/\\\/www.yucatanencorto.com\\\/noticias\\\/entregan-apoyos-a-familias-de-buctzotz\\\/\",\"url\":\"https:\\\/\\\/www.yucatanencorto.com\\\/noticias\\\/entregan-apoyos-a-familias-de-buctzotz\\\/\",\"name\":\"Entregan apoyos a familias de Buctzotz - Yucat\u00e1n en corto\",\"isPartOf\":{\"@id\":\"https:\\\/\\\/www.yucatanencorto.com\\\/noticias\\\/#website\"},\"primaryImageOfPage\":{\"@id\":\"https:\\\/\\\/www.yucatanencorto.com\\\/noticias\\\/entregan-apoyos-a-familias-de-buctzotz\\\/#primaryimage\"},\"image\":{\"@id\":\"https:\\\/\\\/www.yucatanencorto.com\\\/noticias\\\/entregan-apoyos-a-familias-de-buctzotz\\\/#primaryimage\"},\"thumbnailUrl\":\"https:\\\/\\\/www.yucatanencorto.com\\\/noticias\\\/wp-content\\\/uploads\\\/2023\\\/07\\\/WhatsApp-Image-2023-07-26-at-17.44.17-scaled.jpeg\",\"datePublished\":\"2023-07-27T00:09:30+00:00\",\"author\":{\"@id\":\"https:\\\/\\\/www.yucatanencorto.com\\\/noticias\\\/#\\\/schema\\\/person\\\/e2fbdfaf30a07014a43940ce989f3119\"},\"breadcrumb\":{\"@id\":\"https:\\\/\\\/www.yucatanencorto.com\\\/noticias\\\/entregan-apoyos-a-familias-de-buctzotz\\\/#breadcrumb\"},\"inLanguage\":\"es\",\"potentialAction\":[{\"@type\":\"ReadAction\",\"target\":[\"https:\\\/\\\/www.yucatanencorto.com\\\/noticias\\\/entregan-apoyos-a-familias-de-buctzotz\\\/\"]}]},{\"@type\":\"ImageObject\",\"inLanguage\":\"es\",\"@id\":\"https:\\\/\\\/www.yucatanencorto.com\\\/noticias\\\/entregan-apoyos-a-familias-de-buctzotz\\\/#primaryimage\",\"url\":\"https:\\\/\\\/www.yucatanencorto.com\\\/noticias\\\/wp-content\\\/uploads\\\/2023\\\/07\\\/WhatsApp-Image-2023-07-26-at-17.44.17-scaled.jpeg\",\"contentUrl\":\"https:\\\/\\\/www.yucatanencorto.com\\\/noticias\\\/wp-content\\\/uploads\\\/2023\\\/07\\\/WhatsApp-Image-2023-07-26-at-17.44.17-scaled.jpeg\",\"width\":768,\"height\":569},{\"@type\":\"BreadcrumbList\",\"@id\":\"https:\\\/\\\/www.yucatanencorto.com\\\/noticias\\\/entregan-apoyos-a-familias-de-buctzotz\\\/#breadcrumb\",\"itemListElement\":[{\"@type\":\"ListItem\",\"position\":1,\"name\":\"Portada\",\"item\":\"https:\\\/\\\/www.yucatanencorto.com\\\/noticias\\\/\"},{\"@type\":\"ListItem\",\"position\":2,\"name\":\"Entregan apoyos a familias de Buctzotz\"}]},{\"@type\":\"WebSite\",\"@id\":\"https:\\\/\\\/www.yucatanencorto.com\\\/noticias\\\/#website\",\"url\":\"https:\\\/\\\/www.yucatanencorto.com\\\/noticias\\\/\",\"name\":\"Yucat\u00e1n en corto\",\"description\":\"Noticias\",\"potentialAction\":[{\"@type\":\"SearchAction\",\"target\":{\"@type\":\"EntryPoint\",\"urlTemplate\":\"https:\\\/\\\/www.yucatanencorto.com\\\/noticias\\\/?s={search_term_string}\"},\"query-input\":{\"@type\":\"PropertyValueSpecification\",\"valueRequired\":true,\"valueName\":\"search_term_string\"}}],\"inLanguage\":\"es\"},{\"@type\":\"Person\",\"@id\":\"https:\\\/\\\/www.yucatanencorto.com\\\/noticias\\\/#\\\/schema\\\/person\\\/e2fbdfaf30a07014a43940ce989f3119\",\"name\":\"Redes\",\"image\":{\"@type\":\"ImageObject\",\"inLanguage\":\"es\",\"@id\":\"https:\\\/\\\/secure.gravatar.com\\\/avatar\\\/5931a2d21dd7cc834f44c8c34fe56d90ed6d536ef452cbf870c7485b524dddd7?s=96&d=mm&r=g\",\"url\":\"https:\\\/\\\/secure.gravatar.com\\\/avatar\\\/5931a2d21dd7cc834f44c8c34fe56d90ed6d536ef452cbf870c7485b524dddd7?s=96&d=mm&r=g\",\"contentUrl\":\"https:\\\/\\\/secure.gravatar.com\\\/avatar\\\/5931a2d21dd7cc834f44c8c34fe56d90ed6d536ef452cbf870c7485b524dddd7?s=96&d=mm&r=g\",\"caption\":\"Redes\"},\"url\":\"https:\\\/\\\/www.yucatanencorto.com\\\/noticias\\\/author\\\/redes\\\/\"}]}<\/script>\n<!-- \/ Yoast SEO plugin. -->","yoast_head_json":{"title":"Entregan apoyos a familias de Buctzotz - Yucat\u00e1n en corto","robots":{"index":"index","follow":"follow","max-snippet":"max-snippet:-1","max-image-preview":"max-image-preview:large","max-video-preview":"max-video-preview:-1"},"canonical":"https:\/\/www.yucatanencorto.com\/noticias\/entregan-apoyos-a-familias-de-buctzotz\/","og_locale":"es_ES","og_type":"article","og_title":"Entregan apoyos a familias de Buctzotz - Yucat\u00e1n en corto","og_description":"Buctzotz, Yucat\u00e1n, 26 de julio de 2023.- Durante una gira de trabajo por Buctzotz, donde entreg\u00f3 apoyos sociales, culturales y agropecuarios, el Gobernador Mauricio Vila Dosal anunci\u00f3 que, a partir de enero del pr\u00f3ximo a\u00f1o, se tendr\u00e1n a disposici\u00f3n servicios de ultrasonido y ex\u00e1menes de laboratorio en todos los Centros de Salud del estado; y [&hellip;]","og_url":"https:\/\/www.yucatanencorto.com\/noticias\/entregan-apoyos-a-familias-de-buctzotz\/","og_site_name":"Yucat\u00e1n en corto","article_publisher":"http:\/\/www.facebook.com\/yucatanencorto","article_published_time":"2023-07-27T00:09:30+00:00","og_image":[{"width":768,"height":569,"url":"https:\/\/www.yucatanencorto.com\/noticias\/wp-content\/uploads\/2023\/07\/WhatsApp-Image-2023-07-26-at-17.44.17-scaled.jpeg","type":"image\/jpeg"}],"author":"Redes","twitter_card":"summary_large_image","twitter_creator":"@yucatanencorto","twitter_site":"@yucatanencorto","twitter_misc":{"Escrito por":"Redes","Tiempo de lectura":"4 minutos"},"schema":{"@context":"https:\/\/schema.org","@graph":[{"@type":"Article","@id":"https:\/\/www.yucatanencorto.com\/noticias\/entregan-apoyos-a-familias-de-buctzotz\/#article","isPartOf":{"@id":"https:\/\/www.yucatanencorto.com\/noticias\/entregan-apoyos-a-familias-de-buctzotz\/"},"author":{"name":"Redes","@id":"https:\/\/www.yucatanencorto.com\/noticias\/#\/schema\/person\/e2fbdfaf30a07014a43940ce989f3119"},"headline":"Entregan apoyos a familias de Buctzotz","datePublished":"2023-07-27T00:09:30+00:00","mainEntityOfPage":{"@id":"https:\/\/www.yucatanencorto.com\/noticias\/entregan-apoyos-a-familias-de-buctzotz\/"},"wordCount":674,"image":{"@id":"https:\/\/www.yucatanencorto.com\/noticias\/entregan-apoyos-a-familias-de-buctzotz\/#primaryimage"},"thumbnailUrl":"https:\/\/www.yucatanencorto.com\/noticias\/wp-content\/uploads\/2023\/07\/WhatsApp-Image-2023-07-26-at-17.44.17-scaled.jpeg","articleSection":["Yucat\u00e1n"],"inLanguage":"es"},{"@type":"WebPage","@id":"https:\/\/www.yucatanencorto.com\/noticias\/entregan-apoyos-a-familias-de-buctzotz\/","url":"https:\/\/www.yucatanencorto.com\/noticias\/entregan-apoyos-a-familias-de-buctzotz\/","name":"Entregan apoyos a familias de Buctzotz - Yucat\u00e1n en corto","isPartOf":{"@id":"https:\/\/www.yucatanencorto.com\/noticias\/#website"},"primaryImageOfPage":{"@id":"https:\/\/www.yucatanencorto.com\/noticias\/entregan-apoyos-a-familias-de-buctzotz\/#primaryimage"},"image":{"@id":"https:\/\/www.yucatanencorto.com\/noticias\/entregan-apoyos-a-familias-de-buctzotz\/#primaryimage"},"thumbnailUrl":"https:\/\/www.yucatanencorto.com\/noticias\/wp-content\/uploads\/2023\/07\/WhatsApp-Image-2023-07-26-at-17.44.17-scaled.jpeg","datePublished":"2023-07-27T00:09:30+00:00","author":{"@id":"https:\/\/www.yucatanencorto.com\/noticias\/#\/schema\/person\/e2fbdfaf30a07014a43940ce989f3119"},"breadcrumb":{"@id":"https:\/\/www.yucatanencorto.com\/noticias\/entregan-apoyos-a-familias-de-buctzotz\/#breadcrumb"},"inLanguage":"es","potentialAction":[{"@type":"ReadAction","target":["https:\/\/www.yucatanencorto.com\/noticias\/entregan-apoyos-a-familias-de-buctzotz\/"]}]},{"@type":"ImageObject","inLanguage":"es","@id":"https:\/\/www.yucatanencorto.com\/noticias\/entregan-apoyos-a-familias-de-buctzotz\/#primaryimage","url":"https:\/\/www.yucatanencorto.com\/noticias\/wp-content\/uploads\/2023\/07\/WhatsApp-Image-2023-07-26-at-17.44.17-scaled.jpeg","contentUrl":"https:\/\/www.yucatanencorto.com\/noticias\/wp-content\/uploads\/2023\/07\/WhatsApp-Image-2023-07-26-at-17.44.17-scaled.jpeg","width":768,"height":569},{"@type":"BreadcrumbList","@id":"https:\/\/www.yucatanencorto.com\/noticias\/entregan-apoyos-a-familias-de-buctzotz\/#breadcrumb","itemListElement":[{"@type":"ListItem","position":1,"name":"Portada","item":"https:\/\/www.yucatanencorto.com\/noticias\/"},{"@type":"ListItem","position":2,"name":"Entregan apoyos a familias de Buctzotz"}]},{"@type":"WebSite","@id":"https:\/\/www.yucatanencorto.com\/noticias\/#website","url":"https:\/\/www.yucatanencorto.com\/noticias\/","name":"Yucat\u00e1n en corto","description":"Noticias","potentialAction":[{"@type":"SearchAction","target":{"@type":"EntryPoint","urlTemplate":"https:\/\/www.yucatanencorto.com\/noticias\/?s={search_term_string}"},"query-input":{"@type":"PropertyValueSpecification","valueRequired":true,"valueName":"search_term_string"}}],"inLanguage":"es"},{"@type":"Person","@id":"https:\/\/www.yucatanencorto.com\/noticias\/#\/schema\/person\/e2fbdfaf30a07014a43940ce989f3119","name":"Redes","image":{"@type":"ImageObject","inLanguage":"es","@id":"https:\/\/secure.gravatar.com\/avatar\/5931a2d21dd7cc834f44c8c34fe56d90ed6d536ef452cbf870c7485b524dddd7?s=96&d=mm&r=g","url":"https:\/\/secure.gravatar.com\/avatar\/5931a2d21dd7cc834f44c8c34fe56d90ed6d536ef452cbf870c7485b524dddd7?s=96&d=mm&r=g","contentUrl":"https:\/\/secure.gravatar.com\/avatar\/5931a2d21dd7cc834f44c8c34fe56d90ed6d536ef452cbf870c7485b524dddd7?s=96&d=mm&r=g","caption":"Redes"},"url":"https:\/\/www.yucatanencorto.com\/noticias\/author\/redes\/"}]}},"_links":{"self":[{"href":"https:\/\/www.yucatanencorto.com\/noticias\/wp-json\/wp\/v2\/posts\/99289","targetHints":{"allow":["GET"]}}],"collection":[{"href":"https:\/\/www.yucatanencorto.com\/noticias\/wp-json\/wp\/v2\/posts"}],"about":[{"href":"https:\/\/www.yucatanencorto.com\/noticias\/wp-json\/wp\/v2\/types\/post"}],"author":[{"embeddable":true,"href":"https:\/\/www.yucatanencorto.com\/noticias\/wp-json\/wp\/v2\/users\/3"}],"replies":[{"embeddable":true,"href":"https:\/\/www.yucatanencorto.com\/noticias\/wp-json\/wp\/v2\/comments?post=99289"}],"version-history":[{"count":0,"href":"https:\/\/www.yucatanencorto.com\/noticias\/wp-json\/wp\/v2\/posts\/99289\/revisions"}],"wp:featuredmedia":[{"embeddable":true,"href":"https:\/\/www.yucatanencorto.com\/noticias\/wp-json\/wp\/v2\/media\/99290"}],"wp:attachment":[{"href":"https:\/\/www.yucatanencorto.com\/noticias\/wp-json\/wp\/v2\/media?parent=99289"}],"wp:term":[{"taxonomy":"category","embeddable":true,"href":"https:\/\/www.yucatanencorto.com\/noticias\/wp-json\/wp\/v2\/categories?post=99289"},{"taxonomy":"post_tag","embeddable":true,"href":"https:\/\/www.yucatanencorto.com\/noticias\/wp-json\/wp\/v2\/tags?post=99289"}],"curies":[{"name":"wp","href":"https:\/\/api.w.org\/{rel}","templated":true}]}}