{"id":99295,"date":"2023-07-26T19:36:40","date_gmt":"2023-07-27T01:36:40","guid":{"rendered":"https:\/\/www.yucatanencorto.com\/noticias\/?p=99295"},"modified":"2023-07-26T19:36:40","modified_gmt":"2023-07-27T01:36:40","slug":"rommel-visito-akil-muna-tekax-oxkutzcab-y-ticul","status":"publish","type":"post","link":"https:\/\/www.yucatanencorto.com\/noticias\/rommel-visito-akil-muna-tekax-oxkutzcab-y-ticul\/","title":{"rendered":"Rommel visit\u00f3 Akil, Muna, Tekax, Oxkutzcab y Ticul"},"content":{"rendered":"<p><img loading=\"lazy\" decoding=\"async\" class=\"alignnone size-full wp-image-99296\" src=\"https:\/\/www.yucatanencorto.com\/noticias\/wp-content\/uploads\/2023\/07\/WhatsApp-Image-2023-07-26-at-16.52.14.jpeg\" alt=\"\" width=\"720\" height=\"386\" srcset=\"https:\/\/www.yucatanencorto.com\/noticias\/wp-content\/uploads\/2023\/07\/WhatsApp-Image-2023-07-26-at-16.52.14.jpeg 720w, https:\/\/www.yucatanencorto.com\/noticias\/wp-content\/uploads\/2023\/07\/WhatsApp-Image-2023-07-26-at-16.52.14-696x373.jpeg 696w\" sizes=\"auto, (max-width: 720px) 100vw, 720px\" \/><\/p>\n<p>M\u00e9rida, Yucat\u00e1n, a 26 de Julio de 2023 (Bolet\u00edn).- Rommel Pacheco contin\u00faa llevando La Ruta de la Victoria a distintos municipios del Estado. En los \u00faltimos d\u00edas el Diputado Federal por Yucat\u00e1n estuvo recorriendo el sur de la Entidad.<\/p>\n<p>Rommel visit\u00f3 Akil, Muna, Tekax, Oxkutzcab y Ticul. En este \u00faltimo, junto a su esposa Lylo, recorrieron la Expo Feria Ticul 2023 acompa\u00f1ados por el alcalde Rafael Montalvo, con quien platic\u00f3 sobre las principales necesidades en su Municipio y le reiter\u00f3 su apoyo desde la C\u00e1mara de Diputados.<\/p>\n<p>Este fin de semana Rommel y su equipo realizaron el Yucatl\u00f3n en el Parque Lineal de los Paseos en Juan Pablo II, en donde se mezclaron actividades de deporte, cultura y tradiciones yucatecas como la kimbomba, la activaci\u00f3n f\u00edsica y la recreaci\u00f3n como m\u00e9todo de prevenci\u00f3n contra las adicciones.<\/p>\n<p>El s\u00e1bado el Empresario y ex Atleta Ol\u00edmpico, junto con m\u00e1s de 20 asociaciones civiles de Yucat\u00e1n presentaron ante medios de comunicaci\u00f3n el \u201cMoloch Altruista\u201d, bazar para recaudar fondos para sus respectivas causas, que se llevar\u00e1 a efecto el pr\u00f3ximo 6 de Agosto en el Gran Museo del Mundo Maya, de las 9:00 a las 17:00 horas.<\/p>\n<p>Como se inform\u00f3 hace unos d\u00edas, Rommel contin\u00faa durante varios meses consecutivos entre las figuras de su Partido mejor posicionadas a nivel nacional de acuerdo con los resultados de este mes de la plataforma M\u00e9xico Elige, gracias a su productividad como legislador y su contacto directo con los ciudadanos. Igualmente se mantiene entre los mejores posicionados a los principales cargos de elecci\u00f3n en Yucat\u00e1n.<\/p>\n","protected":false},"excerpt":{"rendered":"<p>M\u00e9rida, Yucat\u00e1n, a 26 de Julio de 2023 (Bolet\u00edn).- Rommel Pacheco contin\u00faa llevando La Ruta de la Victoria a distintos municipios del Estado. En los \u00faltimos d\u00edas el Diputado Federal por Yucat\u00e1n estuvo recorriendo el sur de la Entidad. Rommel visit\u00f3 Akil, Muna, Tekax, Oxkutzcab y Ticul. En este \u00faltimo, junto a su esposa Lylo, [&hellip;]<\/p>\n","protected":false},"author":3,"featured_media":99296,"comment_status":"closed","ping_status":"closed","sticky":false,"template":"","format":"standard","meta":{"footnotes":""},"categories":[2],"tags":[],"class_list":{"0":"post-99295","1":"post","2":"type-post","3":"status-publish","4":"format-standard","5":"has-post-thumbnail","7":"category-merida"},"yoast_head":"<!-- This site is optimized with the Yoast SEO plugin v27.4 - https:\/\/yoast.com\/product\/yoast-seo-wordpress\/ -->\n<title>Rommel visit\u00f3 Akil, Muna, Tekax, Oxkutzcab y Ticul - Yucat\u00e1n en corto<\/title>\n<meta name=\"robots\" content=\"index, follow, max-snippet:-1, max-image-preview:large, max-video-preview:-1\" \/>\n<link rel=\"canonical\" href=\"https:\/\/www.yucatanencorto.com\/noticias\/rommel-visito-akil-muna-tekax-oxkutzcab-y-ticul\/\" \/>\n<meta property=\"og:locale\" content=\"es_ES\" \/>\n<meta property=\"og:type\" content=\"article\" \/>\n<meta property=\"og:title\" content=\"Rommel visit\u00f3 Akil, Muna, Tekax, Oxkutzcab y Ticul - Yucat\u00e1n en corto\" \/>\n<meta property=\"og:description\" content=\"M\u00e9rida, Yucat\u00e1n, a 26 de Julio de 2023 (Bolet\u00edn).- Rommel Pacheco contin\u00faa llevando La Ruta de la Victoria a distintos municipios del Estado. En los \u00faltimos d\u00edas el Diputado Federal por Yucat\u00e1n estuvo recorriendo el sur de la Entidad. Rommel visit\u00f3 Akil, Muna, Tekax, Oxkutzcab y Ticul. En este \u00faltimo, junto a su esposa Lylo, [&hellip;]\" \/>\n<meta property=\"og:url\" content=\"https:\/\/www.yucatanencorto.com\/noticias\/rommel-visito-akil-muna-tekax-oxkutzcab-y-ticul\/\" \/>\n<meta property=\"og:site_name\" content=\"Yucat\u00e1n en corto\" \/>\n<meta property=\"article:publisher\" content=\"http:\/\/www.facebook.com\/yucatanencorto\" \/>\n<meta property=\"article:published_time\" content=\"2023-07-27T01:36:40+00:00\" \/>\n<meta property=\"og:image\" content=\"https:\/\/www.yucatanencorto.com\/noticias\/wp-content\/uploads\/2023\/07\/WhatsApp-Image-2023-07-26-at-16.52.14.jpeg\" \/>\n\t<meta property=\"og:image:width\" content=\"720\" \/>\n\t<meta property=\"og:image:height\" content=\"386\" \/>\n\t<meta property=\"og:image:type\" content=\"image\/jpeg\" \/>\n<meta name=\"author\" content=\"Redes\" \/>\n<meta name=\"twitter:card\" content=\"summary_large_image\" \/>\n<meta name=\"twitter:creator\" content=\"@yucatanencorto\" \/>\n<meta name=\"twitter:site\" content=\"@yucatanencorto\" \/>\n<meta name=\"twitter:label1\" content=\"Escrito por\" \/>\n\t<meta name=\"twitter:data1\" content=\"Redes\" \/>\n\t<meta name=\"twitter:label2\" content=\"Tiempo de lectura\" \/>\n\t<meta name=\"twitter:data2\" content=\"2 minutos\" \/>\n<script type=\"application\/ld+json\" class=\"yoast-schema-graph\">{\"@context\":\"https:\\\/\\\/schema.org\",\"@graph\":[{\"@type\":\"Article\",\"@id\":\"https:\\\/\\\/www.yucatanencorto.com\\\/noticias\\\/rommel-visito-akil-muna-tekax-oxkutzcab-y-ticul\\\/#article\",\"isPartOf\":{\"@id\":\"https:\\\/\\\/www.yucatanencorto.com\\\/noticias\\\/rommel-visito-akil-muna-tekax-oxkutzcab-y-ticul\\\/\"},\"author\":{\"name\":\"Redes\",\"@id\":\"https:\\\/\\\/www.yucatanencorto.com\\\/noticias\\\/#\\\/schema\\\/person\\\/e2fbdfaf30a07014a43940ce989f3119\"},\"headline\":\"Rommel visit\u00f3 Akil, Muna, Tekax, Oxkutzcab y Ticul\",\"datePublished\":\"2023-07-27T01:36:40+00:00\",\"mainEntityOfPage\":{\"@id\":\"https:\\\/\\\/www.yucatanencorto.com\\\/noticias\\\/rommel-visito-akil-muna-tekax-oxkutzcab-y-ticul\\\/\"},\"wordCount\":284,\"image\":{\"@id\":\"https:\\\/\\\/www.yucatanencorto.com\\\/noticias\\\/rommel-visito-akil-muna-tekax-oxkutzcab-y-ticul\\\/#primaryimage\"},\"thumbnailUrl\":\"https:\\\/\\\/www.yucatanencorto.com\\\/noticias\\\/wp-content\\\/uploads\\\/2023\\\/07\\\/WhatsApp-Image-2023-07-26-at-16.52.14.jpeg\",\"articleSection\":[\"M\u00e9rida\"],\"inLanguage\":\"es\"},{\"@type\":\"WebPage\",\"@id\":\"https:\\\/\\\/www.yucatanencorto.com\\\/noticias\\\/rommel-visito-akil-muna-tekax-oxkutzcab-y-ticul\\\/\",\"url\":\"https:\\\/\\\/www.yucatanencorto.com\\\/noticias\\\/rommel-visito-akil-muna-tekax-oxkutzcab-y-ticul\\\/\",\"name\":\"Rommel visit\u00f3 Akil, Muna, Tekax, Oxkutzcab y Ticul - Yucat\u00e1n en corto\",\"isPartOf\":{\"@id\":\"https:\\\/\\\/www.yucatanencorto.com\\\/noticias\\\/#website\"},\"primaryImageOfPage\":{\"@id\":\"https:\\\/\\\/www.yucatanencorto.com\\\/noticias\\\/rommel-visito-akil-muna-tekax-oxkutzcab-y-ticul\\\/#primaryimage\"},\"image\":{\"@id\":\"https:\\\/\\\/www.yucatanencorto.com\\\/noticias\\\/rommel-visito-akil-muna-tekax-oxkutzcab-y-ticul\\\/#primaryimage\"},\"thumbnailUrl\":\"https:\\\/\\\/www.yucatanencorto.com\\\/noticias\\\/wp-content\\\/uploads\\\/2023\\\/07\\\/WhatsApp-Image-2023-07-26-at-16.52.14.jpeg\",\"datePublished\":\"2023-07-27T01:36:40+00:00\",\"author\":{\"@id\":\"https:\\\/\\\/www.yucatanencorto.com\\\/noticias\\\/#\\\/schema\\\/person\\\/e2fbdfaf30a07014a43940ce989f3119\"},\"breadcrumb\":{\"@id\":\"https:\\\/\\\/www.yucatanencorto.com\\\/noticias\\\/rommel-visito-akil-muna-tekax-oxkutzcab-y-ticul\\\/#breadcrumb\"},\"inLanguage\":\"es\",\"potentialAction\":[{\"@type\":\"ReadAction\",\"target\":[\"https:\\\/\\\/www.yucatanencorto.com\\\/noticias\\\/rommel-visito-akil-muna-tekax-oxkutzcab-y-ticul\\\/\"]}]},{\"@type\":\"ImageObject\",\"inLanguage\":\"es\",\"@id\":\"https:\\\/\\\/www.yucatanencorto.com\\\/noticias\\\/rommel-visito-akil-muna-tekax-oxkutzcab-y-ticul\\\/#primaryimage\",\"url\":\"https:\\\/\\\/www.yucatanencorto.com\\\/noticias\\\/wp-content\\\/uploads\\\/2023\\\/07\\\/WhatsApp-Image-2023-07-26-at-16.52.14.jpeg\",\"contentUrl\":\"https:\\\/\\\/www.yucatanencorto.com\\\/noticias\\\/wp-content\\\/uploads\\\/2023\\\/07\\\/WhatsApp-Image-2023-07-26-at-16.52.14.jpeg\",\"width\":720,\"height\":386},{\"@type\":\"BreadcrumbList\",\"@id\":\"https:\\\/\\\/www.yucatanencorto.com\\\/noticias\\\/rommel-visito-akil-muna-tekax-oxkutzcab-y-ticul\\\/#breadcrumb\",\"itemListElement\":[{\"@type\":\"ListItem\",\"position\":1,\"name\":\"Portada\",\"item\":\"https:\\\/\\\/www.yucatanencorto.com\\\/noticias\\\/\"},{\"@type\":\"ListItem\",\"position\":2,\"name\":\"Rommel visit\u00f3 Akil, Muna, Tekax, Oxkutzcab y Ticul\"}]},{\"@type\":\"WebSite\",\"@id\":\"https:\\\/\\\/www.yucatanencorto.com\\\/noticias\\\/#website\",\"url\":\"https:\\\/\\\/www.yucatanencorto.com\\\/noticias\\\/\",\"name\":\"Yucat\u00e1n en corto\",\"description\":\"Noticias\",\"potentialAction\":[{\"@type\":\"SearchAction\",\"target\":{\"@type\":\"EntryPoint\",\"urlTemplate\":\"https:\\\/\\\/www.yucatanencorto.com\\\/noticias\\\/?s={search_term_string}\"},\"query-input\":{\"@type\":\"PropertyValueSpecification\",\"valueRequired\":true,\"valueName\":\"search_term_string\"}}],\"inLanguage\":\"es\"},{\"@type\":\"Person\",\"@id\":\"https:\\\/\\\/www.yucatanencorto.com\\\/noticias\\\/#\\\/schema\\\/person\\\/e2fbdfaf30a07014a43940ce989f3119\",\"name\":\"Redes\",\"image\":{\"@type\":\"ImageObject\",\"inLanguage\":\"es\",\"@id\":\"https:\\\/\\\/secure.gravatar.com\\\/avatar\\\/5931a2d21dd7cc834f44c8c34fe56d90ed6d536ef452cbf870c7485b524dddd7?s=96&d=mm&r=g\",\"url\":\"https:\\\/\\\/secure.gravatar.com\\\/avatar\\\/5931a2d21dd7cc834f44c8c34fe56d90ed6d536ef452cbf870c7485b524dddd7?s=96&d=mm&r=g\",\"contentUrl\":\"https:\\\/\\\/secure.gravatar.com\\\/avatar\\\/5931a2d21dd7cc834f44c8c34fe56d90ed6d536ef452cbf870c7485b524dddd7?s=96&d=mm&r=g\",\"caption\":\"Redes\"},\"url\":\"https:\\\/\\\/www.yucatanencorto.com\\\/noticias\\\/author\\\/redes\\\/\"}]}<\/script>\n<!-- \/ Yoast SEO plugin. -->","yoast_head_json":{"title":"Rommel visit\u00f3 Akil, Muna, Tekax, Oxkutzcab y Ticul - Yucat\u00e1n en corto","robots":{"index":"index","follow":"follow","max-snippet":"max-snippet:-1","max-image-preview":"max-image-preview:large","max-video-preview":"max-video-preview:-1"},"canonical":"https:\/\/www.yucatanencorto.com\/noticias\/rommel-visito-akil-muna-tekax-oxkutzcab-y-ticul\/","og_locale":"es_ES","og_type":"article","og_title":"Rommel visit\u00f3 Akil, Muna, Tekax, Oxkutzcab y Ticul - Yucat\u00e1n en corto","og_description":"M\u00e9rida, Yucat\u00e1n, a 26 de Julio de 2023 (Bolet\u00edn).- Rommel Pacheco contin\u00faa llevando La Ruta de la Victoria a distintos municipios del Estado. En los \u00faltimos d\u00edas el Diputado Federal por Yucat\u00e1n estuvo recorriendo el sur de la Entidad. Rommel visit\u00f3 Akil, Muna, Tekax, Oxkutzcab y Ticul. En este \u00faltimo, junto a su esposa Lylo, [&hellip;]","og_url":"https:\/\/www.yucatanencorto.com\/noticias\/rommel-visito-akil-muna-tekax-oxkutzcab-y-ticul\/","og_site_name":"Yucat\u00e1n en corto","article_publisher":"http:\/\/www.facebook.com\/yucatanencorto","article_published_time":"2023-07-27T01:36:40+00:00","og_image":[{"width":720,"height":386,"url":"https:\/\/www.yucatanencorto.com\/noticias\/wp-content\/uploads\/2023\/07\/WhatsApp-Image-2023-07-26-at-16.52.14.jpeg","type":"image\/jpeg"}],"author":"Redes","twitter_card":"summary_large_image","twitter_creator":"@yucatanencorto","twitter_site":"@yucatanencorto","twitter_misc":{"Escrito por":"Redes","Tiempo de lectura":"2 minutos"},"schema":{"@context":"https:\/\/schema.org","@graph":[{"@type":"Article","@id":"https:\/\/www.yucatanencorto.com\/noticias\/rommel-visito-akil-muna-tekax-oxkutzcab-y-ticul\/#article","isPartOf":{"@id":"https:\/\/www.yucatanencorto.com\/noticias\/rommel-visito-akil-muna-tekax-oxkutzcab-y-ticul\/"},"author":{"name":"Redes","@id":"https:\/\/www.yucatanencorto.com\/noticias\/#\/schema\/person\/e2fbdfaf30a07014a43940ce989f3119"},"headline":"Rommel visit\u00f3 Akil, Muna, Tekax, Oxkutzcab y Ticul","datePublished":"2023-07-27T01:36:40+00:00","mainEntityOfPage":{"@id":"https:\/\/www.yucatanencorto.com\/noticias\/rommel-visito-akil-muna-tekax-oxkutzcab-y-ticul\/"},"wordCount":284,"image":{"@id":"https:\/\/www.yucatanencorto.com\/noticias\/rommel-visito-akil-muna-tekax-oxkutzcab-y-ticul\/#primaryimage"},"thumbnailUrl":"https:\/\/www.yucatanencorto.com\/noticias\/wp-content\/uploads\/2023\/07\/WhatsApp-Image-2023-07-26-at-16.52.14.jpeg","articleSection":["M\u00e9rida"],"inLanguage":"es"},{"@type":"WebPage","@id":"https:\/\/www.yucatanencorto.com\/noticias\/rommel-visito-akil-muna-tekax-oxkutzcab-y-ticul\/","url":"https:\/\/www.yucatanencorto.com\/noticias\/rommel-visito-akil-muna-tekax-oxkutzcab-y-ticul\/","name":"Rommel visit\u00f3 Akil, Muna, Tekax, Oxkutzcab y Ticul - Yucat\u00e1n en corto","isPartOf":{"@id":"https:\/\/www.yucatanencorto.com\/noticias\/#website"},"primaryImageOfPage":{"@id":"https:\/\/www.yucatanencorto.com\/noticias\/rommel-visito-akil-muna-tekax-oxkutzcab-y-ticul\/#primaryimage"},"image":{"@id":"https:\/\/www.yucatanencorto.com\/noticias\/rommel-visito-akil-muna-tekax-oxkutzcab-y-ticul\/#primaryimage"},"thumbnailUrl":"https:\/\/www.yucatanencorto.com\/noticias\/wp-content\/uploads\/2023\/07\/WhatsApp-Image-2023-07-26-at-16.52.14.jpeg","datePublished":"2023-07-27T01:36:40+00:00","author":{"@id":"https:\/\/www.yucatanencorto.com\/noticias\/#\/schema\/person\/e2fbdfaf30a07014a43940ce989f3119"},"breadcrumb":{"@id":"https:\/\/www.yucatanencorto.com\/noticias\/rommel-visito-akil-muna-tekax-oxkutzcab-y-ticul\/#breadcrumb"},"inLanguage":"es","potentialAction":[{"@type":"ReadAction","target":["https:\/\/www.yucatanencorto.com\/noticias\/rommel-visito-akil-muna-tekax-oxkutzcab-y-ticul\/"]}]},{"@type":"ImageObject","inLanguage":"es","@id":"https:\/\/www.yucatanencorto.com\/noticias\/rommel-visito-akil-muna-tekax-oxkutzcab-y-ticul\/#primaryimage","url":"https:\/\/www.yucatanencorto.com\/noticias\/wp-content\/uploads\/2023\/07\/WhatsApp-Image-2023-07-26-at-16.52.14.jpeg","contentUrl":"https:\/\/www.yucatanencorto.com\/noticias\/wp-content\/uploads\/2023\/07\/WhatsApp-Image-2023-07-26-at-16.52.14.jpeg","width":720,"height":386},{"@type":"BreadcrumbList","@id":"https:\/\/www.yucatanencorto.com\/noticias\/rommel-visito-akil-muna-tekax-oxkutzcab-y-ticul\/#breadcrumb","itemListElement":[{"@type":"ListItem","position":1,"name":"Portada","item":"https:\/\/www.yucatanencorto.com\/noticias\/"},{"@type":"ListItem","position":2,"name":"Rommel visit\u00f3 Akil, Muna, Tekax, Oxkutzcab y Ticul"}]},{"@type":"WebSite","@id":"https:\/\/www.yucatanencorto.com\/noticias\/#website","url":"https:\/\/www.yucatanencorto.com\/noticias\/","name":"Yucat\u00e1n en corto","description":"Noticias","potentialAction":[{"@type":"SearchAction","target":{"@type":"EntryPoint","urlTemplate":"https:\/\/www.yucatanencorto.com\/noticias\/?s={search_term_string}"},"query-input":{"@type":"PropertyValueSpecification","valueRequired":true,"valueName":"search_term_string"}}],"inLanguage":"es"},{"@type":"Person","@id":"https:\/\/www.yucatanencorto.com\/noticias\/#\/schema\/person\/e2fbdfaf30a07014a43940ce989f3119","name":"Redes","image":{"@type":"ImageObject","inLanguage":"es","@id":"https:\/\/secure.gravatar.com\/avatar\/5931a2d21dd7cc834f44c8c34fe56d90ed6d536ef452cbf870c7485b524dddd7?s=96&d=mm&r=g","url":"https:\/\/secure.gravatar.com\/avatar\/5931a2d21dd7cc834f44c8c34fe56d90ed6d536ef452cbf870c7485b524dddd7?s=96&d=mm&r=g","contentUrl":"https:\/\/secure.gravatar.com\/avatar\/5931a2d21dd7cc834f44c8c34fe56d90ed6d536ef452cbf870c7485b524dddd7?s=96&d=mm&r=g","caption":"Redes"},"url":"https:\/\/www.yucatanencorto.com\/noticias\/author\/redes\/"}]}},"_links":{"self":[{"href":"https:\/\/www.yucatanencorto.com\/noticias\/wp-json\/wp\/v2\/posts\/99295","targetHints":{"allow":["GET"]}}],"collection":[{"href":"https:\/\/www.yucatanencorto.com\/noticias\/wp-json\/wp\/v2\/posts"}],"about":[{"href":"https:\/\/www.yucatanencorto.com\/noticias\/wp-json\/wp\/v2\/types\/post"}],"author":[{"embeddable":true,"href":"https:\/\/www.yucatanencorto.com\/noticias\/wp-json\/wp\/v2\/users\/3"}],"replies":[{"embeddable":true,"href":"https:\/\/www.yucatanencorto.com\/noticias\/wp-json\/wp\/v2\/comments?post=99295"}],"version-history":[{"count":0,"href":"https:\/\/www.yucatanencorto.com\/noticias\/wp-json\/wp\/v2\/posts\/99295\/revisions"}],"wp:featuredmedia":[{"embeddable":true,"href":"https:\/\/www.yucatanencorto.com\/noticias\/wp-json\/wp\/v2\/media\/99296"}],"wp:attachment":[{"href":"https:\/\/www.yucatanencorto.com\/noticias\/wp-json\/wp\/v2\/media?parent=99295"}],"wp:term":[{"taxonomy":"category","embeddable":true,"href":"https:\/\/www.yucatanencorto.com\/noticias\/wp-json\/wp\/v2\/categories?post=99295"},{"taxonomy":"post_tag","embeddable":true,"href":"https:\/\/www.yucatanencorto.com\/noticias\/wp-json\/wp\/v2\/tags?post=99295"}],"curies":[{"name":"wp","href":"https:\/\/api.w.org\/{rel}","templated":true}]}}