{"id":99308,"date":"2023-07-27T15:57:10","date_gmt":"2023-07-27T21:57:10","guid":{"rendered":"https:\/\/www.yucatanencorto.com\/noticias\/?p=99308"},"modified":"2023-07-27T15:57:10","modified_gmt":"2023-07-27T21:57:10","slug":"entregan-recursos-del-programa-de-asistencia-social-en-kanasin","status":"publish","type":"post","link":"https:\/\/www.yucatanencorto.com\/noticias\/entregan-recursos-del-programa-de-asistencia-social-en-kanasin\/","title":{"rendered":"Entregan recursos del Programa de Asistencia Social en Kanas\u00edn."},"content":{"rendered":"<p><img loading=\"lazy\" decoding=\"async\" class=\"alignnone size-full wp-image-99309\" src=\"https:\/\/www.yucatanencorto.com\/noticias\/wp-content\/uploads\/2023\/07\/WhatsApp-Image-2023-07-27-at-15.36.39-scaled.jpeg\" alt=\"\" width=\"768\" height=\"576\" srcset=\"https:\/\/www.yucatanencorto.com\/noticias\/wp-content\/uploads\/2023\/07\/WhatsApp-Image-2023-07-27-at-15.36.39-scaled.jpeg 768w, https:\/\/www.yucatanencorto.com\/noticias\/wp-content\/uploads\/2023\/07\/WhatsApp-Image-2023-07-27-at-15.36.39-696x522.jpeg 696w, https:\/\/www.yucatanencorto.com\/noticias\/wp-content\/uploads\/2023\/07\/WhatsApp-Image-2023-07-27-at-15.36.39-560x420.jpeg 560w, https:\/\/www.yucatanencorto.com\/noticias\/wp-content\/uploads\/2023\/07\/WhatsApp-Image-2023-07-27-at-15.36.39-80x60.jpeg 80w, https:\/\/www.yucatanencorto.com\/noticias\/wp-content\/uploads\/2023\/07\/WhatsApp-Image-2023-07-27-at-15.36.39-265x198.jpeg 265w\" sizes=\"auto, (max-width: 768px) 100vw, 768px\" \/><\/p>\n<p>KANAS\u00cdN, Yucat\u00e1n a 27 de abril 2023.-<br \/>\nEste jueves comenz\u00f3 la entrega de apoyos del Programa de Asistencia Social, siendo las madres y padres solteros de Kanas\u00edn el primer grupo beneficiado al que se le entregan los recursos: $1,000 a cada uno de ellos a trav\u00e9s de un vale electr\u00f3nico.<\/p>\n<p>Son 512 las personas que resultaron beneficiadas en esta primera entrega, quienes desde temprana hora llegaron al Gimnasio Polifuncional para recibir el apoyo. En total, los seis programas beneficiar\u00e1n a un total de 2,333 kanasinenses.<\/p>\n<p>El 30 de junio pasado el edil inform\u00f3 de la puesta en marcha de seis programas de asistencia social que permitir\u00e1n sacar del rezago a las familias de escasos ingresos y reactivar a las peque\u00f1as empresas de Kanas\u00edn: Apoyo econ\u00f3mico al adulto mayor, Apoyo econ\u00f3mico para personas con discapacidad, Becas para estudiantes destacados, Becas para deportistas de alto rendimiento y destacados, Apoyo para el fortalecimiento de la econom\u00eda para micro negocios y Programa de asistencia social alimentaria en especie para madres o padres solteros.<\/p>\n<p>El alcalde Edwin Boj\u00f3rquez Ram\u00edrez acudi\u00f3 al Gimnasio Polifuncional para supervisar este primera entrega y exhort\u00f3 a los beneficiarios a hacer buen uso del recurso que se les entrega, as\u00ed como a cuidar su monedero electr\u00f3nico. Es importante se\u00f1alar que con ese vale electr\u00f3nico no se podr\u00e1 adquirir tabaco o alcohol.<\/p>\n<p>En su intervenci\u00f3n, Edwin Boj\u00f3rquez destac\u00f3 la importancia de apoyar a los grupos sociales que viven en vulnerabilidad e indic\u00f3 que el programa es resultado del buen uso de los recursos p\u00fablicos del Ayuntamiento.<\/p>\n<p>\u00abSabemos que muchas madres y padres solteros tienen que trabajar para sacar adelante a sus hijos y el recurso no les alcanza. Es por ese motivo que decidimos incluirlos en este programas\u00bb, se\u00f1al\u00f3.<\/p>\n<p>Reiter\u00f3 su compromiso con las familias de Kanas\u00edn y apunt\u00f3 que desde el inicio de su gobierno trabaja para dotar de servicios e infraestructura a los habitantes del municipio.<\/p>\n<p>En opini\u00f3n de una de las beneficiadas, do\u00f1a Nilda Patricia Mart\u00ednez, vecina de la colonia Cuauht\u00e9moc, explic\u00f3 que ese apoyo le cay\u00f3 como \u201canillo al dedo\u201d.<\/p>\n<p>\u00abSoy madre de dos ni\u00f1os y tengo que comprar leche, pa\u00f1ales, galletas, medicamentos y este dinero ser\u00e1 de gran apoyo\u00bb, dijo.<\/p>\n<p>Joana Chi May, otra beneficiara, calific\u00f3 de positivo este programa. \u201cNadie se hab\u00eda acordado de nosotros. Actualmente tengo un hijo de tres meses y ese apoyo me ayudar\u00e1 much\u00edsimo para comprar pa\u00f1ales y leche\u00bb, dijo.<\/p>\n<p>Vecina de la colonia Flor de Mayo, do\u00f1a Joana trabaja en un despacho y siente que pese a todo no le alcanza y agradeci\u00f3 al alcalde por ese apoyo a la gente que m\u00e1s lo necesita.<\/p>\n","protected":false},"excerpt":{"rendered":"<p>KANAS\u00cdN, Yucat\u00e1n a 27 de abril 2023.- Este jueves comenz\u00f3 la entrega de apoyos del Programa de Asistencia Social, siendo las madres y padres solteros de Kanas\u00edn el primer grupo beneficiado al que se le entregan los recursos: $1,000 a cada uno de ellos a trav\u00e9s de un vale electr\u00f3nico. Son 512 las personas que [&hellip;]<\/p>\n","protected":false},"author":3,"featured_media":99309,"comment_status":"closed","ping_status":"closed","sticky":false,"template":"","format":"standard","meta":{"footnotes":""},"categories":[3],"tags":[],"class_list":{"0":"post-99308","1":"post","2":"type-post","3":"status-publish","4":"format-standard","5":"has-post-thumbnail","7":"category-yucatan"},"yoast_head":"<!-- This site is optimized with the Yoast SEO plugin v27.4 - https:\/\/yoast.com\/product\/yoast-seo-wordpress\/ -->\n<title>Entregan recursos del Programa de Asistencia Social en Kanas\u00edn. - Yucat\u00e1n en corto<\/title>\n<meta name=\"robots\" content=\"index, follow, max-snippet:-1, max-image-preview:large, max-video-preview:-1\" \/>\n<link rel=\"canonical\" href=\"https:\/\/www.yucatanencorto.com\/noticias\/entregan-recursos-del-programa-de-asistencia-social-en-kanasin\/\" \/>\n<meta property=\"og:locale\" content=\"es_ES\" \/>\n<meta property=\"og:type\" content=\"article\" \/>\n<meta property=\"og:title\" content=\"Entregan recursos del Programa de Asistencia Social en Kanas\u00edn. - Yucat\u00e1n en corto\" \/>\n<meta property=\"og:description\" content=\"KANAS\u00cdN, Yucat\u00e1n a 27 de abril 2023.- Este jueves comenz\u00f3 la entrega de apoyos del Programa de Asistencia Social, siendo las madres y padres solteros de Kanas\u00edn el primer grupo beneficiado al que se le entregan los recursos: $1,000 a cada uno de ellos a trav\u00e9s de un vale electr\u00f3nico. Son 512 las personas que [&hellip;]\" \/>\n<meta property=\"og:url\" content=\"https:\/\/www.yucatanencorto.com\/noticias\/entregan-recursos-del-programa-de-asistencia-social-en-kanasin\/\" \/>\n<meta property=\"og:site_name\" content=\"Yucat\u00e1n en corto\" \/>\n<meta property=\"article:publisher\" content=\"http:\/\/www.facebook.com\/yucatanencorto\" \/>\n<meta property=\"article:published_time\" content=\"2023-07-27T21:57:10+00:00\" \/>\n<meta property=\"og:image\" content=\"https:\/\/www.yucatanencorto.com\/noticias\/wp-content\/uploads\/2023\/07\/WhatsApp-Image-2023-07-27-at-15.36.39-scaled.jpeg\" \/>\n\t<meta property=\"og:image:width\" content=\"768\" \/>\n\t<meta property=\"og:image:height\" content=\"576\" \/>\n\t<meta property=\"og:image:type\" content=\"image\/jpeg\" \/>\n<meta name=\"author\" content=\"Redes\" \/>\n<meta name=\"twitter:card\" content=\"summary_large_image\" \/>\n<meta name=\"twitter:creator\" content=\"@yucatanencorto\" \/>\n<meta name=\"twitter:site\" content=\"@yucatanencorto\" \/>\n<meta name=\"twitter:label1\" content=\"Escrito por\" \/>\n\t<meta name=\"twitter:data1\" content=\"Redes\" \/>\n\t<meta name=\"twitter:label2\" content=\"Tiempo de lectura\" \/>\n\t<meta name=\"twitter:data2\" content=\"3 minutos\" \/>\n<script type=\"application\/ld+json\" class=\"yoast-schema-graph\">{\"@context\":\"https:\\\/\\\/schema.org\",\"@graph\":[{\"@type\":\"Article\",\"@id\":\"https:\\\/\\\/www.yucatanencorto.com\\\/noticias\\\/entregan-recursos-del-programa-de-asistencia-social-en-kanasin\\\/#article\",\"isPartOf\":{\"@id\":\"https:\\\/\\\/www.yucatanencorto.com\\\/noticias\\\/entregan-recursos-del-programa-de-asistencia-social-en-kanasin\\\/\"},\"author\":{\"name\":\"Redes\",\"@id\":\"https:\\\/\\\/www.yucatanencorto.com\\\/noticias\\\/#\\\/schema\\\/person\\\/e2fbdfaf30a07014a43940ce989f3119\"},\"headline\":\"Entregan recursos del Programa de Asistencia Social en Kanas\u00edn.\",\"datePublished\":\"2023-07-27T21:57:10+00:00\",\"mainEntityOfPage\":{\"@id\":\"https:\\\/\\\/www.yucatanencorto.com\\\/noticias\\\/entregan-recursos-del-programa-de-asistencia-social-en-kanasin\\\/\"},\"wordCount\":472,\"image\":{\"@id\":\"https:\\\/\\\/www.yucatanencorto.com\\\/noticias\\\/entregan-recursos-del-programa-de-asistencia-social-en-kanasin\\\/#primaryimage\"},\"thumbnailUrl\":\"https:\\\/\\\/www.yucatanencorto.com\\\/noticias\\\/wp-content\\\/uploads\\\/2023\\\/07\\\/WhatsApp-Image-2023-07-27-at-15.36.39-scaled.jpeg\",\"articleSection\":[\"Yucat\u00e1n\"],\"inLanguage\":\"es\"},{\"@type\":\"WebPage\",\"@id\":\"https:\\\/\\\/www.yucatanencorto.com\\\/noticias\\\/entregan-recursos-del-programa-de-asistencia-social-en-kanasin\\\/\",\"url\":\"https:\\\/\\\/www.yucatanencorto.com\\\/noticias\\\/entregan-recursos-del-programa-de-asistencia-social-en-kanasin\\\/\",\"name\":\"Entregan recursos del Programa de Asistencia Social en Kanas\u00edn. - Yucat\u00e1n en corto\",\"isPartOf\":{\"@id\":\"https:\\\/\\\/www.yucatanencorto.com\\\/noticias\\\/#website\"},\"primaryImageOfPage\":{\"@id\":\"https:\\\/\\\/www.yucatanencorto.com\\\/noticias\\\/entregan-recursos-del-programa-de-asistencia-social-en-kanasin\\\/#primaryimage\"},\"image\":{\"@id\":\"https:\\\/\\\/www.yucatanencorto.com\\\/noticias\\\/entregan-recursos-del-programa-de-asistencia-social-en-kanasin\\\/#primaryimage\"},\"thumbnailUrl\":\"https:\\\/\\\/www.yucatanencorto.com\\\/noticias\\\/wp-content\\\/uploads\\\/2023\\\/07\\\/WhatsApp-Image-2023-07-27-at-15.36.39-scaled.jpeg\",\"datePublished\":\"2023-07-27T21:57:10+00:00\",\"author\":{\"@id\":\"https:\\\/\\\/www.yucatanencorto.com\\\/noticias\\\/#\\\/schema\\\/person\\\/e2fbdfaf30a07014a43940ce989f3119\"},\"breadcrumb\":{\"@id\":\"https:\\\/\\\/www.yucatanencorto.com\\\/noticias\\\/entregan-recursos-del-programa-de-asistencia-social-en-kanasin\\\/#breadcrumb\"},\"inLanguage\":\"es\",\"potentialAction\":[{\"@type\":\"ReadAction\",\"target\":[\"https:\\\/\\\/www.yucatanencorto.com\\\/noticias\\\/entregan-recursos-del-programa-de-asistencia-social-en-kanasin\\\/\"]}]},{\"@type\":\"ImageObject\",\"inLanguage\":\"es\",\"@id\":\"https:\\\/\\\/www.yucatanencorto.com\\\/noticias\\\/entregan-recursos-del-programa-de-asistencia-social-en-kanasin\\\/#primaryimage\",\"url\":\"https:\\\/\\\/www.yucatanencorto.com\\\/noticias\\\/wp-content\\\/uploads\\\/2023\\\/07\\\/WhatsApp-Image-2023-07-27-at-15.36.39-scaled.jpeg\",\"contentUrl\":\"https:\\\/\\\/www.yucatanencorto.com\\\/noticias\\\/wp-content\\\/uploads\\\/2023\\\/07\\\/WhatsApp-Image-2023-07-27-at-15.36.39-scaled.jpeg\",\"width\":768,\"height\":576},{\"@type\":\"BreadcrumbList\",\"@id\":\"https:\\\/\\\/www.yucatanencorto.com\\\/noticias\\\/entregan-recursos-del-programa-de-asistencia-social-en-kanasin\\\/#breadcrumb\",\"itemListElement\":[{\"@type\":\"ListItem\",\"position\":1,\"name\":\"Portada\",\"item\":\"https:\\\/\\\/www.yucatanencorto.com\\\/noticias\\\/\"},{\"@type\":\"ListItem\",\"position\":2,\"name\":\"Entregan recursos del Programa de Asistencia Social en Kanas\u00edn.\"}]},{\"@type\":\"WebSite\",\"@id\":\"https:\\\/\\\/www.yucatanencorto.com\\\/noticias\\\/#website\",\"url\":\"https:\\\/\\\/www.yucatanencorto.com\\\/noticias\\\/\",\"name\":\"Yucat\u00e1n en corto\",\"description\":\"Noticias\",\"potentialAction\":[{\"@type\":\"SearchAction\",\"target\":{\"@type\":\"EntryPoint\",\"urlTemplate\":\"https:\\\/\\\/www.yucatanencorto.com\\\/noticias\\\/?s={search_term_string}\"},\"query-input\":{\"@type\":\"PropertyValueSpecification\",\"valueRequired\":true,\"valueName\":\"search_term_string\"}}],\"inLanguage\":\"es\"},{\"@type\":\"Person\",\"@id\":\"https:\\\/\\\/www.yucatanencorto.com\\\/noticias\\\/#\\\/schema\\\/person\\\/e2fbdfaf30a07014a43940ce989f3119\",\"name\":\"Redes\",\"image\":{\"@type\":\"ImageObject\",\"inLanguage\":\"es\",\"@id\":\"https:\\\/\\\/secure.gravatar.com\\\/avatar\\\/5931a2d21dd7cc834f44c8c34fe56d90ed6d536ef452cbf870c7485b524dddd7?s=96&d=mm&r=g\",\"url\":\"https:\\\/\\\/secure.gravatar.com\\\/avatar\\\/5931a2d21dd7cc834f44c8c34fe56d90ed6d536ef452cbf870c7485b524dddd7?s=96&d=mm&r=g\",\"contentUrl\":\"https:\\\/\\\/secure.gravatar.com\\\/avatar\\\/5931a2d21dd7cc834f44c8c34fe56d90ed6d536ef452cbf870c7485b524dddd7?s=96&d=mm&r=g\",\"caption\":\"Redes\"},\"url\":\"https:\\\/\\\/www.yucatanencorto.com\\\/noticias\\\/author\\\/redes\\\/\"}]}<\/script>\n<!-- \/ Yoast SEO plugin. -->","yoast_head_json":{"title":"Entregan recursos del Programa de Asistencia Social en Kanas\u00edn. - Yucat\u00e1n en corto","robots":{"index":"index","follow":"follow","max-snippet":"max-snippet:-1","max-image-preview":"max-image-preview:large","max-video-preview":"max-video-preview:-1"},"canonical":"https:\/\/www.yucatanencorto.com\/noticias\/entregan-recursos-del-programa-de-asistencia-social-en-kanasin\/","og_locale":"es_ES","og_type":"article","og_title":"Entregan recursos del Programa de Asistencia Social en Kanas\u00edn. - Yucat\u00e1n en corto","og_description":"KANAS\u00cdN, Yucat\u00e1n a 27 de abril 2023.- Este jueves comenz\u00f3 la entrega de apoyos del Programa de Asistencia Social, siendo las madres y padres solteros de Kanas\u00edn el primer grupo beneficiado al que se le entregan los recursos: $1,000 a cada uno de ellos a trav\u00e9s de un vale electr\u00f3nico. Son 512 las personas que [&hellip;]","og_url":"https:\/\/www.yucatanencorto.com\/noticias\/entregan-recursos-del-programa-de-asistencia-social-en-kanasin\/","og_site_name":"Yucat\u00e1n en corto","article_publisher":"http:\/\/www.facebook.com\/yucatanencorto","article_published_time":"2023-07-27T21:57:10+00:00","og_image":[{"width":768,"height":576,"url":"https:\/\/www.yucatanencorto.com\/noticias\/wp-content\/uploads\/2023\/07\/WhatsApp-Image-2023-07-27-at-15.36.39-scaled.jpeg","type":"image\/jpeg"}],"author":"Redes","twitter_card":"summary_large_image","twitter_creator":"@yucatanencorto","twitter_site":"@yucatanencorto","twitter_misc":{"Escrito por":"Redes","Tiempo de lectura":"3 minutos"},"schema":{"@context":"https:\/\/schema.org","@graph":[{"@type":"Article","@id":"https:\/\/www.yucatanencorto.com\/noticias\/entregan-recursos-del-programa-de-asistencia-social-en-kanasin\/#article","isPartOf":{"@id":"https:\/\/www.yucatanencorto.com\/noticias\/entregan-recursos-del-programa-de-asistencia-social-en-kanasin\/"},"author":{"name":"Redes","@id":"https:\/\/www.yucatanencorto.com\/noticias\/#\/schema\/person\/e2fbdfaf30a07014a43940ce989f3119"},"headline":"Entregan recursos del Programa de Asistencia Social en Kanas\u00edn.","datePublished":"2023-07-27T21:57:10+00:00","mainEntityOfPage":{"@id":"https:\/\/www.yucatanencorto.com\/noticias\/entregan-recursos-del-programa-de-asistencia-social-en-kanasin\/"},"wordCount":472,"image":{"@id":"https:\/\/www.yucatanencorto.com\/noticias\/entregan-recursos-del-programa-de-asistencia-social-en-kanasin\/#primaryimage"},"thumbnailUrl":"https:\/\/www.yucatanencorto.com\/noticias\/wp-content\/uploads\/2023\/07\/WhatsApp-Image-2023-07-27-at-15.36.39-scaled.jpeg","articleSection":["Yucat\u00e1n"],"inLanguage":"es"},{"@type":"WebPage","@id":"https:\/\/www.yucatanencorto.com\/noticias\/entregan-recursos-del-programa-de-asistencia-social-en-kanasin\/","url":"https:\/\/www.yucatanencorto.com\/noticias\/entregan-recursos-del-programa-de-asistencia-social-en-kanasin\/","name":"Entregan recursos del Programa de Asistencia Social en Kanas\u00edn. - Yucat\u00e1n en corto","isPartOf":{"@id":"https:\/\/www.yucatanencorto.com\/noticias\/#website"},"primaryImageOfPage":{"@id":"https:\/\/www.yucatanencorto.com\/noticias\/entregan-recursos-del-programa-de-asistencia-social-en-kanasin\/#primaryimage"},"image":{"@id":"https:\/\/www.yucatanencorto.com\/noticias\/entregan-recursos-del-programa-de-asistencia-social-en-kanasin\/#primaryimage"},"thumbnailUrl":"https:\/\/www.yucatanencorto.com\/noticias\/wp-content\/uploads\/2023\/07\/WhatsApp-Image-2023-07-27-at-15.36.39-scaled.jpeg","datePublished":"2023-07-27T21:57:10+00:00","author":{"@id":"https:\/\/www.yucatanencorto.com\/noticias\/#\/schema\/person\/e2fbdfaf30a07014a43940ce989f3119"},"breadcrumb":{"@id":"https:\/\/www.yucatanencorto.com\/noticias\/entregan-recursos-del-programa-de-asistencia-social-en-kanasin\/#breadcrumb"},"inLanguage":"es","potentialAction":[{"@type":"ReadAction","target":["https:\/\/www.yucatanencorto.com\/noticias\/entregan-recursos-del-programa-de-asistencia-social-en-kanasin\/"]}]},{"@type":"ImageObject","inLanguage":"es","@id":"https:\/\/www.yucatanencorto.com\/noticias\/entregan-recursos-del-programa-de-asistencia-social-en-kanasin\/#primaryimage","url":"https:\/\/www.yucatanencorto.com\/noticias\/wp-content\/uploads\/2023\/07\/WhatsApp-Image-2023-07-27-at-15.36.39-scaled.jpeg","contentUrl":"https:\/\/www.yucatanencorto.com\/noticias\/wp-content\/uploads\/2023\/07\/WhatsApp-Image-2023-07-27-at-15.36.39-scaled.jpeg","width":768,"height":576},{"@type":"BreadcrumbList","@id":"https:\/\/www.yucatanencorto.com\/noticias\/entregan-recursos-del-programa-de-asistencia-social-en-kanasin\/#breadcrumb","itemListElement":[{"@type":"ListItem","position":1,"name":"Portada","item":"https:\/\/www.yucatanencorto.com\/noticias\/"},{"@type":"ListItem","position":2,"name":"Entregan recursos del Programa de Asistencia Social en Kanas\u00edn."}]},{"@type":"WebSite","@id":"https:\/\/www.yucatanencorto.com\/noticias\/#website","url":"https:\/\/www.yucatanencorto.com\/noticias\/","name":"Yucat\u00e1n en corto","description":"Noticias","potentialAction":[{"@type":"SearchAction","target":{"@type":"EntryPoint","urlTemplate":"https:\/\/www.yucatanencorto.com\/noticias\/?s={search_term_string}"},"query-input":{"@type":"PropertyValueSpecification","valueRequired":true,"valueName":"search_term_string"}}],"inLanguage":"es"},{"@type":"Person","@id":"https:\/\/www.yucatanencorto.com\/noticias\/#\/schema\/person\/e2fbdfaf30a07014a43940ce989f3119","name":"Redes","image":{"@type":"ImageObject","inLanguage":"es","@id":"https:\/\/secure.gravatar.com\/avatar\/5931a2d21dd7cc834f44c8c34fe56d90ed6d536ef452cbf870c7485b524dddd7?s=96&d=mm&r=g","url":"https:\/\/secure.gravatar.com\/avatar\/5931a2d21dd7cc834f44c8c34fe56d90ed6d536ef452cbf870c7485b524dddd7?s=96&d=mm&r=g","contentUrl":"https:\/\/secure.gravatar.com\/avatar\/5931a2d21dd7cc834f44c8c34fe56d90ed6d536ef452cbf870c7485b524dddd7?s=96&d=mm&r=g","caption":"Redes"},"url":"https:\/\/www.yucatanencorto.com\/noticias\/author\/redes\/"}]}},"_links":{"self":[{"href":"https:\/\/www.yucatanencorto.com\/noticias\/wp-json\/wp\/v2\/posts\/99308","targetHints":{"allow":["GET"]}}],"collection":[{"href":"https:\/\/www.yucatanencorto.com\/noticias\/wp-json\/wp\/v2\/posts"}],"about":[{"href":"https:\/\/www.yucatanencorto.com\/noticias\/wp-json\/wp\/v2\/types\/post"}],"author":[{"embeddable":true,"href":"https:\/\/www.yucatanencorto.com\/noticias\/wp-json\/wp\/v2\/users\/3"}],"replies":[{"embeddable":true,"href":"https:\/\/www.yucatanencorto.com\/noticias\/wp-json\/wp\/v2\/comments?post=99308"}],"version-history":[{"count":0,"href":"https:\/\/www.yucatanencorto.com\/noticias\/wp-json\/wp\/v2\/posts\/99308\/revisions"}],"wp:featuredmedia":[{"embeddable":true,"href":"https:\/\/www.yucatanencorto.com\/noticias\/wp-json\/wp\/v2\/media\/99309"}],"wp:attachment":[{"href":"https:\/\/www.yucatanencorto.com\/noticias\/wp-json\/wp\/v2\/media?parent=99308"}],"wp:term":[{"taxonomy":"category","embeddable":true,"href":"https:\/\/www.yucatanencorto.com\/noticias\/wp-json\/wp\/v2\/categories?post=99308"},{"taxonomy":"post_tag","embeddable":true,"href":"https:\/\/www.yucatanencorto.com\/noticias\/wp-json\/wp\/v2\/tags?post=99308"}],"curies":[{"name":"wp","href":"https:\/\/api.w.org\/{rel}","templated":true}]}}