{"id":99311,"date":"2023-07-27T17:10:00","date_gmt":"2023-07-27T23:10:00","guid":{"rendered":"https:\/\/www.yucatanencorto.com\/noticias\/?p=99311"},"modified":"2023-07-27T17:10:00","modified_gmt":"2023-07-27T23:10:00","slug":"se-realizan-acciones-para-combatir-al-mosquito-del-dengue","status":"publish","type":"post","link":"https:\/\/www.yucatanencorto.com\/noticias\/se-realizan-acciones-para-combatir-al-mosquito-del-dengue\/","title":{"rendered":"Se realizan acciones para combatir al mosquito del Dengue"},"content":{"rendered":"<p><img loading=\"lazy\" decoding=\"async\" class=\"alignnone size-full wp-image-99312\" src=\"https:\/\/www.yucatanencorto.com\/noticias\/wp-content\/uploads\/2023\/07\/control-del-mosquito-del-dengue-scaled.jpg\" alt=\"\" width=\"768\" height=\"479\" srcset=\"https:\/\/www.yucatanencorto.com\/noticias\/wp-content\/uploads\/2023\/07\/control-del-mosquito-del-dengue-scaled.jpg 768w, https:\/\/www.yucatanencorto.com\/noticias\/wp-content\/uploads\/2023\/07\/control-del-mosquito-del-dengue-696x434.jpg 696w, https:\/\/www.yucatanencorto.com\/noticias\/wp-content\/uploads\/2023\/07\/control-del-mosquito-del-dengue-673x420.jpg 673w\" sizes=\"auto, (max-width: 768px) 100vw, 768px\" \/><\/p>\n<p>M\u00e9rida, Yucat\u00e1n, 27 de junio de 2023.- Para fortalecer la estrategia de prevenci\u00f3n con el dengue, la Secretar\u00eda de Salud de Yucat\u00e1n (SSY) realiza acciones continuas en la capital del estado y en todo el estado en apego a la normatividad vigente inform\u00f3 el director de Prevenci\u00f3n y Protecci\u00f3n de la Salud, Carlos Isaac Hern\u00e1ndez Fuentes.<\/p>\n<p>Asimismo, revel\u00f3 que la dependencia ha visitado m\u00e1s de 295,000 hogares para hacer labores de control larvario, adem\u00e1s se ha fumigado m\u00e1s de 21, 000 domicilios haciendo uso de motomochilas, a estas actividades se agrega el nebulizado de cerca de 90,000 hect\u00e1reas con equipos de fumigaci\u00f3n montados en veh\u00edculos, y como resultado de las campa\u00f1as de descacharrizaci\u00f3n se ha recopilado 970 toneladas de potenciales criaderos de moscos (cacharros); y se ha logrado certificar 81 edificios como espacios limpios y libres de criaderos.<\/p>\n<p>Isaac inform\u00f3 que este jueves 27 el operativo de fumigaci\u00f3n en la ciudad de M\u00e9rida se llev\u00f3 a cabo en la Amapolita, El Prado, Jardines de Chuburn\u00e1 y de Chenk\u00fa El Rosario, Jardines de Chuburn\u00e1, Lindavista Chuburn\u00e1, Paseo de las Fuentes, Pedregales de Tanlum, Pensiones I y VII, Privadas de Chuburn\u00e1, Roma II, San Damiancito y San Francisco Chuburn\u00e1 en cuanto a los municipios del interior del estado se atendieron las cabeceras municipales de: Uayma, Ticul, Man\u00ed y Peto.<\/p>\n<p>Anticip\u00f3 que el viernes 28 la SSY atender\u00e1 los siguientes Fraccionamientos y Colonias: Alcal\u00e1 Mart\u00edn, Callejones de Chuburn\u00e1, Chuburn\u00e1 II, Colonia Yucat\u00e1n, El Prado Chuburn\u00e1, Elefante Grande, Francisco de Montejo, Garc\u00eda GIner\u00e9s, Juan B. Sosa,Lindavista, Las Magnolias, Paseos de Chenk\u00fa II, Pedregales de Tanlum, Pensiones, San Dami\u00e1n, San Pablo y San Pedro Uxmal, Terranova, Privadas de Chuburn\u00e1, C\u00e1mara de la Construcci\u00f3n, Xcumpich; Pinz\u00f3n I y II.<\/p>\n<p>De igual manera: Bugambilias, Loma Bonita, Gonzalo Guerrero, Cordemex, La Castellana, Revoluci\u00f3n, Sodzil Norte, San Ram\u00f3n Norte, Montebello; y Montes de Am\u00e9, en cuanto al interior del estado se atender\u00e1 las cabeceras municipales de Chichimil\u00e1, Peto y Opich\u00e9n.<\/p>\n<p>Se\u00f1al\u00f3 que los horarios de fumigaci\u00f3n inician desde las 03:00 horas y en el turno vespertino desde las 18:40 P.M., los trabajos concluyen hasta que las rutas se\u00f1aladas tengan la cobertura total, en ese sentido, ecomend\u00f3 a los habitantes a dejar abiertas sus ventanas cuando escuchen a los veh\u00edculos con equipos de fumigaci\u00f3n circular por sus calles, permitiendo con esto que el insecticida penetre al interior de sus viviendas, subray\u00f3 que en forma continua estaremos realizando operativos de fumigaci\u00f3n, nebulizaci\u00f3n y el control larvario en beneficio de los habitantes.<\/p>\n<p>A\u00f1adi\u00f3 que Yucat\u00e1n es un estado que por sus condiciones de clima tropical en estas \u00e9pocas de lluvia la presencia de moscos se incrementa, por ello la indicaci\u00f3n del Titular del Ramo (SSY) en el estado, Mauricio Sauri Vivas, ha sido no bajar la guardia, en ese sentido, \u00abejercemos acciones anticipatorias como las campa\u00f1as de eliminaci\u00f3n de los criaderos al interior de los domicilios y en coordinaci\u00f3n con las autoridades municipales en las que hemos contado con una buena participaci\u00f3n de la ciudadan\u00eda\u00bb destac\u00f3.<\/p>\n<p>Finalmente hizo hincapi\u00e9 en que en estas acciones desde sus hogares, la poblaci\u00f3n puede hacer su parte haciendo uso de repelentes e insecticidas de uso dom\u00e9stico, manteniendo los patios de sus hogares limpios y libres de hierba, basura, maleza y de recipientes que ante la ca\u00edda de lluvia se convierten en criaderos, concluy\u00f3.<\/p>\n","protected":false},"excerpt":{"rendered":"<p>M\u00e9rida, Yucat\u00e1n, 27 de junio de 2023.- Para fortalecer la estrategia de prevenci\u00f3n con el dengue, la Secretar\u00eda de Salud de Yucat\u00e1n (SSY) realiza acciones continuas en la capital del estado y en todo el estado en apego a la normatividad vigente inform\u00f3 el director de Prevenci\u00f3n y Protecci\u00f3n de la Salud, Carlos Isaac Hern\u00e1ndez [&hellip;]<\/p>\n","protected":false},"author":3,"featured_media":99312,"comment_status":"closed","ping_status":"closed","sticky":false,"template":"","format":"standard","meta":{"footnotes":""},"categories":[3],"tags":[],"class_list":{"0":"post-99311","1":"post","2":"type-post","3":"status-publish","4":"format-standard","5":"has-post-thumbnail","7":"category-yucatan"},"yoast_head":"<!-- This site is optimized with the Yoast SEO plugin v27.4 - https:\/\/yoast.com\/product\/yoast-seo-wordpress\/ -->\n<title>Se realizan acciones para combatir al mosquito del Dengue - Yucat\u00e1n en corto<\/title>\n<meta name=\"robots\" content=\"index, follow, max-snippet:-1, max-image-preview:large, max-video-preview:-1\" \/>\n<link rel=\"canonical\" href=\"https:\/\/www.yucatanencorto.com\/noticias\/se-realizan-acciones-para-combatir-al-mosquito-del-dengue\/\" \/>\n<meta property=\"og:locale\" content=\"es_ES\" \/>\n<meta property=\"og:type\" content=\"article\" \/>\n<meta property=\"og:title\" content=\"Se realizan acciones para combatir al mosquito del Dengue - Yucat\u00e1n en corto\" \/>\n<meta property=\"og:description\" content=\"M\u00e9rida, Yucat\u00e1n, 27 de junio de 2023.- Para fortalecer la estrategia de prevenci\u00f3n con el dengue, la Secretar\u00eda de Salud de Yucat\u00e1n (SSY) realiza acciones continuas en la capital del estado y en todo el estado en apego a la normatividad vigente inform\u00f3 el director de Prevenci\u00f3n y Protecci\u00f3n de la Salud, Carlos Isaac Hern\u00e1ndez [&hellip;]\" \/>\n<meta property=\"og:url\" content=\"https:\/\/www.yucatanencorto.com\/noticias\/se-realizan-acciones-para-combatir-al-mosquito-del-dengue\/\" \/>\n<meta property=\"og:site_name\" content=\"Yucat\u00e1n en corto\" \/>\n<meta property=\"article:publisher\" content=\"http:\/\/www.facebook.com\/yucatanencorto\" \/>\n<meta property=\"article:published_time\" content=\"2023-07-27T23:10:00+00:00\" \/>\n<meta property=\"og:image\" content=\"https:\/\/www.yucatanencorto.com\/noticias\/wp-content\/uploads\/2023\/07\/control-del-mosquito-del-dengue-scaled.jpg\" \/>\n\t<meta property=\"og:image:width\" content=\"768\" \/>\n\t<meta property=\"og:image:height\" content=\"479\" \/>\n\t<meta property=\"og:image:type\" content=\"image\/jpeg\" \/>\n<meta name=\"author\" content=\"Redes\" \/>\n<meta name=\"twitter:card\" content=\"summary_large_image\" \/>\n<meta name=\"twitter:creator\" content=\"@yucatanencorto\" \/>\n<meta name=\"twitter:site\" content=\"@yucatanencorto\" \/>\n<meta name=\"twitter:label1\" content=\"Escrito por\" \/>\n\t<meta name=\"twitter:data1\" content=\"Redes\" \/>\n\t<meta name=\"twitter:label2\" content=\"Tiempo de lectura\" \/>\n\t<meta name=\"twitter:data2\" content=\"3 minutos\" \/>\n<script type=\"application\/ld+json\" class=\"yoast-schema-graph\">{\"@context\":\"https:\\\/\\\/schema.org\",\"@graph\":[{\"@type\":\"Article\",\"@id\":\"https:\\\/\\\/www.yucatanencorto.com\\\/noticias\\\/se-realizan-acciones-para-combatir-al-mosquito-del-dengue\\\/#article\",\"isPartOf\":{\"@id\":\"https:\\\/\\\/www.yucatanencorto.com\\\/noticias\\\/se-realizan-acciones-para-combatir-al-mosquito-del-dengue\\\/\"},\"author\":{\"name\":\"Redes\",\"@id\":\"https:\\\/\\\/www.yucatanencorto.com\\\/noticias\\\/#\\\/schema\\\/person\\\/e2fbdfaf30a07014a43940ce989f3119\"},\"headline\":\"Se realizan acciones para combatir al mosquito del Dengue\",\"datePublished\":\"2023-07-27T23:10:00+00:00\",\"mainEntityOfPage\":{\"@id\":\"https:\\\/\\\/www.yucatanencorto.com\\\/noticias\\\/se-realizan-acciones-para-combatir-al-mosquito-del-dengue\\\/\"},\"wordCount\":594,\"image\":{\"@id\":\"https:\\\/\\\/www.yucatanencorto.com\\\/noticias\\\/se-realizan-acciones-para-combatir-al-mosquito-del-dengue\\\/#primaryimage\"},\"thumbnailUrl\":\"https:\\\/\\\/www.yucatanencorto.com\\\/noticias\\\/wp-content\\\/uploads\\\/2023\\\/07\\\/control-del-mosquito-del-dengue-scaled.jpg\",\"articleSection\":[\"Yucat\u00e1n\"],\"inLanguage\":\"es\"},{\"@type\":\"WebPage\",\"@id\":\"https:\\\/\\\/www.yucatanencorto.com\\\/noticias\\\/se-realizan-acciones-para-combatir-al-mosquito-del-dengue\\\/\",\"url\":\"https:\\\/\\\/www.yucatanencorto.com\\\/noticias\\\/se-realizan-acciones-para-combatir-al-mosquito-del-dengue\\\/\",\"name\":\"Se realizan acciones para combatir al mosquito del Dengue - Yucat\u00e1n en corto\",\"isPartOf\":{\"@id\":\"https:\\\/\\\/www.yucatanencorto.com\\\/noticias\\\/#website\"},\"primaryImageOfPage\":{\"@id\":\"https:\\\/\\\/www.yucatanencorto.com\\\/noticias\\\/se-realizan-acciones-para-combatir-al-mosquito-del-dengue\\\/#primaryimage\"},\"image\":{\"@id\":\"https:\\\/\\\/www.yucatanencorto.com\\\/noticias\\\/se-realizan-acciones-para-combatir-al-mosquito-del-dengue\\\/#primaryimage\"},\"thumbnailUrl\":\"https:\\\/\\\/www.yucatanencorto.com\\\/noticias\\\/wp-content\\\/uploads\\\/2023\\\/07\\\/control-del-mosquito-del-dengue-scaled.jpg\",\"datePublished\":\"2023-07-27T23:10:00+00:00\",\"author\":{\"@id\":\"https:\\\/\\\/www.yucatanencorto.com\\\/noticias\\\/#\\\/schema\\\/person\\\/e2fbdfaf30a07014a43940ce989f3119\"},\"breadcrumb\":{\"@id\":\"https:\\\/\\\/www.yucatanencorto.com\\\/noticias\\\/se-realizan-acciones-para-combatir-al-mosquito-del-dengue\\\/#breadcrumb\"},\"inLanguage\":\"es\",\"potentialAction\":[{\"@type\":\"ReadAction\",\"target\":[\"https:\\\/\\\/www.yucatanencorto.com\\\/noticias\\\/se-realizan-acciones-para-combatir-al-mosquito-del-dengue\\\/\"]}]},{\"@type\":\"ImageObject\",\"inLanguage\":\"es\",\"@id\":\"https:\\\/\\\/www.yucatanencorto.com\\\/noticias\\\/se-realizan-acciones-para-combatir-al-mosquito-del-dengue\\\/#primaryimage\",\"url\":\"https:\\\/\\\/www.yucatanencorto.com\\\/noticias\\\/wp-content\\\/uploads\\\/2023\\\/07\\\/control-del-mosquito-del-dengue-scaled.jpg\",\"contentUrl\":\"https:\\\/\\\/www.yucatanencorto.com\\\/noticias\\\/wp-content\\\/uploads\\\/2023\\\/07\\\/control-del-mosquito-del-dengue-scaled.jpg\",\"width\":768,\"height\":479},{\"@type\":\"BreadcrumbList\",\"@id\":\"https:\\\/\\\/www.yucatanencorto.com\\\/noticias\\\/se-realizan-acciones-para-combatir-al-mosquito-del-dengue\\\/#breadcrumb\",\"itemListElement\":[{\"@type\":\"ListItem\",\"position\":1,\"name\":\"Portada\",\"item\":\"https:\\\/\\\/www.yucatanencorto.com\\\/noticias\\\/\"},{\"@type\":\"ListItem\",\"position\":2,\"name\":\"Se realizan acciones para combatir al mosquito del Dengue\"}]},{\"@type\":\"WebSite\",\"@id\":\"https:\\\/\\\/www.yucatanencorto.com\\\/noticias\\\/#website\",\"url\":\"https:\\\/\\\/www.yucatanencorto.com\\\/noticias\\\/\",\"name\":\"Yucat\u00e1n en corto\",\"description\":\"Noticias\",\"potentialAction\":[{\"@type\":\"SearchAction\",\"target\":{\"@type\":\"EntryPoint\",\"urlTemplate\":\"https:\\\/\\\/www.yucatanencorto.com\\\/noticias\\\/?s={search_term_string}\"},\"query-input\":{\"@type\":\"PropertyValueSpecification\",\"valueRequired\":true,\"valueName\":\"search_term_string\"}}],\"inLanguage\":\"es\"},{\"@type\":\"Person\",\"@id\":\"https:\\\/\\\/www.yucatanencorto.com\\\/noticias\\\/#\\\/schema\\\/person\\\/e2fbdfaf30a07014a43940ce989f3119\",\"name\":\"Redes\",\"image\":{\"@type\":\"ImageObject\",\"inLanguage\":\"es\",\"@id\":\"https:\\\/\\\/secure.gravatar.com\\\/avatar\\\/5931a2d21dd7cc834f44c8c34fe56d90ed6d536ef452cbf870c7485b524dddd7?s=96&d=mm&r=g\",\"url\":\"https:\\\/\\\/secure.gravatar.com\\\/avatar\\\/5931a2d21dd7cc834f44c8c34fe56d90ed6d536ef452cbf870c7485b524dddd7?s=96&d=mm&r=g\",\"contentUrl\":\"https:\\\/\\\/secure.gravatar.com\\\/avatar\\\/5931a2d21dd7cc834f44c8c34fe56d90ed6d536ef452cbf870c7485b524dddd7?s=96&d=mm&r=g\",\"caption\":\"Redes\"},\"url\":\"https:\\\/\\\/www.yucatanencorto.com\\\/noticias\\\/author\\\/redes\\\/\"}]}<\/script>\n<!-- \/ Yoast SEO plugin. -->","yoast_head_json":{"title":"Se realizan acciones para combatir al mosquito del Dengue - Yucat\u00e1n en corto","robots":{"index":"index","follow":"follow","max-snippet":"max-snippet:-1","max-image-preview":"max-image-preview:large","max-video-preview":"max-video-preview:-1"},"canonical":"https:\/\/www.yucatanencorto.com\/noticias\/se-realizan-acciones-para-combatir-al-mosquito-del-dengue\/","og_locale":"es_ES","og_type":"article","og_title":"Se realizan acciones para combatir al mosquito del Dengue - Yucat\u00e1n en corto","og_description":"M\u00e9rida, Yucat\u00e1n, 27 de junio de 2023.- Para fortalecer la estrategia de prevenci\u00f3n con el dengue, la Secretar\u00eda de Salud de Yucat\u00e1n (SSY) realiza acciones continuas en la capital del estado y en todo el estado en apego a la normatividad vigente inform\u00f3 el director de Prevenci\u00f3n y Protecci\u00f3n de la Salud, Carlos Isaac Hern\u00e1ndez [&hellip;]","og_url":"https:\/\/www.yucatanencorto.com\/noticias\/se-realizan-acciones-para-combatir-al-mosquito-del-dengue\/","og_site_name":"Yucat\u00e1n en corto","article_publisher":"http:\/\/www.facebook.com\/yucatanencorto","article_published_time":"2023-07-27T23:10:00+00:00","og_image":[{"width":768,"height":479,"url":"https:\/\/www.yucatanencorto.com\/noticias\/wp-content\/uploads\/2023\/07\/control-del-mosquito-del-dengue-scaled.jpg","type":"image\/jpeg"}],"author":"Redes","twitter_card":"summary_large_image","twitter_creator":"@yucatanencorto","twitter_site":"@yucatanencorto","twitter_misc":{"Escrito por":"Redes","Tiempo de lectura":"3 minutos"},"schema":{"@context":"https:\/\/schema.org","@graph":[{"@type":"Article","@id":"https:\/\/www.yucatanencorto.com\/noticias\/se-realizan-acciones-para-combatir-al-mosquito-del-dengue\/#article","isPartOf":{"@id":"https:\/\/www.yucatanencorto.com\/noticias\/se-realizan-acciones-para-combatir-al-mosquito-del-dengue\/"},"author":{"name":"Redes","@id":"https:\/\/www.yucatanencorto.com\/noticias\/#\/schema\/person\/e2fbdfaf30a07014a43940ce989f3119"},"headline":"Se realizan acciones para combatir al mosquito del Dengue","datePublished":"2023-07-27T23:10:00+00:00","mainEntityOfPage":{"@id":"https:\/\/www.yucatanencorto.com\/noticias\/se-realizan-acciones-para-combatir-al-mosquito-del-dengue\/"},"wordCount":594,"image":{"@id":"https:\/\/www.yucatanencorto.com\/noticias\/se-realizan-acciones-para-combatir-al-mosquito-del-dengue\/#primaryimage"},"thumbnailUrl":"https:\/\/www.yucatanencorto.com\/noticias\/wp-content\/uploads\/2023\/07\/control-del-mosquito-del-dengue-scaled.jpg","articleSection":["Yucat\u00e1n"],"inLanguage":"es"},{"@type":"WebPage","@id":"https:\/\/www.yucatanencorto.com\/noticias\/se-realizan-acciones-para-combatir-al-mosquito-del-dengue\/","url":"https:\/\/www.yucatanencorto.com\/noticias\/se-realizan-acciones-para-combatir-al-mosquito-del-dengue\/","name":"Se realizan acciones para combatir al mosquito del Dengue - Yucat\u00e1n en corto","isPartOf":{"@id":"https:\/\/www.yucatanencorto.com\/noticias\/#website"},"primaryImageOfPage":{"@id":"https:\/\/www.yucatanencorto.com\/noticias\/se-realizan-acciones-para-combatir-al-mosquito-del-dengue\/#primaryimage"},"image":{"@id":"https:\/\/www.yucatanencorto.com\/noticias\/se-realizan-acciones-para-combatir-al-mosquito-del-dengue\/#primaryimage"},"thumbnailUrl":"https:\/\/www.yucatanencorto.com\/noticias\/wp-content\/uploads\/2023\/07\/control-del-mosquito-del-dengue-scaled.jpg","datePublished":"2023-07-27T23:10:00+00:00","author":{"@id":"https:\/\/www.yucatanencorto.com\/noticias\/#\/schema\/person\/e2fbdfaf30a07014a43940ce989f3119"},"breadcrumb":{"@id":"https:\/\/www.yucatanencorto.com\/noticias\/se-realizan-acciones-para-combatir-al-mosquito-del-dengue\/#breadcrumb"},"inLanguage":"es","potentialAction":[{"@type":"ReadAction","target":["https:\/\/www.yucatanencorto.com\/noticias\/se-realizan-acciones-para-combatir-al-mosquito-del-dengue\/"]}]},{"@type":"ImageObject","inLanguage":"es","@id":"https:\/\/www.yucatanencorto.com\/noticias\/se-realizan-acciones-para-combatir-al-mosquito-del-dengue\/#primaryimage","url":"https:\/\/www.yucatanencorto.com\/noticias\/wp-content\/uploads\/2023\/07\/control-del-mosquito-del-dengue-scaled.jpg","contentUrl":"https:\/\/www.yucatanencorto.com\/noticias\/wp-content\/uploads\/2023\/07\/control-del-mosquito-del-dengue-scaled.jpg","width":768,"height":479},{"@type":"BreadcrumbList","@id":"https:\/\/www.yucatanencorto.com\/noticias\/se-realizan-acciones-para-combatir-al-mosquito-del-dengue\/#breadcrumb","itemListElement":[{"@type":"ListItem","position":1,"name":"Portada","item":"https:\/\/www.yucatanencorto.com\/noticias\/"},{"@type":"ListItem","position":2,"name":"Se realizan acciones para combatir al mosquito del Dengue"}]},{"@type":"WebSite","@id":"https:\/\/www.yucatanencorto.com\/noticias\/#website","url":"https:\/\/www.yucatanencorto.com\/noticias\/","name":"Yucat\u00e1n en corto","description":"Noticias","potentialAction":[{"@type":"SearchAction","target":{"@type":"EntryPoint","urlTemplate":"https:\/\/www.yucatanencorto.com\/noticias\/?s={search_term_string}"},"query-input":{"@type":"PropertyValueSpecification","valueRequired":true,"valueName":"search_term_string"}}],"inLanguage":"es"},{"@type":"Person","@id":"https:\/\/www.yucatanencorto.com\/noticias\/#\/schema\/person\/e2fbdfaf30a07014a43940ce989f3119","name":"Redes","image":{"@type":"ImageObject","inLanguage":"es","@id":"https:\/\/secure.gravatar.com\/avatar\/5931a2d21dd7cc834f44c8c34fe56d90ed6d536ef452cbf870c7485b524dddd7?s=96&d=mm&r=g","url":"https:\/\/secure.gravatar.com\/avatar\/5931a2d21dd7cc834f44c8c34fe56d90ed6d536ef452cbf870c7485b524dddd7?s=96&d=mm&r=g","contentUrl":"https:\/\/secure.gravatar.com\/avatar\/5931a2d21dd7cc834f44c8c34fe56d90ed6d536ef452cbf870c7485b524dddd7?s=96&d=mm&r=g","caption":"Redes"},"url":"https:\/\/www.yucatanencorto.com\/noticias\/author\/redes\/"}]}},"_links":{"self":[{"href":"https:\/\/www.yucatanencorto.com\/noticias\/wp-json\/wp\/v2\/posts\/99311","targetHints":{"allow":["GET"]}}],"collection":[{"href":"https:\/\/www.yucatanencorto.com\/noticias\/wp-json\/wp\/v2\/posts"}],"about":[{"href":"https:\/\/www.yucatanencorto.com\/noticias\/wp-json\/wp\/v2\/types\/post"}],"author":[{"embeddable":true,"href":"https:\/\/www.yucatanencorto.com\/noticias\/wp-json\/wp\/v2\/users\/3"}],"replies":[{"embeddable":true,"href":"https:\/\/www.yucatanencorto.com\/noticias\/wp-json\/wp\/v2\/comments?post=99311"}],"version-history":[{"count":0,"href":"https:\/\/www.yucatanencorto.com\/noticias\/wp-json\/wp\/v2\/posts\/99311\/revisions"}],"wp:featuredmedia":[{"embeddable":true,"href":"https:\/\/www.yucatanencorto.com\/noticias\/wp-json\/wp\/v2\/media\/99312"}],"wp:attachment":[{"href":"https:\/\/www.yucatanencorto.com\/noticias\/wp-json\/wp\/v2\/media?parent=99311"}],"wp:term":[{"taxonomy":"category","embeddable":true,"href":"https:\/\/www.yucatanencorto.com\/noticias\/wp-json\/wp\/v2\/categories?post=99311"},{"taxonomy":"post_tag","embeddable":true,"href":"https:\/\/www.yucatanencorto.com\/noticias\/wp-json\/wp\/v2\/tags?post=99311"}],"curies":[{"name":"wp","href":"https:\/\/api.w.org\/{rel}","templated":true}]}}