{"id":99318,"date":"2023-07-27T20:09:36","date_gmt":"2023-07-28T02:09:36","guid":{"rendered":"https:\/\/www.yucatanencorto.com\/noticias\/?p=99318"},"modified":"2023-07-27T20:09:36","modified_gmt":"2023-07-28T02:09:36","slug":"inauguran-parque-en-el-fraccionamiento-del-sur","status":"publish","type":"post","link":"https:\/\/www.yucatanencorto.com\/noticias\/inauguran-parque-en-el-fraccionamiento-del-sur\/","title":{"rendered":"Inauguran parque en el Fraccionamiento del Sur"},"content":{"rendered":"<p data-removefontsize=\"true\" data-originalcomputedfontsize=\"13.333333\"><img loading=\"lazy\" decoding=\"async\" class=\"alignnone size-full wp-image-99319\" src=\"https:\/\/www.yucatanencorto.com\/noticias\/wp-content\/uploads\/2023\/07\/IMG_3144-scaled.jpeg\" alt=\"\" width=\"768\" height=\"512\" srcset=\"https:\/\/www.yucatanencorto.com\/noticias\/wp-content\/uploads\/2023\/07\/IMG_3144-scaled.jpeg 768w, https:\/\/www.yucatanencorto.com\/noticias\/wp-content\/uploads\/2023\/07\/IMG_3144-696x464.jpeg 696w, https:\/\/www.yucatanencorto.com\/noticias\/wp-content\/uploads\/2023\/07\/IMG_3144-1068x712.jpeg 1068w, https:\/\/www.yucatanencorto.com\/noticias\/wp-content\/uploads\/2023\/07\/IMG_3144-630x420.jpeg 630w\" sizes=\"auto, (max-width: 768px) 100vw, 768px\" \/><br \/>\nM\u00e9rida, Yucat\u00e1n a 27 de julio de 2023.- Gracias a que en M\u00e9rida prevalece el trabajo integral entre la ciudadan\u00eda y el Ayuntamiento en materia de prevenci\u00f3n, atenci\u00f3n, resguardo y vigilancia de los espacios p\u00fablicos, implementamos m\u00e1s programas enfocados a fortalecer la cohesi\u00f3n social y la armon\u00eda entre las familias, asegur\u00f3 el Alcalde Ren\u00e1n Barrera Concha.<\/p>\n<p data-removefontsize=\"true\" data-originalcomputedfontsize=\"13.333333\">En la presentaci\u00f3n de la quinta generaci\u00f3n de Guardaparques que se realiz\u00f3 despu\u00e9s de la inauguraci\u00f3n del parque del Fraccionamiento del Sur, el Presidente Municipal se\u00f1al\u00f3 que de los 2,500 municipios del pa\u00eds, M\u00e9rida ocupa el s\u00e9ptimo lugar en la encuesta nacional de seguridad p\u00fablica, debido a que la ciudadan\u00eda califica la ciudad como un espacio donde se vive con tranquilidad y paz social.<\/p>\n<p data-removefontsize=\"true\" data-originalcomputedfontsize=\"13.333333\">\u00abCasi 8 de cada 10 ciudadanos se sienten seguros en esta ciudad. Sin seguridad y sin certeza jur\u00eddica no existe una sana convivencia y no existe inversi\u00f3n, por eso agradezco el trabajo de toda la ciudadan\u00eda y de todos los niveles de gobierno\u00bb subray\u00f3.<\/p>\n<p data-removefontsize=\"true\" data-originalcomputedfontsize=\"13.333333\">Acompa\u00f1ado de V\u00edctor Hugo Lozano Poveda, presidente de la Junta de Gobierno y Coordinaci\u00f3n Pol\u00edtica del Congreso del Estado de Yucat\u00e1n y la diputada federal Cecilia Patr\u00f3n Laviada, el Edil entreg\u00f3 a las y los vecinos este parque rehabilitado bajo el esquema de dise\u00f1o participativo.<\/p>\n<p data-removefontsize=\"true\" data-originalcomputedfontsize=\"13.333333\">Ante vecinas, vecinos, ni\u00f1as, ni\u00f1os y funcionarios p\u00fablicos de todos los niveles de gobierno, Barrera Concha inform\u00f3 que con este nuevo grupo de Guardaparques suman en total 127 elementos que se encargar\u00e1n de vigilar 63 parques distribuidos en los cuatro puntos cardinales de la ciudad.<\/p>\n<p data-removefontsize=\"true\" data-originalcomputedfontsize=\"13.333333\">Asimismo, agreg\u00f3 que la labor de monitoreo de los Guardaparques tambi\u00e9n ampliar\u00e1 su radio de acci\u00f3n de vigilancia en 153 espacios p\u00fablicos que no cuentan directamente con este servicio al momento de trasladarse de un punto a otro durante sus rondines.<\/p>\n<p data-removefontsize=\"true\" data-originalcomputedfontsize=\"13.333333\">\u00abLa seguridad es un tema que va de lo macro a lo micro y los guardaparques son los que est\u00e1n a cargo de ver qu\u00e9 la convivencia en un espacio p\u00fablico pueda ser garant\u00eda de seguridad para todas y todos\u00bb, acot\u00f3.<\/p>\n<p data-removefontsize=\"true\" data-originalcomputedfontsize=\"13.333333\">Record\u00f3 que desde el 2019, a\u00f1o en que se cre\u00f3 el programa de Guardaparques, se han recibido 8 mil 302 reportes de los cuales 5 mil 232 corresponden a la presente administraci\u00f3n.<\/p>\n<p data-removefontsize=\"true\" data-originalcomputedfontsize=\"13.333333\">\u201cLos reportes han sido principalmente en materia de primeros auxilios, erradicaci\u00f3n de las pintas, destrucci\u00f3n de \u00e1reas verdes, cuidado de mascotas, y otros reportes que van encaminados a Servicios P\u00fablico Municipales y Obras P\u00fablicas\u201d, detall\u00f3.<\/p>\n<p data-removefontsize=\"true\" data-originalcomputedfontsize=\"13.333333\">En representaci\u00f3n de sus compa\u00f1eros Cecilia Ram\u00edrez Urtecho, egresada de la quinta generaci\u00f3n de Guardaparques, invit\u00f3 a sus compa\u00f1eros a cumplir con el compromiso de cuidar los espacios p\u00fablicos.<\/p>\n<p data-removefontsize=\"true\" data-originalcomputedfontsize=\"13.333333\">\u201cSabemos la gran responsabilidad que tenemos por lo que nos comprometemos a poner toda nuestra dedicaci\u00f3n y entrega a esta noble tarea, hay que procurar que los espacios p\u00fablicos se conviertan en los lugares neur\u00e1lgicos de colonias y fraccionamiento de la ciudad en donde los vecinos se re\u00fanan convivan y se diviertan\u201d, sostuvo.<\/p>\n<p data-removefontsize=\"true\" data-originalcomputedfontsize=\"13.333333\">\u00a0A su vez, Benjam\u00edn Millet Molina, Secretario T\u00e9cnico del Programa Guardaparques, precis\u00f3 que en esta ocasi\u00f3n entran en operatividad 25 guardaparques, 16 hombres y 9 mujeres quienes iniciaron con el proceso de formaci\u00f3n el pasado mes de abril.<\/p>\n<p data-removefontsize=\"true\" data-originalcomputedfontsize=\"13.333333\">\u201cEste grupo que se suma a los 102 elementos existentes, se encargaran de cubrir 11 parques adicionales: Parque \u00c1lamos del Sur, Parque Santa Rosa, Parque Alborada, Parque Roble II, Parque Azcorra, Parque San Pablo Uxmal, Parque Mulsay, Parque El Rosario, Parque Montes de Ame, Parque de la colonia Maya, Parque La Florida\u201d, precis\u00f3.<\/p>\n<p data-removefontsize=\"true\" data-originalcomputedfontsize=\"13.333333\">Millet Molina indic\u00f3 que los nuevos elementos recibieron 200 horas de capacitaci\u00f3n en temas referente a manejo y conducci\u00f3n; protecci\u00f3n civil; defensa personal; primeros auxilios; proximidad social; marco jur\u00eddico; inducci\u00f3n al ayuntamiento; arbolado urbano; radiocomunicaci\u00f3n; geograf\u00eda municipal; y parques arqueol\u00f3gicos, entre otros.<\/p>\n<p data-removefontsize=\"true\" data-originalcomputedfontsize=\"13.333333\">\u201cEn esta nueva etapa se tuvo una inversi\u00f3n de 427 mil 650 pesos para la adquisici\u00f3n de 5 motocicletas, 5 bicicletas \u201cJaguar\u201d, 15 equipos de radio de comunicaci\u00f3n, 25 fornituras, 25 linternas y nuevos uniformes\u201d, a\u00f1adi\u00f3.<\/p>\n<p data-removefontsize=\"true\" data-originalcomputedfontsize=\"13.333333\">Cabe mencionar que adem\u00e1s de estos equipos la empresa financiera Dinercap colabor\u00f3 con la donaci\u00f3n de 6 scooters modelo LX ES X9, motor 350 watts, velocidad 25 km, luces traseras y frontales, frenos de disco trasero, bater\u00eda de 7,500 mah (miliamperios) led display que se entregaron a los Guardaparques para reforzar su labor. Los equipos fueron adquiridos gracias a los clientes que pagaron su impuesto predial con la tarjeta de cr\u00e9dito DINERCAP.<\/p>\n<p><strong data-removefontsize=\"true\" data-originalcomputedfontsize=\"13.333333\">Inauguraci\u00f3n del parque del fraccionamiento del Sur<\/strong><\/p>\n<p data-removefontsize=\"true\" data-originalcomputedfontsize=\"13.333333\">En el marco del evento, el Alcalde Ren\u00e1n Barrera inaugur\u00f3 el parque del fraccionamiento del Sur, proyecto que se realiz\u00f3 mediante el programa de dise\u00f1o participativo y con recursos del ramo 33 para beneficio de 4,503 personas que habitan por la zona.<\/p>\n<p data-removefontsize=\"true\" data-originalcomputedfontsize=\"13.333333\">Barrera Concha se\u00f1al\u00f3 que con esta obra se han rehabilitado en total 25 parques en las administraciones 2018-2021 y 2021-2024 con la participaci\u00f3n de 2 mil personas, quienes a trav\u00e9s de este programa han incidido de manera directa en estos proyectos participativo.<\/p>\n<p data-removefontsize=\"true\" data-originalcomputedfontsize=\"13.333333\">Resalt\u00f3 que los parques atendidos pertenecen a la Comisar\u00eda Caucel, Real Montejo, Francisco de Montejo, Santa Gertrudis Cop\u00f3, Jos\u00e9 Maria Iturralde, Pol\u00edgono 108, Brisas, Paseos de Opich\u00e9n, Santa Cruz, Guadalupana, San Jos\u00e9 Tzal, Miraflores, Cholul, Parque Eco arqueol\u00f3gico de Xocl\u00e1n, Nora- Ya\u00e1xtal, Mulsay-Ya\u00b4axtal, Montes Am\u00e9, Felipe Carrillo Puerto, Sitpach y Fraccionamiento del Sur<\/p>\n<p data-removefontsize=\"true\" data-originalcomputedfontsize=\"13.333333\">Finalmente, dijo que actualmente 5 parques de dise\u00f1o participativo est\u00e1n en proceso de construcci\u00f3n en los fraccionamientos y colonias Las Am\u00e9ricas, Vergel, Jardines de M\u00e9rida, San Jos\u00e9 Tzal y Castilla C\u00e1mara.<\/p>\n","protected":false},"excerpt":{"rendered":"<p>M\u00e9rida, Yucat\u00e1n a 27 de julio de 2023.- Gracias a que en M\u00e9rida prevalece el trabajo integral entre la ciudadan\u00eda y el Ayuntamiento en materia de prevenci\u00f3n, atenci\u00f3n, resguardo y vigilancia de los espacios p\u00fablicos, implementamos m\u00e1s programas enfocados a fortalecer la cohesi\u00f3n social y la armon\u00eda entre las familias, asegur\u00f3 el Alcalde Ren\u00e1n Barrera [&hellip;]<\/p>\n","protected":false},"author":3,"featured_media":99319,"comment_status":"closed","ping_status":"closed","sticky":false,"template":"","format":"standard","meta":{"footnotes":""},"categories":[2],"tags":[],"class_list":{"0":"post-99318","1":"post","2":"type-post","3":"status-publish","4":"format-standard","5":"has-post-thumbnail","7":"category-merida"},"yoast_head":"<!-- This site is optimized with the Yoast SEO plugin v27.4 - https:\/\/yoast.com\/product\/yoast-seo-wordpress\/ -->\n<title>Inauguran parque en el Fraccionamiento del Sur - Yucat\u00e1n en corto<\/title>\n<meta name=\"robots\" content=\"index, follow, max-snippet:-1, max-image-preview:large, max-video-preview:-1\" \/>\n<link rel=\"canonical\" href=\"https:\/\/www.yucatanencorto.com\/noticias\/inauguran-parque-en-el-fraccionamiento-del-sur\/\" \/>\n<meta property=\"og:locale\" content=\"es_ES\" \/>\n<meta property=\"og:type\" content=\"article\" \/>\n<meta property=\"og:title\" content=\"Inauguran parque en el Fraccionamiento del Sur - Yucat\u00e1n en corto\" \/>\n<meta property=\"og:description\" content=\"M\u00e9rida, Yucat\u00e1n a 27 de julio de 2023.- Gracias a que en M\u00e9rida prevalece el trabajo integral entre la ciudadan\u00eda y el Ayuntamiento en materia de prevenci\u00f3n, atenci\u00f3n, resguardo y vigilancia de los espacios p\u00fablicos, implementamos m\u00e1s programas enfocados a fortalecer la cohesi\u00f3n social y la armon\u00eda entre las familias, asegur\u00f3 el Alcalde Ren\u00e1n Barrera [&hellip;]\" \/>\n<meta property=\"og:url\" content=\"https:\/\/www.yucatanencorto.com\/noticias\/inauguran-parque-en-el-fraccionamiento-del-sur\/\" \/>\n<meta property=\"og:site_name\" content=\"Yucat\u00e1n en corto\" \/>\n<meta property=\"article:publisher\" content=\"http:\/\/www.facebook.com\/yucatanencorto\" \/>\n<meta property=\"article:published_time\" content=\"2023-07-28T02:09:36+00:00\" \/>\n<meta property=\"og:image\" content=\"https:\/\/www.yucatanencorto.com\/noticias\/wp-content\/uploads\/2023\/07\/IMG_3144-scaled.jpeg\" \/>\n\t<meta property=\"og:image:width\" content=\"768\" \/>\n\t<meta property=\"og:image:height\" content=\"512\" \/>\n\t<meta property=\"og:image:type\" content=\"image\/jpeg\" \/>\n<meta name=\"author\" content=\"Redes\" \/>\n<meta name=\"twitter:card\" content=\"summary_large_image\" \/>\n<meta name=\"twitter:creator\" content=\"@yucatanencorto\" \/>\n<meta name=\"twitter:site\" content=\"@yucatanencorto\" \/>\n<meta name=\"twitter:label1\" content=\"Escrito por\" \/>\n\t<meta name=\"twitter:data1\" content=\"Redes\" \/>\n\t<meta name=\"twitter:label2\" content=\"Tiempo de lectura\" \/>\n\t<meta name=\"twitter:data2\" content=\"5 minutos\" \/>\n<script type=\"application\/ld+json\" class=\"yoast-schema-graph\">{\"@context\":\"https:\\\/\\\/schema.org\",\"@graph\":[{\"@type\":\"Article\",\"@id\":\"https:\\\/\\\/www.yucatanencorto.com\\\/noticias\\\/inauguran-parque-en-el-fraccionamiento-del-sur\\\/#article\",\"isPartOf\":{\"@id\":\"https:\\\/\\\/www.yucatanencorto.com\\\/noticias\\\/inauguran-parque-en-el-fraccionamiento-del-sur\\\/\"},\"author\":{\"name\":\"Redes\",\"@id\":\"https:\\\/\\\/www.yucatanencorto.com\\\/noticias\\\/#\\\/schema\\\/person\\\/e2fbdfaf30a07014a43940ce989f3119\"},\"headline\":\"Inauguran parque en el Fraccionamiento del Sur\",\"datePublished\":\"2023-07-28T02:09:36+00:00\",\"mainEntityOfPage\":{\"@id\":\"https:\\\/\\\/www.yucatanencorto.com\\\/noticias\\\/inauguran-parque-en-el-fraccionamiento-del-sur\\\/\"},\"wordCount\":969,\"image\":{\"@id\":\"https:\\\/\\\/www.yucatanencorto.com\\\/noticias\\\/inauguran-parque-en-el-fraccionamiento-del-sur\\\/#primaryimage\"},\"thumbnailUrl\":\"https:\\\/\\\/www.yucatanencorto.com\\\/noticias\\\/wp-content\\\/uploads\\\/2023\\\/07\\\/IMG_3144-scaled.jpeg\",\"articleSection\":[\"M\u00e9rida\"],\"inLanguage\":\"es\"},{\"@type\":\"WebPage\",\"@id\":\"https:\\\/\\\/www.yucatanencorto.com\\\/noticias\\\/inauguran-parque-en-el-fraccionamiento-del-sur\\\/\",\"url\":\"https:\\\/\\\/www.yucatanencorto.com\\\/noticias\\\/inauguran-parque-en-el-fraccionamiento-del-sur\\\/\",\"name\":\"Inauguran parque en el Fraccionamiento del Sur - Yucat\u00e1n en corto\",\"isPartOf\":{\"@id\":\"https:\\\/\\\/www.yucatanencorto.com\\\/noticias\\\/#website\"},\"primaryImageOfPage\":{\"@id\":\"https:\\\/\\\/www.yucatanencorto.com\\\/noticias\\\/inauguran-parque-en-el-fraccionamiento-del-sur\\\/#primaryimage\"},\"image\":{\"@id\":\"https:\\\/\\\/www.yucatanencorto.com\\\/noticias\\\/inauguran-parque-en-el-fraccionamiento-del-sur\\\/#primaryimage\"},\"thumbnailUrl\":\"https:\\\/\\\/www.yucatanencorto.com\\\/noticias\\\/wp-content\\\/uploads\\\/2023\\\/07\\\/IMG_3144-scaled.jpeg\",\"datePublished\":\"2023-07-28T02:09:36+00:00\",\"author\":{\"@id\":\"https:\\\/\\\/www.yucatanencorto.com\\\/noticias\\\/#\\\/schema\\\/person\\\/e2fbdfaf30a07014a43940ce989f3119\"},\"breadcrumb\":{\"@id\":\"https:\\\/\\\/www.yucatanencorto.com\\\/noticias\\\/inauguran-parque-en-el-fraccionamiento-del-sur\\\/#breadcrumb\"},\"inLanguage\":\"es\",\"potentialAction\":[{\"@type\":\"ReadAction\",\"target\":[\"https:\\\/\\\/www.yucatanencorto.com\\\/noticias\\\/inauguran-parque-en-el-fraccionamiento-del-sur\\\/\"]}]},{\"@type\":\"ImageObject\",\"inLanguage\":\"es\",\"@id\":\"https:\\\/\\\/www.yucatanencorto.com\\\/noticias\\\/inauguran-parque-en-el-fraccionamiento-del-sur\\\/#primaryimage\",\"url\":\"https:\\\/\\\/www.yucatanencorto.com\\\/noticias\\\/wp-content\\\/uploads\\\/2023\\\/07\\\/IMG_3144-scaled.jpeg\",\"contentUrl\":\"https:\\\/\\\/www.yucatanencorto.com\\\/noticias\\\/wp-content\\\/uploads\\\/2023\\\/07\\\/IMG_3144-scaled.jpeg\",\"width\":768,\"height\":512},{\"@type\":\"BreadcrumbList\",\"@id\":\"https:\\\/\\\/www.yucatanencorto.com\\\/noticias\\\/inauguran-parque-en-el-fraccionamiento-del-sur\\\/#breadcrumb\",\"itemListElement\":[{\"@type\":\"ListItem\",\"position\":1,\"name\":\"Portada\",\"item\":\"https:\\\/\\\/www.yucatanencorto.com\\\/noticias\\\/\"},{\"@type\":\"ListItem\",\"position\":2,\"name\":\"Inauguran parque en el Fraccionamiento del Sur\"}]},{\"@type\":\"WebSite\",\"@id\":\"https:\\\/\\\/www.yucatanencorto.com\\\/noticias\\\/#website\",\"url\":\"https:\\\/\\\/www.yucatanencorto.com\\\/noticias\\\/\",\"name\":\"Yucat\u00e1n en corto\",\"description\":\"Noticias\",\"potentialAction\":[{\"@type\":\"SearchAction\",\"target\":{\"@type\":\"EntryPoint\",\"urlTemplate\":\"https:\\\/\\\/www.yucatanencorto.com\\\/noticias\\\/?s={search_term_string}\"},\"query-input\":{\"@type\":\"PropertyValueSpecification\",\"valueRequired\":true,\"valueName\":\"search_term_string\"}}],\"inLanguage\":\"es\"},{\"@type\":\"Person\",\"@id\":\"https:\\\/\\\/www.yucatanencorto.com\\\/noticias\\\/#\\\/schema\\\/person\\\/e2fbdfaf30a07014a43940ce989f3119\",\"name\":\"Redes\",\"image\":{\"@type\":\"ImageObject\",\"inLanguage\":\"es\",\"@id\":\"https:\\\/\\\/secure.gravatar.com\\\/avatar\\\/5931a2d21dd7cc834f44c8c34fe56d90ed6d536ef452cbf870c7485b524dddd7?s=96&d=mm&r=g\",\"url\":\"https:\\\/\\\/secure.gravatar.com\\\/avatar\\\/5931a2d21dd7cc834f44c8c34fe56d90ed6d536ef452cbf870c7485b524dddd7?s=96&d=mm&r=g\",\"contentUrl\":\"https:\\\/\\\/secure.gravatar.com\\\/avatar\\\/5931a2d21dd7cc834f44c8c34fe56d90ed6d536ef452cbf870c7485b524dddd7?s=96&d=mm&r=g\",\"caption\":\"Redes\"},\"url\":\"https:\\\/\\\/www.yucatanencorto.com\\\/noticias\\\/author\\\/redes\\\/\"}]}<\/script>\n<!-- \/ Yoast SEO plugin. -->","yoast_head_json":{"title":"Inauguran parque en el Fraccionamiento del Sur - Yucat\u00e1n en corto","robots":{"index":"index","follow":"follow","max-snippet":"max-snippet:-1","max-image-preview":"max-image-preview:large","max-video-preview":"max-video-preview:-1"},"canonical":"https:\/\/www.yucatanencorto.com\/noticias\/inauguran-parque-en-el-fraccionamiento-del-sur\/","og_locale":"es_ES","og_type":"article","og_title":"Inauguran parque en el Fraccionamiento del Sur - Yucat\u00e1n en corto","og_description":"M\u00e9rida, Yucat\u00e1n a 27 de julio de 2023.- Gracias a que en M\u00e9rida prevalece el trabajo integral entre la ciudadan\u00eda y el Ayuntamiento en materia de prevenci\u00f3n, atenci\u00f3n, resguardo y vigilancia de los espacios p\u00fablicos, implementamos m\u00e1s programas enfocados a fortalecer la cohesi\u00f3n social y la armon\u00eda entre las familias, asegur\u00f3 el Alcalde Ren\u00e1n Barrera [&hellip;]","og_url":"https:\/\/www.yucatanencorto.com\/noticias\/inauguran-parque-en-el-fraccionamiento-del-sur\/","og_site_name":"Yucat\u00e1n en corto","article_publisher":"http:\/\/www.facebook.com\/yucatanencorto","article_published_time":"2023-07-28T02:09:36+00:00","og_image":[{"width":768,"height":512,"url":"https:\/\/www.yucatanencorto.com\/noticias\/wp-content\/uploads\/2023\/07\/IMG_3144-scaled.jpeg","type":"image\/jpeg"}],"author":"Redes","twitter_card":"summary_large_image","twitter_creator":"@yucatanencorto","twitter_site":"@yucatanencorto","twitter_misc":{"Escrito por":"Redes","Tiempo de lectura":"5 minutos"},"schema":{"@context":"https:\/\/schema.org","@graph":[{"@type":"Article","@id":"https:\/\/www.yucatanencorto.com\/noticias\/inauguran-parque-en-el-fraccionamiento-del-sur\/#article","isPartOf":{"@id":"https:\/\/www.yucatanencorto.com\/noticias\/inauguran-parque-en-el-fraccionamiento-del-sur\/"},"author":{"name":"Redes","@id":"https:\/\/www.yucatanencorto.com\/noticias\/#\/schema\/person\/e2fbdfaf30a07014a43940ce989f3119"},"headline":"Inauguran parque en el Fraccionamiento del Sur","datePublished":"2023-07-28T02:09:36+00:00","mainEntityOfPage":{"@id":"https:\/\/www.yucatanencorto.com\/noticias\/inauguran-parque-en-el-fraccionamiento-del-sur\/"},"wordCount":969,"image":{"@id":"https:\/\/www.yucatanencorto.com\/noticias\/inauguran-parque-en-el-fraccionamiento-del-sur\/#primaryimage"},"thumbnailUrl":"https:\/\/www.yucatanencorto.com\/noticias\/wp-content\/uploads\/2023\/07\/IMG_3144-scaled.jpeg","articleSection":["M\u00e9rida"],"inLanguage":"es"},{"@type":"WebPage","@id":"https:\/\/www.yucatanencorto.com\/noticias\/inauguran-parque-en-el-fraccionamiento-del-sur\/","url":"https:\/\/www.yucatanencorto.com\/noticias\/inauguran-parque-en-el-fraccionamiento-del-sur\/","name":"Inauguran parque en el Fraccionamiento del Sur - Yucat\u00e1n en corto","isPartOf":{"@id":"https:\/\/www.yucatanencorto.com\/noticias\/#website"},"primaryImageOfPage":{"@id":"https:\/\/www.yucatanencorto.com\/noticias\/inauguran-parque-en-el-fraccionamiento-del-sur\/#primaryimage"},"image":{"@id":"https:\/\/www.yucatanencorto.com\/noticias\/inauguran-parque-en-el-fraccionamiento-del-sur\/#primaryimage"},"thumbnailUrl":"https:\/\/www.yucatanencorto.com\/noticias\/wp-content\/uploads\/2023\/07\/IMG_3144-scaled.jpeg","datePublished":"2023-07-28T02:09:36+00:00","author":{"@id":"https:\/\/www.yucatanencorto.com\/noticias\/#\/schema\/person\/e2fbdfaf30a07014a43940ce989f3119"},"breadcrumb":{"@id":"https:\/\/www.yucatanencorto.com\/noticias\/inauguran-parque-en-el-fraccionamiento-del-sur\/#breadcrumb"},"inLanguage":"es","potentialAction":[{"@type":"ReadAction","target":["https:\/\/www.yucatanencorto.com\/noticias\/inauguran-parque-en-el-fraccionamiento-del-sur\/"]}]},{"@type":"ImageObject","inLanguage":"es","@id":"https:\/\/www.yucatanencorto.com\/noticias\/inauguran-parque-en-el-fraccionamiento-del-sur\/#primaryimage","url":"https:\/\/www.yucatanencorto.com\/noticias\/wp-content\/uploads\/2023\/07\/IMG_3144-scaled.jpeg","contentUrl":"https:\/\/www.yucatanencorto.com\/noticias\/wp-content\/uploads\/2023\/07\/IMG_3144-scaled.jpeg","width":768,"height":512},{"@type":"BreadcrumbList","@id":"https:\/\/www.yucatanencorto.com\/noticias\/inauguran-parque-en-el-fraccionamiento-del-sur\/#breadcrumb","itemListElement":[{"@type":"ListItem","position":1,"name":"Portada","item":"https:\/\/www.yucatanencorto.com\/noticias\/"},{"@type":"ListItem","position":2,"name":"Inauguran parque en el Fraccionamiento del Sur"}]},{"@type":"WebSite","@id":"https:\/\/www.yucatanencorto.com\/noticias\/#website","url":"https:\/\/www.yucatanencorto.com\/noticias\/","name":"Yucat\u00e1n en corto","description":"Noticias","potentialAction":[{"@type":"SearchAction","target":{"@type":"EntryPoint","urlTemplate":"https:\/\/www.yucatanencorto.com\/noticias\/?s={search_term_string}"},"query-input":{"@type":"PropertyValueSpecification","valueRequired":true,"valueName":"search_term_string"}}],"inLanguage":"es"},{"@type":"Person","@id":"https:\/\/www.yucatanencorto.com\/noticias\/#\/schema\/person\/e2fbdfaf30a07014a43940ce989f3119","name":"Redes","image":{"@type":"ImageObject","inLanguage":"es","@id":"https:\/\/secure.gravatar.com\/avatar\/5931a2d21dd7cc834f44c8c34fe56d90ed6d536ef452cbf870c7485b524dddd7?s=96&d=mm&r=g","url":"https:\/\/secure.gravatar.com\/avatar\/5931a2d21dd7cc834f44c8c34fe56d90ed6d536ef452cbf870c7485b524dddd7?s=96&d=mm&r=g","contentUrl":"https:\/\/secure.gravatar.com\/avatar\/5931a2d21dd7cc834f44c8c34fe56d90ed6d536ef452cbf870c7485b524dddd7?s=96&d=mm&r=g","caption":"Redes"},"url":"https:\/\/www.yucatanencorto.com\/noticias\/author\/redes\/"}]}},"_links":{"self":[{"href":"https:\/\/www.yucatanencorto.com\/noticias\/wp-json\/wp\/v2\/posts\/99318","targetHints":{"allow":["GET"]}}],"collection":[{"href":"https:\/\/www.yucatanencorto.com\/noticias\/wp-json\/wp\/v2\/posts"}],"about":[{"href":"https:\/\/www.yucatanencorto.com\/noticias\/wp-json\/wp\/v2\/types\/post"}],"author":[{"embeddable":true,"href":"https:\/\/www.yucatanencorto.com\/noticias\/wp-json\/wp\/v2\/users\/3"}],"replies":[{"embeddable":true,"href":"https:\/\/www.yucatanencorto.com\/noticias\/wp-json\/wp\/v2\/comments?post=99318"}],"version-history":[{"count":0,"href":"https:\/\/www.yucatanencorto.com\/noticias\/wp-json\/wp\/v2\/posts\/99318\/revisions"}],"wp:featuredmedia":[{"embeddable":true,"href":"https:\/\/www.yucatanencorto.com\/noticias\/wp-json\/wp\/v2\/media\/99319"}],"wp:attachment":[{"href":"https:\/\/www.yucatanencorto.com\/noticias\/wp-json\/wp\/v2\/media?parent=99318"}],"wp:term":[{"taxonomy":"category","embeddable":true,"href":"https:\/\/www.yucatanencorto.com\/noticias\/wp-json\/wp\/v2\/categories?post=99318"},{"taxonomy":"post_tag","embeddable":true,"href":"https:\/\/www.yucatanencorto.com\/noticias\/wp-json\/wp\/v2\/tags?post=99318"}],"curies":[{"name":"wp","href":"https:\/\/api.w.org\/{rel}","templated":true}]}}