{"id":99328,"date":"2023-07-28T15:57:19","date_gmt":"2023-07-28T21:57:19","guid":{"rendered":"https:\/\/www.yucatanencorto.com\/noticias\/?p=99328"},"modified":"2023-07-28T15:57:19","modified_gmt":"2023-07-28T21:57:19","slug":"supervisan-trabajos-del-gran-parque-de-la-plancha","status":"publish","type":"post","link":"https:\/\/www.yucatanencorto.com\/noticias\/supervisan-trabajos-del-gran-parque-de-la-plancha\/","title":{"rendered":"Supervisan trabajos del Gran Parque de la Plancha"},"content":{"rendered":"<p><img loading=\"lazy\" decoding=\"async\" class=\"alignnone size-full wp-image-99329\" src=\"https:\/\/www.yucatanencorto.com\/noticias\/wp-content\/uploads\/2023\/07\/d18944ce-869b-4518-90d8-ead785a75fa3-scaled.jpeg\" alt=\"\" width=\"768\" height=\"512\" srcset=\"https:\/\/www.yucatanencorto.com\/noticias\/wp-content\/uploads\/2023\/07\/d18944ce-869b-4518-90d8-ead785a75fa3-scaled.jpeg 768w, https:\/\/www.yucatanencorto.com\/noticias\/wp-content\/uploads\/2023\/07\/d18944ce-869b-4518-90d8-ead785a75fa3-696x464.jpeg 696w, https:\/\/www.yucatanencorto.com\/noticias\/wp-content\/uploads\/2023\/07\/d18944ce-869b-4518-90d8-ead785a75fa3-1068x712.jpeg 1068w, https:\/\/www.yucatanencorto.com\/noticias\/wp-content\/uploads\/2023\/07\/d18944ce-869b-4518-90d8-ead785a75fa3-630x420.jpeg 630w\" sizes=\"auto, (max-width: 768px) 100vw, 768px\" \/><\/p>\n<p>M\u00e9rida, Yucat\u00e1n, 28 de julio de 2023.- Los trabajos de construcci\u00f3n del Gran Parque de la Plancha contin\u00faan desarroll\u00e1ndose favorablemente seg\u00fan lo programado y ya registran un avance de m\u00e1s del 85%, as\u00ed lo constat\u00f3 el Gobernador Mauricio Vila Dosal durante una visita de observaci\u00f3n que realiz\u00f3 por este espacio, resultado de la cooperaci\u00f3n con los Gobiernos federal y municipal, que se convertir\u00e1 en un lugar de convivencia familiar, con importantes atractivos para seguir impulsando el turismo y la econom\u00eda local.<\/p>\n<p>Junto al comandante de la X Regi\u00f3n Militar, General de Divisi\u00f3n Homero Mendoza Ruiz, Vila Dosal camin\u00f3 por las principales \u00e1reas que conforman este proyecto que representa una inversi\u00f3n de m\u00e1s de mil 300 millones de pesos y en sus m\u00e1s de 22 hect\u00e1reas de superficie contar\u00e1 con un gran abanico de atractivos y \u00e1reas para la sana convivencia y recreaci\u00f3n de locales y quienes visiten Yucat\u00e1n.<\/p>\n<p>Acompa\u00f1ado de Alcalde de M\u00e9rida, Ren\u00e1n Barrera Concha, el Gobernador tambi\u00e9n visit\u00f3 el andador lineal, la zona de vagones y aquellas en que habr\u00e1 importantes atractivos, como el Mercado Gastron\u00f3mico, el Skatepark, el Museo, andador circular, lago artificial, auditorio y anfiteatro.<\/p>\n<p>Con las explicaciones del residente de obra, Coronel Ingeniero Constructor, Herminio Jim\u00e9nez Vel\u00e1zquez, Vila Dosal observ\u00f3 el estado de la ciclopista y los jardines donde ya crece el pasto y se plantaron parte de los 500 \u00e1rboles que se sembrar\u00e1n, as\u00ed como el asta bandera de casi 50 metros que ondear\u00e1 la Bandera Nacional en el interior del Parque.<\/p>\n<p>Cabe recordar que toda el \u00e1rea se divide en 4 secciones, con \u00e1reas verdes, andadores techados, ciclopistas, anfiteatro para 10 mil personas, malec\u00f3n, zona de Mascotas (Pet Park), gimnasio al aire libre y \u00e1reas deportivas, ciclov\u00eda, \u00e1reas de viviendas reubicadas, Museo de la Luz, Museo del Ferrocarril, 8 \u00e1reas de juegos infantiles, pista de patinaje y una estaci\u00f3n del Ie-Tram que llevar\u00e1 a pasajeros que lleguen en el Tren Maya a Teya y que vayan al centro de la ciudad.<\/p>\n<p>La primera secci\u00f3n albergar\u00e1 el gimnasio al aire libre, las concesiones de vagones y la casa de m\u00e1quinas; en la segunda, se encontrar\u00e1n los juegos infantiles, una fuente interactiva y los comedores; en la tercera, estar\u00e1 el acceso, el espejo de agua, un skate park, un pet park y un mercado gastron\u00f3mico y en el cuarto, se ubicar\u00e1 el anfiteatro, juegos infantiles y un gran lago.<\/p>\n<p>Contar\u00e1 con andador lineal de 712 metros y otro circular, mirador, concesiones de 8 vagones, fuente interactiva, anfiteatro con capacidad para 10,000 personas, lago artificial, espejo de agua, 4 m\u00f3dulos de ba\u00f1os, sendero recreativo de 2 kil\u00f3metros, pista de patinaje y malec\u00f3n; Mercado Gastron\u00f3mico con isla, oficina administrativa, 5 restaurantes y 41 locales, y los Museos del Ferrocarril y la Luz, de 1,249 y 5,094 metros cuadrados, respectivamente.<\/p>\n<p>Igualmente, estacionamiento con 301 cajones; jard\u00edn deportivo con cancha de usos m\u00faltiples para futbol r\u00e1pido, tocho, voleibol, etc\u00e9tera; gimnasio al aire libre; parque de mascotas con superficie de 1,562 metros; 4 zonas de juegos infantiles.<\/p>\n<p>Entre los beneficios de este plan, destacan que dar\u00e1 mejor uso a un \u00e1rea con mucha historia para hacerla parte del presente y futuro de la entidad, como sitio de convivencia donde las familias disfrutar\u00e1n actividades deportivas, recreativas, culturales y educativas, a la vez que incrementar\u00e1 el n\u00famero de visitantes y se aprovechar\u00e1 la oferta hotelera existente.<\/p>\n<p>Posteriormente, el Gobernador Mauricio Vila Dosal constat\u00f3 los avances en la construcci\u00f3n de la estaci\u00f3n del Ie-Tram, ubicada en el Gran Parque La Plancha, donde converger\u00e1n las 3 rutas de este transporte p\u00fablico 100% el\u00e9ctrico y \u00fanico en su tipo en Latinoam\u00e9rica.<\/p>\n<p>Acompa\u00f1ado del titular del director del director del Instituto de Movilidad de Desarrollo Urbano Territorial (IMDUT), Rafael Hern\u00e1ndez Kotasek, Vila Dosal supervis\u00f3 las labores que ah\u00ed se realizan como parte de esta obra que representa una inversi\u00f3n de m\u00e1s de 74 millones de pesos.<\/p>\n<p>Este espacio incluir\u00e1 patio de carga, 5 bah\u00edas para autobuses, puertas de acceso a las bah\u00edas con validadores para pago electr\u00f3nico, amplias salas de espera, segundo piso para el centro de control, as\u00ed como monitoreo del Ie-Tram.<\/p>\n<p>Al respecto, el director del Instituto de Infraestructura Carretera de Yucat\u00e1n (INCAY), Sergio Augusto Chan Lugo, indic\u00f3 que los trabajos que se est\u00e1n realizando en esta obra consisten en las acciones preliminares, terracer\u00edas, plaza de acceso, instalaciones el\u00e9ctricas de media, baja tensi\u00f3n y tierra f\u00edsica.<\/p>\n<p>De igual manera, en la colocaci\u00f3n de instalaciones sanitarias, de tipo hidr\u00e1ulica, colocaci\u00f3n de voz y datos, sistema contra incendios, sistema pluvial, construcci\u00f3n de andenes etapa 1, pozos pluviales y sistema de iluminaci\u00f3n aut\u00f3nomos con tecnolog\u00eda LED nuevos.<\/p>\n","protected":false},"excerpt":{"rendered":"<p>M\u00e9rida, Yucat\u00e1n, 28 de julio de 2023.- Los trabajos de construcci\u00f3n del Gran Parque de la Plancha contin\u00faan desarroll\u00e1ndose favorablemente seg\u00fan lo programado y ya registran un avance de m\u00e1s del 85%, as\u00ed lo constat\u00f3 el Gobernador Mauricio Vila Dosal durante una visita de observaci\u00f3n que realiz\u00f3 por este espacio, resultado de la cooperaci\u00f3n con [&hellip;]<\/p>\n","protected":false},"author":3,"featured_media":99329,"comment_status":"closed","ping_status":"closed","sticky":false,"template":"","format":"standard","meta":{"footnotes":""},"categories":[3],"tags":[],"class_list":{"0":"post-99328","1":"post","2":"type-post","3":"status-publish","4":"format-standard","5":"has-post-thumbnail","7":"category-yucatan"},"yoast_head":"<!-- This site is optimized with the Yoast SEO plugin v27.4 - https:\/\/yoast.com\/product\/yoast-seo-wordpress\/ -->\n<title>Supervisan trabajos del Gran Parque de la Plancha - Yucat\u00e1n en corto<\/title>\n<meta name=\"robots\" content=\"index, follow, max-snippet:-1, max-image-preview:large, max-video-preview:-1\" \/>\n<link rel=\"canonical\" href=\"https:\/\/www.yucatanencorto.com\/noticias\/supervisan-trabajos-del-gran-parque-de-la-plancha\/\" \/>\n<meta property=\"og:locale\" content=\"es_ES\" \/>\n<meta property=\"og:type\" content=\"article\" \/>\n<meta property=\"og:title\" content=\"Supervisan trabajos del Gran Parque de la Plancha - Yucat\u00e1n en corto\" \/>\n<meta property=\"og:description\" content=\"M\u00e9rida, Yucat\u00e1n, 28 de julio de 2023.- Los trabajos de construcci\u00f3n del Gran Parque de la Plancha contin\u00faan desarroll\u00e1ndose favorablemente seg\u00fan lo programado y ya registran un avance de m\u00e1s del 85%, as\u00ed lo constat\u00f3 el Gobernador Mauricio Vila Dosal durante una visita de observaci\u00f3n que realiz\u00f3 por este espacio, resultado de la cooperaci\u00f3n con [&hellip;]\" \/>\n<meta property=\"og:url\" content=\"https:\/\/www.yucatanencorto.com\/noticias\/supervisan-trabajos-del-gran-parque-de-la-plancha\/\" \/>\n<meta property=\"og:site_name\" content=\"Yucat\u00e1n en corto\" \/>\n<meta property=\"article:publisher\" content=\"http:\/\/www.facebook.com\/yucatanencorto\" \/>\n<meta property=\"article:published_time\" content=\"2023-07-28T21:57:19+00:00\" \/>\n<meta property=\"og:image\" content=\"https:\/\/www.yucatanencorto.com\/noticias\/wp-content\/uploads\/2023\/07\/d18944ce-869b-4518-90d8-ead785a75fa3-scaled.jpeg\" \/>\n\t<meta property=\"og:image:width\" content=\"768\" \/>\n\t<meta property=\"og:image:height\" content=\"512\" \/>\n\t<meta property=\"og:image:type\" content=\"image\/jpeg\" \/>\n<meta name=\"author\" content=\"Redes\" \/>\n<meta name=\"twitter:card\" content=\"summary_large_image\" \/>\n<meta name=\"twitter:creator\" content=\"@yucatanencorto\" \/>\n<meta name=\"twitter:site\" content=\"@yucatanencorto\" \/>\n<meta name=\"twitter:label1\" content=\"Escrito por\" \/>\n\t<meta name=\"twitter:data1\" content=\"Redes\" \/>\n\t<meta name=\"twitter:label2\" content=\"Tiempo de lectura\" \/>\n\t<meta name=\"twitter:data2\" content=\"4 minutos\" \/>\n<script type=\"application\/ld+json\" class=\"yoast-schema-graph\">{\"@context\":\"https:\\\/\\\/schema.org\",\"@graph\":[{\"@type\":\"Article\",\"@id\":\"https:\\\/\\\/www.yucatanencorto.com\\\/noticias\\\/supervisan-trabajos-del-gran-parque-de-la-plancha\\\/#article\",\"isPartOf\":{\"@id\":\"https:\\\/\\\/www.yucatanencorto.com\\\/noticias\\\/supervisan-trabajos-del-gran-parque-de-la-plancha\\\/\"},\"author\":{\"name\":\"Redes\",\"@id\":\"https:\\\/\\\/www.yucatanencorto.com\\\/noticias\\\/#\\\/schema\\\/person\\\/e2fbdfaf30a07014a43940ce989f3119\"},\"headline\":\"Supervisan trabajos del Gran Parque de la Plancha\",\"datePublished\":\"2023-07-28T21:57:19+00:00\",\"mainEntityOfPage\":{\"@id\":\"https:\\\/\\\/www.yucatanencorto.com\\\/noticias\\\/supervisan-trabajos-del-gran-parque-de-la-plancha\\\/\"},\"wordCount\":812,\"image\":{\"@id\":\"https:\\\/\\\/www.yucatanencorto.com\\\/noticias\\\/supervisan-trabajos-del-gran-parque-de-la-plancha\\\/#primaryimage\"},\"thumbnailUrl\":\"https:\\\/\\\/www.yucatanencorto.com\\\/noticias\\\/wp-content\\\/uploads\\\/2023\\\/07\\\/d18944ce-869b-4518-90d8-ead785a75fa3-scaled.jpeg\",\"articleSection\":[\"Yucat\u00e1n\"],\"inLanguage\":\"es\"},{\"@type\":\"WebPage\",\"@id\":\"https:\\\/\\\/www.yucatanencorto.com\\\/noticias\\\/supervisan-trabajos-del-gran-parque-de-la-plancha\\\/\",\"url\":\"https:\\\/\\\/www.yucatanencorto.com\\\/noticias\\\/supervisan-trabajos-del-gran-parque-de-la-plancha\\\/\",\"name\":\"Supervisan trabajos del Gran Parque de la Plancha - Yucat\u00e1n en corto\",\"isPartOf\":{\"@id\":\"https:\\\/\\\/www.yucatanencorto.com\\\/noticias\\\/#website\"},\"primaryImageOfPage\":{\"@id\":\"https:\\\/\\\/www.yucatanencorto.com\\\/noticias\\\/supervisan-trabajos-del-gran-parque-de-la-plancha\\\/#primaryimage\"},\"image\":{\"@id\":\"https:\\\/\\\/www.yucatanencorto.com\\\/noticias\\\/supervisan-trabajos-del-gran-parque-de-la-plancha\\\/#primaryimage\"},\"thumbnailUrl\":\"https:\\\/\\\/www.yucatanencorto.com\\\/noticias\\\/wp-content\\\/uploads\\\/2023\\\/07\\\/d18944ce-869b-4518-90d8-ead785a75fa3-scaled.jpeg\",\"datePublished\":\"2023-07-28T21:57:19+00:00\",\"author\":{\"@id\":\"https:\\\/\\\/www.yucatanencorto.com\\\/noticias\\\/#\\\/schema\\\/person\\\/e2fbdfaf30a07014a43940ce989f3119\"},\"breadcrumb\":{\"@id\":\"https:\\\/\\\/www.yucatanencorto.com\\\/noticias\\\/supervisan-trabajos-del-gran-parque-de-la-plancha\\\/#breadcrumb\"},\"inLanguage\":\"es\",\"potentialAction\":[{\"@type\":\"ReadAction\",\"target\":[\"https:\\\/\\\/www.yucatanencorto.com\\\/noticias\\\/supervisan-trabajos-del-gran-parque-de-la-plancha\\\/\"]}]},{\"@type\":\"ImageObject\",\"inLanguage\":\"es\",\"@id\":\"https:\\\/\\\/www.yucatanencorto.com\\\/noticias\\\/supervisan-trabajos-del-gran-parque-de-la-plancha\\\/#primaryimage\",\"url\":\"https:\\\/\\\/www.yucatanencorto.com\\\/noticias\\\/wp-content\\\/uploads\\\/2023\\\/07\\\/d18944ce-869b-4518-90d8-ead785a75fa3-scaled.jpeg\",\"contentUrl\":\"https:\\\/\\\/www.yucatanencorto.com\\\/noticias\\\/wp-content\\\/uploads\\\/2023\\\/07\\\/d18944ce-869b-4518-90d8-ead785a75fa3-scaled.jpeg\",\"width\":768,\"height\":512},{\"@type\":\"BreadcrumbList\",\"@id\":\"https:\\\/\\\/www.yucatanencorto.com\\\/noticias\\\/supervisan-trabajos-del-gran-parque-de-la-plancha\\\/#breadcrumb\",\"itemListElement\":[{\"@type\":\"ListItem\",\"position\":1,\"name\":\"Portada\",\"item\":\"https:\\\/\\\/www.yucatanencorto.com\\\/noticias\\\/\"},{\"@type\":\"ListItem\",\"position\":2,\"name\":\"Supervisan trabajos del Gran Parque de la Plancha\"}]},{\"@type\":\"WebSite\",\"@id\":\"https:\\\/\\\/www.yucatanencorto.com\\\/noticias\\\/#website\",\"url\":\"https:\\\/\\\/www.yucatanencorto.com\\\/noticias\\\/\",\"name\":\"Yucat\u00e1n en corto\",\"description\":\"Noticias\",\"potentialAction\":[{\"@type\":\"SearchAction\",\"target\":{\"@type\":\"EntryPoint\",\"urlTemplate\":\"https:\\\/\\\/www.yucatanencorto.com\\\/noticias\\\/?s={search_term_string}\"},\"query-input\":{\"@type\":\"PropertyValueSpecification\",\"valueRequired\":true,\"valueName\":\"search_term_string\"}}],\"inLanguage\":\"es\"},{\"@type\":\"Person\",\"@id\":\"https:\\\/\\\/www.yucatanencorto.com\\\/noticias\\\/#\\\/schema\\\/person\\\/e2fbdfaf30a07014a43940ce989f3119\",\"name\":\"Redes\",\"image\":{\"@type\":\"ImageObject\",\"inLanguage\":\"es\",\"@id\":\"https:\\\/\\\/secure.gravatar.com\\\/avatar\\\/5931a2d21dd7cc834f44c8c34fe56d90ed6d536ef452cbf870c7485b524dddd7?s=96&d=mm&r=g\",\"url\":\"https:\\\/\\\/secure.gravatar.com\\\/avatar\\\/5931a2d21dd7cc834f44c8c34fe56d90ed6d536ef452cbf870c7485b524dddd7?s=96&d=mm&r=g\",\"contentUrl\":\"https:\\\/\\\/secure.gravatar.com\\\/avatar\\\/5931a2d21dd7cc834f44c8c34fe56d90ed6d536ef452cbf870c7485b524dddd7?s=96&d=mm&r=g\",\"caption\":\"Redes\"},\"url\":\"https:\\\/\\\/www.yucatanencorto.com\\\/noticias\\\/author\\\/redes\\\/\"}]}<\/script>\n<!-- \/ Yoast SEO plugin. -->","yoast_head_json":{"title":"Supervisan trabajos del Gran Parque de la Plancha - Yucat\u00e1n en corto","robots":{"index":"index","follow":"follow","max-snippet":"max-snippet:-1","max-image-preview":"max-image-preview:large","max-video-preview":"max-video-preview:-1"},"canonical":"https:\/\/www.yucatanencorto.com\/noticias\/supervisan-trabajos-del-gran-parque-de-la-plancha\/","og_locale":"es_ES","og_type":"article","og_title":"Supervisan trabajos del Gran Parque de la Plancha - Yucat\u00e1n en corto","og_description":"M\u00e9rida, Yucat\u00e1n, 28 de julio de 2023.- Los trabajos de construcci\u00f3n del Gran Parque de la Plancha contin\u00faan desarroll\u00e1ndose favorablemente seg\u00fan lo programado y ya registran un avance de m\u00e1s del 85%, as\u00ed lo constat\u00f3 el Gobernador Mauricio Vila Dosal durante una visita de observaci\u00f3n que realiz\u00f3 por este espacio, resultado de la cooperaci\u00f3n con [&hellip;]","og_url":"https:\/\/www.yucatanencorto.com\/noticias\/supervisan-trabajos-del-gran-parque-de-la-plancha\/","og_site_name":"Yucat\u00e1n en corto","article_publisher":"http:\/\/www.facebook.com\/yucatanencorto","article_published_time":"2023-07-28T21:57:19+00:00","og_image":[{"width":768,"height":512,"url":"https:\/\/www.yucatanencorto.com\/noticias\/wp-content\/uploads\/2023\/07\/d18944ce-869b-4518-90d8-ead785a75fa3-scaled.jpeg","type":"image\/jpeg"}],"author":"Redes","twitter_card":"summary_large_image","twitter_creator":"@yucatanencorto","twitter_site":"@yucatanencorto","twitter_misc":{"Escrito por":"Redes","Tiempo de lectura":"4 minutos"},"schema":{"@context":"https:\/\/schema.org","@graph":[{"@type":"Article","@id":"https:\/\/www.yucatanencorto.com\/noticias\/supervisan-trabajos-del-gran-parque-de-la-plancha\/#article","isPartOf":{"@id":"https:\/\/www.yucatanencorto.com\/noticias\/supervisan-trabajos-del-gran-parque-de-la-plancha\/"},"author":{"name":"Redes","@id":"https:\/\/www.yucatanencorto.com\/noticias\/#\/schema\/person\/e2fbdfaf30a07014a43940ce989f3119"},"headline":"Supervisan trabajos del Gran Parque de la Plancha","datePublished":"2023-07-28T21:57:19+00:00","mainEntityOfPage":{"@id":"https:\/\/www.yucatanencorto.com\/noticias\/supervisan-trabajos-del-gran-parque-de-la-plancha\/"},"wordCount":812,"image":{"@id":"https:\/\/www.yucatanencorto.com\/noticias\/supervisan-trabajos-del-gran-parque-de-la-plancha\/#primaryimage"},"thumbnailUrl":"https:\/\/www.yucatanencorto.com\/noticias\/wp-content\/uploads\/2023\/07\/d18944ce-869b-4518-90d8-ead785a75fa3-scaled.jpeg","articleSection":["Yucat\u00e1n"],"inLanguage":"es"},{"@type":"WebPage","@id":"https:\/\/www.yucatanencorto.com\/noticias\/supervisan-trabajos-del-gran-parque-de-la-plancha\/","url":"https:\/\/www.yucatanencorto.com\/noticias\/supervisan-trabajos-del-gran-parque-de-la-plancha\/","name":"Supervisan trabajos del Gran Parque de la Plancha - Yucat\u00e1n en corto","isPartOf":{"@id":"https:\/\/www.yucatanencorto.com\/noticias\/#website"},"primaryImageOfPage":{"@id":"https:\/\/www.yucatanencorto.com\/noticias\/supervisan-trabajos-del-gran-parque-de-la-plancha\/#primaryimage"},"image":{"@id":"https:\/\/www.yucatanencorto.com\/noticias\/supervisan-trabajos-del-gran-parque-de-la-plancha\/#primaryimage"},"thumbnailUrl":"https:\/\/www.yucatanencorto.com\/noticias\/wp-content\/uploads\/2023\/07\/d18944ce-869b-4518-90d8-ead785a75fa3-scaled.jpeg","datePublished":"2023-07-28T21:57:19+00:00","author":{"@id":"https:\/\/www.yucatanencorto.com\/noticias\/#\/schema\/person\/e2fbdfaf30a07014a43940ce989f3119"},"breadcrumb":{"@id":"https:\/\/www.yucatanencorto.com\/noticias\/supervisan-trabajos-del-gran-parque-de-la-plancha\/#breadcrumb"},"inLanguage":"es","potentialAction":[{"@type":"ReadAction","target":["https:\/\/www.yucatanencorto.com\/noticias\/supervisan-trabajos-del-gran-parque-de-la-plancha\/"]}]},{"@type":"ImageObject","inLanguage":"es","@id":"https:\/\/www.yucatanencorto.com\/noticias\/supervisan-trabajos-del-gran-parque-de-la-plancha\/#primaryimage","url":"https:\/\/www.yucatanencorto.com\/noticias\/wp-content\/uploads\/2023\/07\/d18944ce-869b-4518-90d8-ead785a75fa3-scaled.jpeg","contentUrl":"https:\/\/www.yucatanencorto.com\/noticias\/wp-content\/uploads\/2023\/07\/d18944ce-869b-4518-90d8-ead785a75fa3-scaled.jpeg","width":768,"height":512},{"@type":"BreadcrumbList","@id":"https:\/\/www.yucatanencorto.com\/noticias\/supervisan-trabajos-del-gran-parque-de-la-plancha\/#breadcrumb","itemListElement":[{"@type":"ListItem","position":1,"name":"Portada","item":"https:\/\/www.yucatanencorto.com\/noticias\/"},{"@type":"ListItem","position":2,"name":"Supervisan trabajos del Gran Parque de la Plancha"}]},{"@type":"WebSite","@id":"https:\/\/www.yucatanencorto.com\/noticias\/#website","url":"https:\/\/www.yucatanencorto.com\/noticias\/","name":"Yucat\u00e1n en corto","description":"Noticias","potentialAction":[{"@type":"SearchAction","target":{"@type":"EntryPoint","urlTemplate":"https:\/\/www.yucatanencorto.com\/noticias\/?s={search_term_string}"},"query-input":{"@type":"PropertyValueSpecification","valueRequired":true,"valueName":"search_term_string"}}],"inLanguage":"es"},{"@type":"Person","@id":"https:\/\/www.yucatanencorto.com\/noticias\/#\/schema\/person\/e2fbdfaf30a07014a43940ce989f3119","name":"Redes","image":{"@type":"ImageObject","inLanguage":"es","@id":"https:\/\/secure.gravatar.com\/avatar\/5931a2d21dd7cc834f44c8c34fe56d90ed6d536ef452cbf870c7485b524dddd7?s=96&d=mm&r=g","url":"https:\/\/secure.gravatar.com\/avatar\/5931a2d21dd7cc834f44c8c34fe56d90ed6d536ef452cbf870c7485b524dddd7?s=96&d=mm&r=g","contentUrl":"https:\/\/secure.gravatar.com\/avatar\/5931a2d21dd7cc834f44c8c34fe56d90ed6d536ef452cbf870c7485b524dddd7?s=96&d=mm&r=g","caption":"Redes"},"url":"https:\/\/www.yucatanencorto.com\/noticias\/author\/redes\/"}]}},"_links":{"self":[{"href":"https:\/\/www.yucatanencorto.com\/noticias\/wp-json\/wp\/v2\/posts\/99328","targetHints":{"allow":["GET"]}}],"collection":[{"href":"https:\/\/www.yucatanencorto.com\/noticias\/wp-json\/wp\/v2\/posts"}],"about":[{"href":"https:\/\/www.yucatanencorto.com\/noticias\/wp-json\/wp\/v2\/types\/post"}],"author":[{"embeddable":true,"href":"https:\/\/www.yucatanencorto.com\/noticias\/wp-json\/wp\/v2\/users\/3"}],"replies":[{"embeddable":true,"href":"https:\/\/www.yucatanencorto.com\/noticias\/wp-json\/wp\/v2\/comments?post=99328"}],"version-history":[{"count":0,"href":"https:\/\/www.yucatanencorto.com\/noticias\/wp-json\/wp\/v2\/posts\/99328\/revisions"}],"wp:featuredmedia":[{"embeddable":true,"href":"https:\/\/www.yucatanencorto.com\/noticias\/wp-json\/wp\/v2\/media\/99329"}],"wp:attachment":[{"href":"https:\/\/www.yucatanencorto.com\/noticias\/wp-json\/wp\/v2\/media?parent=99328"}],"wp:term":[{"taxonomy":"category","embeddable":true,"href":"https:\/\/www.yucatanencorto.com\/noticias\/wp-json\/wp\/v2\/categories?post=99328"},{"taxonomy":"post_tag","embeddable":true,"href":"https:\/\/www.yucatanencorto.com\/noticias\/wp-json\/wp\/v2\/tags?post=99328"}],"curies":[{"name":"wp","href":"https:\/\/api.w.org\/{rel}","templated":true}]}}