{"id":99337,"date":"2023-07-28T17:12:55","date_gmt":"2023-07-28T23:12:55","guid":{"rendered":"https:\/\/www.yucatanencorto.com\/noticias\/?p=99337"},"modified":"2023-07-28T17:12:55","modified_gmt":"2023-07-28T23:12:55","slug":"esta-es-la-mejor-marca-de-arroz-en-bolsa-segun-profeco-de-mexico-y-la-mas-barata-libre-de-plastico","status":"publish","type":"post","link":"https:\/\/www.yucatanencorto.com\/noticias\/esta-es-la-mejor-marca-de-arroz-en-bolsa-segun-profeco-de-mexico-y-la-mas-barata-libre-de-plastico\/","title":{"rendered":"Esta es la mejor marca de arroz en bolsa seg\u00fan Profeco de M\u00e9xico (y la m\u00e1s barata) libre de pl\u00e1stico"},"content":{"rendered":"<p><img loading=\"lazy\" decoding=\"async\" class=\"alignnone size-full wp-image-99338\" src=\"https:\/\/www.yucatanencorto.com\/noticias\/wp-content\/uploads\/2023\/07\/image-scaled.jpg\" alt=\"\" width=\"768\" height=\"432\" srcset=\"https:\/\/www.yucatanencorto.com\/noticias\/wp-content\/uploads\/2023\/07\/image-scaled.jpg 768w, https:\/\/www.yucatanencorto.com\/noticias\/wp-content\/uploads\/2023\/07\/image-696x392.jpg 696w, https:\/\/www.yucatanencorto.com\/noticias\/wp-content\/uploads\/2023\/07\/image-1068x601.jpg 1068w, https:\/\/www.yucatanencorto.com\/noticias\/wp-content\/uploads\/2023\/07\/image-747x420.jpg 747w\" sizes=\"auto, (max-width: 768px) 100vw, 768px\" \/><\/p>\n<p>Esta marca de arroz\u00a0es la m\u00e1s prometedora y la que m\u00e1s te conviene porque\u00a0es la m\u00e1s barata y seg\u00fan la Profeco, es la que tiene\u00a0m\u00e1s granos de arroz entero\u00a0y es\u00a0libre de pl\u00e1stico. El delicioso arroz es uno de los alimentos m\u00e1s populares del mundo, est\u00e1 presente de oriente a occidente tanto en platillos dulces y salados por lo cual tienes que buscar la calidad y beneficio que m\u00e1s te convenga.<\/p>\n<p>En el an\u00e1lisis realizado por la Procuradur\u00eda Federal del Consumidor, la\u00a0marca SOS\u00a0super\u00f3 a\u00a0Verde Valle\u00a0(ambos de la categor\u00eda arroz pulido s\u00faperextra). \u00bfPor qu\u00e9? Pese a que la Profeco le dio una\u00a0\u00abE\u00bb de \u00abExcelente\u00bb\u00a0a ambas marcas,\u00a0SOS sobresale\u00a0porque\u00a0contiene m\u00e1s prote\u00edna y granos enteros\u00a0que Verde Valle.<\/p>\n<p>Ambos productos cumplen con el porcentaje m\u00e1ximo de impurezas, materias extra\u00f1as y granos defectuosos, as\u00ed como el de granos da\u00f1ados. Adem\u00e1s, una de las cosas m\u00e1s importantes a la hora de buscar calidad es que ninguno est\u00e1 hecho de pl\u00e1stico.<\/p>\n<p>Importamos 80% de arroz y la ingesta de este producto en el pa\u00eds se ubic\u00f3 en el lugar 36, lo que indica que no es la principal fuente de alimento en M\u00e9xico, asegura la Secretar\u00eda de Agricultura, Ganader\u00eda, Desarrollo Rural, Pesca y Alimentaci\u00f3n (Sagarpa).<\/p>\n<p>Quienes son los principales productores de este grano son: Veracruz, Campeche, Michoac\u00e1n, Tabasco, Nayarit y Morelos, de acuerdo con el \u201cEstudio de gran visi\u00f3n y factibilidad econ\u00f3mica y financiera para el desarrollo de infraestructura de almacenamiento y distribuci\u00f3n de granos y oleaginosas para medio y largo plazo a nivel nacional\u201d.<br \/>\nPara este estudio se evaluaron 38 marcas de granos de arroz, de los cuales 24 corresponden a arroz superextra, 6 al tipo Morelos, 3 a arroz extra y 5 que no ostentan clasificaci\u00f3n. Otras de las caracter\u00edsticas es que al momento de su compra se confirm\u00f3 que estuvieran dentro de su fecha de caducidad o consumo preferente.<\/p>\n<p>Antes de adquirir el producto, aseg\u00farate que el empaque no est\u00e9 abierto o da\u00f1ado y se encuentre dentro de la fecha de caducidad o consumo preferente.<br \/>\nRevisa la etiqueta, todas las marcas te presentan modo de uso.<br \/>\nAlmacena el grano de arroz en recipientes herm\u00e9ticos para alejarlos de las plagas<\/p>\n","protected":false},"excerpt":{"rendered":"<p>Esta marca de arroz\u00a0es la m\u00e1s prometedora y la que m\u00e1s te conviene porque\u00a0es la m\u00e1s barata y seg\u00fan la Profeco, es la que tiene\u00a0m\u00e1s granos de arroz entero\u00a0y es\u00a0libre de pl\u00e1stico. El delicioso arroz es uno de los alimentos m\u00e1s populares del mundo, est\u00e1 presente de oriente a occidente tanto en platillos dulces y [&hellip;]<\/p>\n","protected":false},"author":3,"featured_media":99338,"comment_status":"closed","ping_status":"closed","sticky":false,"template":"","format":"standard","meta":{"footnotes":""},"categories":[10],"tags":[],"class_list":{"0":"post-99337","1":"post","2":"type-post","3":"status-publish","4":"format-standard","5":"has-post-thumbnail","7":"category-bienestar"},"yoast_head":"<!-- This site is optimized with the Yoast SEO plugin v27.4 - https:\/\/yoast.com\/product\/yoast-seo-wordpress\/ -->\n<title>Esta es la mejor marca de arroz en bolsa seg\u00fan Profeco de M\u00e9xico (y la m\u00e1s barata) libre de pl\u00e1stico - Yucat\u00e1n en corto<\/title>\n<meta name=\"robots\" content=\"index, follow, max-snippet:-1, max-image-preview:large, max-video-preview:-1\" \/>\n<link rel=\"canonical\" href=\"https:\/\/www.yucatanencorto.com\/noticias\/esta-es-la-mejor-marca-de-arroz-en-bolsa-segun-profeco-de-mexico-y-la-mas-barata-libre-de-plastico\/\" \/>\n<meta property=\"og:locale\" content=\"es_ES\" \/>\n<meta property=\"og:type\" content=\"article\" \/>\n<meta property=\"og:title\" content=\"Esta es la mejor marca de arroz en bolsa seg\u00fan Profeco de M\u00e9xico (y la m\u00e1s barata) libre de pl\u00e1stico - Yucat\u00e1n en corto\" \/>\n<meta property=\"og:description\" content=\"Esta marca de arroz\u00a0es la m\u00e1s prometedora y la que m\u00e1s te conviene porque\u00a0es la m\u00e1s barata y seg\u00fan la Profeco, es la que tiene\u00a0m\u00e1s granos de arroz entero\u00a0y es\u00a0libre de pl\u00e1stico. El delicioso arroz es uno de los alimentos m\u00e1s populares del mundo, est\u00e1 presente de oriente a occidente tanto en platillos dulces y [&hellip;]\" \/>\n<meta property=\"og:url\" content=\"https:\/\/www.yucatanencorto.com\/noticias\/esta-es-la-mejor-marca-de-arroz-en-bolsa-segun-profeco-de-mexico-y-la-mas-barata-libre-de-plastico\/\" \/>\n<meta property=\"og:site_name\" content=\"Yucat\u00e1n en corto\" \/>\n<meta property=\"article:publisher\" content=\"http:\/\/www.facebook.com\/yucatanencorto\" \/>\n<meta property=\"article:published_time\" content=\"2023-07-28T23:12:55+00:00\" \/>\n<meta property=\"og:image\" content=\"https:\/\/www.yucatanencorto.com\/noticias\/wp-content\/uploads\/2023\/07\/image-scaled.jpg\" \/>\n\t<meta property=\"og:image:width\" content=\"768\" \/>\n\t<meta property=\"og:image:height\" content=\"432\" \/>\n\t<meta property=\"og:image:type\" content=\"image\/jpeg\" \/>\n<meta name=\"author\" content=\"Redes\" \/>\n<meta name=\"twitter:card\" content=\"summary_large_image\" \/>\n<meta name=\"twitter:creator\" content=\"@yucatanencorto\" \/>\n<meta name=\"twitter:site\" content=\"@yucatanencorto\" \/>\n<meta name=\"twitter:label1\" content=\"Escrito por\" \/>\n\t<meta name=\"twitter:data1\" content=\"Redes\" \/>\n\t<meta name=\"twitter:label2\" content=\"Tiempo de lectura\" \/>\n\t<meta name=\"twitter:data2\" content=\"2 minutos\" \/>\n<script type=\"application\/ld+json\" class=\"yoast-schema-graph\">{\"@context\":\"https:\\\/\\\/schema.org\",\"@graph\":[{\"@type\":\"Article\",\"@id\":\"https:\\\/\\\/www.yucatanencorto.com\\\/noticias\\\/esta-es-la-mejor-marca-de-arroz-en-bolsa-segun-profeco-de-mexico-y-la-mas-barata-libre-de-plastico\\\/#article\",\"isPartOf\":{\"@id\":\"https:\\\/\\\/www.yucatanencorto.com\\\/noticias\\\/esta-es-la-mejor-marca-de-arroz-en-bolsa-segun-profeco-de-mexico-y-la-mas-barata-libre-de-plastico\\\/\"},\"author\":{\"name\":\"Redes\",\"@id\":\"https:\\\/\\\/www.yucatanencorto.com\\\/noticias\\\/#\\\/schema\\\/person\\\/e2fbdfaf30a07014a43940ce989f3119\"},\"headline\":\"Esta es la mejor marca de arroz en bolsa seg\u00fan Profeco de M\u00e9xico (y la m\u00e1s barata) libre de pl\u00e1stico\",\"datePublished\":\"2023-07-28T23:12:55+00:00\",\"mainEntityOfPage\":{\"@id\":\"https:\\\/\\\/www.yucatanencorto.com\\\/noticias\\\/esta-es-la-mejor-marca-de-arroz-en-bolsa-segun-profeco-de-mexico-y-la-mas-barata-libre-de-plastico\\\/\"},\"wordCount\":419,\"image\":{\"@id\":\"https:\\\/\\\/www.yucatanencorto.com\\\/noticias\\\/esta-es-la-mejor-marca-de-arroz-en-bolsa-segun-profeco-de-mexico-y-la-mas-barata-libre-de-plastico\\\/#primaryimage\"},\"thumbnailUrl\":\"https:\\\/\\\/www.yucatanencorto.com\\\/noticias\\\/wp-content\\\/uploads\\\/2023\\\/07\\\/image-scaled.jpg\",\"articleSection\":[\"Bienestar\"],\"inLanguage\":\"es\"},{\"@type\":\"WebPage\",\"@id\":\"https:\\\/\\\/www.yucatanencorto.com\\\/noticias\\\/esta-es-la-mejor-marca-de-arroz-en-bolsa-segun-profeco-de-mexico-y-la-mas-barata-libre-de-plastico\\\/\",\"url\":\"https:\\\/\\\/www.yucatanencorto.com\\\/noticias\\\/esta-es-la-mejor-marca-de-arroz-en-bolsa-segun-profeco-de-mexico-y-la-mas-barata-libre-de-plastico\\\/\",\"name\":\"Esta es la mejor marca de arroz en bolsa seg\u00fan Profeco de M\u00e9xico (y la m\u00e1s barata) libre de pl\u00e1stico - Yucat\u00e1n en corto\",\"isPartOf\":{\"@id\":\"https:\\\/\\\/www.yucatanencorto.com\\\/noticias\\\/#website\"},\"primaryImageOfPage\":{\"@id\":\"https:\\\/\\\/www.yucatanencorto.com\\\/noticias\\\/esta-es-la-mejor-marca-de-arroz-en-bolsa-segun-profeco-de-mexico-y-la-mas-barata-libre-de-plastico\\\/#primaryimage\"},\"image\":{\"@id\":\"https:\\\/\\\/www.yucatanencorto.com\\\/noticias\\\/esta-es-la-mejor-marca-de-arroz-en-bolsa-segun-profeco-de-mexico-y-la-mas-barata-libre-de-plastico\\\/#primaryimage\"},\"thumbnailUrl\":\"https:\\\/\\\/www.yucatanencorto.com\\\/noticias\\\/wp-content\\\/uploads\\\/2023\\\/07\\\/image-scaled.jpg\",\"datePublished\":\"2023-07-28T23:12:55+00:00\",\"author\":{\"@id\":\"https:\\\/\\\/www.yucatanencorto.com\\\/noticias\\\/#\\\/schema\\\/person\\\/e2fbdfaf30a07014a43940ce989f3119\"},\"breadcrumb\":{\"@id\":\"https:\\\/\\\/www.yucatanencorto.com\\\/noticias\\\/esta-es-la-mejor-marca-de-arroz-en-bolsa-segun-profeco-de-mexico-y-la-mas-barata-libre-de-plastico\\\/#breadcrumb\"},\"inLanguage\":\"es\",\"potentialAction\":[{\"@type\":\"ReadAction\",\"target\":[\"https:\\\/\\\/www.yucatanencorto.com\\\/noticias\\\/esta-es-la-mejor-marca-de-arroz-en-bolsa-segun-profeco-de-mexico-y-la-mas-barata-libre-de-plastico\\\/\"]}]},{\"@type\":\"ImageObject\",\"inLanguage\":\"es\",\"@id\":\"https:\\\/\\\/www.yucatanencorto.com\\\/noticias\\\/esta-es-la-mejor-marca-de-arroz-en-bolsa-segun-profeco-de-mexico-y-la-mas-barata-libre-de-plastico\\\/#primaryimage\",\"url\":\"https:\\\/\\\/www.yucatanencorto.com\\\/noticias\\\/wp-content\\\/uploads\\\/2023\\\/07\\\/image-scaled.jpg\",\"contentUrl\":\"https:\\\/\\\/www.yucatanencorto.com\\\/noticias\\\/wp-content\\\/uploads\\\/2023\\\/07\\\/image-scaled.jpg\",\"width\":768,\"height\":432},{\"@type\":\"BreadcrumbList\",\"@id\":\"https:\\\/\\\/www.yucatanencorto.com\\\/noticias\\\/esta-es-la-mejor-marca-de-arroz-en-bolsa-segun-profeco-de-mexico-y-la-mas-barata-libre-de-plastico\\\/#breadcrumb\",\"itemListElement\":[{\"@type\":\"ListItem\",\"position\":1,\"name\":\"Portada\",\"item\":\"https:\\\/\\\/www.yucatanencorto.com\\\/noticias\\\/\"},{\"@type\":\"ListItem\",\"position\":2,\"name\":\"Esta es la mejor marca de arroz en bolsa seg\u00fan Profeco de M\u00e9xico (y la m\u00e1s barata) libre de pl\u00e1stico\"}]},{\"@type\":\"WebSite\",\"@id\":\"https:\\\/\\\/www.yucatanencorto.com\\\/noticias\\\/#website\",\"url\":\"https:\\\/\\\/www.yucatanencorto.com\\\/noticias\\\/\",\"name\":\"Yucat\u00e1n en corto\",\"description\":\"Noticias\",\"potentialAction\":[{\"@type\":\"SearchAction\",\"target\":{\"@type\":\"EntryPoint\",\"urlTemplate\":\"https:\\\/\\\/www.yucatanencorto.com\\\/noticias\\\/?s={search_term_string}\"},\"query-input\":{\"@type\":\"PropertyValueSpecification\",\"valueRequired\":true,\"valueName\":\"search_term_string\"}}],\"inLanguage\":\"es\"},{\"@type\":\"Person\",\"@id\":\"https:\\\/\\\/www.yucatanencorto.com\\\/noticias\\\/#\\\/schema\\\/person\\\/e2fbdfaf30a07014a43940ce989f3119\",\"name\":\"Redes\",\"image\":{\"@type\":\"ImageObject\",\"inLanguage\":\"es\",\"@id\":\"https:\\\/\\\/secure.gravatar.com\\\/avatar\\\/5931a2d21dd7cc834f44c8c34fe56d90ed6d536ef452cbf870c7485b524dddd7?s=96&d=mm&r=g\",\"url\":\"https:\\\/\\\/secure.gravatar.com\\\/avatar\\\/5931a2d21dd7cc834f44c8c34fe56d90ed6d536ef452cbf870c7485b524dddd7?s=96&d=mm&r=g\",\"contentUrl\":\"https:\\\/\\\/secure.gravatar.com\\\/avatar\\\/5931a2d21dd7cc834f44c8c34fe56d90ed6d536ef452cbf870c7485b524dddd7?s=96&d=mm&r=g\",\"caption\":\"Redes\"},\"url\":\"https:\\\/\\\/www.yucatanencorto.com\\\/noticias\\\/author\\\/redes\\\/\"}]}<\/script>\n<!-- \/ Yoast SEO plugin. -->","yoast_head_json":{"title":"Esta es la mejor marca de arroz en bolsa seg\u00fan Profeco de M\u00e9xico (y la m\u00e1s barata) libre de pl\u00e1stico - Yucat\u00e1n en corto","robots":{"index":"index","follow":"follow","max-snippet":"max-snippet:-1","max-image-preview":"max-image-preview:large","max-video-preview":"max-video-preview:-1"},"canonical":"https:\/\/www.yucatanencorto.com\/noticias\/esta-es-la-mejor-marca-de-arroz-en-bolsa-segun-profeco-de-mexico-y-la-mas-barata-libre-de-plastico\/","og_locale":"es_ES","og_type":"article","og_title":"Esta es la mejor marca de arroz en bolsa seg\u00fan Profeco de M\u00e9xico (y la m\u00e1s barata) libre de pl\u00e1stico - Yucat\u00e1n en corto","og_description":"Esta marca de arroz\u00a0es la m\u00e1s prometedora y la que m\u00e1s te conviene porque\u00a0es la m\u00e1s barata y seg\u00fan la Profeco, es la que tiene\u00a0m\u00e1s granos de arroz entero\u00a0y es\u00a0libre de pl\u00e1stico. El delicioso arroz es uno de los alimentos m\u00e1s populares del mundo, est\u00e1 presente de oriente a occidente tanto en platillos dulces y [&hellip;]","og_url":"https:\/\/www.yucatanencorto.com\/noticias\/esta-es-la-mejor-marca-de-arroz-en-bolsa-segun-profeco-de-mexico-y-la-mas-barata-libre-de-plastico\/","og_site_name":"Yucat\u00e1n en corto","article_publisher":"http:\/\/www.facebook.com\/yucatanencorto","article_published_time":"2023-07-28T23:12:55+00:00","og_image":[{"width":768,"height":432,"url":"https:\/\/www.yucatanencorto.com\/noticias\/wp-content\/uploads\/2023\/07\/image-scaled.jpg","type":"image\/jpeg"}],"author":"Redes","twitter_card":"summary_large_image","twitter_creator":"@yucatanencorto","twitter_site":"@yucatanencorto","twitter_misc":{"Escrito por":"Redes","Tiempo de lectura":"2 minutos"},"schema":{"@context":"https:\/\/schema.org","@graph":[{"@type":"Article","@id":"https:\/\/www.yucatanencorto.com\/noticias\/esta-es-la-mejor-marca-de-arroz-en-bolsa-segun-profeco-de-mexico-y-la-mas-barata-libre-de-plastico\/#article","isPartOf":{"@id":"https:\/\/www.yucatanencorto.com\/noticias\/esta-es-la-mejor-marca-de-arroz-en-bolsa-segun-profeco-de-mexico-y-la-mas-barata-libre-de-plastico\/"},"author":{"name":"Redes","@id":"https:\/\/www.yucatanencorto.com\/noticias\/#\/schema\/person\/e2fbdfaf30a07014a43940ce989f3119"},"headline":"Esta es la mejor marca de arroz en bolsa seg\u00fan Profeco de M\u00e9xico (y la m\u00e1s barata) libre de pl\u00e1stico","datePublished":"2023-07-28T23:12:55+00:00","mainEntityOfPage":{"@id":"https:\/\/www.yucatanencorto.com\/noticias\/esta-es-la-mejor-marca-de-arroz-en-bolsa-segun-profeco-de-mexico-y-la-mas-barata-libre-de-plastico\/"},"wordCount":419,"image":{"@id":"https:\/\/www.yucatanencorto.com\/noticias\/esta-es-la-mejor-marca-de-arroz-en-bolsa-segun-profeco-de-mexico-y-la-mas-barata-libre-de-plastico\/#primaryimage"},"thumbnailUrl":"https:\/\/www.yucatanencorto.com\/noticias\/wp-content\/uploads\/2023\/07\/image-scaled.jpg","articleSection":["Bienestar"],"inLanguage":"es"},{"@type":"WebPage","@id":"https:\/\/www.yucatanencorto.com\/noticias\/esta-es-la-mejor-marca-de-arroz-en-bolsa-segun-profeco-de-mexico-y-la-mas-barata-libre-de-plastico\/","url":"https:\/\/www.yucatanencorto.com\/noticias\/esta-es-la-mejor-marca-de-arroz-en-bolsa-segun-profeco-de-mexico-y-la-mas-barata-libre-de-plastico\/","name":"Esta es la mejor marca de arroz en bolsa seg\u00fan Profeco de M\u00e9xico (y la m\u00e1s barata) libre de pl\u00e1stico - Yucat\u00e1n en corto","isPartOf":{"@id":"https:\/\/www.yucatanencorto.com\/noticias\/#website"},"primaryImageOfPage":{"@id":"https:\/\/www.yucatanencorto.com\/noticias\/esta-es-la-mejor-marca-de-arroz-en-bolsa-segun-profeco-de-mexico-y-la-mas-barata-libre-de-plastico\/#primaryimage"},"image":{"@id":"https:\/\/www.yucatanencorto.com\/noticias\/esta-es-la-mejor-marca-de-arroz-en-bolsa-segun-profeco-de-mexico-y-la-mas-barata-libre-de-plastico\/#primaryimage"},"thumbnailUrl":"https:\/\/www.yucatanencorto.com\/noticias\/wp-content\/uploads\/2023\/07\/image-scaled.jpg","datePublished":"2023-07-28T23:12:55+00:00","author":{"@id":"https:\/\/www.yucatanencorto.com\/noticias\/#\/schema\/person\/e2fbdfaf30a07014a43940ce989f3119"},"breadcrumb":{"@id":"https:\/\/www.yucatanencorto.com\/noticias\/esta-es-la-mejor-marca-de-arroz-en-bolsa-segun-profeco-de-mexico-y-la-mas-barata-libre-de-plastico\/#breadcrumb"},"inLanguage":"es","potentialAction":[{"@type":"ReadAction","target":["https:\/\/www.yucatanencorto.com\/noticias\/esta-es-la-mejor-marca-de-arroz-en-bolsa-segun-profeco-de-mexico-y-la-mas-barata-libre-de-plastico\/"]}]},{"@type":"ImageObject","inLanguage":"es","@id":"https:\/\/www.yucatanencorto.com\/noticias\/esta-es-la-mejor-marca-de-arroz-en-bolsa-segun-profeco-de-mexico-y-la-mas-barata-libre-de-plastico\/#primaryimage","url":"https:\/\/www.yucatanencorto.com\/noticias\/wp-content\/uploads\/2023\/07\/image-scaled.jpg","contentUrl":"https:\/\/www.yucatanencorto.com\/noticias\/wp-content\/uploads\/2023\/07\/image-scaled.jpg","width":768,"height":432},{"@type":"BreadcrumbList","@id":"https:\/\/www.yucatanencorto.com\/noticias\/esta-es-la-mejor-marca-de-arroz-en-bolsa-segun-profeco-de-mexico-y-la-mas-barata-libre-de-plastico\/#breadcrumb","itemListElement":[{"@type":"ListItem","position":1,"name":"Portada","item":"https:\/\/www.yucatanencorto.com\/noticias\/"},{"@type":"ListItem","position":2,"name":"Esta es la mejor marca de arroz en bolsa seg\u00fan Profeco de M\u00e9xico (y la m\u00e1s barata) libre de pl\u00e1stico"}]},{"@type":"WebSite","@id":"https:\/\/www.yucatanencorto.com\/noticias\/#website","url":"https:\/\/www.yucatanencorto.com\/noticias\/","name":"Yucat\u00e1n en corto","description":"Noticias","potentialAction":[{"@type":"SearchAction","target":{"@type":"EntryPoint","urlTemplate":"https:\/\/www.yucatanencorto.com\/noticias\/?s={search_term_string}"},"query-input":{"@type":"PropertyValueSpecification","valueRequired":true,"valueName":"search_term_string"}}],"inLanguage":"es"},{"@type":"Person","@id":"https:\/\/www.yucatanencorto.com\/noticias\/#\/schema\/person\/e2fbdfaf30a07014a43940ce989f3119","name":"Redes","image":{"@type":"ImageObject","inLanguage":"es","@id":"https:\/\/secure.gravatar.com\/avatar\/5931a2d21dd7cc834f44c8c34fe56d90ed6d536ef452cbf870c7485b524dddd7?s=96&d=mm&r=g","url":"https:\/\/secure.gravatar.com\/avatar\/5931a2d21dd7cc834f44c8c34fe56d90ed6d536ef452cbf870c7485b524dddd7?s=96&d=mm&r=g","contentUrl":"https:\/\/secure.gravatar.com\/avatar\/5931a2d21dd7cc834f44c8c34fe56d90ed6d536ef452cbf870c7485b524dddd7?s=96&d=mm&r=g","caption":"Redes"},"url":"https:\/\/www.yucatanencorto.com\/noticias\/author\/redes\/"}]}},"_links":{"self":[{"href":"https:\/\/www.yucatanencorto.com\/noticias\/wp-json\/wp\/v2\/posts\/99337","targetHints":{"allow":["GET"]}}],"collection":[{"href":"https:\/\/www.yucatanencorto.com\/noticias\/wp-json\/wp\/v2\/posts"}],"about":[{"href":"https:\/\/www.yucatanencorto.com\/noticias\/wp-json\/wp\/v2\/types\/post"}],"author":[{"embeddable":true,"href":"https:\/\/www.yucatanencorto.com\/noticias\/wp-json\/wp\/v2\/users\/3"}],"replies":[{"embeddable":true,"href":"https:\/\/www.yucatanencorto.com\/noticias\/wp-json\/wp\/v2\/comments?post=99337"}],"version-history":[{"count":0,"href":"https:\/\/www.yucatanencorto.com\/noticias\/wp-json\/wp\/v2\/posts\/99337\/revisions"}],"wp:featuredmedia":[{"embeddable":true,"href":"https:\/\/www.yucatanencorto.com\/noticias\/wp-json\/wp\/v2\/media\/99338"}],"wp:attachment":[{"href":"https:\/\/www.yucatanencorto.com\/noticias\/wp-json\/wp\/v2\/media?parent=99337"}],"wp:term":[{"taxonomy":"category","embeddable":true,"href":"https:\/\/www.yucatanencorto.com\/noticias\/wp-json\/wp\/v2\/categories?post=99337"},{"taxonomy":"post_tag","embeddable":true,"href":"https:\/\/www.yucatanencorto.com\/noticias\/wp-json\/wp\/v2\/tags?post=99337"}],"curies":[{"name":"wp","href":"https:\/\/api.w.org\/{rel}","templated":true}]}}