{"id":99348,"date":"2023-07-29T12:46:12","date_gmt":"2023-07-29T18:46:12","guid":{"rendered":"https:\/\/www.yucatanencorto.com\/noticias\/?p=99348"},"modified":"2023-07-29T12:46:12","modified_gmt":"2023-07-29T18:46:12","slug":"rommel-llega-a-municipios-del-oriente-del-estado","status":"publish","type":"post","link":"https:\/\/www.yucatanencorto.com\/noticias\/rommel-llega-a-municipios-del-oriente-del-estado\/","title":{"rendered":"Rommel llega a municipios del oriente del Estado"},"content":{"rendered":"<p><img loading=\"lazy\" decoding=\"async\" class=\"alignnone size-full wp-image-99349\" src=\"https:\/\/www.yucatanencorto.com\/noticias\/wp-content\/uploads\/2023\/07\/IMG-20230729-WA0019-scaled.jpg\" alt=\"\" width=\"576\" height=\"768\" srcset=\"https:\/\/www.yucatanencorto.com\/noticias\/wp-content\/uploads\/2023\/07\/IMG-20230729-WA0019-scaled.jpg 576w, https:\/\/www.yucatanencorto.com\/noticias\/wp-content\/uploads\/2023\/07\/IMG-20230729-WA0019-696x928.jpg 696w, https:\/\/www.yucatanencorto.com\/noticias\/wp-content\/uploads\/2023\/07\/IMG-20230729-WA0019-315x420.jpg 315w\" sizes=\"auto, (max-width: 576px) 100vw, 576px\" \/><\/p>\n<p>M\u00e9rida, Yucat\u00e1n, a 29 de Julio de 2023 (Bolet\u00edn).- Recorriendo las calles y escuchando a las personas para conocer sus principales preocupaciones y necesidades, Rommel Pacheco lleg\u00f3 con La Ruta de la Victoria a 11 municipios del Oriente de Yucat\u00e1n.<\/p>\n<p>&nbsp;<\/p>\n<p>En intensa gira de trabajo durante tres d\u00edas, el Diputado Federal por Yucat\u00e1n estuvo en . Hoct\u00fan, Tunk\u00e1s, Quintana Roo, Cenotillo, Dzit\u00e1s, Tizim\u00edn, Calotmul, Espita, Panab\u00e1, Rio Lagartos y San Felipe.<\/p>\n<p>&nbsp;<\/p>\n<p>\u201cLas principales necesidades no solo est\u00e1n en las grandes ciudades; transporte, salud, conectividad son varias de las necesidades que tienen muchas de las comisar\u00edas de nuestro Estado, como es el caso de San Jos\u00e9 Oriente en Hoct\u00fan, una comunidad orgullosamente 100% maya hablante y llena de gente que busca preservar nuestras tradiciones mayas. #LaRutaDeLaVictoria es para esto, conocer, ayudar y poder realizar pol\u00edticas p\u00fablicas que permitan a la gente y a las comunidades alcanzar sus propias victorias\u201d expres\u00f3 Rommel tras su visita a ese Municipio en donde inici\u00f3 el recorrido y en el camino hizo escalas para visitar Tunk\u00e1s, Quintana Roo y Cenotillo para platicar con la gente.<\/p>\n<p>&nbsp;<\/p>\n<p>Posteriormente, en Dzit\u00e1s, Rommel sostuvo una pl\u00e1tica con j\u00f3venes y deportistas para motivarlos a esforzarse para cumplir sus metas. Tambi\u00e9n aprovech\u00f3 para reunirse con el alcalde Juan P\u00e9rez Koh y ciudadanos militantes de Acci\u00f3n Nacional para platicarles acerca de su trabajo en favor de todos los yucatecos.<\/p>\n<p>&nbsp;<\/p>\n<p>En ese mismo Municipio, acompa\u00f1ado nuevamente por el Alcalde, hicieron entrega oficial de indumentarias al equipo de futbol #AtleticoLobos, que actualmente se encuentra participando en la Liga Estatal de Futbol Pepe Casellas.<\/p>\n<p>&nbsp;<\/p>\n<p>En Panab\u00e1, Rommel se reuni\u00f3 con el alcalde Omar Adiel Menal y en conjunto visitaron la Casa de la Cultura en donde se realizar la escuelista de verano y e la que hubo oportunidad de convivir y escuchar a ni\u00f1os y j\u00f3venes, as\u00ed como a madres y padres de familia.<\/p>\n<p>&nbsp;<\/p>\n<p>Igualmente visitaron el Instituto de la Mujer de Panab\u00e1, donde platicaron acerca del trabajo que ah\u00ed se realiza en apoyo a las mujeres, especialmente del programa de hamacas y despensas para personas con c\u00e1ncer.<\/p>\n<p>\u201cEllas nos han ense\u00f1ado que el cambio comienza con acciones concretas, esto me motiva a\u00fan m\u00e1s a trabajar y seguir este esfuerzo en conjunto con el gobernador Mauricio Vila para el beneficio de nuestro Yucat\u00e1n. \u00a1Juntos haremos la diferencia!\u201d se\u00f1al\u00f3 el Diputado Federal y aspirante a la candidatura para ser Gobernador.<\/p>\n<p>&nbsp;<\/p>\n<p>En Sucil\u00e1, Rommel se reuni\u00f3 con la alcaldesa Gaby Pool Camelo en sus oficinas del Palacio Municipal, con quien acord\u00f3 seguir trabajando en equipo por su gente y por el deporte y lo invit\u00f3 a visitar la Feria del Municipio en el mes de Septiembre.<\/p>\n<p>&nbsp;<\/p>\n<p>En el camino el Empresario y ex Atleta Ol\u00edmpico visit\u00f3 tambi\u00e9n Tizim\u00edn, Calotmul y Espita, que recientemente obtuvo su nombramiento como Pueblo M\u00e1gico. La Ruta de la Victoria sigui\u00f3 hacia la Costa Oriente. En San Felipe platic\u00f3 con pescadores de la zona y tambi\u00e9n se reuni\u00f3 con el alcalde Felipe Antonio Marrufo L\u00f3pez; la presidenta del DIF, Feli Baltazar; la s\u00edndico municipal, Reyna Escilla; el secretario municipal, Sergio Acevedo; y el tesorero, Melvin D\u00edaz.<\/p>\n<p>&nbsp;<\/p>\n<p>\u201cNo paramos, seguimos avanzando. Llegamos a San Felipe donde platicamos con los pescadores sobre la importancia de la pesca y de seguir atrayendo el turismo a los municipios de la costa yucateca para beneficio de la econom\u00eda de las familias. Tambi\u00e9n me platicaron que en temas tur\u00edsticos han recibido mucho apoyo por parte de nuestro Gober Mauricio Vila as\u00ed como apoyo para la compra de motores para sus lanchas. \u00a1Vamos a continuar trabajando para que no les falten las herramientas que les impulsa a salir adelante! \u00a1Estoy con la costa!\u201d expres\u00f3.<\/p>\n<p>&nbsp;<\/p>\n<p>Durante todo el recorrido, Rommel estuvo acompa\u00f1ado por Lylo, su esposa, con quien comi\u00f3 en R\u00edo Lagartos y pasaron la noche de este mi\u00e9rcoles en un hotel de la localidad.<\/p>\n<p>&nbsp;<\/p>\n<p>Tras la gira por municipios del Oriente, regresaron a M\u00e9rida ayer para estar presentes en la entrega oficial de nombramientos de #BarriosM\u00e1gicos a \u201cLa Ermita, San Sebasti\u00e1n, e Xcalach\u00e9n, por parte de la Secretar\u00eda de Turismo Federal. \u201cComo Diputado Federal he estado trabajando por el Turismo de nuestro pa\u00eds y de nuestro estado porque sin duda es un motor que mueve gran parte de la econom\u00eda de Yucat\u00e1n\u201d comparti\u00f3 Rommel al finalizar el evento.<\/p>\n","protected":false},"excerpt":{"rendered":"<p>M\u00e9rida, Yucat\u00e1n, a 29 de Julio de 2023 (Bolet\u00edn).- Recorriendo las calles y escuchando a las personas para conocer sus principales preocupaciones y necesidades, Rommel Pacheco lleg\u00f3 con La Ruta de la Victoria a 11 municipios del Oriente de Yucat\u00e1n. &nbsp; En intensa gira de trabajo durante tres d\u00edas, el Diputado Federal por Yucat\u00e1n estuvo [&hellip;]<\/p>\n","protected":false},"author":3,"featured_media":99349,"comment_status":"closed","ping_status":"closed","sticky":false,"template":"","format":"standard","meta":{"footnotes":""},"categories":[3],"tags":[],"class_list":{"0":"post-99348","1":"post","2":"type-post","3":"status-publish","4":"format-standard","5":"has-post-thumbnail","7":"category-yucatan"},"yoast_head":"<!-- This site is optimized with the Yoast SEO plugin v27.4 - https:\/\/yoast.com\/product\/yoast-seo-wordpress\/ -->\n<title>Rommel llega a municipios del oriente del Estado - Yucat\u00e1n en corto<\/title>\n<meta name=\"robots\" content=\"index, follow, max-snippet:-1, max-image-preview:large, max-video-preview:-1\" \/>\n<link rel=\"canonical\" href=\"https:\/\/www.yucatanencorto.com\/noticias\/rommel-llega-a-municipios-del-oriente-del-estado\/\" \/>\n<meta property=\"og:locale\" content=\"es_ES\" \/>\n<meta property=\"og:type\" content=\"article\" \/>\n<meta property=\"og:title\" content=\"Rommel llega a municipios del oriente del Estado - Yucat\u00e1n en corto\" \/>\n<meta property=\"og:description\" content=\"M\u00e9rida, Yucat\u00e1n, a 29 de Julio de 2023 (Bolet\u00edn).- Recorriendo las calles y escuchando a las personas para conocer sus principales preocupaciones y necesidades, Rommel Pacheco lleg\u00f3 con La Ruta de la Victoria a 11 municipios del Oriente de Yucat\u00e1n. &nbsp; En intensa gira de trabajo durante tres d\u00edas, el Diputado Federal por Yucat\u00e1n estuvo [&hellip;]\" \/>\n<meta property=\"og:url\" content=\"https:\/\/www.yucatanencorto.com\/noticias\/rommel-llega-a-municipios-del-oriente-del-estado\/\" \/>\n<meta property=\"og:site_name\" content=\"Yucat\u00e1n en corto\" \/>\n<meta property=\"article:publisher\" content=\"http:\/\/www.facebook.com\/yucatanencorto\" \/>\n<meta property=\"article:published_time\" content=\"2023-07-29T18:46:12+00:00\" \/>\n<meta property=\"og:image\" content=\"https:\/\/www.yucatanencorto.com\/noticias\/wp-content\/uploads\/2023\/07\/IMG-20230729-WA0019-scaled.jpg\" \/>\n\t<meta property=\"og:image:width\" content=\"576\" \/>\n\t<meta property=\"og:image:height\" content=\"768\" \/>\n\t<meta property=\"og:image:type\" content=\"image\/jpeg\" \/>\n<meta name=\"author\" content=\"Redes\" \/>\n<meta name=\"twitter:card\" content=\"summary_large_image\" \/>\n<meta name=\"twitter:creator\" content=\"@yucatanencorto\" \/>\n<meta name=\"twitter:site\" content=\"@yucatanencorto\" \/>\n<meta name=\"twitter:label1\" content=\"Escrito por\" \/>\n\t<meta name=\"twitter:data1\" content=\"Redes\" \/>\n\t<meta name=\"twitter:label2\" content=\"Tiempo de lectura\" \/>\n\t<meta name=\"twitter:data2\" content=\"4 minutos\" \/>\n<script type=\"application\/ld+json\" class=\"yoast-schema-graph\">{\"@context\":\"https:\\\/\\\/schema.org\",\"@graph\":[{\"@type\":\"Article\",\"@id\":\"https:\\\/\\\/www.yucatanencorto.com\\\/noticias\\\/rommel-llega-a-municipios-del-oriente-del-estado\\\/#article\",\"isPartOf\":{\"@id\":\"https:\\\/\\\/www.yucatanencorto.com\\\/noticias\\\/rommel-llega-a-municipios-del-oriente-del-estado\\\/\"},\"author\":{\"name\":\"Redes\",\"@id\":\"https:\\\/\\\/www.yucatanencorto.com\\\/noticias\\\/#\\\/schema\\\/person\\\/e2fbdfaf30a07014a43940ce989f3119\"},\"headline\":\"Rommel llega a municipios del oriente del Estado\",\"datePublished\":\"2023-07-29T18:46:12+00:00\",\"mainEntityOfPage\":{\"@id\":\"https:\\\/\\\/www.yucatanencorto.com\\\/noticias\\\/rommel-llega-a-municipios-del-oriente-del-estado\\\/\"},\"wordCount\":775,\"image\":{\"@id\":\"https:\\\/\\\/www.yucatanencorto.com\\\/noticias\\\/rommel-llega-a-municipios-del-oriente-del-estado\\\/#primaryimage\"},\"thumbnailUrl\":\"https:\\\/\\\/www.yucatanencorto.com\\\/noticias\\\/wp-content\\\/uploads\\\/2023\\\/07\\\/IMG-20230729-WA0019-scaled.jpg\",\"articleSection\":[\"Yucat\u00e1n\"],\"inLanguage\":\"es\"},{\"@type\":\"WebPage\",\"@id\":\"https:\\\/\\\/www.yucatanencorto.com\\\/noticias\\\/rommel-llega-a-municipios-del-oriente-del-estado\\\/\",\"url\":\"https:\\\/\\\/www.yucatanencorto.com\\\/noticias\\\/rommel-llega-a-municipios-del-oriente-del-estado\\\/\",\"name\":\"Rommel llega a municipios del oriente del Estado - Yucat\u00e1n en corto\",\"isPartOf\":{\"@id\":\"https:\\\/\\\/www.yucatanencorto.com\\\/noticias\\\/#website\"},\"primaryImageOfPage\":{\"@id\":\"https:\\\/\\\/www.yucatanencorto.com\\\/noticias\\\/rommel-llega-a-municipios-del-oriente-del-estado\\\/#primaryimage\"},\"image\":{\"@id\":\"https:\\\/\\\/www.yucatanencorto.com\\\/noticias\\\/rommel-llega-a-municipios-del-oriente-del-estado\\\/#primaryimage\"},\"thumbnailUrl\":\"https:\\\/\\\/www.yucatanencorto.com\\\/noticias\\\/wp-content\\\/uploads\\\/2023\\\/07\\\/IMG-20230729-WA0019-scaled.jpg\",\"datePublished\":\"2023-07-29T18:46:12+00:00\",\"author\":{\"@id\":\"https:\\\/\\\/www.yucatanencorto.com\\\/noticias\\\/#\\\/schema\\\/person\\\/e2fbdfaf30a07014a43940ce989f3119\"},\"breadcrumb\":{\"@id\":\"https:\\\/\\\/www.yucatanencorto.com\\\/noticias\\\/rommel-llega-a-municipios-del-oriente-del-estado\\\/#breadcrumb\"},\"inLanguage\":\"es\",\"potentialAction\":[{\"@type\":\"ReadAction\",\"target\":[\"https:\\\/\\\/www.yucatanencorto.com\\\/noticias\\\/rommel-llega-a-municipios-del-oriente-del-estado\\\/\"]}]},{\"@type\":\"ImageObject\",\"inLanguage\":\"es\",\"@id\":\"https:\\\/\\\/www.yucatanencorto.com\\\/noticias\\\/rommel-llega-a-municipios-del-oriente-del-estado\\\/#primaryimage\",\"url\":\"https:\\\/\\\/www.yucatanencorto.com\\\/noticias\\\/wp-content\\\/uploads\\\/2023\\\/07\\\/IMG-20230729-WA0019-scaled.jpg\",\"contentUrl\":\"https:\\\/\\\/www.yucatanencorto.com\\\/noticias\\\/wp-content\\\/uploads\\\/2023\\\/07\\\/IMG-20230729-WA0019-scaled.jpg\",\"width\":576,\"height\":768},{\"@type\":\"BreadcrumbList\",\"@id\":\"https:\\\/\\\/www.yucatanencorto.com\\\/noticias\\\/rommel-llega-a-municipios-del-oriente-del-estado\\\/#breadcrumb\",\"itemListElement\":[{\"@type\":\"ListItem\",\"position\":1,\"name\":\"Portada\",\"item\":\"https:\\\/\\\/www.yucatanencorto.com\\\/noticias\\\/\"},{\"@type\":\"ListItem\",\"position\":2,\"name\":\"Rommel llega a municipios del oriente del Estado\"}]},{\"@type\":\"WebSite\",\"@id\":\"https:\\\/\\\/www.yucatanencorto.com\\\/noticias\\\/#website\",\"url\":\"https:\\\/\\\/www.yucatanencorto.com\\\/noticias\\\/\",\"name\":\"Yucat\u00e1n en corto\",\"description\":\"Noticias\",\"potentialAction\":[{\"@type\":\"SearchAction\",\"target\":{\"@type\":\"EntryPoint\",\"urlTemplate\":\"https:\\\/\\\/www.yucatanencorto.com\\\/noticias\\\/?s={search_term_string}\"},\"query-input\":{\"@type\":\"PropertyValueSpecification\",\"valueRequired\":true,\"valueName\":\"search_term_string\"}}],\"inLanguage\":\"es\"},{\"@type\":\"Person\",\"@id\":\"https:\\\/\\\/www.yucatanencorto.com\\\/noticias\\\/#\\\/schema\\\/person\\\/e2fbdfaf30a07014a43940ce989f3119\",\"name\":\"Redes\",\"image\":{\"@type\":\"ImageObject\",\"inLanguage\":\"es\",\"@id\":\"https:\\\/\\\/secure.gravatar.com\\\/avatar\\\/5931a2d21dd7cc834f44c8c34fe56d90ed6d536ef452cbf870c7485b524dddd7?s=96&d=mm&r=g\",\"url\":\"https:\\\/\\\/secure.gravatar.com\\\/avatar\\\/5931a2d21dd7cc834f44c8c34fe56d90ed6d536ef452cbf870c7485b524dddd7?s=96&d=mm&r=g\",\"contentUrl\":\"https:\\\/\\\/secure.gravatar.com\\\/avatar\\\/5931a2d21dd7cc834f44c8c34fe56d90ed6d536ef452cbf870c7485b524dddd7?s=96&d=mm&r=g\",\"caption\":\"Redes\"},\"url\":\"https:\\\/\\\/www.yucatanencorto.com\\\/noticias\\\/author\\\/redes\\\/\"}]}<\/script>\n<!-- \/ Yoast SEO plugin. -->","yoast_head_json":{"title":"Rommel llega a municipios del oriente del Estado - Yucat\u00e1n en corto","robots":{"index":"index","follow":"follow","max-snippet":"max-snippet:-1","max-image-preview":"max-image-preview:large","max-video-preview":"max-video-preview:-1"},"canonical":"https:\/\/www.yucatanencorto.com\/noticias\/rommel-llega-a-municipios-del-oriente-del-estado\/","og_locale":"es_ES","og_type":"article","og_title":"Rommel llega a municipios del oriente del Estado - Yucat\u00e1n en corto","og_description":"M\u00e9rida, Yucat\u00e1n, a 29 de Julio de 2023 (Bolet\u00edn).- Recorriendo las calles y escuchando a las personas para conocer sus principales preocupaciones y necesidades, Rommel Pacheco lleg\u00f3 con La Ruta de la Victoria a 11 municipios del Oriente de Yucat\u00e1n. &nbsp; En intensa gira de trabajo durante tres d\u00edas, el Diputado Federal por Yucat\u00e1n estuvo [&hellip;]","og_url":"https:\/\/www.yucatanencorto.com\/noticias\/rommel-llega-a-municipios-del-oriente-del-estado\/","og_site_name":"Yucat\u00e1n en corto","article_publisher":"http:\/\/www.facebook.com\/yucatanencorto","article_published_time":"2023-07-29T18:46:12+00:00","og_image":[{"width":576,"height":768,"url":"https:\/\/www.yucatanencorto.com\/noticias\/wp-content\/uploads\/2023\/07\/IMG-20230729-WA0019-scaled.jpg","type":"image\/jpeg"}],"author":"Redes","twitter_card":"summary_large_image","twitter_creator":"@yucatanencorto","twitter_site":"@yucatanencorto","twitter_misc":{"Escrito por":"Redes","Tiempo de lectura":"4 minutos"},"schema":{"@context":"https:\/\/schema.org","@graph":[{"@type":"Article","@id":"https:\/\/www.yucatanencorto.com\/noticias\/rommel-llega-a-municipios-del-oriente-del-estado\/#article","isPartOf":{"@id":"https:\/\/www.yucatanencorto.com\/noticias\/rommel-llega-a-municipios-del-oriente-del-estado\/"},"author":{"name":"Redes","@id":"https:\/\/www.yucatanencorto.com\/noticias\/#\/schema\/person\/e2fbdfaf30a07014a43940ce989f3119"},"headline":"Rommel llega a municipios del oriente del Estado","datePublished":"2023-07-29T18:46:12+00:00","mainEntityOfPage":{"@id":"https:\/\/www.yucatanencorto.com\/noticias\/rommel-llega-a-municipios-del-oriente-del-estado\/"},"wordCount":775,"image":{"@id":"https:\/\/www.yucatanencorto.com\/noticias\/rommel-llega-a-municipios-del-oriente-del-estado\/#primaryimage"},"thumbnailUrl":"https:\/\/www.yucatanencorto.com\/noticias\/wp-content\/uploads\/2023\/07\/IMG-20230729-WA0019-scaled.jpg","articleSection":["Yucat\u00e1n"],"inLanguage":"es"},{"@type":"WebPage","@id":"https:\/\/www.yucatanencorto.com\/noticias\/rommel-llega-a-municipios-del-oriente-del-estado\/","url":"https:\/\/www.yucatanencorto.com\/noticias\/rommel-llega-a-municipios-del-oriente-del-estado\/","name":"Rommel llega a municipios del oriente del Estado - Yucat\u00e1n en corto","isPartOf":{"@id":"https:\/\/www.yucatanencorto.com\/noticias\/#website"},"primaryImageOfPage":{"@id":"https:\/\/www.yucatanencorto.com\/noticias\/rommel-llega-a-municipios-del-oriente-del-estado\/#primaryimage"},"image":{"@id":"https:\/\/www.yucatanencorto.com\/noticias\/rommel-llega-a-municipios-del-oriente-del-estado\/#primaryimage"},"thumbnailUrl":"https:\/\/www.yucatanencorto.com\/noticias\/wp-content\/uploads\/2023\/07\/IMG-20230729-WA0019-scaled.jpg","datePublished":"2023-07-29T18:46:12+00:00","author":{"@id":"https:\/\/www.yucatanencorto.com\/noticias\/#\/schema\/person\/e2fbdfaf30a07014a43940ce989f3119"},"breadcrumb":{"@id":"https:\/\/www.yucatanencorto.com\/noticias\/rommel-llega-a-municipios-del-oriente-del-estado\/#breadcrumb"},"inLanguage":"es","potentialAction":[{"@type":"ReadAction","target":["https:\/\/www.yucatanencorto.com\/noticias\/rommel-llega-a-municipios-del-oriente-del-estado\/"]}]},{"@type":"ImageObject","inLanguage":"es","@id":"https:\/\/www.yucatanencorto.com\/noticias\/rommel-llega-a-municipios-del-oriente-del-estado\/#primaryimage","url":"https:\/\/www.yucatanencorto.com\/noticias\/wp-content\/uploads\/2023\/07\/IMG-20230729-WA0019-scaled.jpg","contentUrl":"https:\/\/www.yucatanencorto.com\/noticias\/wp-content\/uploads\/2023\/07\/IMG-20230729-WA0019-scaled.jpg","width":576,"height":768},{"@type":"BreadcrumbList","@id":"https:\/\/www.yucatanencorto.com\/noticias\/rommel-llega-a-municipios-del-oriente-del-estado\/#breadcrumb","itemListElement":[{"@type":"ListItem","position":1,"name":"Portada","item":"https:\/\/www.yucatanencorto.com\/noticias\/"},{"@type":"ListItem","position":2,"name":"Rommel llega a municipios del oriente del Estado"}]},{"@type":"WebSite","@id":"https:\/\/www.yucatanencorto.com\/noticias\/#website","url":"https:\/\/www.yucatanencorto.com\/noticias\/","name":"Yucat\u00e1n en corto","description":"Noticias","potentialAction":[{"@type":"SearchAction","target":{"@type":"EntryPoint","urlTemplate":"https:\/\/www.yucatanencorto.com\/noticias\/?s={search_term_string}"},"query-input":{"@type":"PropertyValueSpecification","valueRequired":true,"valueName":"search_term_string"}}],"inLanguage":"es"},{"@type":"Person","@id":"https:\/\/www.yucatanencorto.com\/noticias\/#\/schema\/person\/e2fbdfaf30a07014a43940ce989f3119","name":"Redes","image":{"@type":"ImageObject","inLanguage":"es","@id":"https:\/\/secure.gravatar.com\/avatar\/5931a2d21dd7cc834f44c8c34fe56d90ed6d536ef452cbf870c7485b524dddd7?s=96&d=mm&r=g","url":"https:\/\/secure.gravatar.com\/avatar\/5931a2d21dd7cc834f44c8c34fe56d90ed6d536ef452cbf870c7485b524dddd7?s=96&d=mm&r=g","contentUrl":"https:\/\/secure.gravatar.com\/avatar\/5931a2d21dd7cc834f44c8c34fe56d90ed6d536ef452cbf870c7485b524dddd7?s=96&d=mm&r=g","caption":"Redes"},"url":"https:\/\/www.yucatanencorto.com\/noticias\/author\/redes\/"}]}},"_links":{"self":[{"href":"https:\/\/www.yucatanencorto.com\/noticias\/wp-json\/wp\/v2\/posts\/99348","targetHints":{"allow":["GET"]}}],"collection":[{"href":"https:\/\/www.yucatanencorto.com\/noticias\/wp-json\/wp\/v2\/posts"}],"about":[{"href":"https:\/\/www.yucatanencorto.com\/noticias\/wp-json\/wp\/v2\/types\/post"}],"author":[{"embeddable":true,"href":"https:\/\/www.yucatanencorto.com\/noticias\/wp-json\/wp\/v2\/users\/3"}],"replies":[{"embeddable":true,"href":"https:\/\/www.yucatanencorto.com\/noticias\/wp-json\/wp\/v2\/comments?post=99348"}],"version-history":[{"count":0,"href":"https:\/\/www.yucatanencorto.com\/noticias\/wp-json\/wp\/v2\/posts\/99348\/revisions"}],"wp:featuredmedia":[{"embeddable":true,"href":"https:\/\/www.yucatanencorto.com\/noticias\/wp-json\/wp\/v2\/media\/99349"}],"wp:attachment":[{"href":"https:\/\/www.yucatanencorto.com\/noticias\/wp-json\/wp\/v2\/media?parent=99348"}],"wp:term":[{"taxonomy":"category","embeddable":true,"href":"https:\/\/www.yucatanencorto.com\/noticias\/wp-json\/wp\/v2\/categories?post=99348"},{"taxonomy":"post_tag","embeddable":true,"href":"https:\/\/www.yucatanencorto.com\/noticias\/wp-json\/wp\/v2\/tags?post=99348"}],"curies":[{"name":"wp","href":"https:\/\/api.w.org\/{rel}","templated":true}]}}