{"id":99351,"date":"2023-07-29T13:37:08","date_gmt":"2023-07-29T19:37:08","guid":{"rendered":"https:\/\/www.yucatanencorto.com\/noticias\/?p=99351"},"modified":"2023-07-29T13:37:08","modified_gmt":"2023-07-29T19:37:08","slug":"reinauguran-parque-lineal-en-encinos-ii-de-kanasin","status":"publish","type":"post","link":"https:\/\/www.yucatanencorto.com\/noticias\/reinauguran-parque-lineal-en-encinos-ii-de-kanasin\/","title":{"rendered":"Reinauguran Parque Lineal en Encinos II de Kanas\u00edn"},"content":{"rendered":"<p><img loading=\"lazy\" decoding=\"async\" class=\"alignnone size-full wp-image-99352\" src=\"https:\/\/www.yucatanencorto.com\/noticias\/wp-content\/uploads\/2023\/07\/IMG-20230729-WA0026-scaled.jpg\" alt=\"\" width=\"768\" height=\"346\" srcset=\"https:\/\/www.yucatanencorto.com\/noticias\/wp-content\/uploads\/2023\/07\/IMG-20230729-WA0026-scaled.jpg 768w, https:\/\/www.yucatanencorto.com\/noticias\/wp-content\/uploads\/2023\/07\/IMG-20230729-WA0026-1536x691.jpg 1536w, https:\/\/www.yucatanencorto.com\/noticias\/wp-content\/uploads\/2023\/07\/IMG-20230729-WA0026-696x313.jpg 696w, https:\/\/www.yucatanencorto.com\/noticias\/wp-content\/uploads\/2023\/07\/IMG-20230729-WA0026-1068x481.jpg 1068w, https:\/\/www.yucatanencorto.com\/noticias\/wp-content\/uploads\/2023\/07\/IMG-20230729-WA0026-933x420.jpg 933w\" sizes=\"auto, (max-width: 768px) 100vw, 768px\" \/>KANAS\u00cdN, Yucat\u00e1n a 29 de julio 2023.- Luego de 10 a\u00f1os de estar en el abandono el Fraccionamiento Encinos II ya tiene otra cara: calles y avenidas pavimentadas, alumbrado p\u00fablico en excelentes condiciones y, especialmente, un nuevo Parque Lineal que anoche fue reinaugurado ante cientos de vecinos que acudieron a agradecerle al alcalde ese tipo de acciones que dignifican la vida de las familias de esa zona.<\/p>\n<p>&nbsp;<\/p>\n<p>Juliette Novelo Chan y Cecilia Gonz\u00e1lez, representantes de los vecinos, agradecieron a Edwin Boj\u00f3rquez por este nuevo parque, as\u00ed como por la avenida que ahora se encuentra en perfecto estado.<\/p>\n<p>&nbsp;<\/p>\n<p>\u00abDesde hace dos a\u00f1os hemos visto un cambio en Kanas\u00edn gracias a la labor que realiza y prueba de ello es la avenida en perfecto estado, el parque con internet y la iluminaci\u00f3n que beneficia a todas las familias del lugar\u201d, se\u00f1alaron a nombre de los vecinos del Fraccionamiento Encinos II.<\/p>\n<p>&nbsp;<\/p>\n<p>En su intervenci\u00f3n, Edwin Boj\u00f3rquez record\u00f3 las malas condiciones en las que est\u00e1 la avenida: \u201cparec\u00eda un campo de batalla\u201d.<\/p>\n<p>&nbsp;<\/p>\n<p>\u00abEstaba en deplorables condiciones por todos lados; estaba en total abandono no s\u00f3lo la avenida sino todo el fraccionamiento por la mala gesti\u00f3n de los anteriores alcaldes\u00bb, se\u00f1al\u00f3.<\/p>\n<p>&nbsp;<\/p>\n<p>\u201cEl parque era un dolor de cabeza para las familias del lugar porque estaba lleno de basura, de maleza, era un punto de reuni\u00f3n de delincuentes\u201d, resumi\u00f3.<\/p>\n<p>&nbsp;<\/p>\n<p>Se\u00f1al\u00f3 que se estableci\u00f3 un compromiso de trabajo y, como resultado de una encuesta que se realiz\u00f3 casa por casa, fueron los propios vecinos los que determinaron que se mejore el parque. \u201cY aqu\u00ed est\u00e1 el resultado, un espacio bonito, alumbrado, con cancha de usos m\u00faltiples, andadores, un anfiteatro, estacionamiento, \u00e1reas verdes, juegos para ni\u00f1os, un enorme confidente e internet y c\u00e1maras de vigilancia\u201d.<\/p>\n<p>&nbsp;<\/p>\n<p>De acuerdo con el coordinador de obras p\u00fablicas del Ayuntamiento de Kanas\u00edn, Geovany Herrera, la obra tuvo un costo de un mill\u00f3n 802 mil pesos y fue el parque n\u00famero 35 que se remodel\u00f3 y se espera que antes de finalizar el a\u00f1o, los 53 parques ya est\u00e9n en perfectas condiciones.<\/p>\n","protected":false},"excerpt":{"rendered":"<p>KANAS\u00cdN, Yucat\u00e1n a 29 de julio 2023.- Luego de 10 a\u00f1os de estar en el abandono el Fraccionamiento Encinos II ya tiene otra cara: calles y avenidas pavimentadas, alumbrado p\u00fablico en excelentes condiciones y, especialmente, un nuevo Parque Lineal que anoche fue reinaugurado ante cientos de vecinos que acudieron a agradecerle al alcalde ese tipo [&hellip;]<\/p>\n","protected":false},"author":3,"featured_media":99352,"comment_status":"closed","ping_status":"closed","sticky":false,"template":"","format":"standard","meta":{"footnotes":""},"categories":[3],"tags":[],"class_list":{"0":"post-99351","1":"post","2":"type-post","3":"status-publish","4":"format-standard","5":"has-post-thumbnail","7":"category-yucatan"},"yoast_head":"<!-- This site is optimized with the Yoast SEO plugin v27.4 - https:\/\/yoast.com\/product\/yoast-seo-wordpress\/ -->\n<title>Reinauguran Parque Lineal en Encinos II de Kanas\u00edn - Yucat\u00e1n en corto<\/title>\n<meta name=\"robots\" content=\"index, follow, max-snippet:-1, max-image-preview:large, max-video-preview:-1\" \/>\n<link rel=\"canonical\" href=\"https:\/\/www.yucatanencorto.com\/noticias\/reinauguran-parque-lineal-en-encinos-ii-de-kanasin\/\" \/>\n<meta property=\"og:locale\" content=\"es_ES\" \/>\n<meta property=\"og:type\" content=\"article\" \/>\n<meta property=\"og:title\" content=\"Reinauguran Parque Lineal en Encinos II de Kanas\u00edn - Yucat\u00e1n en corto\" \/>\n<meta property=\"og:description\" content=\"KANAS\u00cdN, Yucat\u00e1n a 29 de julio 2023.- Luego de 10 a\u00f1os de estar en el abandono el Fraccionamiento Encinos II ya tiene otra cara: calles y avenidas pavimentadas, alumbrado p\u00fablico en excelentes condiciones y, especialmente, un nuevo Parque Lineal que anoche fue reinaugurado ante cientos de vecinos que acudieron a agradecerle al alcalde ese tipo [&hellip;]\" \/>\n<meta property=\"og:url\" content=\"https:\/\/www.yucatanencorto.com\/noticias\/reinauguran-parque-lineal-en-encinos-ii-de-kanasin\/\" \/>\n<meta property=\"og:site_name\" content=\"Yucat\u00e1n en corto\" \/>\n<meta property=\"article:publisher\" content=\"http:\/\/www.facebook.com\/yucatanencorto\" \/>\n<meta property=\"article:published_time\" content=\"2023-07-29T19:37:08+00:00\" \/>\n<meta property=\"og:image\" content=\"https:\/\/www.yucatanencorto.com\/noticias\/wp-content\/uploads\/2023\/07\/IMG-20230729-WA0026-scaled.jpg\" \/>\n\t<meta property=\"og:image:width\" content=\"768\" \/>\n\t<meta property=\"og:image:height\" content=\"346\" \/>\n\t<meta property=\"og:image:type\" content=\"image\/jpeg\" \/>\n<meta name=\"author\" content=\"Redes\" \/>\n<meta name=\"twitter:card\" content=\"summary_large_image\" \/>\n<meta name=\"twitter:creator\" content=\"@yucatanencorto\" \/>\n<meta name=\"twitter:site\" content=\"@yucatanencorto\" \/>\n<meta name=\"twitter:label1\" content=\"Escrito por\" \/>\n\t<meta name=\"twitter:data1\" content=\"Redes\" \/>\n\t<meta name=\"twitter:label2\" content=\"Tiempo de lectura\" \/>\n\t<meta name=\"twitter:data2\" content=\"2 minutos\" \/>\n<script type=\"application\/ld+json\" class=\"yoast-schema-graph\">{\"@context\":\"https:\\\/\\\/schema.org\",\"@graph\":[{\"@type\":\"Article\",\"@id\":\"https:\\\/\\\/www.yucatanencorto.com\\\/noticias\\\/reinauguran-parque-lineal-en-encinos-ii-de-kanasin\\\/#article\",\"isPartOf\":{\"@id\":\"https:\\\/\\\/www.yucatanencorto.com\\\/noticias\\\/reinauguran-parque-lineal-en-encinos-ii-de-kanasin\\\/\"},\"author\":{\"name\":\"Redes\",\"@id\":\"https:\\\/\\\/www.yucatanencorto.com\\\/noticias\\\/#\\\/schema\\\/person\\\/e2fbdfaf30a07014a43940ce989f3119\"},\"headline\":\"Reinauguran Parque Lineal en Encinos II de Kanas\u00edn\",\"datePublished\":\"2023-07-29T19:37:08+00:00\",\"mainEntityOfPage\":{\"@id\":\"https:\\\/\\\/www.yucatanencorto.com\\\/noticias\\\/reinauguran-parque-lineal-en-encinos-ii-de-kanasin\\\/\"},\"wordCount\":376,\"image\":{\"@id\":\"https:\\\/\\\/www.yucatanencorto.com\\\/noticias\\\/reinauguran-parque-lineal-en-encinos-ii-de-kanasin\\\/#primaryimage\"},\"thumbnailUrl\":\"https:\\\/\\\/www.yucatanencorto.com\\\/noticias\\\/wp-content\\\/uploads\\\/2023\\\/07\\\/IMG-20230729-WA0026-scaled.jpg\",\"articleSection\":[\"Yucat\u00e1n\"],\"inLanguage\":\"es\"},{\"@type\":\"WebPage\",\"@id\":\"https:\\\/\\\/www.yucatanencorto.com\\\/noticias\\\/reinauguran-parque-lineal-en-encinos-ii-de-kanasin\\\/\",\"url\":\"https:\\\/\\\/www.yucatanencorto.com\\\/noticias\\\/reinauguran-parque-lineal-en-encinos-ii-de-kanasin\\\/\",\"name\":\"Reinauguran Parque Lineal en Encinos II de Kanas\u00edn - Yucat\u00e1n en corto\",\"isPartOf\":{\"@id\":\"https:\\\/\\\/www.yucatanencorto.com\\\/noticias\\\/#website\"},\"primaryImageOfPage\":{\"@id\":\"https:\\\/\\\/www.yucatanencorto.com\\\/noticias\\\/reinauguran-parque-lineal-en-encinos-ii-de-kanasin\\\/#primaryimage\"},\"image\":{\"@id\":\"https:\\\/\\\/www.yucatanencorto.com\\\/noticias\\\/reinauguran-parque-lineal-en-encinos-ii-de-kanasin\\\/#primaryimage\"},\"thumbnailUrl\":\"https:\\\/\\\/www.yucatanencorto.com\\\/noticias\\\/wp-content\\\/uploads\\\/2023\\\/07\\\/IMG-20230729-WA0026-scaled.jpg\",\"datePublished\":\"2023-07-29T19:37:08+00:00\",\"author\":{\"@id\":\"https:\\\/\\\/www.yucatanencorto.com\\\/noticias\\\/#\\\/schema\\\/person\\\/e2fbdfaf30a07014a43940ce989f3119\"},\"breadcrumb\":{\"@id\":\"https:\\\/\\\/www.yucatanencorto.com\\\/noticias\\\/reinauguran-parque-lineal-en-encinos-ii-de-kanasin\\\/#breadcrumb\"},\"inLanguage\":\"es\",\"potentialAction\":[{\"@type\":\"ReadAction\",\"target\":[\"https:\\\/\\\/www.yucatanencorto.com\\\/noticias\\\/reinauguran-parque-lineal-en-encinos-ii-de-kanasin\\\/\"]}]},{\"@type\":\"ImageObject\",\"inLanguage\":\"es\",\"@id\":\"https:\\\/\\\/www.yucatanencorto.com\\\/noticias\\\/reinauguran-parque-lineal-en-encinos-ii-de-kanasin\\\/#primaryimage\",\"url\":\"https:\\\/\\\/www.yucatanencorto.com\\\/noticias\\\/wp-content\\\/uploads\\\/2023\\\/07\\\/IMG-20230729-WA0026-scaled.jpg\",\"contentUrl\":\"https:\\\/\\\/www.yucatanencorto.com\\\/noticias\\\/wp-content\\\/uploads\\\/2023\\\/07\\\/IMG-20230729-WA0026-scaled.jpg\",\"width\":768,\"height\":346},{\"@type\":\"BreadcrumbList\",\"@id\":\"https:\\\/\\\/www.yucatanencorto.com\\\/noticias\\\/reinauguran-parque-lineal-en-encinos-ii-de-kanasin\\\/#breadcrumb\",\"itemListElement\":[{\"@type\":\"ListItem\",\"position\":1,\"name\":\"Portada\",\"item\":\"https:\\\/\\\/www.yucatanencorto.com\\\/noticias\\\/\"},{\"@type\":\"ListItem\",\"position\":2,\"name\":\"Reinauguran Parque Lineal en Encinos II de Kanas\u00edn\"}]},{\"@type\":\"WebSite\",\"@id\":\"https:\\\/\\\/www.yucatanencorto.com\\\/noticias\\\/#website\",\"url\":\"https:\\\/\\\/www.yucatanencorto.com\\\/noticias\\\/\",\"name\":\"Yucat\u00e1n en corto\",\"description\":\"Noticias\",\"potentialAction\":[{\"@type\":\"SearchAction\",\"target\":{\"@type\":\"EntryPoint\",\"urlTemplate\":\"https:\\\/\\\/www.yucatanencorto.com\\\/noticias\\\/?s={search_term_string}\"},\"query-input\":{\"@type\":\"PropertyValueSpecification\",\"valueRequired\":true,\"valueName\":\"search_term_string\"}}],\"inLanguage\":\"es\"},{\"@type\":\"Person\",\"@id\":\"https:\\\/\\\/www.yucatanencorto.com\\\/noticias\\\/#\\\/schema\\\/person\\\/e2fbdfaf30a07014a43940ce989f3119\",\"name\":\"Redes\",\"image\":{\"@type\":\"ImageObject\",\"inLanguage\":\"es\",\"@id\":\"https:\\\/\\\/secure.gravatar.com\\\/avatar\\\/5931a2d21dd7cc834f44c8c34fe56d90ed6d536ef452cbf870c7485b524dddd7?s=96&d=mm&r=g\",\"url\":\"https:\\\/\\\/secure.gravatar.com\\\/avatar\\\/5931a2d21dd7cc834f44c8c34fe56d90ed6d536ef452cbf870c7485b524dddd7?s=96&d=mm&r=g\",\"contentUrl\":\"https:\\\/\\\/secure.gravatar.com\\\/avatar\\\/5931a2d21dd7cc834f44c8c34fe56d90ed6d536ef452cbf870c7485b524dddd7?s=96&d=mm&r=g\",\"caption\":\"Redes\"},\"url\":\"https:\\\/\\\/www.yucatanencorto.com\\\/noticias\\\/author\\\/redes\\\/\"}]}<\/script>\n<!-- \/ Yoast SEO plugin. -->","yoast_head_json":{"title":"Reinauguran Parque Lineal en Encinos II de Kanas\u00edn - Yucat\u00e1n en corto","robots":{"index":"index","follow":"follow","max-snippet":"max-snippet:-1","max-image-preview":"max-image-preview:large","max-video-preview":"max-video-preview:-1"},"canonical":"https:\/\/www.yucatanencorto.com\/noticias\/reinauguran-parque-lineal-en-encinos-ii-de-kanasin\/","og_locale":"es_ES","og_type":"article","og_title":"Reinauguran Parque Lineal en Encinos II de Kanas\u00edn - Yucat\u00e1n en corto","og_description":"KANAS\u00cdN, Yucat\u00e1n a 29 de julio 2023.- Luego de 10 a\u00f1os de estar en el abandono el Fraccionamiento Encinos II ya tiene otra cara: calles y avenidas pavimentadas, alumbrado p\u00fablico en excelentes condiciones y, especialmente, un nuevo Parque Lineal que anoche fue reinaugurado ante cientos de vecinos que acudieron a agradecerle al alcalde ese tipo [&hellip;]","og_url":"https:\/\/www.yucatanencorto.com\/noticias\/reinauguran-parque-lineal-en-encinos-ii-de-kanasin\/","og_site_name":"Yucat\u00e1n en corto","article_publisher":"http:\/\/www.facebook.com\/yucatanencorto","article_published_time":"2023-07-29T19:37:08+00:00","og_image":[{"width":768,"height":346,"url":"https:\/\/www.yucatanencorto.com\/noticias\/wp-content\/uploads\/2023\/07\/IMG-20230729-WA0026-scaled.jpg","type":"image\/jpeg"}],"author":"Redes","twitter_card":"summary_large_image","twitter_creator":"@yucatanencorto","twitter_site":"@yucatanencorto","twitter_misc":{"Escrito por":"Redes","Tiempo de lectura":"2 minutos"},"schema":{"@context":"https:\/\/schema.org","@graph":[{"@type":"Article","@id":"https:\/\/www.yucatanencorto.com\/noticias\/reinauguran-parque-lineal-en-encinos-ii-de-kanasin\/#article","isPartOf":{"@id":"https:\/\/www.yucatanencorto.com\/noticias\/reinauguran-parque-lineal-en-encinos-ii-de-kanasin\/"},"author":{"name":"Redes","@id":"https:\/\/www.yucatanencorto.com\/noticias\/#\/schema\/person\/e2fbdfaf30a07014a43940ce989f3119"},"headline":"Reinauguran Parque Lineal en Encinos II de Kanas\u00edn","datePublished":"2023-07-29T19:37:08+00:00","mainEntityOfPage":{"@id":"https:\/\/www.yucatanencorto.com\/noticias\/reinauguran-parque-lineal-en-encinos-ii-de-kanasin\/"},"wordCount":376,"image":{"@id":"https:\/\/www.yucatanencorto.com\/noticias\/reinauguran-parque-lineal-en-encinos-ii-de-kanasin\/#primaryimage"},"thumbnailUrl":"https:\/\/www.yucatanencorto.com\/noticias\/wp-content\/uploads\/2023\/07\/IMG-20230729-WA0026-scaled.jpg","articleSection":["Yucat\u00e1n"],"inLanguage":"es"},{"@type":"WebPage","@id":"https:\/\/www.yucatanencorto.com\/noticias\/reinauguran-parque-lineal-en-encinos-ii-de-kanasin\/","url":"https:\/\/www.yucatanencorto.com\/noticias\/reinauguran-parque-lineal-en-encinos-ii-de-kanasin\/","name":"Reinauguran Parque Lineal en Encinos II de Kanas\u00edn - Yucat\u00e1n en corto","isPartOf":{"@id":"https:\/\/www.yucatanencorto.com\/noticias\/#website"},"primaryImageOfPage":{"@id":"https:\/\/www.yucatanencorto.com\/noticias\/reinauguran-parque-lineal-en-encinos-ii-de-kanasin\/#primaryimage"},"image":{"@id":"https:\/\/www.yucatanencorto.com\/noticias\/reinauguran-parque-lineal-en-encinos-ii-de-kanasin\/#primaryimage"},"thumbnailUrl":"https:\/\/www.yucatanencorto.com\/noticias\/wp-content\/uploads\/2023\/07\/IMG-20230729-WA0026-scaled.jpg","datePublished":"2023-07-29T19:37:08+00:00","author":{"@id":"https:\/\/www.yucatanencorto.com\/noticias\/#\/schema\/person\/e2fbdfaf30a07014a43940ce989f3119"},"breadcrumb":{"@id":"https:\/\/www.yucatanencorto.com\/noticias\/reinauguran-parque-lineal-en-encinos-ii-de-kanasin\/#breadcrumb"},"inLanguage":"es","potentialAction":[{"@type":"ReadAction","target":["https:\/\/www.yucatanencorto.com\/noticias\/reinauguran-parque-lineal-en-encinos-ii-de-kanasin\/"]}]},{"@type":"ImageObject","inLanguage":"es","@id":"https:\/\/www.yucatanencorto.com\/noticias\/reinauguran-parque-lineal-en-encinos-ii-de-kanasin\/#primaryimage","url":"https:\/\/www.yucatanencorto.com\/noticias\/wp-content\/uploads\/2023\/07\/IMG-20230729-WA0026-scaled.jpg","contentUrl":"https:\/\/www.yucatanencorto.com\/noticias\/wp-content\/uploads\/2023\/07\/IMG-20230729-WA0026-scaled.jpg","width":768,"height":346},{"@type":"BreadcrumbList","@id":"https:\/\/www.yucatanencorto.com\/noticias\/reinauguran-parque-lineal-en-encinos-ii-de-kanasin\/#breadcrumb","itemListElement":[{"@type":"ListItem","position":1,"name":"Portada","item":"https:\/\/www.yucatanencorto.com\/noticias\/"},{"@type":"ListItem","position":2,"name":"Reinauguran Parque Lineal en Encinos II de Kanas\u00edn"}]},{"@type":"WebSite","@id":"https:\/\/www.yucatanencorto.com\/noticias\/#website","url":"https:\/\/www.yucatanencorto.com\/noticias\/","name":"Yucat\u00e1n en corto","description":"Noticias","potentialAction":[{"@type":"SearchAction","target":{"@type":"EntryPoint","urlTemplate":"https:\/\/www.yucatanencorto.com\/noticias\/?s={search_term_string}"},"query-input":{"@type":"PropertyValueSpecification","valueRequired":true,"valueName":"search_term_string"}}],"inLanguage":"es"},{"@type":"Person","@id":"https:\/\/www.yucatanencorto.com\/noticias\/#\/schema\/person\/e2fbdfaf30a07014a43940ce989f3119","name":"Redes","image":{"@type":"ImageObject","inLanguage":"es","@id":"https:\/\/secure.gravatar.com\/avatar\/5931a2d21dd7cc834f44c8c34fe56d90ed6d536ef452cbf870c7485b524dddd7?s=96&d=mm&r=g","url":"https:\/\/secure.gravatar.com\/avatar\/5931a2d21dd7cc834f44c8c34fe56d90ed6d536ef452cbf870c7485b524dddd7?s=96&d=mm&r=g","contentUrl":"https:\/\/secure.gravatar.com\/avatar\/5931a2d21dd7cc834f44c8c34fe56d90ed6d536ef452cbf870c7485b524dddd7?s=96&d=mm&r=g","caption":"Redes"},"url":"https:\/\/www.yucatanencorto.com\/noticias\/author\/redes\/"}]}},"_links":{"self":[{"href":"https:\/\/www.yucatanencorto.com\/noticias\/wp-json\/wp\/v2\/posts\/99351","targetHints":{"allow":["GET"]}}],"collection":[{"href":"https:\/\/www.yucatanencorto.com\/noticias\/wp-json\/wp\/v2\/posts"}],"about":[{"href":"https:\/\/www.yucatanencorto.com\/noticias\/wp-json\/wp\/v2\/types\/post"}],"author":[{"embeddable":true,"href":"https:\/\/www.yucatanencorto.com\/noticias\/wp-json\/wp\/v2\/users\/3"}],"replies":[{"embeddable":true,"href":"https:\/\/www.yucatanencorto.com\/noticias\/wp-json\/wp\/v2\/comments?post=99351"}],"version-history":[{"count":0,"href":"https:\/\/www.yucatanencorto.com\/noticias\/wp-json\/wp\/v2\/posts\/99351\/revisions"}],"wp:featuredmedia":[{"embeddable":true,"href":"https:\/\/www.yucatanencorto.com\/noticias\/wp-json\/wp\/v2\/media\/99352"}],"wp:attachment":[{"href":"https:\/\/www.yucatanencorto.com\/noticias\/wp-json\/wp\/v2\/media?parent=99351"}],"wp:term":[{"taxonomy":"category","embeddable":true,"href":"https:\/\/www.yucatanencorto.com\/noticias\/wp-json\/wp\/v2\/categories?post=99351"},{"taxonomy":"post_tag","embeddable":true,"href":"https:\/\/www.yucatanencorto.com\/noticias\/wp-json\/wp\/v2\/tags?post=99351"}],"curies":[{"name":"wp","href":"https:\/\/api.w.org\/{rel}","templated":true}]}}