{"id":99361,"date":"2023-07-30T21:20:08","date_gmt":"2023-07-31T03:20:08","guid":{"rendered":"https:\/\/www.yucatanencorto.com\/noticias\/?p=99361"},"modified":"2023-07-30T21:20:08","modified_gmt":"2023-07-31T03:20:08","slug":"se-realizaran-jornadas-de-fumigacion-en-el-estado","status":"publish","type":"post","link":"https:\/\/www.yucatanencorto.com\/noticias\/se-realizaran-jornadas-de-fumigacion-en-el-estado\/","title":{"rendered":"Se realizar\u00e1n jornadas de fumigaci\u00f3n en el estado"},"content":{"rendered":"<p style=\"text-align: left;\"><img loading=\"lazy\" decoding=\"async\" class=\"alignnone size-full wp-image-99362\" src=\"https:\/\/www.yucatanencorto.com\/noticias\/wp-content\/uploads\/2023\/07\/IMG_3296.jpeg\" alt=\"\" width=\"672\" height=\"456\" srcset=\"https:\/\/www.yucatanencorto.com\/noticias\/wp-content\/uploads\/2023\/07\/IMG_3296.jpeg 672w, https:\/\/www.yucatanencorto.com\/noticias\/wp-content\/uploads\/2023\/07\/IMG_3296-619x420.jpeg 619w\" sizes=\"auto, (max-width: 672px) 100vw, 672px\" \/><\/p>\n<p>M\u00e9rida, Yucat\u00e1n, 30 de julio de 2023.- Para salvaguardar la salud de la poblaci\u00f3n yucateca, la Secretar\u00eda de Salud de Yucat\u00e1n (SSY) mantiene acciones permanentes todo el a\u00f1o en la capital del estado y el interior en apego a la normatividad vigente inform\u00f3 el director de Prevenci\u00f3n y Protecci\u00f3n de la Salud, Carlos Isaac Hern\u00e1ndez Fuentes.<\/p>\n<p>Como parte de estas acciones ayer viernes 28 el operativo atendi\u00f3 los siguientes Fraccionamientos y Colonias: Alcal\u00e1 Mart\u00edn, Callejones de Chuburn\u00e1, Chuburn\u00e1 II, Colonia Yucat\u00e1n, El Prado Chuburn\u00e1, Elefante Grande, Francisco de Montejo, Garc\u00eda Giner\u00e9s, Juan B. Sosa, Lindavista, Las Magnolias, Paseos de Chenk\u00fa II, Pedregales de Tanlum, Pensiones, San Dami\u00e1n, San Pablo y San Pedro Uxmal, Terranova, Privadas de Chuburn\u00e1, C\u00e1mara de la Construcci\u00f3n, Xcumpich; Pinz\u00f3n I y II.<\/p>\n<p>El lunes 31 la dependencia atender\u00e1 las siguientes colonias y fraccionamientos: Melchor Ocampo, Mayap\u00e1n y Nueva Mayap\u00e1n, Los Reyes, Manuel \u00c1vila Camacho, Fraccionamientos Lourdes Industrial, Villa Fontana, Del Carmen, Waspa, Del Parque, Chumin\u00f3polis, L\u00e1zaro C\u00e1rdenas, Wallis, Pacabt\u00fan, Salvador Alvarado Oriente, Fidel Vel\u00e1zquez, Nueva Chich\u00e9n, Benito Ju\u00e1rez Oriente, Emilio Portes Gil, Chich\u00e9n Itz\u00e1; Cort\u00e9s Sarmiento. Jardines Miraflores, San Crist\u00f3bal, Lourdes y Azcorra.<\/p>\n<p>Al adelantar el calendario de fumigaciones para la primera semana de agosto dijo que el martes 1 se atender\u00e1: La colonia Miraflores, San Jos\u00e9 Vergel, tambi\u00e9n Vergel 1, 2, 3, 4, 65, Ricardo Flores Mag\u00f3n, Misn\u00e9; Y San Pablo Oriente, asimismo, San Antonio Kaua II, Reparto Granjas, Nueva Kukulc\u00e1n, San Antonio Kaua, Miraflores Secci\u00f3n II; y la Morelos Oriente.<\/p>\n<p>De igual manera, la Unidad Morelos, Vicente Solis, Canto, Mar\u00eda Luisa, Salvador Alvarado Sur,Fraccionamiento Kukulc\u00e1n, Salvador Alvarado Sur, San Miguel, Fraccionamiento del Sur, Ampliaci\u00f3n la Hacienda, Brisas del Sur y la Santa Rosa; de igual manera: Quinta Santa Rosa, Fracc. Itzaes, Sambul\u00e1, Fracc. Palmeras, Nueva Sambul\u00e1, Libertad; y Fracc. Salvador Alvarado.<br \/>\nTambi\u00e9n Los Reyes, Obrera, Palmeras Iy II, Santa Mar\u00eda Guadalupe, Manzana 115, Melit\u00f3n Salazar, Castilla C\u00e1mara, Dolores Otero, Mercedes Barrera, Cinco colonias, Zazil H\u00e1, San Jos\u00e9 Tecoh, y Nueva San Jos\u00e9.<br \/>\nEn cuanto al interior del estado se atender\u00e1 la poblaci\u00f3n de Popoln\u00e1h en Tizim\u00edn y Tinum, Xcalacoop, San Francisco, as\u00ed como el municipio de Tekax.<\/p>\n<p>Para el d\u00eda 2 la SSY fumigar\u00e1: Cinco colonias segunda secci\u00f3n, \u00c1lamos del Sur, Brisas de San Jos\u00e9, Valle Dorado, San Antonio Xluch Segunda secci\u00f3n, San Arturo Xluch, Emiliano Zapata Sur, Emiliano Zapata Sur I y II, Renacimiento, San Jos\u00e9 Tecoh segunda secci\u00f3n, San Jos\u00e9 Tecoh Sur, Emiliano Zapata Sur II, San Antonio Xluch tercera secci\u00f3n, El Roble I y II, Venustiano Carranza, San Marcos Nocoh, Pino Suarez, El Roble Agr\u00edcola, El Roble.<\/p>\n<p>Adem\u00e1s: Manuel Crescencio Rej\u00f3n, El Roble III, San Marco Nocoh, Fracc. Villas M\u00e9rida, Libertad, Fracc. Sac Nict\u00e9, Graciano Ricalde, Fracc. Cd. Industrial, Jardines de Nueva Mulsay II, Mulsay, Xocl\u00e1n Rejas, Pedregales de mulsay, Hacienda Mulsay, Xocl\u00e1n Susul\u00e1, Xocl\u00e1n, M\u00e9xico Poniente, Villa Magna; y Xocl\u00e1n bech, Valpara\u00edso, Paseos de Opich\u00e9n, Ampliaci\u00f3n Tixcacal Opich\u00e9n, Tixcacal, Frut\u00edcola Susul\u00e1; y Juan Pablo II.<\/p>\n<p>Se fumigar\u00e1 Dzonot Ak\u00e9 comisar\u00eda de Tizimin y Tekax.<br \/>\nEl jueves 3 se trabajar\u00e1: Juan Pablo II, Xocl\u00e1n Carmelitas, Bosques de Mulsay, Xocl\u00e1n Santos, Xocl\u00e1n San Manuel, Francisco I. Madero, San Lorenzo, Boj\u00f3rquez, Armando \u00c1vila, Yucalpet\u00e9n y Villas de Yucalpet\u00e9n, Ampliaci\u00f3n Juan Pablo II Secci\u00f3n Orqu\u00eddeas, y Nora Quintana.<\/p>\n<p>Se fumigar\u00e1 Chemax, Chan Cenote (Tizim\u00edn) y Tzucacab.<\/p>\n<p>El Viernes 4 se atender\u00e1: Valladolid y Muna.<\/p>\n<p>Subray\u00f3 que los horarios de fumigaci\u00f3n inician desde las 03:00 horas y en el turno vespertino desde las 18:40 P.M., los trabajos concluyen hasta que las rutas se\u00f1aladas tengan la cobertura total, en ese sentido, recomend\u00f3 a los habitantes a dejar abiertas sus ventanas cuando escuchen a los veh\u00edculos con equipos de fumigaci\u00f3n circular por sus calles, permitiendo con esto que el insecticida penetre al interior de sus viviendas, subray\u00f3 que en forma continua estaremos realizando operativos de fumigaci\u00f3n, nebulizaci\u00f3n y el control larvario en beneficio de los habitantes.<\/p>\n<p>&nbsp;<\/p>\n<p>Asimismo, revel\u00f3 que la dependencia ha visitado 344,770 hogares para hacer labores de control larvario, se han rociado el interior de 19,036, se ha fumigado m\u00e1s de 21, 000 domicilios haciendo uso de motomochilas, a estas actividades se agrega el nebulizado de cerca de 102,793 hect\u00e1reas con equipos de fumigaci\u00f3n montados en veh\u00edculos, y como resultado de las campa\u00f1as de descacharrizaci\u00f3n se ha recopilado 970 toneladas de potenciales criaderos de moscos (cacharros); se han certificado 81 edificios como espacios limpios y libres de criaderos.<\/p>\n<p>Dijo que la estrategia se complementa con la suma de esfuerzos que la SSY realiza, como la alianza que existe con los ayuntamientos municipales, nebulizado espacial, rociado intradomiciliario y todo un conjunto de acciones enfocadas a controlar al insecto.<\/p>\n<p>Al respecto, a\u00f1adi\u00f3 que Yucat\u00e1n es un estado que por sus condiciones de clima tropical en estas \u00e9pocas de lluvia la presencia de moscos se incrementa, por ello la indicaci\u00f3n del Titular del Ramo (SSY) en el estado, Mauricio Sauri Vivas, ha sido no bajar la guardia, en ese sentido, \u00abejercemos acciones anticipatorias como las campa\u00f1as de eliminaci\u00f3n de los criaderos al interior de los domicilios y en coordinaci\u00f3n con las autoridades municipales en las que hemos contado con una buena participaci\u00f3n de la ciudadan\u00eda\u00bb destac\u00f3.<\/p>\n<p>Finalmente hizo hincapi\u00e9 en que en estas acciones desde sus hogares, la poblaci\u00f3n puede hacer su parte haciendo uso de repelentes e insecticidas de uso dom\u00e9stico, manteniendo los patios de sus hogares limpios y libres de hierba, basura, maleza y de recipientes que ante la ca\u00edda de lluvia se convierten en criaderos, concluy\u00f3.<\/p>\n","protected":false},"excerpt":{"rendered":"<p>M\u00e9rida, Yucat\u00e1n, 30 de julio de 2023.- Para salvaguardar la salud de la poblaci\u00f3n yucateca, la Secretar\u00eda de Salud de Yucat\u00e1n (SSY) mantiene acciones permanentes todo el a\u00f1o en la capital del estado y el interior en apego a la normatividad vigente inform\u00f3 el director de Prevenci\u00f3n y Protecci\u00f3n de la Salud, Carlos Isaac Hern\u00e1ndez [&hellip;]<\/p>\n","protected":false},"author":3,"featured_media":99362,"comment_status":"closed","ping_status":"closed","sticky":false,"template":"","format":"standard","meta":{"footnotes":""},"categories":[3],"tags":[],"class_list":{"0":"post-99361","1":"post","2":"type-post","3":"status-publish","4":"format-standard","5":"has-post-thumbnail","7":"category-yucatan"},"yoast_head":"<!-- This site is optimized with the Yoast SEO plugin v27.4 - https:\/\/yoast.com\/product\/yoast-seo-wordpress\/ -->\n<title>Se realizar\u00e1n jornadas de fumigaci\u00f3n en el estado - Yucat\u00e1n en corto<\/title>\n<meta name=\"robots\" content=\"index, follow, max-snippet:-1, max-image-preview:large, max-video-preview:-1\" \/>\n<link rel=\"canonical\" href=\"https:\/\/www.yucatanencorto.com\/noticias\/se-realizaran-jornadas-de-fumigacion-en-el-estado\/\" \/>\n<meta property=\"og:locale\" content=\"es_ES\" \/>\n<meta property=\"og:type\" content=\"article\" \/>\n<meta property=\"og:title\" content=\"Se realizar\u00e1n jornadas de fumigaci\u00f3n en el estado - Yucat\u00e1n en corto\" \/>\n<meta property=\"og:description\" content=\"M\u00e9rida, Yucat\u00e1n, 30 de julio de 2023.- Para salvaguardar la salud de la poblaci\u00f3n yucateca, la Secretar\u00eda de Salud de Yucat\u00e1n (SSY) mantiene acciones permanentes todo el a\u00f1o en la capital del estado y el interior en apego a la normatividad vigente inform\u00f3 el director de Prevenci\u00f3n y Protecci\u00f3n de la Salud, Carlos Isaac Hern\u00e1ndez [&hellip;]\" \/>\n<meta property=\"og:url\" content=\"https:\/\/www.yucatanencorto.com\/noticias\/se-realizaran-jornadas-de-fumigacion-en-el-estado\/\" \/>\n<meta property=\"og:site_name\" content=\"Yucat\u00e1n en corto\" \/>\n<meta property=\"article:publisher\" content=\"http:\/\/www.facebook.com\/yucatanencorto\" \/>\n<meta property=\"article:published_time\" content=\"2023-07-31T03:20:08+00:00\" \/>\n<meta property=\"og:image\" content=\"https:\/\/www.yucatanencorto.com\/noticias\/wp-content\/uploads\/2023\/07\/IMG_3296.jpeg\" \/>\n\t<meta property=\"og:image:width\" content=\"672\" \/>\n\t<meta property=\"og:image:height\" content=\"456\" \/>\n\t<meta property=\"og:image:type\" content=\"image\/jpeg\" \/>\n<meta name=\"author\" content=\"Redes\" \/>\n<meta name=\"twitter:card\" content=\"summary_large_image\" \/>\n<meta name=\"twitter:creator\" content=\"@yucatanencorto\" \/>\n<meta name=\"twitter:site\" content=\"@yucatanencorto\" \/>\n<meta name=\"twitter:label1\" content=\"Escrito por\" \/>\n\t<meta name=\"twitter:data1\" content=\"Redes\" \/>\n\t<meta name=\"twitter:label2\" content=\"Tiempo de lectura\" \/>\n\t<meta name=\"twitter:data2\" content=\"5 minutos\" \/>\n<script type=\"application\/ld+json\" class=\"yoast-schema-graph\">{\"@context\":\"https:\\\/\\\/schema.org\",\"@graph\":[{\"@type\":\"Article\",\"@id\":\"https:\\\/\\\/www.yucatanencorto.com\\\/noticias\\\/se-realizaran-jornadas-de-fumigacion-en-el-estado\\\/#article\",\"isPartOf\":{\"@id\":\"https:\\\/\\\/www.yucatanencorto.com\\\/noticias\\\/se-realizaran-jornadas-de-fumigacion-en-el-estado\\\/\"},\"author\":{\"name\":\"Redes\",\"@id\":\"https:\\\/\\\/www.yucatanencorto.com\\\/noticias\\\/#\\\/schema\\\/person\\\/e2fbdfaf30a07014a43940ce989f3119\"},\"headline\":\"Se realizar\u00e1n jornadas de fumigaci\u00f3n en el estado\",\"datePublished\":\"2023-07-31T03:20:08+00:00\",\"mainEntityOfPage\":{\"@id\":\"https:\\\/\\\/www.yucatanencorto.com\\\/noticias\\\/se-realizaran-jornadas-de-fumigacion-en-el-estado\\\/\"},\"wordCount\":988,\"image\":{\"@id\":\"https:\\\/\\\/www.yucatanencorto.com\\\/noticias\\\/se-realizaran-jornadas-de-fumigacion-en-el-estado\\\/#primaryimage\"},\"thumbnailUrl\":\"https:\\\/\\\/www.yucatanencorto.com\\\/noticias\\\/wp-content\\\/uploads\\\/2023\\\/07\\\/IMG_3296.jpeg\",\"articleSection\":[\"Yucat\u00e1n\"],\"inLanguage\":\"es\"},{\"@type\":\"WebPage\",\"@id\":\"https:\\\/\\\/www.yucatanencorto.com\\\/noticias\\\/se-realizaran-jornadas-de-fumigacion-en-el-estado\\\/\",\"url\":\"https:\\\/\\\/www.yucatanencorto.com\\\/noticias\\\/se-realizaran-jornadas-de-fumigacion-en-el-estado\\\/\",\"name\":\"Se realizar\u00e1n jornadas de fumigaci\u00f3n en el estado - Yucat\u00e1n en corto\",\"isPartOf\":{\"@id\":\"https:\\\/\\\/www.yucatanencorto.com\\\/noticias\\\/#website\"},\"primaryImageOfPage\":{\"@id\":\"https:\\\/\\\/www.yucatanencorto.com\\\/noticias\\\/se-realizaran-jornadas-de-fumigacion-en-el-estado\\\/#primaryimage\"},\"image\":{\"@id\":\"https:\\\/\\\/www.yucatanencorto.com\\\/noticias\\\/se-realizaran-jornadas-de-fumigacion-en-el-estado\\\/#primaryimage\"},\"thumbnailUrl\":\"https:\\\/\\\/www.yucatanencorto.com\\\/noticias\\\/wp-content\\\/uploads\\\/2023\\\/07\\\/IMG_3296.jpeg\",\"datePublished\":\"2023-07-31T03:20:08+00:00\",\"author\":{\"@id\":\"https:\\\/\\\/www.yucatanencorto.com\\\/noticias\\\/#\\\/schema\\\/person\\\/e2fbdfaf30a07014a43940ce989f3119\"},\"breadcrumb\":{\"@id\":\"https:\\\/\\\/www.yucatanencorto.com\\\/noticias\\\/se-realizaran-jornadas-de-fumigacion-en-el-estado\\\/#breadcrumb\"},\"inLanguage\":\"es\",\"potentialAction\":[{\"@type\":\"ReadAction\",\"target\":[\"https:\\\/\\\/www.yucatanencorto.com\\\/noticias\\\/se-realizaran-jornadas-de-fumigacion-en-el-estado\\\/\"]}]},{\"@type\":\"ImageObject\",\"inLanguage\":\"es\",\"@id\":\"https:\\\/\\\/www.yucatanencorto.com\\\/noticias\\\/se-realizaran-jornadas-de-fumigacion-en-el-estado\\\/#primaryimage\",\"url\":\"https:\\\/\\\/www.yucatanencorto.com\\\/noticias\\\/wp-content\\\/uploads\\\/2023\\\/07\\\/IMG_3296.jpeg\",\"contentUrl\":\"https:\\\/\\\/www.yucatanencorto.com\\\/noticias\\\/wp-content\\\/uploads\\\/2023\\\/07\\\/IMG_3296.jpeg\",\"width\":672,\"height\":456},{\"@type\":\"BreadcrumbList\",\"@id\":\"https:\\\/\\\/www.yucatanencorto.com\\\/noticias\\\/se-realizaran-jornadas-de-fumigacion-en-el-estado\\\/#breadcrumb\",\"itemListElement\":[{\"@type\":\"ListItem\",\"position\":1,\"name\":\"Portada\",\"item\":\"https:\\\/\\\/www.yucatanencorto.com\\\/noticias\\\/\"},{\"@type\":\"ListItem\",\"position\":2,\"name\":\"Se realizar\u00e1n jornadas de fumigaci\u00f3n en el estado\"}]},{\"@type\":\"WebSite\",\"@id\":\"https:\\\/\\\/www.yucatanencorto.com\\\/noticias\\\/#website\",\"url\":\"https:\\\/\\\/www.yucatanencorto.com\\\/noticias\\\/\",\"name\":\"Yucat\u00e1n en corto\",\"description\":\"Noticias\",\"potentialAction\":[{\"@type\":\"SearchAction\",\"target\":{\"@type\":\"EntryPoint\",\"urlTemplate\":\"https:\\\/\\\/www.yucatanencorto.com\\\/noticias\\\/?s={search_term_string}\"},\"query-input\":{\"@type\":\"PropertyValueSpecification\",\"valueRequired\":true,\"valueName\":\"search_term_string\"}}],\"inLanguage\":\"es\"},{\"@type\":\"Person\",\"@id\":\"https:\\\/\\\/www.yucatanencorto.com\\\/noticias\\\/#\\\/schema\\\/person\\\/e2fbdfaf30a07014a43940ce989f3119\",\"name\":\"Redes\",\"image\":{\"@type\":\"ImageObject\",\"inLanguage\":\"es\",\"@id\":\"https:\\\/\\\/secure.gravatar.com\\\/avatar\\\/5931a2d21dd7cc834f44c8c34fe56d90ed6d536ef452cbf870c7485b524dddd7?s=96&d=mm&r=g\",\"url\":\"https:\\\/\\\/secure.gravatar.com\\\/avatar\\\/5931a2d21dd7cc834f44c8c34fe56d90ed6d536ef452cbf870c7485b524dddd7?s=96&d=mm&r=g\",\"contentUrl\":\"https:\\\/\\\/secure.gravatar.com\\\/avatar\\\/5931a2d21dd7cc834f44c8c34fe56d90ed6d536ef452cbf870c7485b524dddd7?s=96&d=mm&r=g\",\"caption\":\"Redes\"},\"url\":\"https:\\\/\\\/www.yucatanencorto.com\\\/noticias\\\/author\\\/redes\\\/\"}]}<\/script>\n<!-- \/ Yoast SEO plugin. -->","yoast_head_json":{"title":"Se realizar\u00e1n jornadas de fumigaci\u00f3n en el estado - Yucat\u00e1n en corto","robots":{"index":"index","follow":"follow","max-snippet":"max-snippet:-1","max-image-preview":"max-image-preview:large","max-video-preview":"max-video-preview:-1"},"canonical":"https:\/\/www.yucatanencorto.com\/noticias\/se-realizaran-jornadas-de-fumigacion-en-el-estado\/","og_locale":"es_ES","og_type":"article","og_title":"Se realizar\u00e1n jornadas de fumigaci\u00f3n en el estado - Yucat\u00e1n en corto","og_description":"M\u00e9rida, Yucat\u00e1n, 30 de julio de 2023.- Para salvaguardar la salud de la poblaci\u00f3n yucateca, la Secretar\u00eda de Salud de Yucat\u00e1n (SSY) mantiene acciones permanentes todo el a\u00f1o en la capital del estado y el interior en apego a la normatividad vigente inform\u00f3 el director de Prevenci\u00f3n y Protecci\u00f3n de la Salud, Carlos Isaac Hern\u00e1ndez [&hellip;]","og_url":"https:\/\/www.yucatanencorto.com\/noticias\/se-realizaran-jornadas-de-fumigacion-en-el-estado\/","og_site_name":"Yucat\u00e1n en corto","article_publisher":"http:\/\/www.facebook.com\/yucatanencorto","article_published_time":"2023-07-31T03:20:08+00:00","og_image":[{"width":672,"height":456,"url":"https:\/\/www.yucatanencorto.com\/noticias\/wp-content\/uploads\/2023\/07\/IMG_3296.jpeg","type":"image\/jpeg"}],"author":"Redes","twitter_card":"summary_large_image","twitter_creator":"@yucatanencorto","twitter_site":"@yucatanencorto","twitter_misc":{"Escrito por":"Redes","Tiempo de lectura":"5 minutos"},"schema":{"@context":"https:\/\/schema.org","@graph":[{"@type":"Article","@id":"https:\/\/www.yucatanencorto.com\/noticias\/se-realizaran-jornadas-de-fumigacion-en-el-estado\/#article","isPartOf":{"@id":"https:\/\/www.yucatanencorto.com\/noticias\/se-realizaran-jornadas-de-fumigacion-en-el-estado\/"},"author":{"name":"Redes","@id":"https:\/\/www.yucatanencorto.com\/noticias\/#\/schema\/person\/e2fbdfaf30a07014a43940ce989f3119"},"headline":"Se realizar\u00e1n jornadas de fumigaci\u00f3n en el estado","datePublished":"2023-07-31T03:20:08+00:00","mainEntityOfPage":{"@id":"https:\/\/www.yucatanencorto.com\/noticias\/se-realizaran-jornadas-de-fumigacion-en-el-estado\/"},"wordCount":988,"image":{"@id":"https:\/\/www.yucatanencorto.com\/noticias\/se-realizaran-jornadas-de-fumigacion-en-el-estado\/#primaryimage"},"thumbnailUrl":"https:\/\/www.yucatanencorto.com\/noticias\/wp-content\/uploads\/2023\/07\/IMG_3296.jpeg","articleSection":["Yucat\u00e1n"],"inLanguage":"es"},{"@type":"WebPage","@id":"https:\/\/www.yucatanencorto.com\/noticias\/se-realizaran-jornadas-de-fumigacion-en-el-estado\/","url":"https:\/\/www.yucatanencorto.com\/noticias\/se-realizaran-jornadas-de-fumigacion-en-el-estado\/","name":"Se realizar\u00e1n jornadas de fumigaci\u00f3n en el estado - Yucat\u00e1n en corto","isPartOf":{"@id":"https:\/\/www.yucatanencorto.com\/noticias\/#website"},"primaryImageOfPage":{"@id":"https:\/\/www.yucatanencorto.com\/noticias\/se-realizaran-jornadas-de-fumigacion-en-el-estado\/#primaryimage"},"image":{"@id":"https:\/\/www.yucatanencorto.com\/noticias\/se-realizaran-jornadas-de-fumigacion-en-el-estado\/#primaryimage"},"thumbnailUrl":"https:\/\/www.yucatanencorto.com\/noticias\/wp-content\/uploads\/2023\/07\/IMG_3296.jpeg","datePublished":"2023-07-31T03:20:08+00:00","author":{"@id":"https:\/\/www.yucatanencorto.com\/noticias\/#\/schema\/person\/e2fbdfaf30a07014a43940ce989f3119"},"breadcrumb":{"@id":"https:\/\/www.yucatanencorto.com\/noticias\/se-realizaran-jornadas-de-fumigacion-en-el-estado\/#breadcrumb"},"inLanguage":"es","potentialAction":[{"@type":"ReadAction","target":["https:\/\/www.yucatanencorto.com\/noticias\/se-realizaran-jornadas-de-fumigacion-en-el-estado\/"]}]},{"@type":"ImageObject","inLanguage":"es","@id":"https:\/\/www.yucatanencorto.com\/noticias\/se-realizaran-jornadas-de-fumigacion-en-el-estado\/#primaryimage","url":"https:\/\/www.yucatanencorto.com\/noticias\/wp-content\/uploads\/2023\/07\/IMG_3296.jpeg","contentUrl":"https:\/\/www.yucatanencorto.com\/noticias\/wp-content\/uploads\/2023\/07\/IMG_3296.jpeg","width":672,"height":456},{"@type":"BreadcrumbList","@id":"https:\/\/www.yucatanencorto.com\/noticias\/se-realizaran-jornadas-de-fumigacion-en-el-estado\/#breadcrumb","itemListElement":[{"@type":"ListItem","position":1,"name":"Portada","item":"https:\/\/www.yucatanencorto.com\/noticias\/"},{"@type":"ListItem","position":2,"name":"Se realizar\u00e1n jornadas de fumigaci\u00f3n en el estado"}]},{"@type":"WebSite","@id":"https:\/\/www.yucatanencorto.com\/noticias\/#website","url":"https:\/\/www.yucatanencorto.com\/noticias\/","name":"Yucat\u00e1n en corto","description":"Noticias","potentialAction":[{"@type":"SearchAction","target":{"@type":"EntryPoint","urlTemplate":"https:\/\/www.yucatanencorto.com\/noticias\/?s={search_term_string}"},"query-input":{"@type":"PropertyValueSpecification","valueRequired":true,"valueName":"search_term_string"}}],"inLanguage":"es"},{"@type":"Person","@id":"https:\/\/www.yucatanencorto.com\/noticias\/#\/schema\/person\/e2fbdfaf30a07014a43940ce989f3119","name":"Redes","image":{"@type":"ImageObject","inLanguage":"es","@id":"https:\/\/secure.gravatar.com\/avatar\/5931a2d21dd7cc834f44c8c34fe56d90ed6d536ef452cbf870c7485b524dddd7?s=96&d=mm&r=g","url":"https:\/\/secure.gravatar.com\/avatar\/5931a2d21dd7cc834f44c8c34fe56d90ed6d536ef452cbf870c7485b524dddd7?s=96&d=mm&r=g","contentUrl":"https:\/\/secure.gravatar.com\/avatar\/5931a2d21dd7cc834f44c8c34fe56d90ed6d536ef452cbf870c7485b524dddd7?s=96&d=mm&r=g","caption":"Redes"},"url":"https:\/\/www.yucatanencorto.com\/noticias\/author\/redes\/"}]}},"_links":{"self":[{"href":"https:\/\/www.yucatanencorto.com\/noticias\/wp-json\/wp\/v2\/posts\/99361","targetHints":{"allow":["GET"]}}],"collection":[{"href":"https:\/\/www.yucatanencorto.com\/noticias\/wp-json\/wp\/v2\/posts"}],"about":[{"href":"https:\/\/www.yucatanencorto.com\/noticias\/wp-json\/wp\/v2\/types\/post"}],"author":[{"embeddable":true,"href":"https:\/\/www.yucatanencorto.com\/noticias\/wp-json\/wp\/v2\/users\/3"}],"replies":[{"embeddable":true,"href":"https:\/\/www.yucatanencorto.com\/noticias\/wp-json\/wp\/v2\/comments?post=99361"}],"version-history":[{"count":0,"href":"https:\/\/www.yucatanencorto.com\/noticias\/wp-json\/wp\/v2\/posts\/99361\/revisions"}],"wp:featuredmedia":[{"embeddable":true,"href":"https:\/\/www.yucatanencorto.com\/noticias\/wp-json\/wp\/v2\/media\/99362"}],"wp:attachment":[{"href":"https:\/\/www.yucatanencorto.com\/noticias\/wp-json\/wp\/v2\/media?parent=99361"}],"wp:term":[{"taxonomy":"category","embeddable":true,"href":"https:\/\/www.yucatanencorto.com\/noticias\/wp-json\/wp\/v2\/categories?post=99361"},{"taxonomy":"post_tag","embeddable":true,"href":"https:\/\/www.yucatanencorto.com\/noticias\/wp-json\/wp\/v2\/tags?post=99361"}],"curies":[{"name":"wp","href":"https:\/\/api.w.org\/{rel}","templated":true}]}}