{"id":99368,"date":"2023-07-31T18:11:16","date_gmt":"2023-08-01T00:11:16","guid":{"rendered":"https:\/\/www.yucatanencorto.com\/noticias\/?p=99368"},"modified":"2023-07-31T18:11:16","modified_gmt":"2023-08-01T00:11:16","slug":"generan-condiciones-para-favorecer-el-comercio-justo-y-el-desarrollo-economico","status":"publish","type":"post","link":"https:\/\/www.yucatanencorto.com\/noticias\/generan-condiciones-para-favorecer-el-comercio-justo-y-el-desarrollo-economico\/","title":{"rendered":"Generan condiciones para favorecer el comercio justo y el desarrollo econ\u00f3mico"},"content":{"rendered":"<p><img loading=\"lazy\" decoding=\"async\" class=\"alignnone size-full wp-image-99369\" src=\"https:\/\/www.yucatanencorto.com\/noticias\/wp-content\/uploads\/2023\/07\/WhatsApp-Image-2023-07-31-at-4.26.49-PM-scaled.jpeg\" alt=\"\" width=\"768\" height=\"512\" srcset=\"https:\/\/www.yucatanencorto.com\/noticias\/wp-content\/uploads\/2023\/07\/WhatsApp-Image-2023-07-31-at-4.26.49-PM-scaled.jpeg 768w, https:\/\/www.yucatanencorto.com\/noticias\/wp-content\/uploads\/2023\/07\/WhatsApp-Image-2023-07-31-at-4.26.49-PM-696x464.jpeg 696w, https:\/\/www.yucatanencorto.com\/noticias\/wp-content\/uploads\/2023\/07\/WhatsApp-Image-2023-07-31-at-4.26.49-PM-630x420.jpeg 630w\" sizes=\"auto, (max-width: 768px) 100vw, 768px\" \/>M\u00e9rida, Yucat\u00e1n a 31 de julio de 2023.- En los \u00faltimos diez a\u00f1os hemos trabajado para construir una ciudad donde las oportunidades de crecimiento est\u00e9n basadas en la justicia social, en que cada vez existan m\u00e1s y mejores alternativas para las familias, as\u00ed como abatir los \u00edndices de pobreza y elevar la calidad de vida de la poblaci\u00f3n vulnerable, asegur\u00f3 el Alcalde de M\u00e9rida, Ren\u00e1n Barrera Concha.<br \/>\nEl Presidente Municipal manifest\u00f3 que la actual administraci\u00f3n ha trabajado para impulsar a las y los emprendedores locales, procurando el crecimiento de los circuitos comerciales, la ampliaci\u00f3n de sus cr\u00e9ditos econ\u00f3micos y programas destinados al fortalecimiento de las actividades econ\u00f3micas que existen tanto en M\u00e9rida como en sus comisar\u00edas.<br \/>\n\u201cEn la ciudad crecemos parejo, porque nuestras pol\u00edticas p\u00fablicas est\u00e1n enfocadas en sumar a m\u00e1s familias que desean y quieren mejorar sus condiciones de vida, por esa raz\u00f3n aqu\u00ed nadie est\u00e1 olvidado, sino que buscamos que todas y todos puedan emprender, puedan prosperar en cada actividad que desarrollen\u201d, manifest\u00f3.<br \/>\nComo gobierno municipal, abund\u00f3, asumimos la responsabilidad que nos corresponde para que M\u00e9rida siga creciendo parejo y con justicia social por eso ponemos en el centro de nuestras acciones a las personas donde el apoyo al campo y a las y los productores es uno de los temas centrales en esta administraci\u00f3n para que m\u00e1s familias encuentren las oportunidades que merecen.<br \/>\nInform\u00f3 que en los \u00faltimos diez a\u00f1os se desarrollaron programas y acciones dirigidos a las y los productores, como \u201cCirculo 47\u201d y \u201cProyectos Productivos\u201d, que tienen como objetivo otorgar mayor impulso a su trabajo, profesionalizarlos en sus respectivos campos, mejorar la sostenibilidad de sus actividades y que accedan a un mercado justo de compradores.<br \/>\nSe\u00f1al\u00f3 que el programa C\u00edrculo 47 capacit\u00f3, visibiliz\u00f3 y vincul\u00f3 a 800 productoras y productores, adem\u00e1s que los form\u00f3 con estrategias comerciales, conocimiento y herramientas para promover sus productos en el mercado local, nacional e internacional.<br \/>\n\u201cCon ello no solo contamos con un padr\u00f3n actualizado de productoras y productores de las 47 comisar\u00edas del Municipio, sino que estamos fortaleciendo el programa \u00abC\u00edrculo 47\u00bb para ofrecer m\u00e1s oportunidades de vinculaci\u00f3n con espacios de distribuci\u00f3n y venta a las familias que se dedican al rubro agr\u00edcola, pecuario y ap\u00edcola\u201d, expres\u00f3.<br \/>\nEl Alcalde a\u00f1adi\u00f3 que el programa de Fomento a los Proyectos Productivos contribuye a mejorar la econom\u00eda familiar y al desarrollo econ\u00f3mico, mientras que en el rubro de Apoyo a Proyectos Agropecuarios se invirtieron 177 mil 612 pesos para beneficio de 323 productores.<br \/>\n\u201cEn apoyos directos a proyectos productivos la inversi\u00f3n fue de 575 mil 117.2 pesos para 161 productores. Asimismo, entregamos cr\u00e9ditos para proyectos productivos con una inversi\u00f3n de 762 mil 748 pesos para beneficiar a 31 productores y micro negocios lo que representa un 65 % m\u00e1s de inversi\u00f3n respecto a lo ejercido anteriormente\u201d, precis\u00f3.<br \/>\nBarrera Concha indic\u00f3 que mediante el programa \u201cProyectos productivos\u201d se han ofrecido cr\u00e9ditos por un monto de 20 mil pesos en giros comerciales, 50 mil pesos en giros agropecuarios y 30 mil pesos para las Cooperativas en comisar\u00edas, con el objetivo de fortalecer al sector rural y el desarrollo del campo yucateco.<br \/>\nResalt\u00f3 que se crearon estrategias comerciales para acercar a las y los productores de miel apis, miel melipona, cerdos, pollos, pavos, huevos, frutas, hortalizas, peces, ganado, borregos, cabras, plantas, patos, conejos, tortillas a mano y derivados con los consumidores de manera directa y sin intermediarios.<br \/>\nFinalmente, dijo que el Ayuntamiento promueve el consumo de la producci\u00f3n local con la apertura de espacios donde las y los integrantes del programa C\u00edrculo 47 exhiban sus productos tanto a la poblaci\u00f3n en general como para las y los visitantes que acuden a estas actividades.<\/p>\n","protected":false},"excerpt":{"rendered":"<p>M\u00e9rida, Yucat\u00e1n a 31 de julio de 2023.- En los \u00faltimos diez a\u00f1os hemos trabajado para construir una ciudad donde las oportunidades de crecimiento est\u00e9n basadas en la justicia social, en que cada vez existan m\u00e1s y mejores alternativas para las familias, as\u00ed como abatir los \u00edndices de pobreza y elevar la calidad de vida [&hellip;]<\/p>\n","protected":false},"author":3,"featured_media":99369,"comment_status":"closed","ping_status":"closed","sticky":false,"template":"","format":"standard","meta":{"footnotes":""},"categories":[2],"tags":[],"class_list":{"0":"post-99368","1":"post","2":"type-post","3":"status-publish","4":"format-standard","5":"has-post-thumbnail","7":"category-merida"},"yoast_head":"<!-- This site is optimized with the Yoast SEO plugin v27.4 - https:\/\/yoast.com\/product\/yoast-seo-wordpress\/ -->\n<title>Generan condiciones para favorecer el comercio justo y el desarrollo econ\u00f3mico - Yucat\u00e1n en corto<\/title>\n<meta name=\"robots\" content=\"index, follow, max-snippet:-1, max-image-preview:large, max-video-preview:-1\" \/>\n<link rel=\"canonical\" href=\"https:\/\/www.yucatanencorto.com\/noticias\/generan-condiciones-para-favorecer-el-comercio-justo-y-el-desarrollo-economico\/\" \/>\n<meta property=\"og:locale\" content=\"es_ES\" \/>\n<meta property=\"og:type\" content=\"article\" \/>\n<meta property=\"og:title\" content=\"Generan condiciones para favorecer el comercio justo y el desarrollo econ\u00f3mico - Yucat\u00e1n en corto\" \/>\n<meta property=\"og:description\" content=\"M\u00e9rida, Yucat\u00e1n a 31 de julio de 2023.- En los \u00faltimos diez a\u00f1os hemos trabajado para construir una ciudad donde las oportunidades de crecimiento est\u00e9n basadas en la justicia social, en que cada vez existan m\u00e1s y mejores alternativas para las familias, as\u00ed como abatir los \u00edndices de pobreza y elevar la calidad de vida [&hellip;]\" \/>\n<meta property=\"og:url\" content=\"https:\/\/www.yucatanencorto.com\/noticias\/generan-condiciones-para-favorecer-el-comercio-justo-y-el-desarrollo-economico\/\" \/>\n<meta property=\"og:site_name\" content=\"Yucat\u00e1n en corto\" \/>\n<meta property=\"article:publisher\" content=\"http:\/\/www.facebook.com\/yucatanencorto\" \/>\n<meta property=\"article:published_time\" content=\"2023-08-01T00:11:16+00:00\" \/>\n<meta property=\"og:image\" content=\"https:\/\/www.yucatanencorto.com\/noticias\/wp-content\/uploads\/2023\/07\/WhatsApp-Image-2023-07-31-at-4.26.49-PM-scaled.jpeg\" \/>\n\t<meta property=\"og:image:width\" content=\"768\" \/>\n\t<meta property=\"og:image:height\" content=\"512\" \/>\n\t<meta property=\"og:image:type\" content=\"image\/jpeg\" \/>\n<meta name=\"author\" content=\"Redes\" \/>\n<meta name=\"twitter:card\" content=\"summary_large_image\" \/>\n<meta name=\"twitter:creator\" content=\"@yucatanencorto\" \/>\n<meta name=\"twitter:site\" content=\"@yucatanencorto\" \/>\n<meta name=\"twitter:label1\" content=\"Escrito por\" \/>\n\t<meta name=\"twitter:data1\" content=\"Redes\" \/>\n\t<meta name=\"twitter:label2\" content=\"Tiempo de lectura\" \/>\n\t<meta name=\"twitter:data2\" content=\"3 minutos\" \/>\n<script type=\"application\/ld+json\" class=\"yoast-schema-graph\">{\"@context\":\"https:\\\/\\\/schema.org\",\"@graph\":[{\"@type\":\"Article\",\"@id\":\"https:\\\/\\\/www.yucatanencorto.com\\\/noticias\\\/generan-condiciones-para-favorecer-el-comercio-justo-y-el-desarrollo-economico\\\/#article\",\"isPartOf\":{\"@id\":\"https:\\\/\\\/www.yucatanencorto.com\\\/noticias\\\/generan-condiciones-para-favorecer-el-comercio-justo-y-el-desarrollo-economico\\\/\"},\"author\":{\"name\":\"Redes\",\"@id\":\"https:\\\/\\\/www.yucatanencorto.com\\\/noticias\\\/#\\\/schema\\\/person\\\/e2fbdfaf30a07014a43940ce989f3119\"},\"headline\":\"Generan condiciones para favorecer el comercio justo y el desarrollo econ\u00f3mico\",\"datePublished\":\"2023-08-01T00:11:16+00:00\",\"mainEntityOfPage\":{\"@id\":\"https:\\\/\\\/www.yucatanencorto.com\\\/noticias\\\/generan-condiciones-para-favorecer-el-comercio-justo-y-el-desarrollo-economico\\\/\"},\"wordCount\":647,\"image\":{\"@id\":\"https:\\\/\\\/www.yucatanencorto.com\\\/noticias\\\/generan-condiciones-para-favorecer-el-comercio-justo-y-el-desarrollo-economico\\\/#primaryimage\"},\"thumbnailUrl\":\"https:\\\/\\\/www.yucatanencorto.com\\\/noticias\\\/wp-content\\\/uploads\\\/2023\\\/07\\\/WhatsApp-Image-2023-07-31-at-4.26.49-PM-scaled.jpeg\",\"articleSection\":[\"M\u00e9rida\"],\"inLanguage\":\"es\"},{\"@type\":\"WebPage\",\"@id\":\"https:\\\/\\\/www.yucatanencorto.com\\\/noticias\\\/generan-condiciones-para-favorecer-el-comercio-justo-y-el-desarrollo-economico\\\/\",\"url\":\"https:\\\/\\\/www.yucatanencorto.com\\\/noticias\\\/generan-condiciones-para-favorecer-el-comercio-justo-y-el-desarrollo-economico\\\/\",\"name\":\"Generan condiciones para favorecer el comercio justo y el desarrollo econ\u00f3mico - Yucat\u00e1n en corto\",\"isPartOf\":{\"@id\":\"https:\\\/\\\/www.yucatanencorto.com\\\/noticias\\\/#website\"},\"primaryImageOfPage\":{\"@id\":\"https:\\\/\\\/www.yucatanencorto.com\\\/noticias\\\/generan-condiciones-para-favorecer-el-comercio-justo-y-el-desarrollo-economico\\\/#primaryimage\"},\"image\":{\"@id\":\"https:\\\/\\\/www.yucatanencorto.com\\\/noticias\\\/generan-condiciones-para-favorecer-el-comercio-justo-y-el-desarrollo-economico\\\/#primaryimage\"},\"thumbnailUrl\":\"https:\\\/\\\/www.yucatanencorto.com\\\/noticias\\\/wp-content\\\/uploads\\\/2023\\\/07\\\/WhatsApp-Image-2023-07-31-at-4.26.49-PM-scaled.jpeg\",\"datePublished\":\"2023-08-01T00:11:16+00:00\",\"author\":{\"@id\":\"https:\\\/\\\/www.yucatanencorto.com\\\/noticias\\\/#\\\/schema\\\/person\\\/e2fbdfaf30a07014a43940ce989f3119\"},\"breadcrumb\":{\"@id\":\"https:\\\/\\\/www.yucatanencorto.com\\\/noticias\\\/generan-condiciones-para-favorecer-el-comercio-justo-y-el-desarrollo-economico\\\/#breadcrumb\"},\"inLanguage\":\"es\",\"potentialAction\":[{\"@type\":\"ReadAction\",\"target\":[\"https:\\\/\\\/www.yucatanencorto.com\\\/noticias\\\/generan-condiciones-para-favorecer-el-comercio-justo-y-el-desarrollo-economico\\\/\"]}]},{\"@type\":\"ImageObject\",\"inLanguage\":\"es\",\"@id\":\"https:\\\/\\\/www.yucatanencorto.com\\\/noticias\\\/generan-condiciones-para-favorecer-el-comercio-justo-y-el-desarrollo-economico\\\/#primaryimage\",\"url\":\"https:\\\/\\\/www.yucatanencorto.com\\\/noticias\\\/wp-content\\\/uploads\\\/2023\\\/07\\\/WhatsApp-Image-2023-07-31-at-4.26.49-PM-scaled.jpeg\",\"contentUrl\":\"https:\\\/\\\/www.yucatanencorto.com\\\/noticias\\\/wp-content\\\/uploads\\\/2023\\\/07\\\/WhatsApp-Image-2023-07-31-at-4.26.49-PM-scaled.jpeg\",\"width\":768,\"height\":512},{\"@type\":\"BreadcrumbList\",\"@id\":\"https:\\\/\\\/www.yucatanencorto.com\\\/noticias\\\/generan-condiciones-para-favorecer-el-comercio-justo-y-el-desarrollo-economico\\\/#breadcrumb\",\"itemListElement\":[{\"@type\":\"ListItem\",\"position\":1,\"name\":\"Portada\",\"item\":\"https:\\\/\\\/www.yucatanencorto.com\\\/noticias\\\/\"},{\"@type\":\"ListItem\",\"position\":2,\"name\":\"Generan condiciones para favorecer el comercio justo y el desarrollo econ\u00f3mico\"}]},{\"@type\":\"WebSite\",\"@id\":\"https:\\\/\\\/www.yucatanencorto.com\\\/noticias\\\/#website\",\"url\":\"https:\\\/\\\/www.yucatanencorto.com\\\/noticias\\\/\",\"name\":\"Yucat\u00e1n en corto\",\"description\":\"Noticias\",\"potentialAction\":[{\"@type\":\"SearchAction\",\"target\":{\"@type\":\"EntryPoint\",\"urlTemplate\":\"https:\\\/\\\/www.yucatanencorto.com\\\/noticias\\\/?s={search_term_string}\"},\"query-input\":{\"@type\":\"PropertyValueSpecification\",\"valueRequired\":true,\"valueName\":\"search_term_string\"}}],\"inLanguage\":\"es\"},{\"@type\":\"Person\",\"@id\":\"https:\\\/\\\/www.yucatanencorto.com\\\/noticias\\\/#\\\/schema\\\/person\\\/e2fbdfaf30a07014a43940ce989f3119\",\"name\":\"Redes\",\"image\":{\"@type\":\"ImageObject\",\"inLanguage\":\"es\",\"@id\":\"https:\\\/\\\/secure.gravatar.com\\\/avatar\\\/5931a2d21dd7cc834f44c8c34fe56d90ed6d536ef452cbf870c7485b524dddd7?s=96&d=mm&r=g\",\"url\":\"https:\\\/\\\/secure.gravatar.com\\\/avatar\\\/5931a2d21dd7cc834f44c8c34fe56d90ed6d536ef452cbf870c7485b524dddd7?s=96&d=mm&r=g\",\"contentUrl\":\"https:\\\/\\\/secure.gravatar.com\\\/avatar\\\/5931a2d21dd7cc834f44c8c34fe56d90ed6d536ef452cbf870c7485b524dddd7?s=96&d=mm&r=g\",\"caption\":\"Redes\"},\"url\":\"https:\\\/\\\/www.yucatanencorto.com\\\/noticias\\\/author\\\/redes\\\/\"}]}<\/script>\n<!-- \/ Yoast SEO plugin. -->","yoast_head_json":{"title":"Generan condiciones para favorecer el comercio justo y el desarrollo econ\u00f3mico - Yucat\u00e1n en corto","robots":{"index":"index","follow":"follow","max-snippet":"max-snippet:-1","max-image-preview":"max-image-preview:large","max-video-preview":"max-video-preview:-1"},"canonical":"https:\/\/www.yucatanencorto.com\/noticias\/generan-condiciones-para-favorecer-el-comercio-justo-y-el-desarrollo-economico\/","og_locale":"es_ES","og_type":"article","og_title":"Generan condiciones para favorecer el comercio justo y el desarrollo econ\u00f3mico - Yucat\u00e1n en corto","og_description":"M\u00e9rida, Yucat\u00e1n a 31 de julio de 2023.- En los \u00faltimos diez a\u00f1os hemos trabajado para construir una ciudad donde las oportunidades de crecimiento est\u00e9n basadas en la justicia social, en que cada vez existan m\u00e1s y mejores alternativas para las familias, as\u00ed como abatir los \u00edndices de pobreza y elevar la calidad de vida [&hellip;]","og_url":"https:\/\/www.yucatanencorto.com\/noticias\/generan-condiciones-para-favorecer-el-comercio-justo-y-el-desarrollo-economico\/","og_site_name":"Yucat\u00e1n en corto","article_publisher":"http:\/\/www.facebook.com\/yucatanencorto","article_published_time":"2023-08-01T00:11:16+00:00","og_image":[{"width":768,"height":512,"url":"https:\/\/www.yucatanencorto.com\/noticias\/wp-content\/uploads\/2023\/07\/WhatsApp-Image-2023-07-31-at-4.26.49-PM-scaled.jpeg","type":"image\/jpeg"}],"author":"Redes","twitter_card":"summary_large_image","twitter_creator":"@yucatanencorto","twitter_site":"@yucatanencorto","twitter_misc":{"Escrito por":"Redes","Tiempo de lectura":"3 minutos"},"schema":{"@context":"https:\/\/schema.org","@graph":[{"@type":"Article","@id":"https:\/\/www.yucatanencorto.com\/noticias\/generan-condiciones-para-favorecer-el-comercio-justo-y-el-desarrollo-economico\/#article","isPartOf":{"@id":"https:\/\/www.yucatanencorto.com\/noticias\/generan-condiciones-para-favorecer-el-comercio-justo-y-el-desarrollo-economico\/"},"author":{"name":"Redes","@id":"https:\/\/www.yucatanencorto.com\/noticias\/#\/schema\/person\/e2fbdfaf30a07014a43940ce989f3119"},"headline":"Generan condiciones para favorecer el comercio justo y el desarrollo econ\u00f3mico","datePublished":"2023-08-01T00:11:16+00:00","mainEntityOfPage":{"@id":"https:\/\/www.yucatanencorto.com\/noticias\/generan-condiciones-para-favorecer-el-comercio-justo-y-el-desarrollo-economico\/"},"wordCount":647,"image":{"@id":"https:\/\/www.yucatanencorto.com\/noticias\/generan-condiciones-para-favorecer-el-comercio-justo-y-el-desarrollo-economico\/#primaryimage"},"thumbnailUrl":"https:\/\/www.yucatanencorto.com\/noticias\/wp-content\/uploads\/2023\/07\/WhatsApp-Image-2023-07-31-at-4.26.49-PM-scaled.jpeg","articleSection":["M\u00e9rida"],"inLanguage":"es"},{"@type":"WebPage","@id":"https:\/\/www.yucatanencorto.com\/noticias\/generan-condiciones-para-favorecer-el-comercio-justo-y-el-desarrollo-economico\/","url":"https:\/\/www.yucatanencorto.com\/noticias\/generan-condiciones-para-favorecer-el-comercio-justo-y-el-desarrollo-economico\/","name":"Generan condiciones para favorecer el comercio justo y el desarrollo econ\u00f3mico - Yucat\u00e1n en corto","isPartOf":{"@id":"https:\/\/www.yucatanencorto.com\/noticias\/#website"},"primaryImageOfPage":{"@id":"https:\/\/www.yucatanencorto.com\/noticias\/generan-condiciones-para-favorecer-el-comercio-justo-y-el-desarrollo-economico\/#primaryimage"},"image":{"@id":"https:\/\/www.yucatanencorto.com\/noticias\/generan-condiciones-para-favorecer-el-comercio-justo-y-el-desarrollo-economico\/#primaryimage"},"thumbnailUrl":"https:\/\/www.yucatanencorto.com\/noticias\/wp-content\/uploads\/2023\/07\/WhatsApp-Image-2023-07-31-at-4.26.49-PM-scaled.jpeg","datePublished":"2023-08-01T00:11:16+00:00","author":{"@id":"https:\/\/www.yucatanencorto.com\/noticias\/#\/schema\/person\/e2fbdfaf30a07014a43940ce989f3119"},"breadcrumb":{"@id":"https:\/\/www.yucatanencorto.com\/noticias\/generan-condiciones-para-favorecer-el-comercio-justo-y-el-desarrollo-economico\/#breadcrumb"},"inLanguage":"es","potentialAction":[{"@type":"ReadAction","target":["https:\/\/www.yucatanencorto.com\/noticias\/generan-condiciones-para-favorecer-el-comercio-justo-y-el-desarrollo-economico\/"]}]},{"@type":"ImageObject","inLanguage":"es","@id":"https:\/\/www.yucatanencorto.com\/noticias\/generan-condiciones-para-favorecer-el-comercio-justo-y-el-desarrollo-economico\/#primaryimage","url":"https:\/\/www.yucatanencorto.com\/noticias\/wp-content\/uploads\/2023\/07\/WhatsApp-Image-2023-07-31-at-4.26.49-PM-scaled.jpeg","contentUrl":"https:\/\/www.yucatanencorto.com\/noticias\/wp-content\/uploads\/2023\/07\/WhatsApp-Image-2023-07-31-at-4.26.49-PM-scaled.jpeg","width":768,"height":512},{"@type":"BreadcrumbList","@id":"https:\/\/www.yucatanencorto.com\/noticias\/generan-condiciones-para-favorecer-el-comercio-justo-y-el-desarrollo-economico\/#breadcrumb","itemListElement":[{"@type":"ListItem","position":1,"name":"Portada","item":"https:\/\/www.yucatanencorto.com\/noticias\/"},{"@type":"ListItem","position":2,"name":"Generan condiciones para favorecer el comercio justo y el desarrollo econ\u00f3mico"}]},{"@type":"WebSite","@id":"https:\/\/www.yucatanencorto.com\/noticias\/#website","url":"https:\/\/www.yucatanencorto.com\/noticias\/","name":"Yucat\u00e1n en corto","description":"Noticias","potentialAction":[{"@type":"SearchAction","target":{"@type":"EntryPoint","urlTemplate":"https:\/\/www.yucatanencorto.com\/noticias\/?s={search_term_string}"},"query-input":{"@type":"PropertyValueSpecification","valueRequired":true,"valueName":"search_term_string"}}],"inLanguage":"es"},{"@type":"Person","@id":"https:\/\/www.yucatanencorto.com\/noticias\/#\/schema\/person\/e2fbdfaf30a07014a43940ce989f3119","name":"Redes","image":{"@type":"ImageObject","inLanguage":"es","@id":"https:\/\/secure.gravatar.com\/avatar\/5931a2d21dd7cc834f44c8c34fe56d90ed6d536ef452cbf870c7485b524dddd7?s=96&d=mm&r=g","url":"https:\/\/secure.gravatar.com\/avatar\/5931a2d21dd7cc834f44c8c34fe56d90ed6d536ef452cbf870c7485b524dddd7?s=96&d=mm&r=g","contentUrl":"https:\/\/secure.gravatar.com\/avatar\/5931a2d21dd7cc834f44c8c34fe56d90ed6d536ef452cbf870c7485b524dddd7?s=96&d=mm&r=g","caption":"Redes"},"url":"https:\/\/www.yucatanencorto.com\/noticias\/author\/redes\/"}]}},"_links":{"self":[{"href":"https:\/\/www.yucatanencorto.com\/noticias\/wp-json\/wp\/v2\/posts\/99368","targetHints":{"allow":["GET"]}}],"collection":[{"href":"https:\/\/www.yucatanencorto.com\/noticias\/wp-json\/wp\/v2\/posts"}],"about":[{"href":"https:\/\/www.yucatanencorto.com\/noticias\/wp-json\/wp\/v2\/types\/post"}],"author":[{"embeddable":true,"href":"https:\/\/www.yucatanencorto.com\/noticias\/wp-json\/wp\/v2\/users\/3"}],"replies":[{"embeddable":true,"href":"https:\/\/www.yucatanencorto.com\/noticias\/wp-json\/wp\/v2\/comments?post=99368"}],"version-history":[{"count":0,"href":"https:\/\/www.yucatanencorto.com\/noticias\/wp-json\/wp\/v2\/posts\/99368\/revisions"}],"wp:featuredmedia":[{"embeddable":true,"href":"https:\/\/www.yucatanencorto.com\/noticias\/wp-json\/wp\/v2\/media\/99369"}],"wp:attachment":[{"href":"https:\/\/www.yucatanencorto.com\/noticias\/wp-json\/wp\/v2\/media?parent=99368"}],"wp:term":[{"taxonomy":"category","embeddable":true,"href":"https:\/\/www.yucatanencorto.com\/noticias\/wp-json\/wp\/v2\/categories?post=99368"},{"taxonomy":"post_tag","embeddable":true,"href":"https:\/\/www.yucatanencorto.com\/noticias\/wp-json\/wp\/v2\/tags?post=99368"}],"curies":[{"name":"wp","href":"https:\/\/api.w.org\/{rel}","templated":true}]}}