{"id":99371,"date":"2023-08-01T13:16:09","date_gmt":"2023-08-01T19:16:09","guid":{"rendered":"https:\/\/www.yucatanencorto.com\/noticias\/?p=99371"},"modified":"2023-08-01T13:16:09","modified_gmt":"2023-08-01T19:16:09","slug":"mejoraran-calles-en-nueva-santa-isabel-en-kanasin","status":"publish","type":"post","link":"https:\/\/www.yucatanencorto.com\/noticias\/mejoraran-calles-en-nueva-santa-isabel-en-kanasin\/","title":{"rendered":"Mejorar\u00e1n calles en Nueva Santa Isabel en Kanas\u00edn."},"content":{"rendered":"<p><img loading=\"lazy\" decoding=\"async\" class=\"alignnone size-full wp-image-99372\" src=\"https:\/\/www.yucatanencorto.com\/noticias\/wp-content\/uploads\/2023\/08\/WhatsApp-Image-2023-08-01-at-13.12.03-1-scaled.jpeg\" alt=\"\" width=\"768\" height=\"512\" srcset=\"https:\/\/www.yucatanencorto.com\/noticias\/wp-content\/uploads\/2023\/08\/WhatsApp-Image-2023-08-01-at-13.12.03-1-scaled.jpeg 768w, https:\/\/www.yucatanencorto.com\/noticias\/wp-content\/uploads\/2023\/08\/WhatsApp-Image-2023-08-01-at-13.12.03-1-696x464.jpeg 696w, https:\/\/www.yucatanencorto.com\/noticias\/wp-content\/uploads\/2023\/08\/WhatsApp-Image-2023-08-01-at-13.12.03-1-1068x712.jpeg 1068w, https:\/\/www.yucatanencorto.com\/noticias\/wp-content\/uploads\/2023\/08\/WhatsApp-Image-2023-08-01-at-13.12.03-1-630x420.jpeg 630w\" sizes=\"auto, (max-width: 768px) 100vw, 768px\" \/><\/p>\n<p>Kanas\u00edn, Yucat\u00e1n, a 1 de agosto 2023.- Tras m\u00e1s de 20 a\u00f1os de estar en el olvido, vecinos de la colonia Nueva Santa Isabel recibieron una buena noticia: la construcci\u00f3n y reconstrucci\u00f3n de 3,165 mt2 de calles en beneficio de poco m\u00e1s de 7,000 familias de la zona.<\/p>\n<p>\u201cUna de las principales demandas de las familias del municipio es la pavimentaci\u00f3n y repavimentaci\u00f3n de calles, y esta administraci\u00f3n, de la mano del Gobierno de Yucat\u00e1n, realiza importantes acciones para disminuir el rezago que nos heredaron las anteriores administraciones\u201d, destac\u00f3 el alcalde Edwin Boj\u00f3rquez Ram\u00edrez, ante decenas de vecinos de la colonia Nueva Santa Isabel.<\/p>\n<p>Y es que adem\u00e1s de la construcci\u00f3n de calles, las vialidades tambi\u00e9n contar\u00e1n con pozos profundos de 16 metros para evitar encharcamientos que pudieran afectar a los vecinos de la Nueva Santa Isabel.<\/p>\n<p>\u00abHoy estamos reunidos con ustedes para constatar el inicio de los trabajos de los inicios de los trabajos repavimentaci\u00f3n y construcci\u00f3n de cuatro calles de esta colonia. Estamos trabajando fuerte en este tema no s\u00f3lo en esta colonia, sino tambi\u00e9n en Francisco Villa, Cocoyoles y varios puntos de Kanas\u00edn\u201d.<\/p>\n<p>Reiter\u00f3 el compromiso de su administraci\u00f3n de trabajar en equipo con las familias del municipio y agradeci\u00f3 la paciencia y confianza de los vecinos, quienes \u201cnunca dudaron que sus calles sean mejoradas\u201d.<\/p>\n<p>\u00abCon la reparaci\u00f3n de estas calles tambi\u00e9n mejora la calidad de vida de las personas de esta zona y tengan la seguridad e que seguiremos trabajando todos los d\u00edas para llegar a cada de rinc\u00f3n de Kanas\u00edn. Nosotros llevamos trabajo y acciones, no promesas\u201d, reiter\u00f3.<\/p>\n<p>Vecinos del lugar agradecieron al alcalde Edwin Boj\u00f3rquez el cumplir con el compromiso realizado de mejorar sus vialidades y dotarlos de la infraestructura b\u00e1sica que tanto necesita, esto tras varios a\u00f1os de estar en el olvido por administraciones anteriores.<\/p>\n<p>El alcalde estuvo acompa\u00f1ado de su esposa y presidenta del DIF de Kanas\u00edn, Raquel Balam Rocha de Boj\u00f3rquez, as\u00ed como de integrantes del Cabildo y funcionarios municipales.<\/p>\n<p>Las vialidades en las que se trabajar\u00e1 en Nueva Santa Isabel son calle 60 con 77 y 77-A, calle 66 con 81 y 83, calle 64 con 83 y 85 y calle 68 con 81 y 83.<\/p>\n","protected":false},"excerpt":{"rendered":"<p>Kanas\u00edn, Yucat\u00e1n, a 1 de agosto 2023.- Tras m\u00e1s de 20 a\u00f1os de estar en el olvido, vecinos de la colonia Nueva Santa Isabel recibieron una buena noticia: la construcci\u00f3n y reconstrucci\u00f3n de 3,165 mt2 de calles en beneficio de poco m\u00e1s de 7,000 familias de la zona. \u201cUna de las principales demandas de las [&hellip;]<\/p>\n","protected":false},"author":3,"featured_media":99372,"comment_status":"closed","ping_status":"closed","sticky":false,"template":"","format":"standard","meta":{"footnotes":""},"categories":[3],"tags":[],"class_list":{"0":"post-99371","1":"post","2":"type-post","3":"status-publish","4":"format-standard","5":"has-post-thumbnail","7":"category-yucatan"},"yoast_head":"<!-- This site is optimized with the Yoast SEO plugin v27.4 - https:\/\/yoast.com\/product\/yoast-seo-wordpress\/ -->\n<title>Mejorar\u00e1n calles en Nueva Santa Isabel en Kanas\u00edn. - Yucat\u00e1n en corto<\/title>\n<meta name=\"robots\" content=\"index, follow, max-snippet:-1, max-image-preview:large, max-video-preview:-1\" \/>\n<link rel=\"canonical\" href=\"https:\/\/www.yucatanencorto.com\/noticias\/mejoraran-calles-en-nueva-santa-isabel-en-kanasin\/\" \/>\n<meta property=\"og:locale\" content=\"es_ES\" \/>\n<meta property=\"og:type\" content=\"article\" \/>\n<meta property=\"og:title\" content=\"Mejorar\u00e1n calles en Nueva Santa Isabel en Kanas\u00edn. - Yucat\u00e1n en corto\" \/>\n<meta property=\"og:description\" content=\"Kanas\u00edn, Yucat\u00e1n, a 1 de agosto 2023.- Tras m\u00e1s de 20 a\u00f1os de estar en el olvido, vecinos de la colonia Nueva Santa Isabel recibieron una buena noticia: la construcci\u00f3n y reconstrucci\u00f3n de 3,165 mt2 de calles en beneficio de poco m\u00e1s de 7,000 familias de la zona. \u201cUna de las principales demandas de las [&hellip;]\" \/>\n<meta property=\"og:url\" content=\"https:\/\/www.yucatanencorto.com\/noticias\/mejoraran-calles-en-nueva-santa-isabel-en-kanasin\/\" \/>\n<meta property=\"og:site_name\" content=\"Yucat\u00e1n en corto\" \/>\n<meta property=\"article:publisher\" content=\"http:\/\/www.facebook.com\/yucatanencorto\" \/>\n<meta property=\"article:published_time\" content=\"2023-08-01T19:16:09+00:00\" \/>\n<meta property=\"og:image\" content=\"https:\/\/www.yucatanencorto.com\/noticias\/wp-content\/uploads\/2023\/08\/WhatsApp-Image-2023-08-01-at-13.12.03-1-scaled.jpeg\" \/>\n\t<meta property=\"og:image:width\" content=\"768\" \/>\n\t<meta property=\"og:image:height\" content=\"512\" \/>\n\t<meta property=\"og:image:type\" content=\"image\/jpeg\" \/>\n<meta name=\"author\" content=\"Redes\" \/>\n<meta name=\"twitter:card\" content=\"summary_large_image\" \/>\n<meta name=\"twitter:creator\" content=\"@yucatanencorto\" \/>\n<meta name=\"twitter:site\" content=\"@yucatanencorto\" \/>\n<meta name=\"twitter:label1\" content=\"Escrito por\" \/>\n\t<meta name=\"twitter:data1\" content=\"Redes\" \/>\n\t<meta name=\"twitter:label2\" content=\"Tiempo de lectura\" \/>\n\t<meta name=\"twitter:data2\" content=\"2 minutos\" \/>\n<script type=\"application\/ld+json\" class=\"yoast-schema-graph\">{\"@context\":\"https:\\\/\\\/schema.org\",\"@graph\":[{\"@type\":\"Article\",\"@id\":\"https:\\\/\\\/www.yucatanencorto.com\\\/noticias\\\/mejoraran-calles-en-nueva-santa-isabel-en-kanasin\\\/#article\",\"isPartOf\":{\"@id\":\"https:\\\/\\\/www.yucatanencorto.com\\\/noticias\\\/mejoraran-calles-en-nueva-santa-isabel-en-kanasin\\\/\"},\"author\":{\"name\":\"Redes\",\"@id\":\"https:\\\/\\\/www.yucatanencorto.com\\\/noticias\\\/#\\\/schema\\\/person\\\/e2fbdfaf30a07014a43940ce989f3119\"},\"headline\":\"Mejorar\u00e1n calles en Nueva Santa Isabel en Kanas\u00edn.\",\"datePublished\":\"2023-08-01T19:16:09+00:00\",\"mainEntityOfPage\":{\"@id\":\"https:\\\/\\\/www.yucatanencorto.com\\\/noticias\\\/mejoraran-calles-en-nueva-santa-isabel-en-kanasin\\\/\"},\"wordCount\":394,\"image\":{\"@id\":\"https:\\\/\\\/www.yucatanencorto.com\\\/noticias\\\/mejoraran-calles-en-nueva-santa-isabel-en-kanasin\\\/#primaryimage\"},\"thumbnailUrl\":\"https:\\\/\\\/www.yucatanencorto.com\\\/noticias\\\/wp-content\\\/uploads\\\/2023\\\/08\\\/WhatsApp-Image-2023-08-01-at-13.12.03-1-scaled.jpeg\",\"articleSection\":[\"Yucat\u00e1n\"],\"inLanguage\":\"es\"},{\"@type\":\"WebPage\",\"@id\":\"https:\\\/\\\/www.yucatanencorto.com\\\/noticias\\\/mejoraran-calles-en-nueva-santa-isabel-en-kanasin\\\/\",\"url\":\"https:\\\/\\\/www.yucatanencorto.com\\\/noticias\\\/mejoraran-calles-en-nueva-santa-isabel-en-kanasin\\\/\",\"name\":\"Mejorar\u00e1n calles en Nueva Santa Isabel en Kanas\u00edn. - Yucat\u00e1n en corto\",\"isPartOf\":{\"@id\":\"https:\\\/\\\/www.yucatanencorto.com\\\/noticias\\\/#website\"},\"primaryImageOfPage\":{\"@id\":\"https:\\\/\\\/www.yucatanencorto.com\\\/noticias\\\/mejoraran-calles-en-nueva-santa-isabel-en-kanasin\\\/#primaryimage\"},\"image\":{\"@id\":\"https:\\\/\\\/www.yucatanencorto.com\\\/noticias\\\/mejoraran-calles-en-nueva-santa-isabel-en-kanasin\\\/#primaryimage\"},\"thumbnailUrl\":\"https:\\\/\\\/www.yucatanencorto.com\\\/noticias\\\/wp-content\\\/uploads\\\/2023\\\/08\\\/WhatsApp-Image-2023-08-01-at-13.12.03-1-scaled.jpeg\",\"datePublished\":\"2023-08-01T19:16:09+00:00\",\"author\":{\"@id\":\"https:\\\/\\\/www.yucatanencorto.com\\\/noticias\\\/#\\\/schema\\\/person\\\/e2fbdfaf30a07014a43940ce989f3119\"},\"breadcrumb\":{\"@id\":\"https:\\\/\\\/www.yucatanencorto.com\\\/noticias\\\/mejoraran-calles-en-nueva-santa-isabel-en-kanasin\\\/#breadcrumb\"},\"inLanguage\":\"es\",\"potentialAction\":[{\"@type\":\"ReadAction\",\"target\":[\"https:\\\/\\\/www.yucatanencorto.com\\\/noticias\\\/mejoraran-calles-en-nueva-santa-isabel-en-kanasin\\\/\"]}]},{\"@type\":\"ImageObject\",\"inLanguage\":\"es\",\"@id\":\"https:\\\/\\\/www.yucatanencorto.com\\\/noticias\\\/mejoraran-calles-en-nueva-santa-isabel-en-kanasin\\\/#primaryimage\",\"url\":\"https:\\\/\\\/www.yucatanencorto.com\\\/noticias\\\/wp-content\\\/uploads\\\/2023\\\/08\\\/WhatsApp-Image-2023-08-01-at-13.12.03-1-scaled.jpeg\",\"contentUrl\":\"https:\\\/\\\/www.yucatanencorto.com\\\/noticias\\\/wp-content\\\/uploads\\\/2023\\\/08\\\/WhatsApp-Image-2023-08-01-at-13.12.03-1-scaled.jpeg\",\"width\":768,\"height\":512},{\"@type\":\"BreadcrumbList\",\"@id\":\"https:\\\/\\\/www.yucatanencorto.com\\\/noticias\\\/mejoraran-calles-en-nueva-santa-isabel-en-kanasin\\\/#breadcrumb\",\"itemListElement\":[{\"@type\":\"ListItem\",\"position\":1,\"name\":\"Portada\",\"item\":\"https:\\\/\\\/www.yucatanencorto.com\\\/noticias\\\/\"},{\"@type\":\"ListItem\",\"position\":2,\"name\":\"Mejorar\u00e1n calles en Nueva Santa Isabel en Kanas\u00edn.\"}]},{\"@type\":\"WebSite\",\"@id\":\"https:\\\/\\\/www.yucatanencorto.com\\\/noticias\\\/#website\",\"url\":\"https:\\\/\\\/www.yucatanencorto.com\\\/noticias\\\/\",\"name\":\"Yucat\u00e1n en corto\",\"description\":\"Noticias\",\"potentialAction\":[{\"@type\":\"SearchAction\",\"target\":{\"@type\":\"EntryPoint\",\"urlTemplate\":\"https:\\\/\\\/www.yucatanencorto.com\\\/noticias\\\/?s={search_term_string}\"},\"query-input\":{\"@type\":\"PropertyValueSpecification\",\"valueRequired\":true,\"valueName\":\"search_term_string\"}}],\"inLanguage\":\"es\"},{\"@type\":\"Person\",\"@id\":\"https:\\\/\\\/www.yucatanencorto.com\\\/noticias\\\/#\\\/schema\\\/person\\\/e2fbdfaf30a07014a43940ce989f3119\",\"name\":\"Redes\",\"image\":{\"@type\":\"ImageObject\",\"inLanguage\":\"es\",\"@id\":\"https:\\\/\\\/secure.gravatar.com\\\/avatar\\\/5931a2d21dd7cc834f44c8c34fe56d90ed6d536ef452cbf870c7485b524dddd7?s=96&d=mm&r=g\",\"url\":\"https:\\\/\\\/secure.gravatar.com\\\/avatar\\\/5931a2d21dd7cc834f44c8c34fe56d90ed6d536ef452cbf870c7485b524dddd7?s=96&d=mm&r=g\",\"contentUrl\":\"https:\\\/\\\/secure.gravatar.com\\\/avatar\\\/5931a2d21dd7cc834f44c8c34fe56d90ed6d536ef452cbf870c7485b524dddd7?s=96&d=mm&r=g\",\"caption\":\"Redes\"},\"url\":\"https:\\\/\\\/www.yucatanencorto.com\\\/noticias\\\/author\\\/redes\\\/\"}]}<\/script>\n<!-- \/ Yoast SEO plugin. -->","yoast_head_json":{"title":"Mejorar\u00e1n calles en Nueva Santa Isabel en Kanas\u00edn. - Yucat\u00e1n en corto","robots":{"index":"index","follow":"follow","max-snippet":"max-snippet:-1","max-image-preview":"max-image-preview:large","max-video-preview":"max-video-preview:-1"},"canonical":"https:\/\/www.yucatanencorto.com\/noticias\/mejoraran-calles-en-nueva-santa-isabel-en-kanasin\/","og_locale":"es_ES","og_type":"article","og_title":"Mejorar\u00e1n calles en Nueva Santa Isabel en Kanas\u00edn. - Yucat\u00e1n en corto","og_description":"Kanas\u00edn, Yucat\u00e1n, a 1 de agosto 2023.- Tras m\u00e1s de 20 a\u00f1os de estar en el olvido, vecinos de la colonia Nueva Santa Isabel recibieron una buena noticia: la construcci\u00f3n y reconstrucci\u00f3n de 3,165 mt2 de calles en beneficio de poco m\u00e1s de 7,000 familias de la zona. \u201cUna de las principales demandas de las [&hellip;]","og_url":"https:\/\/www.yucatanencorto.com\/noticias\/mejoraran-calles-en-nueva-santa-isabel-en-kanasin\/","og_site_name":"Yucat\u00e1n en corto","article_publisher":"http:\/\/www.facebook.com\/yucatanencorto","article_published_time":"2023-08-01T19:16:09+00:00","og_image":[{"width":768,"height":512,"url":"https:\/\/www.yucatanencorto.com\/noticias\/wp-content\/uploads\/2023\/08\/WhatsApp-Image-2023-08-01-at-13.12.03-1-scaled.jpeg","type":"image\/jpeg"}],"author":"Redes","twitter_card":"summary_large_image","twitter_creator":"@yucatanencorto","twitter_site":"@yucatanencorto","twitter_misc":{"Escrito por":"Redes","Tiempo de lectura":"2 minutos"},"schema":{"@context":"https:\/\/schema.org","@graph":[{"@type":"Article","@id":"https:\/\/www.yucatanencorto.com\/noticias\/mejoraran-calles-en-nueva-santa-isabel-en-kanasin\/#article","isPartOf":{"@id":"https:\/\/www.yucatanencorto.com\/noticias\/mejoraran-calles-en-nueva-santa-isabel-en-kanasin\/"},"author":{"name":"Redes","@id":"https:\/\/www.yucatanencorto.com\/noticias\/#\/schema\/person\/e2fbdfaf30a07014a43940ce989f3119"},"headline":"Mejorar\u00e1n calles en Nueva Santa Isabel en Kanas\u00edn.","datePublished":"2023-08-01T19:16:09+00:00","mainEntityOfPage":{"@id":"https:\/\/www.yucatanencorto.com\/noticias\/mejoraran-calles-en-nueva-santa-isabel-en-kanasin\/"},"wordCount":394,"image":{"@id":"https:\/\/www.yucatanencorto.com\/noticias\/mejoraran-calles-en-nueva-santa-isabel-en-kanasin\/#primaryimage"},"thumbnailUrl":"https:\/\/www.yucatanencorto.com\/noticias\/wp-content\/uploads\/2023\/08\/WhatsApp-Image-2023-08-01-at-13.12.03-1-scaled.jpeg","articleSection":["Yucat\u00e1n"],"inLanguage":"es"},{"@type":"WebPage","@id":"https:\/\/www.yucatanencorto.com\/noticias\/mejoraran-calles-en-nueva-santa-isabel-en-kanasin\/","url":"https:\/\/www.yucatanencorto.com\/noticias\/mejoraran-calles-en-nueva-santa-isabel-en-kanasin\/","name":"Mejorar\u00e1n calles en Nueva Santa Isabel en Kanas\u00edn. - Yucat\u00e1n en corto","isPartOf":{"@id":"https:\/\/www.yucatanencorto.com\/noticias\/#website"},"primaryImageOfPage":{"@id":"https:\/\/www.yucatanencorto.com\/noticias\/mejoraran-calles-en-nueva-santa-isabel-en-kanasin\/#primaryimage"},"image":{"@id":"https:\/\/www.yucatanencorto.com\/noticias\/mejoraran-calles-en-nueva-santa-isabel-en-kanasin\/#primaryimage"},"thumbnailUrl":"https:\/\/www.yucatanencorto.com\/noticias\/wp-content\/uploads\/2023\/08\/WhatsApp-Image-2023-08-01-at-13.12.03-1-scaled.jpeg","datePublished":"2023-08-01T19:16:09+00:00","author":{"@id":"https:\/\/www.yucatanencorto.com\/noticias\/#\/schema\/person\/e2fbdfaf30a07014a43940ce989f3119"},"breadcrumb":{"@id":"https:\/\/www.yucatanencorto.com\/noticias\/mejoraran-calles-en-nueva-santa-isabel-en-kanasin\/#breadcrumb"},"inLanguage":"es","potentialAction":[{"@type":"ReadAction","target":["https:\/\/www.yucatanencorto.com\/noticias\/mejoraran-calles-en-nueva-santa-isabel-en-kanasin\/"]}]},{"@type":"ImageObject","inLanguage":"es","@id":"https:\/\/www.yucatanencorto.com\/noticias\/mejoraran-calles-en-nueva-santa-isabel-en-kanasin\/#primaryimage","url":"https:\/\/www.yucatanencorto.com\/noticias\/wp-content\/uploads\/2023\/08\/WhatsApp-Image-2023-08-01-at-13.12.03-1-scaled.jpeg","contentUrl":"https:\/\/www.yucatanencorto.com\/noticias\/wp-content\/uploads\/2023\/08\/WhatsApp-Image-2023-08-01-at-13.12.03-1-scaled.jpeg","width":768,"height":512},{"@type":"BreadcrumbList","@id":"https:\/\/www.yucatanencorto.com\/noticias\/mejoraran-calles-en-nueva-santa-isabel-en-kanasin\/#breadcrumb","itemListElement":[{"@type":"ListItem","position":1,"name":"Portada","item":"https:\/\/www.yucatanencorto.com\/noticias\/"},{"@type":"ListItem","position":2,"name":"Mejorar\u00e1n calles en Nueva Santa Isabel en Kanas\u00edn."}]},{"@type":"WebSite","@id":"https:\/\/www.yucatanencorto.com\/noticias\/#website","url":"https:\/\/www.yucatanencorto.com\/noticias\/","name":"Yucat\u00e1n en corto","description":"Noticias","potentialAction":[{"@type":"SearchAction","target":{"@type":"EntryPoint","urlTemplate":"https:\/\/www.yucatanencorto.com\/noticias\/?s={search_term_string}"},"query-input":{"@type":"PropertyValueSpecification","valueRequired":true,"valueName":"search_term_string"}}],"inLanguage":"es"},{"@type":"Person","@id":"https:\/\/www.yucatanencorto.com\/noticias\/#\/schema\/person\/e2fbdfaf30a07014a43940ce989f3119","name":"Redes","image":{"@type":"ImageObject","inLanguage":"es","@id":"https:\/\/secure.gravatar.com\/avatar\/5931a2d21dd7cc834f44c8c34fe56d90ed6d536ef452cbf870c7485b524dddd7?s=96&d=mm&r=g","url":"https:\/\/secure.gravatar.com\/avatar\/5931a2d21dd7cc834f44c8c34fe56d90ed6d536ef452cbf870c7485b524dddd7?s=96&d=mm&r=g","contentUrl":"https:\/\/secure.gravatar.com\/avatar\/5931a2d21dd7cc834f44c8c34fe56d90ed6d536ef452cbf870c7485b524dddd7?s=96&d=mm&r=g","caption":"Redes"},"url":"https:\/\/www.yucatanencorto.com\/noticias\/author\/redes\/"}]}},"_links":{"self":[{"href":"https:\/\/www.yucatanencorto.com\/noticias\/wp-json\/wp\/v2\/posts\/99371","targetHints":{"allow":["GET"]}}],"collection":[{"href":"https:\/\/www.yucatanencorto.com\/noticias\/wp-json\/wp\/v2\/posts"}],"about":[{"href":"https:\/\/www.yucatanencorto.com\/noticias\/wp-json\/wp\/v2\/types\/post"}],"author":[{"embeddable":true,"href":"https:\/\/www.yucatanencorto.com\/noticias\/wp-json\/wp\/v2\/users\/3"}],"replies":[{"embeddable":true,"href":"https:\/\/www.yucatanencorto.com\/noticias\/wp-json\/wp\/v2\/comments?post=99371"}],"version-history":[{"count":0,"href":"https:\/\/www.yucatanencorto.com\/noticias\/wp-json\/wp\/v2\/posts\/99371\/revisions"}],"wp:featuredmedia":[{"embeddable":true,"href":"https:\/\/www.yucatanencorto.com\/noticias\/wp-json\/wp\/v2\/media\/99372"}],"wp:attachment":[{"href":"https:\/\/www.yucatanencorto.com\/noticias\/wp-json\/wp\/v2\/media?parent=99371"}],"wp:term":[{"taxonomy":"category","embeddable":true,"href":"https:\/\/www.yucatanencorto.com\/noticias\/wp-json\/wp\/v2\/categories?post=99371"},{"taxonomy":"post_tag","embeddable":true,"href":"https:\/\/www.yucatanencorto.com\/noticias\/wp-json\/wp\/v2\/tags?post=99371"}],"curies":[{"name":"wp","href":"https:\/\/api.w.org\/{rel}","templated":true}]}}