{"id":99374,"date":"2023-08-01T15:00:23","date_gmt":"2023-08-01T21:00:23","guid":{"rendered":"https:\/\/www.yucatanencorto.com\/noticias\/?p=99374"},"modified":"2023-08-01T15:00:23","modified_gmt":"2023-08-01T21:00:23","slug":"barby-juarez-confiesa-que-es-ninfomana-y-le-trae-ganas-a-emilio-osorio","status":"publish","type":"post","link":"https:\/\/www.yucatanencorto.com\/noticias\/barby-juarez-confiesa-que-es-ninfomana-y-le-trae-ganas-a-emilio-osorio\/","title":{"rendered":"Barby Ju\u00e1rez confiesa que es ninf\u00f3mana y &#8216;le trae ganas&#8217; a Emilio Osorio"},"content":{"rendered":"<p><img loading=\"lazy\" decoding=\"async\" class=\"alignnone size-full wp-image-99375\" src=\"https:\/\/www.yucatanencorto.com\/noticias\/wp-content\/uploads\/2023\/08\/WOMD6JJSUVC3PFIQNXMME6XFDA-scaled.jpg\" alt=\"\" width=\"768\" height=\"432\" srcset=\"https:\/\/www.yucatanencorto.com\/noticias\/wp-content\/uploads\/2023\/08\/WOMD6JJSUVC3PFIQNXMME6XFDA-scaled.jpg 768w, https:\/\/www.yucatanencorto.com\/noticias\/wp-content\/uploads\/2023\/08\/WOMD6JJSUVC3PFIQNXMME6XFDA-1536x864.jpg 1536w, https:\/\/www.yucatanencorto.com\/noticias\/wp-content\/uploads\/2023\/08\/WOMD6JJSUVC3PFIQNXMME6XFDA-696x392.jpg 696w, https:\/\/www.yucatanencorto.com\/noticias\/wp-content\/uploads\/2023\/08\/WOMD6JJSUVC3PFIQNXMME6XFDA-1068x601.jpg 1068w, https:\/\/www.yucatanencorto.com\/noticias\/wp-content\/uploads\/2023\/08\/WOMD6JJSUVC3PFIQNXMME6XFDA-747x420.jpg 747w\" sizes=\"auto, (max-width: 768px) 100vw, 768px\" \/><\/p>\n<p>Barby Ju\u00e1rez\u00a0confes\u00f3 que es\u00a0ninf\u00f3mana\u00a0y \u00able trae ganas\u00bb a\u00a0Emilio Osorio.\u00a0La boxeadora se ha ganado el cari\u00f1o del p\u00fablico de &#8216;La casa de los famosos&#8217;. Aunque al principio recib\u00eda burlas\u00a0por su manera de hablar, ahora la defienden de los comentarios mal intencionados y ha logrado llegar a la recta final del programa.<\/p>\n<p>La campeona del box, a\u00fan a sus 43 a\u00f1os, luce un cuerpo espectacular, el mismo que desde su juventud\u00a0le hizo justicia a su apodo. Ahora\u00a0Barby Ju\u00e1rez\u00a0hizo una confesi\u00f3n en &#8216;La casa de los famosos&#8217; que dej\u00f3 con la boca abierta a todos sus compa\u00f1eros, sobre todo a\u00a0Emilio Osorio.<\/p>\n<p>Barby Ju\u00e1rez confiesa que es ninf\u00f3mana<br \/>\nDurante una de las fiestas dentro del reality, en la que hubo consumo de alcohol,\u00a0Mariana Ju\u00e1rez\u00a0\u2014como se llama realmente\u2014 confes\u00f3 que lleg\u00f3 a sentirse vac\u00eda en alg\u00fan punto de su vida y s\u00f3lo tener relaciones sexuales la llenaba.<\/p>\n<p>\u201cFui ninf\u00f3mana porque yo sent\u00eda un vac\u00edo cuando tuve muchas p\u00e9rdidas&#8230; ninf\u00f3mana no es de que quiera tener siempre sexo, sino que es sentirse vac\u00eda, queremos complacer. Me hac\u00edan sentirme sucia\u00bb, cont\u00f3 la boxeadora.<\/p>\n<p>Indagando, entendi\u00f3 por qu\u00e9 ten\u00eda la necesidad de tener intimidad: \u00abMe hac\u00edan sentir mal, entonces me pregunt\u00e9 por qu\u00e9 ten\u00eda esa necesidad de llegar el momento de invitar a alguien a tener intimidad&#8230; porque necesitaba sentir como si fuera su amor\u201d, declar\u00f3.<\/p>\n<p>Se siente atra\u00edda por Emilio Osorio<br \/>\nLa boxeadora fue cuestionada al respecto. Sus compa\u00f1eros le preguntaron que a cu\u00e1l de los integrantes de &#8216;LCDLF&#8217; le \u00abtrae ganas\u00bb. Aunque todos pensaron que se tratar\u00eda de\u00a0Sergio Mayer,\u00a0Poncho de Nigris\u00a0o\u00a0Nicola Porcella, la respuesta de Ju\u00e1rez sorprendi\u00f3 a todos. Dej\u00f3 saber que Emilio despierta deseo en ella.<\/p>\n<p>Explic\u00f3: \u00abEs que nunca he estado con alguien m\u00e1s grande que yo&#8230; m\u00e1s grande&#8230; m\u00e1s chico que diga, me gustan los chavitos\u00bb. Y se justific\u00f3: \u00abPero no es que sea mala onda porque s\u00e9 que.. o sea pero no&#8230; pero debe ser aguantador, que m\u00ednimo sean 3 o 4 porque si no ya me aburr\u00ed\u201d, detall\u00f3.<\/p>\n<p>La cara de\u00a0Emilio Osorio\u00a0lo dijo todo. Hizo gesto de disgusto y se cubri\u00f3 con su bebida. Despu\u00e9s disimul\u00f3 y puso atenci\u00f3n a las palabras de su compa\u00f1era, con quien siempre ha llevado buena relaci\u00f3n, \u00bfser\u00e1 que las cosas cambiar\u00e1n en &#8216;La casa de los famosos&#8217; ahora que el hijo de\u00a0Niurka\u00a0conoce los deseos de\u00a0Barby Ju\u00e1rez?\u00bb<\/p>\n","protected":false},"excerpt":{"rendered":"<p>Barby Ju\u00e1rez\u00a0confes\u00f3 que es\u00a0ninf\u00f3mana\u00a0y \u00able trae ganas\u00bb a\u00a0Emilio Osorio.\u00a0La boxeadora se ha ganado el cari\u00f1o del p\u00fablico de &#8216;La casa de los famosos&#8217;. Aunque al principio recib\u00eda burlas\u00a0por su manera de hablar, ahora la defienden de los comentarios mal intencionados y ha logrado llegar a la recta final del programa. La campeona del box, a\u00fan [&hellip;]<\/p>\n","protected":false},"author":3,"featured_media":99375,"comment_status":"closed","ping_status":"closed","sticky":false,"template":"","format":"standard","meta":{"footnotes":""},"categories":[8908],"tags":[],"class_list":{"0":"post-99374","1":"post","2":"type-post","3":"status-publish","4":"format-standard","5":"has-post-thumbnail","7":"category-viral-y-asombroso"},"yoast_head":"<!-- This site is optimized with the Yoast SEO plugin v27.4 - https:\/\/yoast.com\/product\/yoast-seo-wordpress\/ -->\n<title>Barby Ju\u00e1rez confiesa que es ninf\u00f3mana y &#039;le trae ganas&#039; a Emilio Osorio - Yucat\u00e1n en corto<\/title>\n<meta name=\"robots\" content=\"index, follow, max-snippet:-1, max-image-preview:large, max-video-preview:-1\" \/>\n<link rel=\"canonical\" href=\"https:\/\/www.yucatanencorto.com\/noticias\/barby-juarez-confiesa-que-es-ninfomana-y-le-trae-ganas-a-emilio-osorio\/\" \/>\n<meta property=\"og:locale\" content=\"es_ES\" \/>\n<meta property=\"og:type\" content=\"article\" \/>\n<meta property=\"og:title\" content=\"Barby Ju\u00e1rez confiesa que es ninf\u00f3mana y &#039;le trae ganas&#039; a Emilio Osorio - Yucat\u00e1n en corto\" \/>\n<meta property=\"og:description\" content=\"Barby Ju\u00e1rez\u00a0confes\u00f3 que es\u00a0ninf\u00f3mana\u00a0y \u00able trae ganas\u00bb a\u00a0Emilio Osorio.\u00a0La boxeadora se ha ganado el cari\u00f1o del p\u00fablico de &#8216;La casa de los famosos&#8217;. Aunque al principio recib\u00eda burlas\u00a0por su manera de hablar, ahora la defienden de los comentarios mal intencionados y ha logrado llegar a la recta final del programa. La campeona del box, a\u00fan [&hellip;]\" \/>\n<meta property=\"og:url\" content=\"https:\/\/www.yucatanencorto.com\/noticias\/barby-juarez-confiesa-que-es-ninfomana-y-le-trae-ganas-a-emilio-osorio\/\" \/>\n<meta property=\"og:site_name\" content=\"Yucat\u00e1n en corto\" \/>\n<meta property=\"article:publisher\" content=\"http:\/\/www.facebook.com\/yucatanencorto\" \/>\n<meta property=\"article:published_time\" content=\"2023-08-01T21:00:23+00:00\" \/>\n<meta property=\"og:image\" content=\"https:\/\/www.yucatanencorto.com\/noticias\/wp-content\/uploads\/2023\/08\/WOMD6JJSUVC3PFIQNXMME6XFDA-scaled.jpg\" \/>\n\t<meta property=\"og:image:width\" content=\"768\" \/>\n\t<meta property=\"og:image:height\" content=\"432\" \/>\n\t<meta property=\"og:image:type\" content=\"image\/jpeg\" \/>\n<meta name=\"author\" content=\"Redes\" \/>\n<meta name=\"twitter:card\" content=\"summary_large_image\" \/>\n<meta name=\"twitter:creator\" content=\"@yucatanencorto\" \/>\n<meta name=\"twitter:site\" content=\"@yucatanencorto\" \/>\n<meta name=\"twitter:label1\" content=\"Escrito por\" \/>\n\t<meta name=\"twitter:data1\" content=\"Redes\" \/>\n\t<meta name=\"twitter:label2\" content=\"Tiempo de lectura\" \/>\n\t<meta name=\"twitter:data2\" content=\"2 minutos\" \/>\n<script type=\"application\/ld+json\" class=\"yoast-schema-graph\">{\"@context\":\"https:\\\/\\\/schema.org\",\"@graph\":[{\"@type\":\"Article\",\"@id\":\"https:\\\/\\\/www.yucatanencorto.com\\\/noticias\\\/barby-juarez-confiesa-que-es-ninfomana-y-le-trae-ganas-a-emilio-osorio\\\/#article\",\"isPartOf\":{\"@id\":\"https:\\\/\\\/www.yucatanencorto.com\\\/noticias\\\/barby-juarez-confiesa-que-es-ninfomana-y-le-trae-ganas-a-emilio-osorio\\\/\"},\"author\":{\"name\":\"Redes\",\"@id\":\"https:\\\/\\\/www.yucatanencorto.com\\\/noticias\\\/#\\\/schema\\\/person\\\/e2fbdfaf30a07014a43940ce989f3119\"},\"headline\":\"Barby Ju\u00e1rez confiesa que es ninf\u00f3mana y &#8216;le trae ganas&#8217; a Emilio Osorio\",\"datePublished\":\"2023-08-01T21:00:23+00:00\",\"mainEntityOfPage\":{\"@id\":\"https:\\\/\\\/www.yucatanencorto.com\\\/noticias\\\/barby-juarez-confiesa-que-es-ninfomana-y-le-trae-ganas-a-emilio-osorio\\\/\"},\"wordCount\":455,\"image\":{\"@id\":\"https:\\\/\\\/www.yucatanencorto.com\\\/noticias\\\/barby-juarez-confiesa-que-es-ninfomana-y-le-trae-ganas-a-emilio-osorio\\\/#primaryimage\"},\"thumbnailUrl\":\"https:\\\/\\\/www.yucatanencorto.com\\\/noticias\\\/wp-content\\\/uploads\\\/2023\\\/08\\\/WOMD6JJSUVC3PFIQNXMME6XFDA-scaled.jpg\",\"articleSection\":[\"Viral y Asombroso\"],\"inLanguage\":\"es\"},{\"@type\":\"WebPage\",\"@id\":\"https:\\\/\\\/www.yucatanencorto.com\\\/noticias\\\/barby-juarez-confiesa-que-es-ninfomana-y-le-trae-ganas-a-emilio-osorio\\\/\",\"url\":\"https:\\\/\\\/www.yucatanencorto.com\\\/noticias\\\/barby-juarez-confiesa-que-es-ninfomana-y-le-trae-ganas-a-emilio-osorio\\\/\",\"name\":\"Barby Ju\u00e1rez confiesa que es ninf\u00f3mana y 'le trae ganas' a Emilio Osorio - Yucat\u00e1n en corto\",\"isPartOf\":{\"@id\":\"https:\\\/\\\/www.yucatanencorto.com\\\/noticias\\\/#website\"},\"primaryImageOfPage\":{\"@id\":\"https:\\\/\\\/www.yucatanencorto.com\\\/noticias\\\/barby-juarez-confiesa-que-es-ninfomana-y-le-trae-ganas-a-emilio-osorio\\\/#primaryimage\"},\"image\":{\"@id\":\"https:\\\/\\\/www.yucatanencorto.com\\\/noticias\\\/barby-juarez-confiesa-que-es-ninfomana-y-le-trae-ganas-a-emilio-osorio\\\/#primaryimage\"},\"thumbnailUrl\":\"https:\\\/\\\/www.yucatanencorto.com\\\/noticias\\\/wp-content\\\/uploads\\\/2023\\\/08\\\/WOMD6JJSUVC3PFIQNXMME6XFDA-scaled.jpg\",\"datePublished\":\"2023-08-01T21:00:23+00:00\",\"author\":{\"@id\":\"https:\\\/\\\/www.yucatanencorto.com\\\/noticias\\\/#\\\/schema\\\/person\\\/e2fbdfaf30a07014a43940ce989f3119\"},\"breadcrumb\":{\"@id\":\"https:\\\/\\\/www.yucatanencorto.com\\\/noticias\\\/barby-juarez-confiesa-que-es-ninfomana-y-le-trae-ganas-a-emilio-osorio\\\/#breadcrumb\"},\"inLanguage\":\"es\",\"potentialAction\":[{\"@type\":\"ReadAction\",\"target\":[\"https:\\\/\\\/www.yucatanencorto.com\\\/noticias\\\/barby-juarez-confiesa-que-es-ninfomana-y-le-trae-ganas-a-emilio-osorio\\\/\"]}]},{\"@type\":\"ImageObject\",\"inLanguage\":\"es\",\"@id\":\"https:\\\/\\\/www.yucatanencorto.com\\\/noticias\\\/barby-juarez-confiesa-que-es-ninfomana-y-le-trae-ganas-a-emilio-osorio\\\/#primaryimage\",\"url\":\"https:\\\/\\\/www.yucatanencorto.com\\\/noticias\\\/wp-content\\\/uploads\\\/2023\\\/08\\\/WOMD6JJSUVC3PFIQNXMME6XFDA-scaled.jpg\",\"contentUrl\":\"https:\\\/\\\/www.yucatanencorto.com\\\/noticias\\\/wp-content\\\/uploads\\\/2023\\\/08\\\/WOMD6JJSUVC3PFIQNXMME6XFDA-scaled.jpg\",\"width\":768,\"height\":432},{\"@type\":\"BreadcrumbList\",\"@id\":\"https:\\\/\\\/www.yucatanencorto.com\\\/noticias\\\/barby-juarez-confiesa-que-es-ninfomana-y-le-trae-ganas-a-emilio-osorio\\\/#breadcrumb\",\"itemListElement\":[{\"@type\":\"ListItem\",\"position\":1,\"name\":\"Portada\",\"item\":\"https:\\\/\\\/www.yucatanencorto.com\\\/noticias\\\/\"},{\"@type\":\"ListItem\",\"position\":2,\"name\":\"Barby Ju\u00e1rez confiesa que es ninf\u00f3mana y &#8216;le trae ganas&#8217; a Emilio Osorio\"}]},{\"@type\":\"WebSite\",\"@id\":\"https:\\\/\\\/www.yucatanencorto.com\\\/noticias\\\/#website\",\"url\":\"https:\\\/\\\/www.yucatanencorto.com\\\/noticias\\\/\",\"name\":\"Yucat\u00e1n en corto\",\"description\":\"Noticias\",\"potentialAction\":[{\"@type\":\"SearchAction\",\"target\":{\"@type\":\"EntryPoint\",\"urlTemplate\":\"https:\\\/\\\/www.yucatanencorto.com\\\/noticias\\\/?s={search_term_string}\"},\"query-input\":{\"@type\":\"PropertyValueSpecification\",\"valueRequired\":true,\"valueName\":\"search_term_string\"}}],\"inLanguage\":\"es\"},{\"@type\":\"Person\",\"@id\":\"https:\\\/\\\/www.yucatanencorto.com\\\/noticias\\\/#\\\/schema\\\/person\\\/e2fbdfaf30a07014a43940ce989f3119\",\"name\":\"Redes\",\"image\":{\"@type\":\"ImageObject\",\"inLanguage\":\"es\",\"@id\":\"https:\\\/\\\/secure.gravatar.com\\\/avatar\\\/5931a2d21dd7cc834f44c8c34fe56d90ed6d536ef452cbf870c7485b524dddd7?s=96&d=mm&r=g\",\"url\":\"https:\\\/\\\/secure.gravatar.com\\\/avatar\\\/5931a2d21dd7cc834f44c8c34fe56d90ed6d536ef452cbf870c7485b524dddd7?s=96&d=mm&r=g\",\"contentUrl\":\"https:\\\/\\\/secure.gravatar.com\\\/avatar\\\/5931a2d21dd7cc834f44c8c34fe56d90ed6d536ef452cbf870c7485b524dddd7?s=96&d=mm&r=g\",\"caption\":\"Redes\"},\"url\":\"https:\\\/\\\/www.yucatanencorto.com\\\/noticias\\\/author\\\/redes\\\/\"}]}<\/script>\n<!-- \/ Yoast SEO plugin. -->","yoast_head_json":{"title":"Barby Ju\u00e1rez confiesa que es ninf\u00f3mana y 'le trae ganas' a Emilio Osorio - Yucat\u00e1n en corto","robots":{"index":"index","follow":"follow","max-snippet":"max-snippet:-1","max-image-preview":"max-image-preview:large","max-video-preview":"max-video-preview:-1"},"canonical":"https:\/\/www.yucatanencorto.com\/noticias\/barby-juarez-confiesa-que-es-ninfomana-y-le-trae-ganas-a-emilio-osorio\/","og_locale":"es_ES","og_type":"article","og_title":"Barby Ju\u00e1rez confiesa que es ninf\u00f3mana y 'le trae ganas' a Emilio Osorio - Yucat\u00e1n en corto","og_description":"Barby Ju\u00e1rez\u00a0confes\u00f3 que es\u00a0ninf\u00f3mana\u00a0y \u00able trae ganas\u00bb a\u00a0Emilio Osorio.\u00a0La boxeadora se ha ganado el cari\u00f1o del p\u00fablico de &#8216;La casa de los famosos&#8217;. Aunque al principio recib\u00eda burlas\u00a0por su manera de hablar, ahora la defienden de los comentarios mal intencionados y ha logrado llegar a la recta final del programa. La campeona del box, a\u00fan [&hellip;]","og_url":"https:\/\/www.yucatanencorto.com\/noticias\/barby-juarez-confiesa-que-es-ninfomana-y-le-trae-ganas-a-emilio-osorio\/","og_site_name":"Yucat\u00e1n en corto","article_publisher":"http:\/\/www.facebook.com\/yucatanencorto","article_published_time":"2023-08-01T21:00:23+00:00","og_image":[{"width":768,"height":432,"url":"https:\/\/www.yucatanencorto.com\/noticias\/wp-content\/uploads\/2023\/08\/WOMD6JJSUVC3PFIQNXMME6XFDA-scaled.jpg","type":"image\/jpeg"}],"author":"Redes","twitter_card":"summary_large_image","twitter_creator":"@yucatanencorto","twitter_site":"@yucatanencorto","twitter_misc":{"Escrito por":"Redes","Tiempo de lectura":"2 minutos"},"schema":{"@context":"https:\/\/schema.org","@graph":[{"@type":"Article","@id":"https:\/\/www.yucatanencorto.com\/noticias\/barby-juarez-confiesa-que-es-ninfomana-y-le-trae-ganas-a-emilio-osorio\/#article","isPartOf":{"@id":"https:\/\/www.yucatanencorto.com\/noticias\/barby-juarez-confiesa-que-es-ninfomana-y-le-trae-ganas-a-emilio-osorio\/"},"author":{"name":"Redes","@id":"https:\/\/www.yucatanencorto.com\/noticias\/#\/schema\/person\/e2fbdfaf30a07014a43940ce989f3119"},"headline":"Barby Ju\u00e1rez confiesa que es ninf\u00f3mana y &#8216;le trae ganas&#8217; a Emilio Osorio","datePublished":"2023-08-01T21:00:23+00:00","mainEntityOfPage":{"@id":"https:\/\/www.yucatanencorto.com\/noticias\/barby-juarez-confiesa-que-es-ninfomana-y-le-trae-ganas-a-emilio-osorio\/"},"wordCount":455,"image":{"@id":"https:\/\/www.yucatanencorto.com\/noticias\/barby-juarez-confiesa-que-es-ninfomana-y-le-trae-ganas-a-emilio-osorio\/#primaryimage"},"thumbnailUrl":"https:\/\/www.yucatanencorto.com\/noticias\/wp-content\/uploads\/2023\/08\/WOMD6JJSUVC3PFIQNXMME6XFDA-scaled.jpg","articleSection":["Viral y Asombroso"],"inLanguage":"es"},{"@type":"WebPage","@id":"https:\/\/www.yucatanencorto.com\/noticias\/barby-juarez-confiesa-que-es-ninfomana-y-le-trae-ganas-a-emilio-osorio\/","url":"https:\/\/www.yucatanencorto.com\/noticias\/barby-juarez-confiesa-que-es-ninfomana-y-le-trae-ganas-a-emilio-osorio\/","name":"Barby Ju\u00e1rez confiesa que es ninf\u00f3mana y 'le trae ganas' a Emilio Osorio - Yucat\u00e1n en corto","isPartOf":{"@id":"https:\/\/www.yucatanencorto.com\/noticias\/#website"},"primaryImageOfPage":{"@id":"https:\/\/www.yucatanencorto.com\/noticias\/barby-juarez-confiesa-que-es-ninfomana-y-le-trae-ganas-a-emilio-osorio\/#primaryimage"},"image":{"@id":"https:\/\/www.yucatanencorto.com\/noticias\/barby-juarez-confiesa-que-es-ninfomana-y-le-trae-ganas-a-emilio-osorio\/#primaryimage"},"thumbnailUrl":"https:\/\/www.yucatanencorto.com\/noticias\/wp-content\/uploads\/2023\/08\/WOMD6JJSUVC3PFIQNXMME6XFDA-scaled.jpg","datePublished":"2023-08-01T21:00:23+00:00","author":{"@id":"https:\/\/www.yucatanencorto.com\/noticias\/#\/schema\/person\/e2fbdfaf30a07014a43940ce989f3119"},"breadcrumb":{"@id":"https:\/\/www.yucatanencorto.com\/noticias\/barby-juarez-confiesa-que-es-ninfomana-y-le-trae-ganas-a-emilio-osorio\/#breadcrumb"},"inLanguage":"es","potentialAction":[{"@type":"ReadAction","target":["https:\/\/www.yucatanencorto.com\/noticias\/barby-juarez-confiesa-que-es-ninfomana-y-le-trae-ganas-a-emilio-osorio\/"]}]},{"@type":"ImageObject","inLanguage":"es","@id":"https:\/\/www.yucatanencorto.com\/noticias\/barby-juarez-confiesa-que-es-ninfomana-y-le-trae-ganas-a-emilio-osorio\/#primaryimage","url":"https:\/\/www.yucatanencorto.com\/noticias\/wp-content\/uploads\/2023\/08\/WOMD6JJSUVC3PFIQNXMME6XFDA-scaled.jpg","contentUrl":"https:\/\/www.yucatanencorto.com\/noticias\/wp-content\/uploads\/2023\/08\/WOMD6JJSUVC3PFIQNXMME6XFDA-scaled.jpg","width":768,"height":432},{"@type":"BreadcrumbList","@id":"https:\/\/www.yucatanencorto.com\/noticias\/barby-juarez-confiesa-que-es-ninfomana-y-le-trae-ganas-a-emilio-osorio\/#breadcrumb","itemListElement":[{"@type":"ListItem","position":1,"name":"Portada","item":"https:\/\/www.yucatanencorto.com\/noticias\/"},{"@type":"ListItem","position":2,"name":"Barby Ju\u00e1rez confiesa que es ninf\u00f3mana y &#8216;le trae ganas&#8217; a Emilio Osorio"}]},{"@type":"WebSite","@id":"https:\/\/www.yucatanencorto.com\/noticias\/#website","url":"https:\/\/www.yucatanencorto.com\/noticias\/","name":"Yucat\u00e1n en corto","description":"Noticias","potentialAction":[{"@type":"SearchAction","target":{"@type":"EntryPoint","urlTemplate":"https:\/\/www.yucatanencorto.com\/noticias\/?s={search_term_string}"},"query-input":{"@type":"PropertyValueSpecification","valueRequired":true,"valueName":"search_term_string"}}],"inLanguage":"es"},{"@type":"Person","@id":"https:\/\/www.yucatanencorto.com\/noticias\/#\/schema\/person\/e2fbdfaf30a07014a43940ce989f3119","name":"Redes","image":{"@type":"ImageObject","inLanguage":"es","@id":"https:\/\/secure.gravatar.com\/avatar\/5931a2d21dd7cc834f44c8c34fe56d90ed6d536ef452cbf870c7485b524dddd7?s=96&d=mm&r=g","url":"https:\/\/secure.gravatar.com\/avatar\/5931a2d21dd7cc834f44c8c34fe56d90ed6d536ef452cbf870c7485b524dddd7?s=96&d=mm&r=g","contentUrl":"https:\/\/secure.gravatar.com\/avatar\/5931a2d21dd7cc834f44c8c34fe56d90ed6d536ef452cbf870c7485b524dddd7?s=96&d=mm&r=g","caption":"Redes"},"url":"https:\/\/www.yucatanencorto.com\/noticias\/author\/redes\/"}]}},"_links":{"self":[{"href":"https:\/\/www.yucatanencorto.com\/noticias\/wp-json\/wp\/v2\/posts\/99374","targetHints":{"allow":["GET"]}}],"collection":[{"href":"https:\/\/www.yucatanencorto.com\/noticias\/wp-json\/wp\/v2\/posts"}],"about":[{"href":"https:\/\/www.yucatanencorto.com\/noticias\/wp-json\/wp\/v2\/types\/post"}],"author":[{"embeddable":true,"href":"https:\/\/www.yucatanencorto.com\/noticias\/wp-json\/wp\/v2\/users\/3"}],"replies":[{"embeddable":true,"href":"https:\/\/www.yucatanencorto.com\/noticias\/wp-json\/wp\/v2\/comments?post=99374"}],"version-history":[{"count":0,"href":"https:\/\/www.yucatanencorto.com\/noticias\/wp-json\/wp\/v2\/posts\/99374\/revisions"}],"wp:featuredmedia":[{"embeddable":true,"href":"https:\/\/www.yucatanencorto.com\/noticias\/wp-json\/wp\/v2\/media\/99375"}],"wp:attachment":[{"href":"https:\/\/www.yucatanencorto.com\/noticias\/wp-json\/wp\/v2\/media?parent=99374"}],"wp:term":[{"taxonomy":"category","embeddable":true,"href":"https:\/\/www.yucatanencorto.com\/noticias\/wp-json\/wp\/v2\/categories?post=99374"},{"taxonomy":"post_tag","embeddable":true,"href":"https:\/\/www.yucatanencorto.com\/noticias\/wp-json\/wp\/v2\/tags?post=99374"}],"curies":[{"name":"wp","href":"https:\/\/api.w.org\/{rel}","templated":true}]}}