{"id":99379,"date":"2023-08-01T18:16:24","date_gmt":"2023-08-02T00:16:24","guid":{"rendered":"https:\/\/www.yucatanencorto.com\/noticias\/?p=99379"},"modified":"2023-08-01T18:16:24","modified_gmt":"2023-08-02T00:16:24","slug":"promueven-el-cuidado-de-la-salud-y-la-prevencion-de-las-enfermedades","status":"publish","type":"post","link":"https:\/\/www.yucatanencorto.com\/noticias\/promueven-el-cuidado-de-la-salud-y-la-prevencion-de-las-enfermedades\/","title":{"rendered":"Promueven el cuidado de la salud y la prevenci\u00f3n de las enfermedades"},"content":{"rendered":"<p><img loading=\"lazy\" decoding=\"async\" class=\"alignnone size-full wp-image-99380\" src=\"https:\/\/www.yucatanencorto.com\/noticias\/wp-content\/uploads\/2023\/08\/WhatsApp-Image-2023-08-01-at-17.23.32-scaled.jpeg\" alt=\"\" width=\"768\" height=\"512\" srcset=\"https:\/\/www.yucatanencorto.com\/noticias\/wp-content\/uploads\/2023\/08\/WhatsApp-Image-2023-08-01-at-17.23.32-scaled.jpeg 768w, https:\/\/www.yucatanencorto.com\/noticias\/wp-content\/uploads\/2023\/08\/WhatsApp-Image-2023-08-01-at-17.23.32-696x464.jpeg 696w, https:\/\/www.yucatanencorto.com\/noticias\/wp-content\/uploads\/2023\/08\/WhatsApp-Image-2023-08-01-at-17.23.32-1068x712.jpeg 1068w, https:\/\/www.yucatanencorto.com\/noticias\/wp-content\/uploads\/2023\/08\/WhatsApp-Image-2023-08-01-at-17.23.32-630x420.jpeg 630w\" sizes=\"auto, (max-width: 768px) 100vw, 768px\" \/><br \/>\nM\u00e9rida, Yucat\u00e1n a 1 de agosto de 2023.- En la actual administraci\u00f3n municipal trabajamos para que las familias cuenten con servicios m\u00e9dicos de calidad, cuidando su salud a trav\u00e9s de programas enfocados en la prevenci\u00f3n de las enfermedades e implementando estrategias que procuren su bienestar f\u00edsico, emocional y mental, afirm\u00f3 el Alcalde de M\u00e9rida, Ren\u00e1n Barrera Concha.<\/p>\n<p>El Presidente Municipal inform\u00f3 que, aunque la salud es un tema que les compete principalmente a los gobiernos federal y estatal, las administraciones municipales contribuyen con programas y acciones enfocados a la promoci\u00f3n del autocuidado de la poblaci\u00f3n y elevando la calidad de vida con acciones que permitan un desarrollo sano de las familias del Municipio.<br \/>\nExplic\u00f3 que el Municipio trabaja en el cuidado de la salud con la creaci\u00f3n de espacios p\u00fablicos que permitan a la poblaci\u00f3n ejercitarse, tener pr\u00e1cticas deportivas y h\u00e1bitos saludables, por ello, se rehabilitaron parques, fomento la movilidad sustentable y se crearon programas como En Bici que promueven el ejercicio y el cuidado del medio ambiente.<\/p>\n<p>Asimismo, acot\u00f3 que se desarrollan acciones para prevenir las enfermedades no s\u00f3lo con programas que miden indicadores relacionados con la masa corporal, az\u00facar, entre otros, sino tambi\u00e9n dotando de servicios b\u00e1sicos como agua y energ\u00eda el\u00e9ctrica a las familias que viven en las zonas vulnerables.<br \/>\nManifest\u00f3 que, a trav\u00e9s de la direcci\u00f3n de Salud y Bienestar Social, el Ayuntamiento aborda el tema de la salud con \u00e9nfasis, por lo que en el \u00faltimo a\u00f1o m\u00e1s de 250 mil personas recibieron atenci\u00f3n en los M\u00f3dulos de M\u00e9dicos, Feria de la salud y el programa M\u00e9dico a Domicilio.<\/p>\n<p>\u201cEl tema de la salud requiere de orientar esfuerzos y focalizar estrategias puntuales y precisas que permitan elevar la calidad de vida de las y los meridanos, por eso sumamos voluntades con las instancias de todos los \u00f3rdenes de gobierno, la sociedad civil organizada y la academia para promover, coordinar y encabezar acciones que respondan a las demandas de la ciudadan\u00eda\u201d, sostuvo.<br \/>\nPara alcanzar esta cifra, abund\u00f3, se reforz\u00f3 el programa de Brigadas de la Salud mediante una inversi\u00f3n de $7, 529,835.00 para la implementaci\u00f3n de acciones innovadoras que permitieron acercar la Feria de la Salud a m\u00e1s de 59,000 personas en situaci\u00f3n vulnerable en colonias y comisar\u00edas.<\/p>\n<p>Barrera Concha se\u00f1al\u00f3 que, sumado a lo anterior, en el \u00faltimo a\u00f1o tambi\u00e9n se atendi\u00f3 a m\u00e1s de 172 mil personas entre mujeres, hombres, ni\u00f1as y ni\u00f1os que acudieron a los m\u00f3dulos m\u00e9dicos fijos que funcionan en diversos puntos de la ciudad.<br \/>\n\u201cDel total de personas atendidas, 30 mil fueron por consultas m\u00e9dicas, 24,517 consultas dentales, 13,355 sesiones de rehabilitaci\u00f3n, 104,931 acciones de enfermer\u00eda y 163 por estudios de mastograf\u00eda\u201d, detall\u00f3.<\/p>\n<p>Asimismo, agreg\u00f3 que tras la pandemia de Covid-19, la demanda de atenci\u00f3n a la salud mental creci\u00f3, por esa raz\u00f3n, en julio de 2022 el Ayuntamiento abri\u00f3 el Centro Municipal de Apoyo a la Salud Mental que a la fecha ya atendi\u00f3 a m\u00e1s de 9,000 personas y realizaron 221 acciones de canalizaci\u00f3n de pacientes que requirieron de atenci\u00f3n especializada.<br \/>\n\u201cEl Centro Municipal de Apoyo a la Salud Mental es una importante obra fruto del trabajo coordinado con las dependencias de salud estatales y federales, asociaciones civiles, colegios y universidades con carreras afines, todos representados en el Consejo Municipal de Salud\u201d, coment\u00f3.<\/p>\n<p>Adem\u00e1s, continu\u00f3, tambi\u00e9n se trabaja en la prevenci\u00f3n de la salud emocional en escuelas, empresas y asociaciones civiles con la finalidad capacitar al personal docente y padres de familia sobre c\u00f3mo detectar oportunamente situaciones de riesgo en los j\u00f3venes.<br \/>\nMencion\u00f3 que con el programa \u201cM\u00e9dico a Domicilio\u201d, en este segundo a\u00f1o de la administraci\u00f3n, se otorgaron 24,076 servicios en colaboraci\u00f3n con las instancias federales y estatales de salud.<\/p>\n<p>Asimismo, de septiembre de 2022 a febrero de 2023, el Ayuntamiento particip\u00f3 en 16 jornadas de vacunaci\u00f3n contra el Covid\u201319, donde se invirtieron $1, 912, 822.1.<br \/>\nFinalmente, dijo que entre el Gobierno del Estado y el Ayuntamiento de M\u00e9rida se efectuaron acciones contra el mosco Aedes Aegypti, Dengue, Zika y Chikungunya, siendo que a la fecha se realizaron 28 mil 514 acciones de abatizaci\u00f3n y cubrieron 76 mil 885 kil\u00f3metros y 37 espacios p\u00fablicos con una inversi\u00f3n de $40, 055, 958,95.<\/p>\n","protected":false},"excerpt":{"rendered":"<p>M\u00e9rida, Yucat\u00e1n a 1 de agosto de 2023.- En la actual administraci\u00f3n municipal trabajamos para que las familias cuenten con servicios m\u00e9dicos de calidad, cuidando su salud a trav\u00e9s de programas enfocados en la prevenci\u00f3n de las enfermedades e implementando estrategias que procuren su bienestar f\u00edsico, emocional y mental, afirm\u00f3 el Alcalde de M\u00e9rida, Ren\u00e1n [&hellip;]<\/p>\n","protected":false},"author":3,"featured_media":99380,"comment_status":"closed","ping_status":"closed","sticky":false,"template":"","format":"standard","meta":{"footnotes":""},"categories":[2],"tags":[],"class_list":{"0":"post-99379","1":"post","2":"type-post","3":"status-publish","4":"format-standard","5":"has-post-thumbnail","7":"category-merida"},"yoast_head":"<!-- This site is optimized with the Yoast SEO plugin v27.4 - https:\/\/yoast.com\/product\/yoast-seo-wordpress\/ -->\n<title>Promueven el cuidado de la salud y la prevenci\u00f3n de las enfermedades - Yucat\u00e1n en corto<\/title>\n<meta name=\"robots\" content=\"index, follow, max-snippet:-1, max-image-preview:large, max-video-preview:-1\" \/>\n<link rel=\"canonical\" href=\"https:\/\/www.yucatanencorto.com\/noticias\/promueven-el-cuidado-de-la-salud-y-la-prevencion-de-las-enfermedades\/\" \/>\n<meta property=\"og:locale\" content=\"es_ES\" \/>\n<meta property=\"og:type\" content=\"article\" \/>\n<meta property=\"og:title\" content=\"Promueven el cuidado de la salud y la prevenci\u00f3n de las enfermedades - Yucat\u00e1n en corto\" \/>\n<meta property=\"og:description\" content=\"M\u00e9rida, Yucat\u00e1n a 1 de agosto de 2023.- En la actual administraci\u00f3n municipal trabajamos para que las familias cuenten con servicios m\u00e9dicos de calidad, cuidando su salud a trav\u00e9s de programas enfocados en la prevenci\u00f3n de las enfermedades e implementando estrategias que procuren su bienestar f\u00edsico, emocional y mental, afirm\u00f3 el Alcalde de M\u00e9rida, Ren\u00e1n [&hellip;]\" \/>\n<meta property=\"og:url\" content=\"https:\/\/www.yucatanencorto.com\/noticias\/promueven-el-cuidado-de-la-salud-y-la-prevencion-de-las-enfermedades\/\" \/>\n<meta property=\"og:site_name\" content=\"Yucat\u00e1n en corto\" \/>\n<meta property=\"article:publisher\" content=\"http:\/\/www.facebook.com\/yucatanencorto\" \/>\n<meta property=\"article:published_time\" content=\"2023-08-02T00:16:24+00:00\" \/>\n<meta property=\"og:image\" content=\"https:\/\/www.yucatanencorto.com\/noticias\/wp-content\/uploads\/2023\/08\/WhatsApp-Image-2023-08-01-at-17.23.32-scaled.jpeg\" \/>\n\t<meta property=\"og:image:width\" content=\"768\" \/>\n\t<meta property=\"og:image:height\" content=\"512\" \/>\n\t<meta property=\"og:image:type\" content=\"image\/jpeg\" \/>\n<meta name=\"author\" content=\"Redes\" \/>\n<meta name=\"twitter:card\" content=\"summary_large_image\" \/>\n<meta name=\"twitter:creator\" content=\"@yucatanencorto\" \/>\n<meta name=\"twitter:site\" content=\"@yucatanencorto\" \/>\n<meta name=\"twitter:label1\" content=\"Escrito por\" \/>\n\t<meta name=\"twitter:data1\" content=\"Redes\" \/>\n\t<meta name=\"twitter:label2\" content=\"Tiempo de lectura\" \/>\n\t<meta name=\"twitter:data2\" content=\"4 minutos\" \/>\n<script type=\"application\/ld+json\" class=\"yoast-schema-graph\">{\"@context\":\"https:\\\/\\\/schema.org\",\"@graph\":[{\"@type\":\"Article\",\"@id\":\"https:\\\/\\\/www.yucatanencorto.com\\\/noticias\\\/promueven-el-cuidado-de-la-salud-y-la-prevencion-de-las-enfermedades\\\/#article\",\"isPartOf\":{\"@id\":\"https:\\\/\\\/www.yucatanencorto.com\\\/noticias\\\/promueven-el-cuidado-de-la-salud-y-la-prevencion-de-las-enfermedades\\\/\"},\"author\":{\"name\":\"Redes\",\"@id\":\"https:\\\/\\\/www.yucatanencorto.com\\\/noticias\\\/#\\\/schema\\\/person\\\/e2fbdfaf30a07014a43940ce989f3119\"},\"headline\":\"Promueven el cuidado de la salud y la prevenci\u00f3n de las enfermedades\",\"datePublished\":\"2023-08-02T00:16:24+00:00\",\"mainEntityOfPage\":{\"@id\":\"https:\\\/\\\/www.yucatanencorto.com\\\/noticias\\\/promueven-el-cuidado-de-la-salud-y-la-prevencion-de-las-enfermedades\\\/\"},\"wordCount\":746,\"image\":{\"@id\":\"https:\\\/\\\/www.yucatanencorto.com\\\/noticias\\\/promueven-el-cuidado-de-la-salud-y-la-prevencion-de-las-enfermedades\\\/#primaryimage\"},\"thumbnailUrl\":\"https:\\\/\\\/www.yucatanencorto.com\\\/noticias\\\/wp-content\\\/uploads\\\/2023\\\/08\\\/WhatsApp-Image-2023-08-01-at-17.23.32-scaled.jpeg\",\"articleSection\":[\"M\u00e9rida\"],\"inLanguage\":\"es\"},{\"@type\":\"WebPage\",\"@id\":\"https:\\\/\\\/www.yucatanencorto.com\\\/noticias\\\/promueven-el-cuidado-de-la-salud-y-la-prevencion-de-las-enfermedades\\\/\",\"url\":\"https:\\\/\\\/www.yucatanencorto.com\\\/noticias\\\/promueven-el-cuidado-de-la-salud-y-la-prevencion-de-las-enfermedades\\\/\",\"name\":\"Promueven el cuidado de la salud y la prevenci\u00f3n de las enfermedades - Yucat\u00e1n en corto\",\"isPartOf\":{\"@id\":\"https:\\\/\\\/www.yucatanencorto.com\\\/noticias\\\/#website\"},\"primaryImageOfPage\":{\"@id\":\"https:\\\/\\\/www.yucatanencorto.com\\\/noticias\\\/promueven-el-cuidado-de-la-salud-y-la-prevencion-de-las-enfermedades\\\/#primaryimage\"},\"image\":{\"@id\":\"https:\\\/\\\/www.yucatanencorto.com\\\/noticias\\\/promueven-el-cuidado-de-la-salud-y-la-prevencion-de-las-enfermedades\\\/#primaryimage\"},\"thumbnailUrl\":\"https:\\\/\\\/www.yucatanencorto.com\\\/noticias\\\/wp-content\\\/uploads\\\/2023\\\/08\\\/WhatsApp-Image-2023-08-01-at-17.23.32-scaled.jpeg\",\"datePublished\":\"2023-08-02T00:16:24+00:00\",\"author\":{\"@id\":\"https:\\\/\\\/www.yucatanencorto.com\\\/noticias\\\/#\\\/schema\\\/person\\\/e2fbdfaf30a07014a43940ce989f3119\"},\"breadcrumb\":{\"@id\":\"https:\\\/\\\/www.yucatanencorto.com\\\/noticias\\\/promueven-el-cuidado-de-la-salud-y-la-prevencion-de-las-enfermedades\\\/#breadcrumb\"},\"inLanguage\":\"es\",\"potentialAction\":[{\"@type\":\"ReadAction\",\"target\":[\"https:\\\/\\\/www.yucatanencorto.com\\\/noticias\\\/promueven-el-cuidado-de-la-salud-y-la-prevencion-de-las-enfermedades\\\/\"]}]},{\"@type\":\"ImageObject\",\"inLanguage\":\"es\",\"@id\":\"https:\\\/\\\/www.yucatanencorto.com\\\/noticias\\\/promueven-el-cuidado-de-la-salud-y-la-prevencion-de-las-enfermedades\\\/#primaryimage\",\"url\":\"https:\\\/\\\/www.yucatanencorto.com\\\/noticias\\\/wp-content\\\/uploads\\\/2023\\\/08\\\/WhatsApp-Image-2023-08-01-at-17.23.32-scaled.jpeg\",\"contentUrl\":\"https:\\\/\\\/www.yucatanencorto.com\\\/noticias\\\/wp-content\\\/uploads\\\/2023\\\/08\\\/WhatsApp-Image-2023-08-01-at-17.23.32-scaled.jpeg\",\"width\":768,\"height\":512},{\"@type\":\"BreadcrumbList\",\"@id\":\"https:\\\/\\\/www.yucatanencorto.com\\\/noticias\\\/promueven-el-cuidado-de-la-salud-y-la-prevencion-de-las-enfermedades\\\/#breadcrumb\",\"itemListElement\":[{\"@type\":\"ListItem\",\"position\":1,\"name\":\"Portada\",\"item\":\"https:\\\/\\\/www.yucatanencorto.com\\\/noticias\\\/\"},{\"@type\":\"ListItem\",\"position\":2,\"name\":\"Promueven el cuidado de la salud y la prevenci\u00f3n de las enfermedades\"}]},{\"@type\":\"WebSite\",\"@id\":\"https:\\\/\\\/www.yucatanencorto.com\\\/noticias\\\/#website\",\"url\":\"https:\\\/\\\/www.yucatanencorto.com\\\/noticias\\\/\",\"name\":\"Yucat\u00e1n en corto\",\"description\":\"Noticias\",\"potentialAction\":[{\"@type\":\"SearchAction\",\"target\":{\"@type\":\"EntryPoint\",\"urlTemplate\":\"https:\\\/\\\/www.yucatanencorto.com\\\/noticias\\\/?s={search_term_string}\"},\"query-input\":{\"@type\":\"PropertyValueSpecification\",\"valueRequired\":true,\"valueName\":\"search_term_string\"}}],\"inLanguage\":\"es\"},{\"@type\":\"Person\",\"@id\":\"https:\\\/\\\/www.yucatanencorto.com\\\/noticias\\\/#\\\/schema\\\/person\\\/e2fbdfaf30a07014a43940ce989f3119\",\"name\":\"Redes\",\"image\":{\"@type\":\"ImageObject\",\"inLanguage\":\"es\",\"@id\":\"https:\\\/\\\/secure.gravatar.com\\\/avatar\\\/5931a2d21dd7cc834f44c8c34fe56d90ed6d536ef452cbf870c7485b524dddd7?s=96&d=mm&r=g\",\"url\":\"https:\\\/\\\/secure.gravatar.com\\\/avatar\\\/5931a2d21dd7cc834f44c8c34fe56d90ed6d536ef452cbf870c7485b524dddd7?s=96&d=mm&r=g\",\"contentUrl\":\"https:\\\/\\\/secure.gravatar.com\\\/avatar\\\/5931a2d21dd7cc834f44c8c34fe56d90ed6d536ef452cbf870c7485b524dddd7?s=96&d=mm&r=g\",\"caption\":\"Redes\"},\"url\":\"https:\\\/\\\/www.yucatanencorto.com\\\/noticias\\\/author\\\/redes\\\/\"}]}<\/script>\n<!-- \/ Yoast SEO plugin. -->","yoast_head_json":{"title":"Promueven el cuidado de la salud y la prevenci\u00f3n de las enfermedades - Yucat\u00e1n en corto","robots":{"index":"index","follow":"follow","max-snippet":"max-snippet:-1","max-image-preview":"max-image-preview:large","max-video-preview":"max-video-preview:-1"},"canonical":"https:\/\/www.yucatanencorto.com\/noticias\/promueven-el-cuidado-de-la-salud-y-la-prevencion-de-las-enfermedades\/","og_locale":"es_ES","og_type":"article","og_title":"Promueven el cuidado de la salud y la prevenci\u00f3n de las enfermedades - Yucat\u00e1n en corto","og_description":"M\u00e9rida, Yucat\u00e1n a 1 de agosto de 2023.- En la actual administraci\u00f3n municipal trabajamos para que las familias cuenten con servicios m\u00e9dicos de calidad, cuidando su salud a trav\u00e9s de programas enfocados en la prevenci\u00f3n de las enfermedades e implementando estrategias que procuren su bienestar f\u00edsico, emocional y mental, afirm\u00f3 el Alcalde de M\u00e9rida, Ren\u00e1n [&hellip;]","og_url":"https:\/\/www.yucatanencorto.com\/noticias\/promueven-el-cuidado-de-la-salud-y-la-prevencion-de-las-enfermedades\/","og_site_name":"Yucat\u00e1n en corto","article_publisher":"http:\/\/www.facebook.com\/yucatanencorto","article_published_time":"2023-08-02T00:16:24+00:00","og_image":[{"width":768,"height":512,"url":"https:\/\/www.yucatanencorto.com\/noticias\/wp-content\/uploads\/2023\/08\/WhatsApp-Image-2023-08-01-at-17.23.32-scaled.jpeg","type":"image\/jpeg"}],"author":"Redes","twitter_card":"summary_large_image","twitter_creator":"@yucatanencorto","twitter_site":"@yucatanencorto","twitter_misc":{"Escrito por":"Redes","Tiempo de lectura":"4 minutos"},"schema":{"@context":"https:\/\/schema.org","@graph":[{"@type":"Article","@id":"https:\/\/www.yucatanencorto.com\/noticias\/promueven-el-cuidado-de-la-salud-y-la-prevencion-de-las-enfermedades\/#article","isPartOf":{"@id":"https:\/\/www.yucatanencorto.com\/noticias\/promueven-el-cuidado-de-la-salud-y-la-prevencion-de-las-enfermedades\/"},"author":{"name":"Redes","@id":"https:\/\/www.yucatanencorto.com\/noticias\/#\/schema\/person\/e2fbdfaf30a07014a43940ce989f3119"},"headline":"Promueven el cuidado de la salud y la prevenci\u00f3n de las enfermedades","datePublished":"2023-08-02T00:16:24+00:00","mainEntityOfPage":{"@id":"https:\/\/www.yucatanencorto.com\/noticias\/promueven-el-cuidado-de-la-salud-y-la-prevencion-de-las-enfermedades\/"},"wordCount":746,"image":{"@id":"https:\/\/www.yucatanencorto.com\/noticias\/promueven-el-cuidado-de-la-salud-y-la-prevencion-de-las-enfermedades\/#primaryimage"},"thumbnailUrl":"https:\/\/www.yucatanencorto.com\/noticias\/wp-content\/uploads\/2023\/08\/WhatsApp-Image-2023-08-01-at-17.23.32-scaled.jpeg","articleSection":["M\u00e9rida"],"inLanguage":"es"},{"@type":"WebPage","@id":"https:\/\/www.yucatanencorto.com\/noticias\/promueven-el-cuidado-de-la-salud-y-la-prevencion-de-las-enfermedades\/","url":"https:\/\/www.yucatanencorto.com\/noticias\/promueven-el-cuidado-de-la-salud-y-la-prevencion-de-las-enfermedades\/","name":"Promueven el cuidado de la salud y la prevenci\u00f3n de las enfermedades - Yucat\u00e1n en corto","isPartOf":{"@id":"https:\/\/www.yucatanencorto.com\/noticias\/#website"},"primaryImageOfPage":{"@id":"https:\/\/www.yucatanencorto.com\/noticias\/promueven-el-cuidado-de-la-salud-y-la-prevencion-de-las-enfermedades\/#primaryimage"},"image":{"@id":"https:\/\/www.yucatanencorto.com\/noticias\/promueven-el-cuidado-de-la-salud-y-la-prevencion-de-las-enfermedades\/#primaryimage"},"thumbnailUrl":"https:\/\/www.yucatanencorto.com\/noticias\/wp-content\/uploads\/2023\/08\/WhatsApp-Image-2023-08-01-at-17.23.32-scaled.jpeg","datePublished":"2023-08-02T00:16:24+00:00","author":{"@id":"https:\/\/www.yucatanencorto.com\/noticias\/#\/schema\/person\/e2fbdfaf30a07014a43940ce989f3119"},"breadcrumb":{"@id":"https:\/\/www.yucatanencorto.com\/noticias\/promueven-el-cuidado-de-la-salud-y-la-prevencion-de-las-enfermedades\/#breadcrumb"},"inLanguage":"es","potentialAction":[{"@type":"ReadAction","target":["https:\/\/www.yucatanencorto.com\/noticias\/promueven-el-cuidado-de-la-salud-y-la-prevencion-de-las-enfermedades\/"]}]},{"@type":"ImageObject","inLanguage":"es","@id":"https:\/\/www.yucatanencorto.com\/noticias\/promueven-el-cuidado-de-la-salud-y-la-prevencion-de-las-enfermedades\/#primaryimage","url":"https:\/\/www.yucatanencorto.com\/noticias\/wp-content\/uploads\/2023\/08\/WhatsApp-Image-2023-08-01-at-17.23.32-scaled.jpeg","contentUrl":"https:\/\/www.yucatanencorto.com\/noticias\/wp-content\/uploads\/2023\/08\/WhatsApp-Image-2023-08-01-at-17.23.32-scaled.jpeg","width":768,"height":512},{"@type":"BreadcrumbList","@id":"https:\/\/www.yucatanencorto.com\/noticias\/promueven-el-cuidado-de-la-salud-y-la-prevencion-de-las-enfermedades\/#breadcrumb","itemListElement":[{"@type":"ListItem","position":1,"name":"Portada","item":"https:\/\/www.yucatanencorto.com\/noticias\/"},{"@type":"ListItem","position":2,"name":"Promueven el cuidado de la salud y la prevenci\u00f3n de las enfermedades"}]},{"@type":"WebSite","@id":"https:\/\/www.yucatanencorto.com\/noticias\/#website","url":"https:\/\/www.yucatanencorto.com\/noticias\/","name":"Yucat\u00e1n en corto","description":"Noticias","potentialAction":[{"@type":"SearchAction","target":{"@type":"EntryPoint","urlTemplate":"https:\/\/www.yucatanencorto.com\/noticias\/?s={search_term_string}"},"query-input":{"@type":"PropertyValueSpecification","valueRequired":true,"valueName":"search_term_string"}}],"inLanguage":"es"},{"@type":"Person","@id":"https:\/\/www.yucatanencorto.com\/noticias\/#\/schema\/person\/e2fbdfaf30a07014a43940ce989f3119","name":"Redes","image":{"@type":"ImageObject","inLanguage":"es","@id":"https:\/\/secure.gravatar.com\/avatar\/5931a2d21dd7cc834f44c8c34fe56d90ed6d536ef452cbf870c7485b524dddd7?s=96&d=mm&r=g","url":"https:\/\/secure.gravatar.com\/avatar\/5931a2d21dd7cc834f44c8c34fe56d90ed6d536ef452cbf870c7485b524dddd7?s=96&d=mm&r=g","contentUrl":"https:\/\/secure.gravatar.com\/avatar\/5931a2d21dd7cc834f44c8c34fe56d90ed6d536ef452cbf870c7485b524dddd7?s=96&d=mm&r=g","caption":"Redes"},"url":"https:\/\/www.yucatanencorto.com\/noticias\/author\/redes\/"}]}},"_links":{"self":[{"href":"https:\/\/www.yucatanencorto.com\/noticias\/wp-json\/wp\/v2\/posts\/99379","targetHints":{"allow":["GET"]}}],"collection":[{"href":"https:\/\/www.yucatanencorto.com\/noticias\/wp-json\/wp\/v2\/posts"}],"about":[{"href":"https:\/\/www.yucatanencorto.com\/noticias\/wp-json\/wp\/v2\/types\/post"}],"author":[{"embeddable":true,"href":"https:\/\/www.yucatanencorto.com\/noticias\/wp-json\/wp\/v2\/users\/3"}],"replies":[{"embeddable":true,"href":"https:\/\/www.yucatanencorto.com\/noticias\/wp-json\/wp\/v2\/comments?post=99379"}],"version-history":[{"count":0,"href":"https:\/\/www.yucatanencorto.com\/noticias\/wp-json\/wp\/v2\/posts\/99379\/revisions"}],"wp:featuredmedia":[{"embeddable":true,"href":"https:\/\/www.yucatanencorto.com\/noticias\/wp-json\/wp\/v2\/media\/99380"}],"wp:attachment":[{"href":"https:\/\/www.yucatanencorto.com\/noticias\/wp-json\/wp\/v2\/media?parent=99379"}],"wp:term":[{"taxonomy":"category","embeddable":true,"href":"https:\/\/www.yucatanencorto.com\/noticias\/wp-json\/wp\/v2\/categories?post=99379"},{"taxonomy":"post_tag","embeddable":true,"href":"https:\/\/www.yucatanencorto.com\/noticias\/wp-json\/wp\/v2\/tags?post=99379"}],"curies":[{"name":"wp","href":"https:\/\/api.w.org\/{rel}","templated":true}]}}