{"id":99382,"date":"2023-08-01T18:17:52","date_gmt":"2023-08-02T00:17:52","guid":{"rendered":"https:\/\/www.yucatanencorto.com\/noticias\/?p=99382"},"modified":"2023-08-01T18:17:52","modified_gmt":"2023-08-02T00:17:52","slug":"habitantes-de-tizimin-reciben-apoyos-del-programa-peso-a-peso","status":"publish","type":"post","link":"https:\/\/www.yucatanencorto.com\/noticias\/habitantes-de-tizimin-reciben-apoyos-del-programa-peso-a-peso\/","title":{"rendered":"Habitantes de Tizim\u00edn  reciben apoyos del programa Peso a Peso"},"content":{"rendered":"<p><img loading=\"lazy\" decoding=\"async\" class=\"alignnone size-full wp-image-99383\" src=\"https:\/\/www.yucatanencorto.com\/noticias\/wp-content\/uploads\/2023\/08\/WhatsApp-Image-2023-08-01-at-17.57.48-scaled.jpeg\" alt=\"\" width=\"768\" height=\"561\" srcset=\"https:\/\/www.yucatanencorto.com\/noticias\/wp-content\/uploads\/2023\/08\/WhatsApp-Image-2023-08-01-at-17.57.48-scaled.jpeg 768w, https:\/\/www.yucatanencorto.com\/noticias\/wp-content\/uploads\/2023\/08\/WhatsApp-Image-2023-08-01-at-17.57.48-696x508.jpeg 696w, https:\/\/www.yucatanencorto.com\/noticias\/wp-content\/uploads\/2023\/08\/WhatsApp-Image-2023-08-01-at-17.57.48-1068x780.jpeg 1068w, https:\/\/www.yucatanencorto.com\/noticias\/wp-content\/uploads\/2023\/08\/WhatsApp-Image-2023-08-01-at-17.57.48-575x420.jpeg 575w\" sizes=\"auto, (max-width: 768px) 100vw, 768px\" \/><\/p>\n<p>Tizim\u00edn, Yucat\u00e1n, 1 de agosto de 2023.- Habitantes de Tizim\u00edn podr\u00e1n mejorar su producci\u00f3n y calidad de vida con el respaldo del Gobernador Mauricio Vila Dosal, quien visit\u00f3 este municipio para entregar apoyos que impulsen al campo y la ganader\u00eda, que permitan tener condiciones de vida m\u00e1s digna o que acerquen la cultura y servicios de rehabilitaci\u00f3n a quienes los necesitan.<\/p>\n<p>En gira de trabajo por esta demarcaci\u00f3n, el Gobernador encabez\u00f3 la distribuci\u00f3n de insumos y herramientas del programa Peso a Peso, paquetes de ma\u00edz de Seguridad Alimentaria, respaldo de Mejoramiento Gen\u00e9tico, acciones de Vivienda Social, tractores a unidades productivas y equipamiento para el espacio cultural local.<\/p>\n<p>De igual manera, entreg\u00f3 la remodelada Unidad B\u00e1sica de Rehabilitaci\u00f3n (UBR), que cuenta con un Cuarto de Estimulaci\u00f3n Multisensorial, para que pacientes con autismo, discapacidad visual o auditiva puedan mejorar sus habilidades, a trav\u00e9s de herramientas de innovaci\u00f3n tecnol\u00f3gica, y devel\u00f3 ah\u00ed la placa conmemorativa del Centro de Desarrollo Comunitario \u00abBenito Rosel Isaac\u00bb.<\/p>\n<p>Al dirigir su mensaje, afirm\u00f3 que, desde el inicio de su administraci\u00f3n, la prioridad ha sido asegurar que estos beneficios lleguen a quienes realmente los necesitan, y reconoci\u00f3 la disposici\u00f3n del Ayuntamiento a cargo de Pedro Couoh Suaste, con la cual se ha logrado importantes cambios. \u00abEstamos trabajando muy bien con el alcalde y eso se nota en lo que est\u00e1 pasando aqu\u00ed\u201d, a\u00f1adi\u00f3.<\/p>\n<p>Respecto de Peso a Peso, Vila Dosal indic\u00f3 que \u00abmientras sea Gobernador, todos los productos llegar\u00e1n a las personas que de verdad los requieren, se dar\u00e1n a tiempo y tienen que estar m\u00e1s baratos en el listado del esquema que en cualquier otra tienda\u00bb.<\/p>\n<p>Luego, al hacer un recuento de lo que se est\u00e1 realizando en esta localidad, record\u00f3 que se ejecutar\u00e1n los proyectos de construcci\u00f3n de la sala de espera del Hospital y remodelaci\u00f3n del Centro Hist\u00f3rico para que se convierta en uno de los m\u00e1s bonitos de toda la entidad.<\/p>\n<p>Tambi\u00e9n, asegur\u00f3 que en este municipio las cosas est\u00e1n mejorando; muestra de ello es que, la semana pasada, el Consejo Nacional de Evaluaci\u00f3n de la Pol\u00edtica de Desarrollo Social (Coneval) report\u00f3 que el ingreso en el territorio aument\u00f3, en promedio, 17%, pero la percepci\u00f3n del 10% de la poblaci\u00f3n que menos gana increment\u00f3 44%, todo comparado con 2020.<\/p>\n<p>\u00abVamos a seguir haciendo los cambios que Yucat\u00e1n necesita para seguir transformando este estado para bien, para que a nuestros hijos les toque un mejor Tizim\u00edn y un mejor Yucat\u00e1n del que nos toc\u00f3 a nosotros\u00bb, finaliz\u00f3 ante el diputado local y presidente de la Uni\u00f3n Ganadera Regional del Oriente (Ugroy), Esteban Abraham Macari.<\/p>\n<p>Por su parte, el edil resalt\u00f3 lo positivo que es trabajar con un Gobierno solidario, que est\u00e1 con la disposici\u00f3n de apoyar lo que se hace en el municipio, por lo que reiter\u00f3 su respaldo y coordinaci\u00f3n a Vila Dosal para seguir efectuando grandes planes para su gente y la de toda la entidad.<\/p>\n<p>\u00abEn conjunto, vamos transformando al municipio y a Yucat\u00e1n; vale la pena seguir trabajando en equipo, valorar lo que estamos logrando en comunidad y preservar lo que, con mucho esfuerzo, hemos alcanzado\u00bb, asever\u00f3.<\/p>\n<p>Junto con Couoh Suaste y el titular de la Secretar\u00eda de Desarrollo Rural (Seder), Jorge D\u00edaz Loeza, el Gobernador encabez\u00f3 la distribuci\u00f3n de apoyos del programa Peso a Peso, que corresponden a insumos y productos por m\u00e1s de 20.8 millones de pesos, en favor de 1,712 productores; este plan, en todo el territorio, favorece a 16,970 productores con 385,500 art\u00edculos, a trav\u00e9s de 162.5 millones de pesos.<\/p>\n<p>Igualmente, se otorg\u00f3 respaldo de la estrategia de Mejoramiento Gen\u00e9tico que, en el presente a\u00f1o, con una inversi\u00f3n conjunta de 22.9 millones de pesos, favorece a 534 ciudadanos dedicados a labores pecuarias y ha sumado, desde el 2018, m\u00e1s de 3,100 beneficiarios.<\/p>\n<p>En Tizim\u00edn, este esquema est\u00e1 impactando a 170 productores, mediante una suma de recursos por m\u00e1s de 7.8 millones de pesos, de manera que se les ofrece la oportunidad de adquirir sementales de alto registro, que fortalezcan la productividad, fertilidad y calidad de sus animales.<\/p>\n<p>Mediante Seguridad Alimentaria, con una erogaci\u00f3n estatal de 25 millones de pesos, este 2023 se entregar\u00e1n m\u00e1s de 2,212 toneladas de ma\u00edz para consumo humano en todo el territorio, en sacos de 20 kilogramos. S\u00f3lo en esta demarcaci\u00f3n, se dar\u00e1 hasta 9,000 bultos, 1,000 de los cuales entreg\u00f3 Vila Dosal este d\u00eda con un ejercicio de 226,000 pesos.<\/p>\n<p>Sobre Vivienda Social, el Gobernador dio 300 certificados de cuartos habitaci\u00f3n, ba\u00f1os y cocinas ecol\u00f3gicas; esta estrategia contribuye con el combate a la desigualdad social, el hacinamiento y el fecalismo al aire libre, al tiempo que mejora la calidad de vida de las familias, pues les permite habitar espacios m\u00e1s c\u00f3modos y dignos.<\/p>\n<p>Con la finalidad de seguir impulsando el campo yucateco, reparti\u00f3 22 tractores a las unidades productivas locales, para que fortalezcan su producci\u00f3n y generen nuevos empleos para las y los habitantes de esta comunidad.<\/p>\n<p>Otra de las acciones que Vila Dosal realiz\u00f3 en esta gira fue proporcionar un kit especial para equipar el espacio cultural de esta demarcaci\u00f3n, con teclado, bocina y 2 micr\u00f3fonos, a fin de que pueda continuar sus operaciones, adem\u00e1s de ofrecer m\u00e1s cursos y talleres a la ciudadan\u00eda.<\/p>\n<p>Momentos antes, entreg\u00f3 los trabajos de remodelaci\u00f3n y el Cuarto de Estimulaci\u00f3n Multisensorial de la Unidad B\u00e1sica de Rehabilitaci\u00f3n (UBR) de Tizim\u00edn, una de las mejor equipadas en el interior del estado, especializada en la atenci\u00f3n infantil.<\/p>\n<p>Acompa\u00f1ado de la directora del Sistema para el Desarrollo Integral de la Familia (DIF), Mar\u00eda Teresa Boehm Calero, Vila Dosal recorri\u00f3 esta nueva \u00e1rea, que aplica la innovaci\u00f3n tecnol\u00f3gica en el neurodesarrollo y la atenci\u00f3n a pacientes con autismo, da\u00f1o neurol\u00f3gico o discapacidad visual, auditiva o motriz, a trav\u00e9s de m\u00e1s de 100 funciones y labores, con caracter\u00edsticas de la regi\u00f3n y su entorno, que hacen el aprendizaje m\u00e1s divertido.<\/p>\n<p>Conoci\u00f3 a Jonathan Mat\u00edas Nis Uh, un ni\u00f1o con cuadriplejia esp\u00e1stica, quien recibe las terapias que necesita gracias a esta unidad, luego de que, para sus pap\u00e1s, era complicado acceder a estos servicios. \u201cGracias, Gobernador, porque nos han ayudado mucho con la Unidad; ahora, Jonathan es mucho m\u00e1s sociable y ha avanzado mucho en su movilidad\u201d, expres\u00f3 su madre, Aracely Uh.<\/p>\n<p>Vila Dosal agradeci\u00f3 el trabajo en equipo con la administraci\u00f3n municipal, para poder tener un espacio de calidad como este, al alcance de las y los habitantes de Tizim\u00edn, a trav\u00e9s de una inversi\u00f3n conjunta superior a los 1.6 millones de pesos.<\/p>\n<p>Finalmente, recorri\u00f3 las \u00e1reas de la UBR, como el consultorio de valoraciones, electroterapia, gimnasios adulto e infantil, terapia de lenguaje y el referido Cuarto. Con el alcalde, el Gobernador devel\u00f3 la placa del Centro de Desarrollo Comunitario \u201cBenito Rosel Isaac\u201d, donde se brinda talleres de barber\u00eda est\u00e9tica, urdido de hamaca, reposter\u00eda, serigraf\u00eda, t\u00e9cnica en papel y manualidades.<\/p>\n","protected":false},"excerpt":{"rendered":"<p>Tizim\u00edn, Yucat\u00e1n, 1 de agosto de 2023.- Habitantes de Tizim\u00edn podr\u00e1n mejorar su producci\u00f3n y calidad de vida con el respaldo del Gobernador Mauricio Vila Dosal, quien visit\u00f3 este municipio para entregar apoyos que impulsen al campo y la ganader\u00eda, que permitan tener condiciones de vida m\u00e1s digna o que acerquen la cultura y servicios [&hellip;]<\/p>\n","protected":false},"author":3,"featured_media":99383,"comment_status":"closed","ping_status":"closed","sticky":false,"template":"","format":"standard","meta":{"footnotes":""},"categories":[3],"tags":[],"class_list":{"0":"post-99382","1":"post","2":"type-post","3":"status-publish","4":"format-standard","5":"has-post-thumbnail","7":"category-yucatan"},"yoast_head":"<!-- This site is optimized with the Yoast SEO plugin v27.4 - https:\/\/yoast.com\/product\/yoast-seo-wordpress\/ -->\n<title>Habitantes de Tizim\u00edn reciben apoyos del programa Peso a Peso - Yucat\u00e1n en corto<\/title>\n<meta name=\"robots\" content=\"index, follow, max-snippet:-1, max-image-preview:large, max-video-preview:-1\" \/>\n<link rel=\"canonical\" href=\"https:\/\/www.yucatanencorto.com\/noticias\/habitantes-de-tizimin-reciben-apoyos-del-programa-peso-a-peso\/\" \/>\n<meta property=\"og:locale\" content=\"es_ES\" \/>\n<meta property=\"og:type\" content=\"article\" \/>\n<meta property=\"og:title\" content=\"Habitantes de Tizim\u00edn reciben apoyos del programa Peso a Peso - Yucat\u00e1n en corto\" \/>\n<meta property=\"og:description\" content=\"Tizim\u00edn, Yucat\u00e1n, 1 de agosto de 2023.- Habitantes de Tizim\u00edn podr\u00e1n mejorar su producci\u00f3n y calidad de vida con el respaldo del Gobernador Mauricio Vila Dosal, quien visit\u00f3 este municipio para entregar apoyos que impulsen al campo y la ganader\u00eda, que permitan tener condiciones de vida m\u00e1s digna o que acerquen la cultura y servicios [&hellip;]\" \/>\n<meta property=\"og:url\" content=\"https:\/\/www.yucatanencorto.com\/noticias\/habitantes-de-tizimin-reciben-apoyos-del-programa-peso-a-peso\/\" \/>\n<meta property=\"og:site_name\" content=\"Yucat\u00e1n en corto\" \/>\n<meta property=\"article:publisher\" content=\"http:\/\/www.facebook.com\/yucatanencorto\" \/>\n<meta property=\"article:published_time\" content=\"2023-08-02T00:17:52+00:00\" \/>\n<meta property=\"og:image\" content=\"https:\/\/www.yucatanencorto.com\/noticias\/wp-content\/uploads\/2023\/08\/WhatsApp-Image-2023-08-01-at-17.57.48-scaled.jpeg\" \/>\n\t<meta property=\"og:image:width\" content=\"768\" \/>\n\t<meta property=\"og:image:height\" content=\"561\" \/>\n\t<meta property=\"og:image:type\" content=\"image\/jpeg\" \/>\n<meta name=\"author\" content=\"Redes\" \/>\n<meta name=\"twitter:card\" content=\"summary_large_image\" \/>\n<meta name=\"twitter:creator\" content=\"@yucatanencorto\" \/>\n<meta name=\"twitter:site\" content=\"@yucatanencorto\" \/>\n<meta name=\"twitter:label1\" content=\"Escrito por\" \/>\n\t<meta name=\"twitter:data1\" content=\"Redes\" \/>\n\t<meta name=\"twitter:label2\" content=\"Tiempo de lectura\" \/>\n\t<meta name=\"twitter:data2\" content=\"6 minutos\" \/>\n<script type=\"application\/ld+json\" class=\"yoast-schema-graph\">{\"@context\":\"https:\\\/\\\/schema.org\",\"@graph\":[{\"@type\":\"Article\",\"@id\":\"https:\\\/\\\/www.yucatanencorto.com\\\/noticias\\\/habitantes-de-tizimin-reciben-apoyos-del-programa-peso-a-peso\\\/#article\",\"isPartOf\":{\"@id\":\"https:\\\/\\\/www.yucatanencorto.com\\\/noticias\\\/habitantes-de-tizimin-reciben-apoyos-del-programa-peso-a-peso\\\/\"},\"author\":{\"name\":\"Redes\",\"@id\":\"https:\\\/\\\/www.yucatanencorto.com\\\/noticias\\\/#\\\/schema\\\/person\\\/e2fbdfaf30a07014a43940ce989f3119\"},\"headline\":\"Habitantes de Tizim\u00edn reciben apoyos del programa Peso a Peso\",\"datePublished\":\"2023-08-02T00:17:52+00:00\",\"mainEntityOfPage\":{\"@id\":\"https:\\\/\\\/www.yucatanencorto.com\\\/noticias\\\/habitantes-de-tizimin-reciben-apoyos-del-programa-peso-a-peso\\\/\"},\"wordCount\":1216,\"image\":{\"@id\":\"https:\\\/\\\/www.yucatanencorto.com\\\/noticias\\\/habitantes-de-tizimin-reciben-apoyos-del-programa-peso-a-peso\\\/#primaryimage\"},\"thumbnailUrl\":\"https:\\\/\\\/www.yucatanencorto.com\\\/noticias\\\/wp-content\\\/uploads\\\/2023\\\/08\\\/WhatsApp-Image-2023-08-01-at-17.57.48-scaled.jpeg\",\"articleSection\":[\"Yucat\u00e1n\"],\"inLanguage\":\"es\"},{\"@type\":\"WebPage\",\"@id\":\"https:\\\/\\\/www.yucatanencorto.com\\\/noticias\\\/habitantes-de-tizimin-reciben-apoyos-del-programa-peso-a-peso\\\/\",\"url\":\"https:\\\/\\\/www.yucatanencorto.com\\\/noticias\\\/habitantes-de-tizimin-reciben-apoyos-del-programa-peso-a-peso\\\/\",\"name\":\"Habitantes de Tizim\u00edn reciben apoyos del programa Peso a Peso - Yucat\u00e1n en corto\",\"isPartOf\":{\"@id\":\"https:\\\/\\\/www.yucatanencorto.com\\\/noticias\\\/#website\"},\"primaryImageOfPage\":{\"@id\":\"https:\\\/\\\/www.yucatanencorto.com\\\/noticias\\\/habitantes-de-tizimin-reciben-apoyos-del-programa-peso-a-peso\\\/#primaryimage\"},\"image\":{\"@id\":\"https:\\\/\\\/www.yucatanencorto.com\\\/noticias\\\/habitantes-de-tizimin-reciben-apoyos-del-programa-peso-a-peso\\\/#primaryimage\"},\"thumbnailUrl\":\"https:\\\/\\\/www.yucatanencorto.com\\\/noticias\\\/wp-content\\\/uploads\\\/2023\\\/08\\\/WhatsApp-Image-2023-08-01-at-17.57.48-scaled.jpeg\",\"datePublished\":\"2023-08-02T00:17:52+00:00\",\"author\":{\"@id\":\"https:\\\/\\\/www.yucatanencorto.com\\\/noticias\\\/#\\\/schema\\\/person\\\/e2fbdfaf30a07014a43940ce989f3119\"},\"breadcrumb\":{\"@id\":\"https:\\\/\\\/www.yucatanencorto.com\\\/noticias\\\/habitantes-de-tizimin-reciben-apoyos-del-programa-peso-a-peso\\\/#breadcrumb\"},\"inLanguage\":\"es\",\"potentialAction\":[{\"@type\":\"ReadAction\",\"target\":[\"https:\\\/\\\/www.yucatanencorto.com\\\/noticias\\\/habitantes-de-tizimin-reciben-apoyos-del-programa-peso-a-peso\\\/\"]}]},{\"@type\":\"ImageObject\",\"inLanguage\":\"es\",\"@id\":\"https:\\\/\\\/www.yucatanencorto.com\\\/noticias\\\/habitantes-de-tizimin-reciben-apoyos-del-programa-peso-a-peso\\\/#primaryimage\",\"url\":\"https:\\\/\\\/www.yucatanencorto.com\\\/noticias\\\/wp-content\\\/uploads\\\/2023\\\/08\\\/WhatsApp-Image-2023-08-01-at-17.57.48-scaled.jpeg\",\"contentUrl\":\"https:\\\/\\\/www.yucatanencorto.com\\\/noticias\\\/wp-content\\\/uploads\\\/2023\\\/08\\\/WhatsApp-Image-2023-08-01-at-17.57.48-scaled.jpeg\",\"width\":768,\"height\":561},{\"@type\":\"BreadcrumbList\",\"@id\":\"https:\\\/\\\/www.yucatanencorto.com\\\/noticias\\\/habitantes-de-tizimin-reciben-apoyos-del-programa-peso-a-peso\\\/#breadcrumb\",\"itemListElement\":[{\"@type\":\"ListItem\",\"position\":1,\"name\":\"Portada\",\"item\":\"https:\\\/\\\/www.yucatanencorto.com\\\/noticias\\\/\"},{\"@type\":\"ListItem\",\"position\":2,\"name\":\"Habitantes de Tizim\u00edn reciben apoyos del programa Peso a Peso\"}]},{\"@type\":\"WebSite\",\"@id\":\"https:\\\/\\\/www.yucatanencorto.com\\\/noticias\\\/#website\",\"url\":\"https:\\\/\\\/www.yucatanencorto.com\\\/noticias\\\/\",\"name\":\"Yucat\u00e1n en corto\",\"description\":\"Noticias\",\"potentialAction\":[{\"@type\":\"SearchAction\",\"target\":{\"@type\":\"EntryPoint\",\"urlTemplate\":\"https:\\\/\\\/www.yucatanencorto.com\\\/noticias\\\/?s={search_term_string}\"},\"query-input\":{\"@type\":\"PropertyValueSpecification\",\"valueRequired\":true,\"valueName\":\"search_term_string\"}}],\"inLanguage\":\"es\"},{\"@type\":\"Person\",\"@id\":\"https:\\\/\\\/www.yucatanencorto.com\\\/noticias\\\/#\\\/schema\\\/person\\\/e2fbdfaf30a07014a43940ce989f3119\",\"name\":\"Redes\",\"image\":{\"@type\":\"ImageObject\",\"inLanguage\":\"es\",\"@id\":\"https:\\\/\\\/secure.gravatar.com\\\/avatar\\\/5931a2d21dd7cc834f44c8c34fe56d90ed6d536ef452cbf870c7485b524dddd7?s=96&d=mm&r=g\",\"url\":\"https:\\\/\\\/secure.gravatar.com\\\/avatar\\\/5931a2d21dd7cc834f44c8c34fe56d90ed6d536ef452cbf870c7485b524dddd7?s=96&d=mm&r=g\",\"contentUrl\":\"https:\\\/\\\/secure.gravatar.com\\\/avatar\\\/5931a2d21dd7cc834f44c8c34fe56d90ed6d536ef452cbf870c7485b524dddd7?s=96&d=mm&r=g\",\"caption\":\"Redes\"},\"url\":\"https:\\\/\\\/www.yucatanencorto.com\\\/noticias\\\/author\\\/redes\\\/\"}]}<\/script>\n<!-- \/ Yoast SEO plugin. -->","yoast_head_json":{"title":"Habitantes de Tizim\u00edn reciben apoyos del programa Peso a Peso - Yucat\u00e1n en corto","robots":{"index":"index","follow":"follow","max-snippet":"max-snippet:-1","max-image-preview":"max-image-preview:large","max-video-preview":"max-video-preview:-1"},"canonical":"https:\/\/www.yucatanencorto.com\/noticias\/habitantes-de-tizimin-reciben-apoyos-del-programa-peso-a-peso\/","og_locale":"es_ES","og_type":"article","og_title":"Habitantes de Tizim\u00edn reciben apoyos del programa Peso a Peso - Yucat\u00e1n en corto","og_description":"Tizim\u00edn, Yucat\u00e1n, 1 de agosto de 2023.- Habitantes de Tizim\u00edn podr\u00e1n mejorar su producci\u00f3n y calidad de vida con el respaldo del Gobernador Mauricio Vila Dosal, quien visit\u00f3 este municipio para entregar apoyos que impulsen al campo y la ganader\u00eda, que permitan tener condiciones de vida m\u00e1s digna o que acerquen la cultura y servicios [&hellip;]","og_url":"https:\/\/www.yucatanencorto.com\/noticias\/habitantes-de-tizimin-reciben-apoyos-del-programa-peso-a-peso\/","og_site_name":"Yucat\u00e1n en corto","article_publisher":"http:\/\/www.facebook.com\/yucatanencorto","article_published_time":"2023-08-02T00:17:52+00:00","og_image":[{"width":768,"height":561,"url":"https:\/\/www.yucatanencorto.com\/noticias\/wp-content\/uploads\/2023\/08\/WhatsApp-Image-2023-08-01-at-17.57.48-scaled.jpeg","type":"image\/jpeg"}],"author":"Redes","twitter_card":"summary_large_image","twitter_creator":"@yucatanencorto","twitter_site":"@yucatanencorto","twitter_misc":{"Escrito por":"Redes","Tiempo de lectura":"6 minutos"},"schema":{"@context":"https:\/\/schema.org","@graph":[{"@type":"Article","@id":"https:\/\/www.yucatanencorto.com\/noticias\/habitantes-de-tizimin-reciben-apoyos-del-programa-peso-a-peso\/#article","isPartOf":{"@id":"https:\/\/www.yucatanencorto.com\/noticias\/habitantes-de-tizimin-reciben-apoyos-del-programa-peso-a-peso\/"},"author":{"name":"Redes","@id":"https:\/\/www.yucatanencorto.com\/noticias\/#\/schema\/person\/e2fbdfaf30a07014a43940ce989f3119"},"headline":"Habitantes de Tizim\u00edn reciben apoyos del programa Peso a Peso","datePublished":"2023-08-02T00:17:52+00:00","mainEntityOfPage":{"@id":"https:\/\/www.yucatanencorto.com\/noticias\/habitantes-de-tizimin-reciben-apoyos-del-programa-peso-a-peso\/"},"wordCount":1216,"image":{"@id":"https:\/\/www.yucatanencorto.com\/noticias\/habitantes-de-tizimin-reciben-apoyos-del-programa-peso-a-peso\/#primaryimage"},"thumbnailUrl":"https:\/\/www.yucatanencorto.com\/noticias\/wp-content\/uploads\/2023\/08\/WhatsApp-Image-2023-08-01-at-17.57.48-scaled.jpeg","articleSection":["Yucat\u00e1n"],"inLanguage":"es"},{"@type":"WebPage","@id":"https:\/\/www.yucatanencorto.com\/noticias\/habitantes-de-tizimin-reciben-apoyos-del-programa-peso-a-peso\/","url":"https:\/\/www.yucatanencorto.com\/noticias\/habitantes-de-tizimin-reciben-apoyos-del-programa-peso-a-peso\/","name":"Habitantes de Tizim\u00edn reciben apoyos del programa Peso a Peso - Yucat\u00e1n en corto","isPartOf":{"@id":"https:\/\/www.yucatanencorto.com\/noticias\/#website"},"primaryImageOfPage":{"@id":"https:\/\/www.yucatanencorto.com\/noticias\/habitantes-de-tizimin-reciben-apoyos-del-programa-peso-a-peso\/#primaryimage"},"image":{"@id":"https:\/\/www.yucatanencorto.com\/noticias\/habitantes-de-tizimin-reciben-apoyos-del-programa-peso-a-peso\/#primaryimage"},"thumbnailUrl":"https:\/\/www.yucatanencorto.com\/noticias\/wp-content\/uploads\/2023\/08\/WhatsApp-Image-2023-08-01-at-17.57.48-scaled.jpeg","datePublished":"2023-08-02T00:17:52+00:00","author":{"@id":"https:\/\/www.yucatanencorto.com\/noticias\/#\/schema\/person\/e2fbdfaf30a07014a43940ce989f3119"},"breadcrumb":{"@id":"https:\/\/www.yucatanencorto.com\/noticias\/habitantes-de-tizimin-reciben-apoyos-del-programa-peso-a-peso\/#breadcrumb"},"inLanguage":"es","potentialAction":[{"@type":"ReadAction","target":["https:\/\/www.yucatanencorto.com\/noticias\/habitantes-de-tizimin-reciben-apoyos-del-programa-peso-a-peso\/"]}]},{"@type":"ImageObject","inLanguage":"es","@id":"https:\/\/www.yucatanencorto.com\/noticias\/habitantes-de-tizimin-reciben-apoyos-del-programa-peso-a-peso\/#primaryimage","url":"https:\/\/www.yucatanencorto.com\/noticias\/wp-content\/uploads\/2023\/08\/WhatsApp-Image-2023-08-01-at-17.57.48-scaled.jpeg","contentUrl":"https:\/\/www.yucatanencorto.com\/noticias\/wp-content\/uploads\/2023\/08\/WhatsApp-Image-2023-08-01-at-17.57.48-scaled.jpeg","width":768,"height":561},{"@type":"BreadcrumbList","@id":"https:\/\/www.yucatanencorto.com\/noticias\/habitantes-de-tizimin-reciben-apoyos-del-programa-peso-a-peso\/#breadcrumb","itemListElement":[{"@type":"ListItem","position":1,"name":"Portada","item":"https:\/\/www.yucatanencorto.com\/noticias\/"},{"@type":"ListItem","position":2,"name":"Habitantes de Tizim\u00edn reciben apoyos del programa Peso a Peso"}]},{"@type":"WebSite","@id":"https:\/\/www.yucatanencorto.com\/noticias\/#website","url":"https:\/\/www.yucatanencorto.com\/noticias\/","name":"Yucat\u00e1n en corto","description":"Noticias","potentialAction":[{"@type":"SearchAction","target":{"@type":"EntryPoint","urlTemplate":"https:\/\/www.yucatanencorto.com\/noticias\/?s={search_term_string}"},"query-input":{"@type":"PropertyValueSpecification","valueRequired":true,"valueName":"search_term_string"}}],"inLanguage":"es"},{"@type":"Person","@id":"https:\/\/www.yucatanencorto.com\/noticias\/#\/schema\/person\/e2fbdfaf30a07014a43940ce989f3119","name":"Redes","image":{"@type":"ImageObject","inLanguage":"es","@id":"https:\/\/secure.gravatar.com\/avatar\/5931a2d21dd7cc834f44c8c34fe56d90ed6d536ef452cbf870c7485b524dddd7?s=96&d=mm&r=g","url":"https:\/\/secure.gravatar.com\/avatar\/5931a2d21dd7cc834f44c8c34fe56d90ed6d536ef452cbf870c7485b524dddd7?s=96&d=mm&r=g","contentUrl":"https:\/\/secure.gravatar.com\/avatar\/5931a2d21dd7cc834f44c8c34fe56d90ed6d536ef452cbf870c7485b524dddd7?s=96&d=mm&r=g","caption":"Redes"},"url":"https:\/\/www.yucatanencorto.com\/noticias\/author\/redes\/"}]}},"_links":{"self":[{"href":"https:\/\/www.yucatanencorto.com\/noticias\/wp-json\/wp\/v2\/posts\/99382","targetHints":{"allow":["GET"]}}],"collection":[{"href":"https:\/\/www.yucatanencorto.com\/noticias\/wp-json\/wp\/v2\/posts"}],"about":[{"href":"https:\/\/www.yucatanencorto.com\/noticias\/wp-json\/wp\/v2\/types\/post"}],"author":[{"embeddable":true,"href":"https:\/\/www.yucatanencorto.com\/noticias\/wp-json\/wp\/v2\/users\/3"}],"replies":[{"embeddable":true,"href":"https:\/\/www.yucatanencorto.com\/noticias\/wp-json\/wp\/v2\/comments?post=99382"}],"version-history":[{"count":0,"href":"https:\/\/www.yucatanencorto.com\/noticias\/wp-json\/wp\/v2\/posts\/99382\/revisions"}],"wp:featuredmedia":[{"embeddable":true,"href":"https:\/\/www.yucatanencorto.com\/noticias\/wp-json\/wp\/v2\/media\/99383"}],"wp:attachment":[{"href":"https:\/\/www.yucatanencorto.com\/noticias\/wp-json\/wp\/v2\/media?parent=99382"}],"wp:term":[{"taxonomy":"category","embeddable":true,"href":"https:\/\/www.yucatanencorto.com\/noticias\/wp-json\/wp\/v2\/categories?post=99382"},{"taxonomy":"post_tag","embeddable":true,"href":"https:\/\/www.yucatanencorto.com\/noticias\/wp-json\/wp\/v2\/tags?post=99382"}],"curies":[{"name":"wp","href":"https:\/\/api.w.org\/{rel}","templated":true}]}}