{"id":99412,"date":"2023-08-03T15:46:37","date_gmt":"2023-08-03T21:46:37","guid":{"rendered":"https:\/\/www.yucatanencorto.com\/noticias\/?p=99412"},"modified":"2023-08-03T15:46:37","modified_gmt":"2023-08-03T21:46:37","slug":"adrian-uribe-es-embargado-por-deuda-millonaria","status":"publish","type":"post","link":"https:\/\/www.yucatanencorto.com\/noticias\/adrian-uribe-es-embargado-por-deuda-millonaria\/","title":{"rendered":"Adri\u00e1n Uribe es embargado por deuda millonaria"},"content":{"rendered":"<p><img loading=\"lazy\" decoding=\"async\" class=\"alignnone size-full wp-image-99413\" src=\"https:\/\/www.yucatanencorto.com\/noticias\/wp-content\/uploads\/2023\/08\/1_1-4585938_20230802144435.png\" alt=\"\" width=\"768\" height=\"432\" srcset=\"https:\/\/www.yucatanencorto.com\/noticias\/wp-content\/uploads\/2023\/08\/1_1-4585938_20230802144435.png 768w, https:\/\/www.yucatanencorto.com\/noticias\/wp-content\/uploads\/2023\/08\/1_1-4585938_20230802144435-696x392.png 696w, https:\/\/www.yucatanencorto.com\/noticias\/wp-content\/uploads\/2023\/08\/1_1-4585938_20230802144435-747x420.png 747w\" sizes=\"auto, (max-width: 768px) 100vw, 768px\" \/><\/p>\n<p>Adri\u00e1n Uribe, el reconocido presentador mexicano, se encuentra en el centro de la controversia, pues el programa\u00a0\u00abChisme no like\u00bb\u00a0report\u00f3 que el famoso est\u00e1 enfrentando una \u00abnueva\u00bb problem\u00e1tica legal debido a una demanda por despido injustificado presentada por un grupo de 5 m\u00fasicos que trabajaba para \u00e9l a\u00f1os atr\u00e1s.<\/p>\n<p>De acuerdo con la investigaci\u00f3n, en el 2016, la celebridad y su empresa KG Talento decidieron prescindir del equipo musical que los acompa\u00f1aba en sus shows, lo que result\u00f3 en un despido. El empleado con m\u00e1s antig\u00fcedad ten\u00eda 8 a\u00f1os trabajando con \u00e9l, y en lugar de ellos, optaron por utilizar pistas musicales.<\/p>\n<p>Ante la situaci\u00f3n, los m\u00fasicos recibieron una oferta de liquidaci\u00f3n de 10 mil pesos, y m\u00e1s tarde tomaron la decisi\u00f3n de presentar la demanda contra Adri\u00e1n, Laura Garc\u00eda Uribe, Mauricio Garc\u00eda Uribe y la empresa en cuesti\u00f3n.<\/p>\n<p>Tras ello, el protagonista de \u00abInfelices para siempre\u00bb y su personal contrataron a un grupo de abogado, pero una mala asesor\u00eda dificult\u00f3 el proceso.<\/p>\n<p>La problem\u00e1tica que en su momento pudo haberse resuelto con un pago justo por el trabajo de los m\u00fasicos, hoy ha crecido a una deuda de 6 millones 341 mil 849 pesos, solo por la indemnizaci\u00f3n de despido injustificado m\u00e1s las prestaciones, poniendo en peligro el hogar de Uribe.<\/p>\n<p>Por otra parte, se se\u00f1ala que a lo largo del tiempo, el conductor ha contratado nuevos abogados. Sin embargo, estos solo han podido ganarle tiempo y retrasar la cat\u00e1strofe, ya que \u00aba estas alturas ya no hay manera de revertir nada\u00bb. Debido al estatus del juicio, no hay forma en que se salve de pagar\u00bb, inform\u00f3 el medio.<\/p>\n<p>Agregaron que a pesar de que el pleito explot\u00f3 hace 7 a\u00f1os, en junio le fue embargada una propiedad en Jardines del Pedregal valuada en aproximadamente 100 millones de pesos, aunque a\u00fan se encuentra en proceso el aval\u00fao.<\/p>\n<p>A\u00fan faltar\u00eda el embargo de 2 millones de pesos por una multa que les impusieron por negarse a reincorporar a los m\u00fasicos cuando se los orden\u00f3 el juez en su momento: \u00absabemos que ese embargo ser\u00e1 de una propiedad que dicen le va a doler m\u00e1s que todas\u201d, concluyeron.<\/p>\n<p>Hasta el momento, Uribe no ha hecho comentarios al respecto.<\/p>\n","protected":false},"excerpt":{"rendered":"<p>Adri\u00e1n Uribe, el reconocido presentador mexicano, se encuentra en el centro de la controversia, pues el programa\u00a0\u00abChisme no like\u00bb\u00a0report\u00f3 que el famoso est\u00e1 enfrentando una \u00abnueva\u00bb problem\u00e1tica legal debido a una demanda por despido injustificado presentada por un grupo de 5 m\u00fasicos que trabajaba para \u00e9l a\u00f1os atr\u00e1s. De acuerdo con la investigaci\u00f3n, en el [&hellip;]<\/p>\n","protected":false},"author":3,"featured_media":99413,"comment_status":"closed","ping_status":"closed","sticky":false,"template":"","format":"standard","meta":{"footnotes":""},"categories":[9],"tags":[],"class_list":{"0":"post-99412","1":"post","2":"type-post","3":"status-publish","4":"format-standard","5":"has-post-thumbnail","7":"category-sociedad-y-espectaculos"},"yoast_head":"<!-- This site is optimized with the Yoast SEO plugin v27.5 - https:\/\/yoast.com\/product\/yoast-seo-wordpress\/ -->\n<title>Adri\u00e1n Uribe es embargado por deuda millonaria - Yucat\u00e1n en corto<\/title>\n<meta name=\"robots\" content=\"index, follow, max-snippet:-1, max-image-preview:large, max-video-preview:-1\" \/>\n<link rel=\"canonical\" href=\"https:\/\/www.yucatanencorto.com\/noticias\/adrian-uribe-es-embargado-por-deuda-millonaria\/\" \/>\n<meta property=\"og:locale\" content=\"es_ES\" \/>\n<meta property=\"og:type\" content=\"article\" \/>\n<meta property=\"og:title\" content=\"Adri\u00e1n Uribe es embargado por deuda millonaria - Yucat\u00e1n en corto\" \/>\n<meta property=\"og:description\" content=\"Adri\u00e1n Uribe, el reconocido presentador mexicano, se encuentra en el centro de la controversia, pues el programa\u00a0\u00abChisme no like\u00bb\u00a0report\u00f3 que el famoso est\u00e1 enfrentando una \u00abnueva\u00bb problem\u00e1tica legal debido a una demanda por despido injustificado presentada por un grupo de 5 m\u00fasicos que trabajaba para \u00e9l a\u00f1os atr\u00e1s. De acuerdo con la investigaci\u00f3n, en el [&hellip;]\" \/>\n<meta property=\"og:url\" content=\"https:\/\/www.yucatanencorto.com\/noticias\/adrian-uribe-es-embargado-por-deuda-millonaria\/\" \/>\n<meta property=\"og:site_name\" content=\"Yucat\u00e1n en corto\" \/>\n<meta property=\"article:publisher\" content=\"http:\/\/www.facebook.com\/yucatanencorto\" \/>\n<meta property=\"article:published_time\" content=\"2023-08-03T21:46:37+00:00\" \/>\n<meta property=\"og:image\" content=\"https:\/\/www.yucatanencorto.com\/noticias\/wp-content\/uploads\/2023\/08\/1_1-4585938_20230802144435.png\" \/>\n\t<meta property=\"og:image:width\" content=\"768\" \/>\n\t<meta property=\"og:image:height\" content=\"432\" \/>\n\t<meta property=\"og:image:type\" content=\"image\/png\" \/>\n<meta name=\"author\" content=\"Redes\" \/>\n<meta name=\"twitter:card\" content=\"summary_large_image\" \/>\n<meta name=\"twitter:creator\" content=\"@yucatanencorto\" \/>\n<meta name=\"twitter:site\" content=\"@yucatanencorto\" \/>\n<meta name=\"twitter:label1\" content=\"Escrito por\" \/>\n\t<meta name=\"twitter:data1\" content=\"Redes\" \/>\n\t<meta name=\"twitter:label2\" content=\"Tiempo de lectura\" \/>\n\t<meta name=\"twitter:data2\" content=\"2 minutos\" \/>\n<script type=\"application\/ld+json\" class=\"yoast-schema-graph\">{\"@context\":\"https:\\\/\\\/schema.org\",\"@graph\":[{\"@type\":\"Article\",\"@id\":\"https:\\\/\\\/www.yucatanencorto.com\\\/noticias\\\/adrian-uribe-es-embargado-por-deuda-millonaria\\\/#article\",\"isPartOf\":{\"@id\":\"https:\\\/\\\/www.yucatanencorto.com\\\/noticias\\\/adrian-uribe-es-embargado-por-deuda-millonaria\\\/\"},\"author\":{\"name\":\"Redes\",\"@id\":\"https:\\\/\\\/www.yucatanencorto.com\\\/noticias\\\/#\\\/schema\\\/person\\\/e2fbdfaf30a07014a43940ce989f3119\"},\"headline\":\"Adri\u00e1n Uribe es embargado por deuda millonaria\",\"datePublished\":\"2023-08-03T21:46:37+00:00\",\"mainEntityOfPage\":{\"@id\":\"https:\\\/\\\/www.yucatanencorto.com\\\/noticias\\\/adrian-uribe-es-embargado-por-deuda-millonaria\\\/\"},\"wordCount\":400,\"image\":{\"@id\":\"https:\\\/\\\/www.yucatanencorto.com\\\/noticias\\\/adrian-uribe-es-embargado-por-deuda-millonaria\\\/#primaryimage\"},\"thumbnailUrl\":\"https:\\\/\\\/www.yucatanencorto.com\\\/noticias\\\/wp-content\\\/uploads\\\/2023\\\/08\\\/1_1-4585938_20230802144435.png\",\"articleSection\":[\"Sociedad y Espect\u00e1culos\"],\"inLanguage\":\"es\"},{\"@type\":\"WebPage\",\"@id\":\"https:\\\/\\\/www.yucatanencorto.com\\\/noticias\\\/adrian-uribe-es-embargado-por-deuda-millonaria\\\/\",\"url\":\"https:\\\/\\\/www.yucatanencorto.com\\\/noticias\\\/adrian-uribe-es-embargado-por-deuda-millonaria\\\/\",\"name\":\"Adri\u00e1n Uribe es embargado por deuda millonaria - Yucat\u00e1n en corto\",\"isPartOf\":{\"@id\":\"https:\\\/\\\/www.yucatanencorto.com\\\/noticias\\\/#website\"},\"primaryImageOfPage\":{\"@id\":\"https:\\\/\\\/www.yucatanencorto.com\\\/noticias\\\/adrian-uribe-es-embargado-por-deuda-millonaria\\\/#primaryimage\"},\"image\":{\"@id\":\"https:\\\/\\\/www.yucatanencorto.com\\\/noticias\\\/adrian-uribe-es-embargado-por-deuda-millonaria\\\/#primaryimage\"},\"thumbnailUrl\":\"https:\\\/\\\/www.yucatanencorto.com\\\/noticias\\\/wp-content\\\/uploads\\\/2023\\\/08\\\/1_1-4585938_20230802144435.png\",\"datePublished\":\"2023-08-03T21:46:37+00:00\",\"author\":{\"@id\":\"https:\\\/\\\/www.yucatanencorto.com\\\/noticias\\\/#\\\/schema\\\/person\\\/e2fbdfaf30a07014a43940ce989f3119\"},\"breadcrumb\":{\"@id\":\"https:\\\/\\\/www.yucatanencorto.com\\\/noticias\\\/adrian-uribe-es-embargado-por-deuda-millonaria\\\/#breadcrumb\"},\"inLanguage\":\"es\",\"potentialAction\":[{\"@type\":\"ReadAction\",\"target\":[\"https:\\\/\\\/www.yucatanencorto.com\\\/noticias\\\/adrian-uribe-es-embargado-por-deuda-millonaria\\\/\"]}]},{\"@type\":\"ImageObject\",\"inLanguage\":\"es\",\"@id\":\"https:\\\/\\\/www.yucatanencorto.com\\\/noticias\\\/adrian-uribe-es-embargado-por-deuda-millonaria\\\/#primaryimage\",\"url\":\"https:\\\/\\\/www.yucatanencorto.com\\\/noticias\\\/wp-content\\\/uploads\\\/2023\\\/08\\\/1_1-4585938_20230802144435.png\",\"contentUrl\":\"https:\\\/\\\/www.yucatanencorto.com\\\/noticias\\\/wp-content\\\/uploads\\\/2023\\\/08\\\/1_1-4585938_20230802144435.png\",\"width\":768,\"height\":432},{\"@type\":\"BreadcrumbList\",\"@id\":\"https:\\\/\\\/www.yucatanencorto.com\\\/noticias\\\/adrian-uribe-es-embargado-por-deuda-millonaria\\\/#breadcrumb\",\"itemListElement\":[{\"@type\":\"ListItem\",\"position\":1,\"name\":\"Portada\",\"item\":\"https:\\\/\\\/www.yucatanencorto.com\\\/noticias\\\/\"},{\"@type\":\"ListItem\",\"position\":2,\"name\":\"Adri\u00e1n Uribe es embargado por deuda millonaria\"}]},{\"@type\":\"WebSite\",\"@id\":\"https:\\\/\\\/www.yucatanencorto.com\\\/noticias\\\/#website\",\"url\":\"https:\\\/\\\/www.yucatanencorto.com\\\/noticias\\\/\",\"name\":\"Yucat\u00e1n en corto\",\"description\":\"Noticias\",\"potentialAction\":[{\"@type\":\"SearchAction\",\"target\":{\"@type\":\"EntryPoint\",\"urlTemplate\":\"https:\\\/\\\/www.yucatanencorto.com\\\/noticias\\\/?s={search_term_string}\"},\"query-input\":{\"@type\":\"PropertyValueSpecification\",\"valueRequired\":true,\"valueName\":\"search_term_string\"}}],\"inLanguage\":\"es\"},{\"@type\":\"Person\",\"@id\":\"https:\\\/\\\/www.yucatanencorto.com\\\/noticias\\\/#\\\/schema\\\/person\\\/e2fbdfaf30a07014a43940ce989f3119\",\"name\":\"Redes\",\"image\":{\"@type\":\"ImageObject\",\"inLanguage\":\"es\",\"@id\":\"https:\\\/\\\/secure.gravatar.com\\\/avatar\\\/5931a2d21dd7cc834f44c8c34fe56d90ed6d536ef452cbf870c7485b524dddd7?s=96&d=mm&r=g\",\"url\":\"https:\\\/\\\/secure.gravatar.com\\\/avatar\\\/5931a2d21dd7cc834f44c8c34fe56d90ed6d536ef452cbf870c7485b524dddd7?s=96&d=mm&r=g\",\"contentUrl\":\"https:\\\/\\\/secure.gravatar.com\\\/avatar\\\/5931a2d21dd7cc834f44c8c34fe56d90ed6d536ef452cbf870c7485b524dddd7?s=96&d=mm&r=g\",\"caption\":\"Redes\"},\"url\":\"https:\\\/\\\/www.yucatanencorto.com\\\/noticias\\\/author\\\/redes\\\/\"}]}<\/script>\n<!-- \/ Yoast SEO plugin. -->","yoast_head_json":{"title":"Adri\u00e1n Uribe es embargado por deuda millonaria - Yucat\u00e1n en corto","robots":{"index":"index","follow":"follow","max-snippet":"max-snippet:-1","max-image-preview":"max-image-preview:large","max-video-preview":"max-video-preview:-1"},"canonical":"https:\/\/www.yucatanencorto.com\/noticias\/adrian-uribe-es-embargado-por-deuda-millonaria\/","og_locale":"es_ES","og_type":"article","og_title":"Adri\u00e1n Uribe es embargado por deuda millonaria - Yucat\u00e1n en corto","og_description":"Adri\u00e1n Uribe, el reconocido presentador mexicano, se encuentra en el centro de la controversia, pues el programa\u00a0\u00abChisme no like\u00bb\u00a0report\u00f3 que el famoso est\u00e1 enfrentando una \u00abnueva\u00bb problem\u00e1tica legal debido a una demanda por despido injustificado presentada por un grupo de 5 m\u00fasicos que trabajaba para \u00e9l a\u00f1os atr\u00e1s. De acuerdo con la investigaci\u00f3n, en el [&hellip;]","og_url":"https:\/\/www.yucatanencorto.com\/noticias\/adrian-uribe-es-embargado-por-deuda-millonaria\/","og_site_name":"Yucat\u00e1n en corto","article_publisher":"http:\/\/www.facebook.com\/yucatanencorto","article_published_time":"2023-08-03T21:46:37+00:00","og_image":[{"width":768,"height":432,"url":"https:\/\/www.yucatanencorto.com\/noticias\/wp-content\/uploads\/2023\/08\/1_1-4585938_20230802144435.png","type":"image\/png"}],"author":"Redes","twitter_card":"summary_large_image","twitter_creator":"@yucatanencorto","twitter_site":"@yucatanencorto","twitter_misc":{"Escrito por":"Redes","Tiempo de lectura":"2 minutos"},"schema":{"@context":"https:\/\/schema.org","@graph":[{"@type":"Article","@id":"https:\/\/www.yucatanencorto.com\/noticias\/adrian-uribe-es-embargado-por-deuda-millonaria\/#article","isPartOf":{"@id":"https:\/\/www.yucatanencorto.com\/noticias\/adrian-uribe-es-embargado-por-deuda-millonaria\/"},"author":{"name":"Redes","@id":"https:\/\/www.yucatanencorto.com\/noticias\/#\/schema\/person\/e2fbdfaf30a07014a43940ce989f3119"},"headline":"Adri\u00e1n Uribe es embargado por deuda millonaria","datePublished":"2023-08-03T21:46:37+00:00","mainEntityOfPage":{"@id":"https:\/\/www.yucatanencorto.com\/noticias\/adrian-uribe-es-embargado-por-deuda-millonaria\/"},"wordCount":400,"image":{"@id":"https:\/\/www.yucatanencorto.com\/noticias\/adrian-uribe-es-embargado-por-deuda-millonaria\/#primaryimage"},"thumbnailUrl":"https:\/\/www.yucatanencorto.com\/noticias\/wp-content\/uploads\/2023\/08\/1_1-4585938_20230802144435.png","articleSection":["Sociedad y Espect\u00e1culos"],"inLanguage":"es"},{"@type":"WebPage","@id":"https:\/\/www.yucatanencorto.com\/noticias\/adrian-uribe-es-embargado-por-deuda-millonaria\/","url":"https:\/\/www.yucatanencorto.com\/noticias\/adrian-uribe-es-embargado-por-deuda-millonaria\/","name":"Adri\u00e1n Uribe es embargado por deuda millonaria - Yucat\u00e1n en corto","isPartOf":{"@id":"https:\/\/www.yucatanencorto.com\/noticias\/#website"},"primaryImageOfPage":{"@id":"https:\/\/www.yucatanencorto.com\/noticias\/adrian-uribe-es-embargado-por-deuda-millonaria\/#primaryimage"},"image":{"@id":"https:\/\/www.yucatanencorto.com\/noticias\/adrian-uribe-es-embargado-por-deuda-millonaria\/#primaryimage"},"thumbnailUrl":"https:\/\/www.yucatanencorto.com\/noticias\/wp-content\/uploads\/2023\/08\/1_1-4585938_20230802144435.png","datePublished":"2023-08-03T21:46:37+00:00","author":{"@id":"https:\/\/www.yucatanencorto.com\/noticias\/#\/schema\/person\/e2fbdfaf30a07014a43940ce989f3119"},"breadcrumb":{"@id":"https:\/\/www.yucatanencorto.com\/noticias\/adrian-uribe-es-embargado-por-deuda-millonaria\/#breadcrumb"},"inLanguage":"es","potentialAction":[{"@type":"ReadAction","target":["https:\/\/www.yucatanencorto.com\/noticias\/adrian-uribe-es-embargado-por-deuda-millonaria\/"]}]},{"@type":"ImageObject","inLanguage":"es","@id":"https:\/\/www.yucatanencorto.com\/noticias\/adrian-uribe-es-embargado-por-deuda-millonaria\/#primaryimage","url":"https:\/\/www.yucatanencorto.com\/noticias\/wp-content\/uploads\/2023\/08\/1_1-4585938_20230802144435.png","contentUrl":"https:\/\/www.yucatanencorto.com\/noticias\/wp-content\/uploads\/2023\/08\/1_1-4585938_20230802144435.png","width":768,"height":432},{"@type":"BreadcrumbList","@id":"https:\/\/www.yucatanencorto.com\/noticias\/adrian-uribe-es-embargado-por-deuda-millonaria\/#breadcrumb","itemListElement":[{"@type":"ListItem","position":1,"name":"Portada","item":"https:\/\/www.yucatanencorto.com\/noticias\/"},{"@type":"ListItem","position":2,"name":"Adri\u00e1n Uribe es embargado por deuda millonaria"}]},{"@type":"WebSite","@id":"https:\/\/www.yucatanencorto.com\/noticias\/#website","url":"https:\/\/www.yucatanencorto.com\/noticias\/","name":"Yucat\u00e1n en corto","description":"Noticias","potentialAction":[{"@type":"SearchAction","target":{"@type":"EntryPoint","urlTemplate":"https:\/\/www.yucatanencorto.com\/noticias\/?s={search_term_string}"},"query-input":{"@type":"PropertyValueSpecification","valueRequired":true,"valueName":"search_term_string"}}],"inLanguage":"es"},{"@type":"Person","@id":"https:\/\/www.yucatanencorto.com\/noticias\/#\/schema\/person\/e2fbdfaf30a07014a43940ce989f3119","name":"Redes","image":{"@type":"ImageObject","inLanguage":"es","@id":"https:\/\/secure.gravatar.com\/avatar\/5931a2d21dd7cc834f44c8c34fe56d90ed6d536ef452cbf870c7485b524dddd7?s=96&d=mm&r=g","url":"https:\/\/secure.gravatar.com\/avatar\/5931a2d21dd7cc834f44c8c34fe56d90ed6d536ef452cbf870c7485b524dddd7?s=96&d=mm&r=g","contentUrl":"https:\/\/secure.gravatar.com\/avatar\/5931a2d21dd7cc834f44c8c34fe56d90ed6d536ef452cbf870c7485b524dddd7?s=96&d=mm&r=g","caption":"Redes"},"url":"https:\/\/www.yucatanencorto.com\/noticias\/author\/redes\/"}]}},"_links":{"self":[{"href":"https:\/\/www.yucatanencorto.com\/noticias\/wp-json\/wp\/v2\/posts\/99412","targetHints":{"allow":["GET"]}}],"collection":[{"href":"https:\/\/www.yucatanencorto.com\/noticias\/wp-json\/wp\/v2\/posts"}],"about":[{"href":"https:\/\/www.yucatanencorto.com\/noticias\/wp-json\/wp\/v2\/types\/post"}],"author":[{"embeddable":true,"href":"https:\/\/www.yucatanencorto.com\/noticias\/wp-json\/wp\/v2\/users\/3"}],"replies":[{"embeddable":true,"href":"https:\/\/www.yucatanencorto.com\/noticias\/wp-json\/wp\/v2\/comments?post=99412"}],"version-history":[{"count":0,"href":"https:\/\/www.yucatanencorto.com\/noticias\/wp-json\/wp\/v2\/posts\/99412\/revisions"}],"wp:featuredmedia":[{"embeddable":true,"href":"https:\/\/www.yucatanencorto.com\/noticias\/wp-json\/wp\/v2\/media\/99413"}],"wp:attachment":[{"href":"https:\/\/www.yucatanencorto.com\/noticias\/wp-json\/wp\/v2\/media?parent=99412"}],"wp:term":[{"taxonomy":"category","embeddable":true,"href":"https:\/\/www.yucatanencorto.com\/noticias\/wp-json\/wp\/v2\/categories?post=99412"},{"taxonomy":"post_tag","embeddable":true,"href":"https:\/\/www.yucatanencorto.com\/noticias\/wp-json\/wp\/v2\/tags?post=99412"}],"curies":[{"name":"wp","href":"https:\/\/api.w.org\/{rel}","templated":true}]}}