{"id":99415,"date":"2023-08-03T18:15:39","date_gmt":"2023-08-04T00:15:39","guid":{"rendered":"https:\/\/www.yucatanencorto.com\/noticias\/?p=99415"},"modified":"2023-08-03T18:15:39","modified_gmt":"2023-08-04T00:15:39","slug":"continuan-los-cursos-de-verano-2023","status":"publish","type":"post","link":"https:\/\/www.yucatanencorto.com\/noticias\/continuan-los-cursos-de-verano-2023\/","title":{"rendered":"Contin\u00faan los Cursos de Verano 2023"},"content":{"rendered":"<p><img loading=\"lazy\" decoding=\"async\" class=\"alignnone size-full wp-image-99416\" src=\"https:\/\/www.yucatanencorto.com\/noticias\/wp-content\/uploads\/2023\/08\/WhatsApp-Image-2023-08-03-at-18.13.56-scaled.jpeg\" alt=\"\" width=\"768\" height=\"512\" srcset=\"https:\/\/www.yucatanencorto.com\/noticias\/wp-content\/uploads\/2023\/08\/WhatsApp-Image-2023-08-03-at-18.13.56-scaled.jpeg 768w, https:\/\/www.yucatanencorto.com\/noticias\/wp-content\/uploads\/2023\/08\/WhatsApp-Image-2023-08-03-at-18.13.56-696x464.jpeg 696w, https:\/\/www.yucatanencorto.com\/noticias\/wp-content\/uploads\/2023\/08\/WhatsApp-Image-2023-08-03-at-18.13.56-630x420.jpeg 630w\" sizes=\"auto, (max-width: 768px) 100vw, 768px\" \/><\/p>\n<p>M\u00e9rida, Yucat\u00e1n a 03 de agosto de 2023.- M\u00e9rida es una ciudad que destaca por su cohesi\u00f3n social y compromiso con el bienestar de las familias del Municipio a trav\u00e9s de la formaci\u00f3n de entornos seguros y arm\u00f3nicos donde se refuerce el tejido social y la sana diversi\u00f3n, asegur\u00f3 el Alcalde Ren\u00e1n Barrera Concha.<br \/>\nPor ello, el Presidente Municipal acompa\u00f1ado de su hija Daniela Barrera Castillo acudieron a la Unidad Deportiva de Ciudad Caucel para compartir con las miles de ni\u00f1as, ni\u00f1os y adolescentes, quienes disfrutaron y desarrollaron al m\u00e1ximo su creatividad e imaginaci\u00f3n con la gran variedad de actividades realizadas en el marco de los Cursos de Verano 2023.<br \/>\nTambi\u00e9n en compa\u00f1\u00eda del Secretario Municipal, Alejandro Ruz Castro, y la s\u00edndica Diana Canto Moreno, Barrera Concha visit\u00f3 el programa de actividades que se desarrollaron en este magno evento, que congreg\u00f3 a la ni\u00f1ez y adolescencia de M\u00e9rida y sus comisar\u00edas.<br \/>\nAnte la presencia de vecinas y vecinos de Ciudad Caucel, padres y madres de familia, regidoras, regidores, directoras y directores del Ayuntamiento, Barrera Concha record\u00f3 que el Ayuntamiento tiene el compromiso de fortalecer la educaci\u00f3n de las y los ni\u00f1os, promoviendo entornos m\u00e1s din\u00e1micos y seguros para que disfruten de unas vacaciones de verano divertidas y, adem\u00e1s, fomenten el aprendizaje.<br \/>\n\u201cEstos cursos de verano son una versi\u00f3n innovadora en toda la historia del Ayuntamiento de M\u00e9rida, donde m\u00e1s de 5 mil menores est\u00e1n participando en alguna de las 50 sedes ubicadas en las colonias y comisar\u00edas de M\u00e9rida\u201d, apunt\u00f3.<br \/>\nEn su mensaje, el Concejal record\u00f3 que las direcciones preparan cada a\u00f1o una serie de actividades para el verano, las cuales se efect\u00faan en campos deportivos, espacios p\u00fablicos y sedes culturales con la finalidad de brindar a las y los peque\u00f1os un espacio donde convivan sanamente, practiquen el di\u00e1logo, el trabajo en equipo y el respeto hacia sus compa\u00f1eros y su comunidad.<br \/>\nAsimismo, indic\u00f3 que el objetivo es que las y los participantes aprendan a desarrollar sus habilidades con actividades deportivas, recreativas, art\u00edsticas, cient\u00edficas, tecnol\u00f3gicas y l\u00fadicas, acompa\u00f1ados de personal previamente capacitado en los temas de Primeros auxilios, actuaci\u00f3n en situaciones de riesgo, inspecci\u00f3n y evacuaci\u00f3n de inmuebles y combate a incendios, para dar mayor tranquilidad de los padres y madres de familia.<br \/>\nEn ese sentido, Barrera Concha agradeci\u00f3 la confianza que las familias de M\u00e9rida brindan al Ayuntamiento al confiar a su hijas e hijos y llevarlos al programa veraniego, donde aprender\u00e1n y har\u00e1n nuevos amigos.<br \/>\n\u201cTenemos 10 direcciones del Ayuntamiento que est\u00e1n participando con personal capacitado para el cuidado de las y los menores, as\u00ed que los pap\u00e1s y las mam\u00e1s est\u00e9n seguros que el equipo del Ayuntamiento cuidar\u00e1 muy bien a sus hijas e hijos\u201d, asegur\u00f3.<br \/>\nEl Alcalde anunci\u00f3 que en los pr\u00f3ximos d\u00edas estos cursos llegar\u00e1n a su fin para lo cual el Ayuntamiento rifar\u00e1 cien bicicletas entre todas y todos los participantes, quienes entre gritos de j\u00fabilo y aplausos celebraron la noticia.<br \/>\nIgualmente, detall\u00f3 que son m\u00e1s de 50 sedes distribuidas en los cuatro puntos cardinales de la ciudad incluidas las comisar\u00edas de M\u00e9rida donde se desarrollan m\u00e1s de 14 cursos de diferentes disciplinas con la participaci\u00f3n de 10 direcciones del ayuntamiento como Salud y Bienestar Social, Desarrollo Urbano, Reserva de Cuxtal, Tecnolog\u00edas de la informaci\u00f3n, Desarrollo Econ\u00f3mico y Turismo, DIF Municipal, Polic\u00eda municipal y Desarrollo Sustentable.<br \/>\nPosterior al acto protocolario, el Alcalde recorri\u00f3 las diferentes \u00e1reas interactivas dispuestas al p\u00fablico como el circo de Pope Pope \u201cMundos fant\u00e1sticos\u201d, la granja interactiva, el \u00e1rea de Photo opportunity, el \u00e1rea deportiva y actividades para padres e hijos y la carpa de descanso.<br \/>\nFinalmente, en el evento estuvieron las y los regidores Paulina Peniche Rodr\u00edguez, Rafael Rodr\u00edguez M\u00e9ndez, Celia Rivas Rodr\u00edguez, Alice Patr\u00f3n Correa Puerto y Ricardo Ascencio Maldonado.<\/p>\n","protected":false},"excerpt":{"rendered":"<p>M\u00e9rida, Yucat\u00e1n a 03 de agosto de 2023.- M\u00e9rida es una ciudad que destaca por su cohesi\u00f3n social y compromiso con el bienestar de las familias del Municipio a trav\u00e9s de la formaci\u00f3n de entornos seguros y arm\u00f3nicos donde se refuerce el tejido social y la sana diversi\u00f3n, asegur\u00f3 el Alcalde Ren\u00e1n Barrera Concha. Por [&hellip;]<\/p>\n","protected":false},"author":3,"featured_media":99416,"comment_status":"closed","ping_status":"closed","sticky":false,"template":"","format":"standard","meta":{"footnotes":""},"categories":[2],"tags":[],"class_list":{"0":"post-99415","1":"post","2":"type-post","3":"status-publish","4":"format-standard","5":"has-post-thumbnail","7":"category-merida"},"yoast_head":"<!-- This site is optimized with the Yoast SEO plugin v27.5 - https:\/\/yoast.com\/product\/yoast-seo-wordpress\/ -->\n<title>Contin\u00faan los Cursos de Verano 2023 - Yucat\u00e1n en corto<\/title>\n<meta name=\"robots\" content=\"index, follow, max-snippet:-1, max-image-preview:large, max-video-preview:-1\" \/>\n<link rel=\"canonical\" href=\"https:\/\/www.yucatanencorto.com\/noticias\/continuan-los-cursos-de-verano-2023\/\" \/>\n<meta property=\"og:locale\" content=\"es_ES\" \/>\n<meta property=\"og:type\" content=\"article\" \/>\n<meta property=\"og:title\" content=\"Contin\u00faan los Cursos de Verano 2023 - Yucat\u00e1n en corto\" \/>\n<meta property=\"og:description\" content=\"M\u00e9rida, Yucat\u00e1n a 03 de agosto de 2023.- M\u00e9rida es una ciudad que destaca por su cohesi\u00f3n social y compromiso con el bienestar de las familias del Municipio a trav\u00e9s de la formaci\u00f3n de entornos seguros y arm\u00f3nicos donde se refuerce el tejido social y la sana diversi\u00f3n, asegur\u00f3 el Alcalde Ren\u00e1n Barrera Concha. Por [&hellip;]\" \/>\n<meta property=\"og:url\" content=\"https:\/\/www.yucatanencorto.com\/noticias\/continuan-los-cursos-de-verano-2023\/\" \/>\n<meta property=\"og:site_name\" content=\"Yucat\u00e1n en corto\" \/>\n<meta property=\"article:publisher\" content=\"http:\/\/www.facebook.com\/yucatanencorto\" \/>\n<meta property=\"article:published_time\" content=\"2023-08-04T00:15:39+00:00\" \/>\n<meta property=\"og:image\" content=\"https:\/\/www.yucatanencorto.com\/noticias\/wp-content\/uploads\/2023\/08\/WhatsApp-Image-2023-08-03-at-18.13.56-scaled.jpeg\" \/>\n\t<meta property=\"og:image:width\" content=\"768\" \/>\n\t<meta property=\"og:image:height\" content=\"512\" \/>\n\t<meta property=\"og:image:type\" content=\"image\/jpeg\" \/>\n<meta name=\"author\" content=\"Redes\" \/>\n<meta name=\"twitter:card\" content=\"summary_large_image\" \/>\n<meta name=\"twitter:creator\" content=\"@yucatanencorto\" \/>\n<meta name=\"twitter:site\" content=\"@yucatanencorto\" \/>\n<meta name=\"twitter:label1\" content=\"Escrito por\" \/>\n\t<meta name=\"twitter:data1\" content=\"Redes\" \/>\n\t<meta name=\"twitter:label2\" content=\"Tiempo de lectura\" \/>\n\t<meta name=\"twitter:data2\" content=\"4 minutos\" \/>\n<script type=\"application\/ld+json\" class=\"yoast-schema-graph\">{\"@context\":\"https:\\\/\\\/schema.org\",\"@graph\":[{\"@type\":\"Article\",\"@id\":\"https:\\\/\\\/www.yucatanencorto.com\\\/noticias\\\/continuan-los-cursos-de-verano-2023\\\/#article\",\"isPartOf\":{\"@id\":\"https:\\\/\\\/www.yucatanencorto.com\\\/noticias\\\/continuan-los-cursos-de-verano-2023\\\/\"},\"author\":{\"name\":\"Redes\",\"@id\":\"https:\\\/\\\/www.yucatanencorto.com\\\/noticias\\\/#\\\/schema\\\/person\\\/e2fbdfaf30a07014a43940ce989f3119\"},\"headline\":\"Contin\u00faan los Cursos de Verano 2023\",\"datePublished\":\"2023-08-04T00:15:39+00:00\",\"mainEntityOfPage\":{\"@id\":\"https:\\\/\\\/www.yucatanencorto.com\\\/noticias\\\/continuan-los-cursos-de-verano-2023\\\/\"},\"wordCount\":692,\"image\":{\"@id\":\"https:\\\/\\\/www.yucatanencorto.com\\\/noticias\\\/continuan-los-cursos-de-verano-2023\\\/#primaryimage\"},\"thumbnailUrl\":\"https:\\\/\\\/www.yucatanencorto.com\\\/noticias\\\/wp-content\\\/uploads\\\/2023\\\/08\\\/WhatsApp-Image-2023-08-03-at-18.13.56-scaled.jpeg\",\"articleSection\":[\"M\u00e9rida\"],\"inLanguage\":\"es\"},{\"@type\":\"WebPage\",\"@id\":\"https:\\\/\\\/www.yucatanencorto.com\\\/noticias\\\/continuan-los-cursos-de-verano-2023\\\/\",\"url\":\"https:\\\/\\\/www.yucatanencorto.com\\\/noticias\\\/continuan-los-cursos-de-verano-2023\\\/\",\"name\":\"Contin\u00faan los Cursos de Verano 2023 - Yucat\u00e1n en corto\",\"isPartOf\":{\"@id\":\"https:\\\/\\\/www.yucatanencorto.com\\\/noticias\\\/#website\"},\"primaryImageOfPage\":{\"@id\":\"https:\\\/\\\/www.yucatanencorto.com\\\/noticias\\\/continuan-los-cursos-de-verano-2023\\\/#primaryimage\"},\"image\":{\"@id\":\"https:\\\/\\\/www.yucatanencorto.com\\\/noticias\\\/continuan-los-cursos-de-verano-2023\\\/#primaryimage\"},\"thumbnailUrl\":\"https:\\\/\\\/www.yucatanencorto.com\\\/noticias\\\/wp-content\\\/uploads\\\/2023\\\/08\\\/WhatsApp-Image-2023-08-03-at-18.13.56-scaled.jpeg\",\"datePublished\":\"2023-08-04T00:15:39+00:00\",\"author\":{\"@id\":\"https:\\\/\\\/www.yucatanencorto.com\\\/noticias\\\/#\\\/schema\\\/person\\\/e2fbdfaf30a07014a43940ce989f3119\"},\"breadcrumb\":{\"@id\":\"https:\\\/\\\/www.yucatanencorto.com\\\/noticias\\\/continuan-los-cursos-de-verano-2023\\\/#breadcrumb\"},\"inLanguage\":\"es\",\"potentialAction\":[{\"@type\":\"ReadAction\",\"target\":[\"https:\\\/\\\/www.yucatanencorto.com\\\/noticias\\\/continuan-los-cursos-de-verano-2023\\\/\"]}]},{\"@type\":\"ImageObject\",\"inLanguage\":\"es\",\"@id\":\"https:\\\/\\\/www.yucatanencorto.com\\\/noticias\\\/continuan-los-cursos-de-verano-2023\\\/#primaryimage\",\"url\":\"https:\\\/\\\/www.yucatanencorto.com\\\/noticias\\\/wp-content\\\/uploads\\\/2023\\\/08\\\/WhatsApp-Image-2023-08-03-at-18.13.56-scaled.jpeg\",\"contentUrl\":\"https:\\\/\\\/www.yucatanencorto.com\\\/noticias\\\/wp-content\\\/uploads\\\/2023\\\/08\\\/WhatsApp-Image-2023-08-03-at-18.13.56-scaled.jpeg\",\"width\":768,\"height\":512},{\"@type\":\"BreadcrumbList\",\"@id\":\"https:\\\/\\\/www.yucatanencorto.com\\\/noticias\\\/continuan-los-cursos-de-verano-2023\\\/#breadcrumb\",\"itemListElement\":[{\"@type\":\"ListItem\",\"position\":1,\"name\":\"Portada\",\"item\":\"https:\\\/\\\/www.yucatanencorto.com\\\/noticias\\\/\"},{\"@type\":\"ListItem\",\"position\":2,\"name\":\"Contin\u00faan los Cursos de Verano 2023\"}]},{\"@type\":\"WebSite\",\"@id\":\"https:\\\/\\\/www.yucatanencorto.com\\\/noticias\\\/#website\",\"url\":\"https:\\\/\\\/www.yucatanencorto.com\\\/noticias\\\/\",\"name\":\"Yucat\u00e1n en corto\",\"description\":\"Noticias\",\"potentialAction\":[{\"@type\":\"SearchAction\",\"target\":{\"@type\":\"EntryPoint\",\"urlTemplate\":\"https:\\\/\\\/www.yucatanencorto.com\\\/noticias\\\/?s={search_term_string}\"},\"query-input\":{\"@type\":\"PropertyValueSpecification\",\"valueRequired\":true,\"valueName\":\"search_term_string\"}}],\"inLanguage\":\"es\"},{\"@type\":\"Person\",\"@id\":\"https:\\\/\\\/www.yucatanencorto.com\\\/noticias\\\/#\\\/schema\\\/person\\\/e2fbdfaf30a07014a43940ce989f3119\",\"name\":\"Redes\",\"image\":{\"@type\":\"ImageObject\",\"inLanguage\":\"es\",\"@id\":\"https:\\\/\\\/secure.gravatar.com\\\/avatar\\\/5931a2d21dd7cc834f44c8c34fe56d90ed6d536ef452cbf870c7485b524dddd7?s=96&d=mm&r=g\",\"url\":\"https:\\\/\\\/secure.gravatar.com\\\/avatar\\\/5931a2d21dd7cc834f44c8c34fe56d90ed6d536ef452cbf870c7485b524dddd7?s=96&d=mm&r=g\",\"contentUrl\":\"https:\\\/\\\/secure.gravatar.com\\\/avatar\\\/5931a2d21dd7cc834f44c8c34fe56d90ed6d536ef452cbf870c7485b524dddd7?s=96&d=mm&r=g\",\"caption\":\"Redes\"},\"url\":\"https:\\\/\\\/www.yucatanencorto.com\\\/noticias\\\/author\\\/redes\\\/\"}]}<\/script>\n<!-- \/ Yoast SEO plugin. -->","yoast_head_json":{"title":"Contin\u00faan los Cursos de Verano 2023 - Yucat\u00e1n en corto","robots":{"index":"index","follow":"follow","max-snippet":"max-snippet:-1","max-image-preview":"max-image-preview:large","max-video-preview":"max-video-preview:-1"},"canonical":"https:\/\/www.yucatanencorto.com\/noticias\/continuan-los-cursos-de-verano-2023\/","og_locale":"es_ES","og_type":"article","og_title":"Contin\u00faan los Cursos de Verano 2023 - Yucat\u00e1n en corto","og_description":"M\u00e9rida, Yucat\u00e1n a 03 de agosto de 2023.- M\u00e9rida es una ciudad que destaca por su cohesi\u00f3n social y compromiso con el bienestar de las familias del Municipio a trav\u00e9s de la formaci\u00f3n de entornos seguros y arm\u00f3nicos donde se refuerce el tejido social y la sana diversi\u00f3n, asegur\u00f3 el Alcalde Ren\u00e1n Barrera Concha. Por [&hellip;]","og_url":"https:\/\/www.yucatanencorto.com\/noticias\/continuan-los-cursos-de-verano-2023\/","og_site_name":"Yucat\u00e1n en corto","article_publisher":"http:\/\/www.facebook.com\/yucatanencorto","article_published_time":"2023-08-04T00:15:39+00:00","og_image":[{"width":768,"height":512,"url":"https:\/\/www.yucatanencorto.com\/noticias\/wp-content\/uploads\/2023\/08\/WhatsApp-Image-2023-08-03-at-18.13.56-scaled.jpeg","type":"image\/jpeg"}],"author":"Redes","twitter_card":"summary_large_image","twitter_creator":"@yucatanencorto","twitter_site":"@yucatanencorto","twitter_misc":{"Escrito por":"Redes","Tiempo de lectura":"4 minutos"},"schema":{"@context":"https:\/\/schema.org","@graph":[{"@type":"Article","@id":"https:\/\/www.yucatanencorto.com\/noticias\/continuan-los-cursos-de-verano-2023\/#article","isPartOf":{"@id":"https:\/\/www.yucatanencorto.com\/noticias\/continuan-los-cursos-de-verano-2023\/"},"author":{"name":"Redes","@id":"https:\/\/www.yucatanencorto.com\/noticias\/#\/schema\/person\/e2fbdfaf30a07014a43940ce989f3119"},"headline":"Contin\u00faan los Cursos de Verano 2023","datePublished":"2023-08-04T00:15:39+00:00","mainEntityOfPage":{"@id":"https:\/\/www.yucatanencorto.com\/noticias\/continuan-los-cursos-de-verano-2023\/"},"wordCount":692,"image":{"@id":"https:\/\/www.yucatanencorto.com\/noticias\/continuan-los-cursos-de-verano-2023\/#primaryimage"},"thumbnailUrl":"https:\/\/www.yucatanencorto.com\/noticias\/wp-content\/uploads\/2023\/08\/WhatsApp-Image-2023-08-03-at-18.13.56-scaled.jpeg","articleSection":["M\u00e9rida"],"inLanguage":"es"},{"@type":"WebPage","@id":"https:\/\/www.yucatanencorto.com\/noticias\/continuan-los-cursos-de-verano-2023\/","url":"https:\/\/www.yucatanencorto.com\/noticias\/continuan-los-cursos-de-verano-2023\/","name":"Contin\u00faan los Cursos de Verano 2023 - Yucat\u00e1n en corto","isPartOf":{"@id":"https:\/\/www.yucatanencorto.com\/noticias\/#website"},"primaryImageOfPage":{"@id":"https:\/\/www.yucatanencorto.com\/noticias\/continuan-los-cursos-de-verano-2023\/#primaryimage"},"image":{"@id":"https:\/\/www.yucatanencorto.com\/noticias\/continuan-los-cursos-de-verano-2023\/#primaryimage"},"thumbnailUrl":"https:\/\/www.yucatanencorto.com\/noticias\/wp-content\/uploads\/2023\/08\/WhatsApp-Image-2023-08-03-at-18.13.56-scaled.jpeg","datePublished":"2023-08-04T00:15:39+00:00","author":{"@id":"https:\/\/www.yucatanencorto.com\/noticias\/#\/schema\/person\/e2fbdfaf30a07014a43940ce989f3119"},"breadcrumb":{"@id":"https:\/\/www.yucatanencorto.com\/noticias\/continuan-los-cursos-de-verano-2023\/#breadcrumb"},"inLanguage":"es","potentialAction":[{"@type":"ReadAction","target":["https:\/\/www.yucatanencorto.com\/noticias\/continuan-los-cursos-de-verano-2023\/"]}]},{"@type":"ImageObject","inLanguage":"es","@id":"https:\/\/www.yucatanencorto.com\/noticias\/continuan-los-cursos-de-verano-2023\/#primaryimage","url":"https:\/\/www.yucatanencorto.com\/noticias\/wp-content\/uploads\/2023\/08\/WhatsApp-Image-2023-08-03-at-18.13.56-scaled.jpeg","contentUrl":"https:\/\/www.yucatanencorto.com\/noticias\/wp-content\/uploads\/2023\/08\/WhatsApp-Image-2023-08-03-at-18.13.56-scaled.jpeg","width":768,"height":512},{"@type":"BreadcrumbList","@id":"https:\/\/www.yucatanencorto.com\/noticias\/continuan-los-cursos-de-verano-2023\/#breadcrumb","itemListElement":[{"@type":"ListItem","position":1,"name":"Portada","item":"https:\/\/www.yucatanencorto.com\/noticias\/"},{"@type":"ListItem","position":2,"name":"Contin\u00faan los Cursos de Verano 2023"}]},{"@type":"WebSite","@id":"https:\/\/www.yucatanencorto.com\/noticias\/#website","url":"https:\/\/www.yucatanencorto.com\/noticias\/","name":"Yucat\u00e1n en corto","description":"Noticias","potentialAction":[{"@type":"SearchAction","target":{"@type":"EntryPoint","urlTemplate":"https:\/\/www.yucatanencorto.com\/noticias\/?s={search_term_string}"},"query-input":{"@type":"PropertyValueSpecification","valueRequired":true,"valueName":"search_term_string"}}],"inLanguage":"es"},{"@type":"Person","@id":"https:\/\/www.yucatanencorto.com\/noticias\/#\/schema\/person\/e2fbdfaf30a07014a43940ce989f3119","name":"Redes","image":{"@type":"ImageObject","inLanguage":"es","@id":"https:\/\/secure.gravatar.com\/avatar\/5931a2d21dd7cc834f44c8c34fe56d90ed6d536ef452cbf870c7485b524dddd7?s=96&d=mm&r=g","url":"https:\/\/secure.gravatar.com\/avatar\/5931a2d21dd7cc834f44c8c34fe56d90ed6d536ef452cbf870c7485b524dddd7?s=96&d=mm&r=g","contentUrl":"https:\/\/secure.gravatar.com\/avatar\/5931a2d21dd7cc834f44c8c34fe56d90ed6d536ef452cbf870c7485b524dddd7?s=96&d=mm&r=g","caption":"Redes"},"url":"https:\/\/www.yucatanencorto.com\/noticias\/author\/redes\/"}]}},"_links":{"self":[{"href":"https:\/\/www.yucatanencorto.com\/noticias\/wp-json\/wp\/v2\/posts\/99415","targetHints":{"allow":["GET"]}}],"collection":[{"href":"https:\/\/www.yucatanencorto.com\/noticias\/wp-json\/wp\/v2\/posts"}],"about":[{"href":"https:\/\/www.yucatanencorto.com\/noticias\/wp-json\/wp\/v2\/types\/post"}],"author":[{"embeddable":true,"href":"https:\/\/www.yucatanencorto.com\/noticias\/wp-json\/wp\/v2\/users\/3"}],"replies":[{"embeddable":true,"href":"https:\/\/www.yucatanencorto.com\/noticias\/wp-json\/wp\/v2\/comments?post=99415"}],"version-history":[{"count":0,"href":"https:\/\/www.yucatanencorto.com\/noticias\/wp-json\/wp\/v2\/posts\/99415\/revisions"}],"wp:featuredmedia":[{"embeddable":true,"href":"https:\/\/www.yucatanencorto.com\/noticias\/wp-json\/wp\/v2\/media\/99416"}],"wp:attachment":[{"href":"https:\/\/www.yucatanencorto.com\/noticias\/wp-json\/wp\/v2\/media?parent=99415"}],"wp:term":[{"taxonomy":"category","embeddable":true,"href":"https:\/\/www.yucatanencorto.com\/noticias\/wp-json\/wp\/v2\/categories?post=99415"},{"taxonomy":"post_tag","embeddable":true,"href":"https:\/\/www.yucatanencorto.com\/noticias\/wp-json\/wp\/v2\/tags?post=99415"}],"curies":[{"name":"wp","href":"https:\/\/api.w.org\/{rel}","templated":true}]}}