{"id":99441,"date":"2023-08-05T17:59:13","date_gmt":"2023-08-05T23:59:13","guid":{"rendered":"https:\/\/www.yucatanencorto.com\/noticias\/?p=99441"},"modified":"2023-08-05T17:59:13","modified_gmt":"2023-08-05T23:59:13","slug":"muziek-encendio-el-escenario-del-siglo-xxi","status":"publish","type":"post","link":"https:\/\/www.yucatanencorto.com\/noticias\/muziek-encendio-el-escenario-del-siglo-xxi\/","title":{"rendered":"Muziek encendi\u00f3 el escenario del Siglo XXI"},"content":{"rendered":"<p><img loading=\"lazy\" decoding=\"async\" class=\"alignnone size-full wp-image-99442\" src=\"https:\/\/www.yucatanencorto.com\/noticias\/wp-content\/uploads\/2023\/08\/1d676052-a51c-4bb2-b5d2-3396791c2d2d-scaled.jpeg\" alt=\"\" width=\"768\" height=\"590\" srcset=\"https:\/\/www.yucatanencorto.com\/noticias\/wp-content\/uploads\/2023\/08\/1d676052-a51c-4bb2-b5d2-3396791c2d2d-scaled.jpeg 768w, https:\/\/www.yucatanencorto.com\/noticias\/wp-content\/uploads\/2023\/08\/1d676052-a51c-4bb2-b5d2-3396791c2d2d-1536x1180.jpeg 1536w, https:\/\/www.yucatanencorto.com\/noticias\/wp-content\/uploads\/2023\/08\/1d676052-a51c-4bb2-b5d2-3396791c2d2d-696x535.jpeg 696w, https:\/\/www.yucatanencorto.com\/noticias\/wp-content\/uploads\/2023\/08\/1d676052-a51c-4bb2-b5d2-3396791c2d2d-1068x820.jpeg 1068w, https:\/\/www.yucatanencorto.com\/noticias\/wp-content\/uploads\/2023\/08\/1d676052-a51c-4bb2-b5d2-3396791c2d2d-547x420.jpeg 547w, https:\/\/www.yucatanencorto.com\/noticias\/wp-content\/uploads\/2023\/08\/1d676052-a51c-4bb2-b5d2-3396791c2d2d-80x60.jpeg 80w\" sizes=\"auto, (max-width: 768px) 100vw, 768px\" \/><\/p>\n<p>La noche del viernes 4 de agosto todos los fan\u00e1ticos de la m\u00fasica disco se dieron cita a partir de las 9:00 de la noche en el Centro de Convenciones Yucat\u00e1n Siglo XXI, para disfrutar del concierto Forever Young 2023, La Fiesta Disco m\u00e1s grande de M\u00e9xico.<\/p>\n<p>La fiesta se vivi\u00f3 en grande con un ambiente donde los recuerdos y las emociones se hicieron presentes al recordar los \u00e9xitos m\u00e1s representativos de la \u00e9poca, el p\u00fablico se entreg\u00f3, canto y sacaron sus mejores pasos de baile, los afros, los pantalones acampanados y los brillos no pod\u00edan hacer falta ya que los fans tambi\u00e9n asistieron ataviados con la ropa que se usaba en los a\u00f1os 70s y 80s, creando as\u00ed un ambiente \u00fanico.<\/p>\n<p>Durante m\u00e1s de 5 horas los asistentes disfrutaron de los mejores \u00e9xitos en ingl\u00e9s y en espa\u00f1ol con la extraordinaria producci\u00f3n audiovisual que Muziek Grand Band preparo para todos los presentes, tambi\u00e9n sorprendi\u00f3 con la participaci\u00f3n de Djs, y personajes como Michael Jackson, Los Cazafantasmas y Star Wars, el p\u00fablico tuvo la experiencia completa de uno de los mejores conciertos de la m\u00fasica disco, orgullosamente hecho en Yucat\u00e1n.<\/p>\n<p>Bolet\u00edn de prensa.<\/p>\n","protected":false},"excerpt":{"rendered":"<p>La noche del viernes 4 de agosto todos los fan\u00e1ticos de la m\u00fasica disco se dieron cita a partir de las 9:00 de la noche en el Centro de Convenciones Yucat\u00e1n Siglo XXI, para disfrutar del concierto Forever Young 2023, La Fiesta Disco m\u00e1s grande de M\u00e9xico. La fiesta se vivi\u00f3 en grande con un [&hellip;]<\/p>\n","protected":false},"author":3,"featured_media":99442,"comment_status":"closed","ping_status":"closed","sticky":false,"template":"","format":"standard","meta":{"footnotes":""},"categories":[9,3],"tags":[],"class_list":{"0":"post-99441","1":"post","2":"type-post","3":"status-publish","4":"format-standard","5":"has-post-thumbnail","7":"category-sociedad-y-espectaculos","8":"category-yucatan"},"yoast_head":"<!-- This site is optimized with the Yoast SEO plugin v27.5 - https:\/\/yoast.com\/product\/yoast-seo-wordpress\/ -->\n<title>Muziek encendi\u00f3 el escenario del Siglo XXI - Yucat\u00e1n en corto<\/title>\n<meta name=\"robots\" content=\"index, follow, max-snippet:-1, max-image-preview:large, max-video-preview:-1\" \/>\n<link rel=\"canonical\" href=\"https:\/\/www.yucatanencorto.com\/noticias\/muziek-encendio-el-escenario-del-siglo-xxi\/\" \/>\n<meta property=\"og:locale\" content=\"es_ES\" \/>\n<meta property=\"og:type\" content=\"article\" \/>\n<meta property=\"og:title\" content=\"Muziek encendi\u00f3 el escenario del Siglo XXI - Yucat\u00e1n en corto\" \/>\n<meta property=\"og:description\" content=\"La noche del viernes 4 de agosto todos los fan\u00e1ticos de la m\u00fasica disco se dieron cita a partir de las 9:00 de la noche en el Centro de Convenciones Yucat\u00e1n Siglo XXI, para disfrutar del concierto Forever Young 2023, La Fiesta Disco m\u00e1s grande de M\u00e9xico. La fiesta se vivi\u00f3 en grande con un [&hellip;]\" \/>\n<meta property=\"og:url\" content=\"https:\/\/www.yucatanencorto.com\/noticias\/muziek-encendio-el-escenario-del-siglo-xxi\/\" \/>\n<meta property=\"og:site_name\" content=\"Yucat\u00e1n en corto\" \/>\n<meta property=\"article:publisher\" content=\"http:\/\/www.facebook.com\/yucatanencorto\" \/>\n<meta property=\"article:published_time\" content=\"2023-08-05T23:59:13+00:00\" \/>\n<meta property=\"og:image\" content=\"https:\/\/www.yucatanencorto.com\/noticias\/wp-content\/uploads\/2023\/08\/1d676052-a51c-4bb2-b5d2-3396791c2d2d-scaled.jpeg\" \/>\n\t<meta property=\"og:image:width\" content=\"768\" \/>\n\t<meta property=\"og:image:height\" content=\"590\" \/>\n\t<meta property=\"og:image:type\" content=\"image\/jpeg\" \/>\n<meta name=\"author\" content=\"Redes\" \/>\n<meta name=\"twitter:card\" content=\"summary_large_image\" \/>\n<meta name=\"twitter:creator\" content=\"@yucatanencorto\" \/>\n<meta name=\"twitter:site\" content=\"@yucatanencorto\" \/>\n<meta name=\"twitter:label1\" content=\"Escrito por\" \/>\n\t<meta name=\"twitter:data1\" content=\"Redes\" \/>\n\t<meta name=\"twitter:label2\" content=\"Tiempo de lectura\" \/>\n\t<meta name=\"twitter:data2\" content=\"2 minutos\" \/>\n<script type=\"application\/ld+json\" class=\"yoast-schema-graph\">{\"@context\":\"https:\\\/\\\/schema.org\",\"@graph\":[{\"@type\":\"Article\",\"@id\":\"https:\\\/\\\/www.yucatanencorto.com\\\/noticias\\\/muziek-encendio-el-escenario-del-siglo-xxi\\\/#article\",\"isPartOf\":{\"@id\":\"https:\\\/\\\/www.yucatanencorto.com\\\/noticias\\\/muziek-encendio-el-escenario-del-siglo-xxi\\\/\"},\"author\":{\"name\":\"Redes\",\"@id\":\"https:\\\/\\\/www.yucatanencorto.com\\\/noticias\\\/#\\\/schema\\\/person\\\/e2fbdfaf30a07014a43940ce989f3119\"},\"headline\":\"Muziek encendi\u00f3 el escenario del Siglo XXI\",\"datePublished\":\"2023-08-05T23:59:13+00:00\",\"mainEntityOfPage\":{\"@id\":\"https:\\\/\\\/www.yucatanencorto.com\\\/noticias\\\/muziek-encendio-el-escenario-del-siglo-xxi\\\/\"},\"wordCount\":216,\"image\":{\"@id\":\"https:\\\/\\\/www.yucatanencorto.com\\\/noticias\\\/muziek-encendio-el-escenario-del-siglo-xxi\\\/#primaryimage\"},\"thumbnailUrl\":\"https:\\\/\\\/www.yucatanencorto.com\\\/noticias\\\/wp-content\\\/uploads\\\/2023\\\/08\\\/1d676052-a51c-4bb2-b5d2-3396791c2d2d-scaled.jpeg\",\"articleSection\":[\"Sociedad y Espect\u00e1culos\",\"Yucat\u00e1n\"],\"inLanguage\":\"es\"},{\"@type\":\"WebPage\",\"@id\":\"https:\\\/\\\/www.yucatanencorto.com\\\/noticias\\\/muziek-encendio-el-escenario-del-siglo-xxi\\\/\",\"url\":\"https:\\\/\\\/www.yucatanencorto.com\\\/noticias\\\/muziek-encendio-el-escenario-del-siglo-xxi\\\/\",\"name\":\"Muziek encendi\u00f3 el escenario del Siglo XXI - Yucat\u00e1n en corto\",\"isPartOf\":{\"@id\":\"https:\\\/\\\/www.yucatanencorto.com\\\/noticias\\\/#website\"},\"primaryImageOfPage\":{\"@id\":\"https:\\\/\\\/www.yucatanencorto.com\\\/noticias\\\/muziek-encendio-el-escenario-del-siglo-xxi\\\/#primaryimage\"},\"image\":{\"@id\":\"https:\\\/\\\/www.yucatanencorto.com\\\/noticias\\\/muziek-encendio-el-escenario-del-siglo-xxi\\\/#primaryimage\"},\"thumbnailUrl\":\"https:\\\/\\\/www.yucatanencorto.com\\\/noticias\\\/wp-content\\\/uploads\\\/2023\\\/08\\\/1d676052-a51c-4bb2-b5d2-3396791c2d2d-scaled.jpeg\",\"datePublished\":\"2023-08-05T23:59:13+00:00\",\"author\":{\"@id\":\"https:\\\/\\\/www.yucatanencorto.com\\\/noticias\\\/#\\\/schema\\\/person\\\/e2fbdfaf30a07014a43940ce989f3119\"},\"breadcrumb\":{\"@id\":\"https:\\\/\\\/www.yucatanencorto.com\\\/noticias\\\/muziek-encendio-el-escenario-del-siglo-xxi\\\/#breadcrumb\"},\"inLanguage\":\"es\",\"potentialAction\":[{\"@type\":\"ReadAction\",\"target\":[\"https:\\\/\\\/www.yucatanencorto.com\\\/noticias\\\/muziek-encendio-el-escenario-del-siglo-xxi\\\/\"]}]},{\"@type\":\"ImageObject\",\"inLanguage\":\"es\",\"@id\":\"https:\\\/\\\/www.yucatanencorto.com\\\/noticias\\\/muziek-encendio-el-escenario-del-siglo-xxi\\\/#primaryimage\",\"url\":\"https:\\\/\\\/www.yucatanencorto.com\\\/noticias\\\/wp-content\\\/uploads\\\/2023\\\/08\\\/1d676052-a51c-4bb2-b5d2-3396791c2d2d-scaled.jpeg\",\"contentUrl\":\"https:\\\/\\\/www.yucatanencorto.com\\\/noticias\\\/wp-content\\\/uploads\\\/2023\\\/08\\\/1d676052-a51c-4bb2-b5d2-3396791c2d2d-scaled.jpeg\",\"width\":768,\"height\":590},{\"@type\":\"BreadcrumbList\",\"@id\":\"https:\\\/\\\/www.yucatanencorto.com\\\/noticias\\\/muziek-encendio-el-escenario-del-siglo-xxi\\\/#breadcrumb\",\"itemListElement\":[{\"@type\":\"ListItem\",\"position\":1,\"name\":\"Portada\",\"item\":\"https:\\\/\\\/www.yucatanencorto.com\\\/noticias\\\/\"},{\"@type\":\"ListItem\",\"position\":2,\"name\":\"Muziek encendi\u00f3 el escenario del Siglo XXI\"}]},{\"@type\":\"WebSite\",\"@id\":\"https:\\\/\\\/www.yucatanencorto.com\\\/noticias\\\/#website\",\"url\":\"https:\\\/\\\/www.yucatanencorto.com\\\/noticias\\\/\",\"name\":\"Yucat\u00e1n en corto\",\"description\":\"Noticias\",\"potentialAction\":[{\"@type\":\"SearchAction\",\"target\":{\"@type\":\"EntryPoint\",\"urlTemplate\":\"https:\\\/\\\/www.yucatanencorto.com\\\/noticias\\\/?s={search_term_string}\"},\"query-input\":{\"@type\":\"PropertyValueSpecification\",\"valueRequired\":true,\"valueName\":\"search_term_string\"}}],\"inLanguage\":\"es\"},{\"@type\":\"Person\",\"@id\":\"https:\\\/\\\/www.yucatanencorto.com\\\/noticias\\\/#\\\/schema\\\/person\\\/e2fbdfaf30a07014a43940ce989f3119\",\"name\":\"Redes\",\"image\":{\"@type\":\"ImageObject\",\"inLanguage\":\"es\",\"@id\":\"https:\\\/\\\/secure.gravatar.com\\\/avatar\\\/5931a2d21dd7cc834f44c8c34fe56d90ed6d536ef452cbf870c7485b524dddd7?s=96&d=mm&r=g\",\"url\":\"https:\\\/\\\/secure.gravatar.com\\\/avatar\\\/5931a2d21dd7cc834f44c8c34fe56d90ed6d536ef452cbf870c7485b524dddd7?s=96&d=mm&r=g\",\"contentUrl\":\"https:\\\/\\\/secure.gravatar.com\\\/avatar\\\/5931a2d21dd7cc834f44c8c34fe56d90ed6d536ef452cbf870c7485b524dddd7?s=96&d=mm&r=g\",\"caption\":\"Redes\"},\"url\":\"https:\\\/\\\/www.yucatanencorto.com\\\/noticias\\\/author\\\/redes\\\/\"}]}<\/script>\n<!-- \/ Yoast SEO plugin. -->","yoast_head_json":{"title":"Muziek encendi\u00f3 el escenario del Siglo XXI - Yucat\u00e1n en corto","robots":{"index":"index","follow":"follow","max-snippet":"max-snippet:-1","max-image-preview":"max-image-preview:large","max-video-preview":"max-video-preview:-1"},"canonical":"https:\/\/www.yucatanencorto.com\/noticias\/muziek-encendio-el-escenario-del-siglo-xxi\/","og_locale":"es_ES","og_type":"article","og_title":"Muziek encendi\u00f3 el escenario del Siglo XXI - Yucat\u00e1n en corto","og_description":"La noche del viernes 4 de agosto todos los fan\u00e1ticos de la m\u00fasica disco se dieron cita a partir de las 9:00 de la noche en el Centro de Convenciones Yucat\u00e1n Siglo XXI, para disfrutar del concierto Forever Young 2023, La Fiesta Disco m\u00e1s grande de M\u00e9xico. La fiesta se vivi\u00f3 en grande con un [&hellip;]","og_url":"https:\/\/www.yucatanencorto.com\/noticias\/muziek-encendio-el-escenario-del-siglo-xxi\/","og_site_name":"Yucat\u00e1n en corto","article_publisher":"http:\/\/www.facebook.com\/yucatanencorto","article_published_time":"2023-08-05T23:59:13+00:00","og_image":[{"width":768,"height":590,"url":"https:\/\/www.yucatanencorto.com\/noticias\/wp-content\/uploads\/2023\/08\/1d676052-a51c-4bb2-b5d2-3396791c2d2d-scaled.jpeg","type":"image\/jpeg"}],"author":"Redes","twitter_card":"summary_large_image","twitter_creator":"@yucatanencorto","twitter_site":"@yucatanencorto","twitter_misc":{"Escrito por":"Redes","Tiempo de lectura":"2 minutos"},"schema":{"@context":"https:\/\/schema.org","@graph":[{"@type":"Article","@id":"https:\/\/www.yucatanencorto.com\/noticias\/muziek-encendio-el-escenario-del-siglo-xxi\/#article","isPartOf":{"@id":"https:\/\/www.yucatanencorto.com\/noticias\/muziek-encendio-el-escenario-del-siglo-xxi\/"},"author":{"name":"Redes","@id":"https:\/\/www.yucatanencorto.com\/noticias\/#\/schema\/person\/e2fbdfaf30a07014a43940ce989f3119"},"headline":"Muziek encendi\u00f3 el escenario del Siglo XXI","datePublished":"2023-08-05T23:59:13+00:00","mainEntityOfPage":{"@id":"https:\/\/www.yucatanencorto.com\/noticias\/muziek-encendio-el-escenario-del-siglo-xxi\/"},"wordCount":216,"image":{"@id":"https:\/\/www.yucatanencorto.com\/noticias\/muziek-encendio-el-escenario-del-siglo-xxi\/#primaryimage"},"thumbnailUrl":"https:\/\/www.yucatanencorto.com\/noticias\/wp-content\/uploads\/2023\/08\/1d676052-a51c-4bb2-b5d2-3396791c2d2d-scaled.jpeg","articleSection":["Sociedad y Espect\u00e1culos","Yucat\u00e1n"],"inLanguage":"es"},{"@type":"WebPage","@id":"https:\/\/www.yucatanencorto.com\/noticias\/muziek-encendio-el-escenario-del-siglo-xxi\/","url":"https:\/\/www.yucatanencorto.com\/noticias\/muziek-encendio-el-escenario-del-siglo-xxi\/","name":"Muziek encendi\u00f3 el escenario del Siglo XXI - Yucat\u00e1n en corto","isPartOf":{"@id":"https:\/\/www.yucatanencorto.com\/noticias\/#website"},"primaryImageOfPage":{"@id":"https:\/\/www.yucatanencorto.com\/noticias\/muziek-encendio-el-escenario-del-siglo-xxi\/#primaryimage"},"image":{"@id":"https:\/\/www.yucatanencorto.com\/noticias\/muziek-encendio-el-escenario-del-siglo-xxi\/#primaryimage"},"thumbnailUrl":"https:\/\/www.yucatanencorto.com\/noticias\/wp-content\/uploads\/2023\/08\/1d676052-a51c-4bb2-b5d2-3396791c2d2d-scaled.jpeg","datePublished":"2023-08-05T23:59:13+00:00","author":{"@id":"https:\/\/www.yucatanencorto.com\/noticias\/#\/schema\/person\/e2fbdfaf30a07014a43940ce989f3119"},"breadcrumb":{"@id":"https:\/\/www.yucatanencorto.com\/noticias\/muziek-encendio-el-escenario-del-siglo-xxi\/#breadcrumb"},"inLanguage":"es","potentialAction":[{"@type":"ReadAction","target":["https:\/\/www.yucatanencorto.com\/noticias\/muziek-encendio-el-escenario-del-siglo-xxi\/"]}]},{"@type":"ImageObject","inLanguage":"es","@id":"https:\/\/www.yucatanencorto.com\/noticias\/muziek-encendio-el-escenario-del-siglo-xxi\/#primaryimage","url":"https:\/\/www.yucatanencorto.com\/noticias\/wp-content\/uploads\/2023\/08\/1d676052-a51c-4bb2-b5d2-3396791c2d2d-scaled.jpeg","contentUrl":"https:\/\/www.yucatanencorto.com\/noticias\/wp-content\/uploads\/2023\/08\/1d676052-a51c-4bb2-b5d2-3396791c2d2d-scaled.jpeg","width":768,"height":590},{"@type":"BreadcrumbList","@id":"https:\/\/www.yucatanencorto.com\/noticias\/muziek-encendio-el-escenario-del-siglo-xxi\/#breadcrumb","itemListElement":[{"@type":"ListItem","position":1,"name":"Portada","item":"https:\/\/www.yucatanencorto.com\/noticias\/"},{"@type":"ListItem","position":2,"name":"Muziek encendi\u00f3 el escenario del Siglo XXI"}]},{"@type":"WebSite","@id":"https:\/\/www.yucatanencorto.com\/noticias\/#website","url":"https:\/\/www.yucatanencorto.com\/noticias\/","name":"Yucat\u00e1n en corto","description":"Noticias","potentialAction":[{"@type":"SearchAction","target":{"@type":"EntryPoint","urlTemplate":"https:\/\/www.yucatanencorto.com\/noticias\/?s={search_term_string}"},"query-input":{"@type":"PropertyValueSpecification","valueRequired":true,"valueName":"search_term_string"}}],"inLanguage":"es"},{"@type":"Person","@id":"https:\/\/www.yucatanencorto.com\/noticias\/#\/schema\/person\/e2fbdfaf30a07014a43940ce989f3119","name":"Redes","image":{"@type":"ImageObject","inLanguage":"es","@id":"https:\/\/secure.gravatar.com\/avatar\/5931a2d21dd7cc834f44c8c34fe56d90ed6d536ef452cbf870c7485b524dddd7?s=96&d=mm&r=g","url":"https:\/\/secure.gravatar.com\/avatar\/5931a2d21dd7cc834f44c8c34fe56d90ed6d536ef452cbf870c7485b524dddd7?s=96&d=mm&r=g","contentUrl":"https:\/\/secure.gravatar.com\/avatar\/5931a2d21dd7cc834f44c8c34fe56d90ed6d536ef452cbf870c7485b524dddd7?s=96&d=mm&r=g","caption":"Redes"},"url":"https:\/\/www.yucatanencorto.com\/noticias\/author\/redes\/"}]}},"_links":{"self":[{"href":"https:\/\/www.yucatanencorto.com\/noticias\/wp-json\/wp\/v2\/posts\/99441","targetHints":{"allow":["GET"]}}],"collection":[{"href":"https:\/\/www.yucatanencorto.com\/noticias\/wp-json\/wp\/v2\/posts"}],"about":[{"href":"https:\/\/www.yucatanencorto.com\/noticias\/wp-json\/wp\/v2\/types\/post"}],"author":[{"embeddable":true,"href":"https:\/\/www.yucatanencorto.com\/noticias\/wp-json\/wp\/v2\/users\/3"}],"replies":[{"embeddable":true,"href":"https:\/\/www.yucatanencorto.com\/noticias\/wp-json\/wp\/v2\/comments?post=99441"}],"version-history":[{"count":0,"href":"https:\/\/www.yucatanencorto.com\/noticias\/wp-json\/wp\/v2\/posts\/99441\/revisions"}],"wp:featuredmedia":[{"embeddable":true,"href":"https:\/\/www.yucatanencorto.com\/noticias\/wp-json\/wp\/v2\/media\/99442"}],"wp:attachment":[{"href":"https:\/\/www.yucatanencorto.com\/noticias\/wp-json\/wp\/v2\/media?parent=99441"}],"wp:term":[{"taxonomy":"category","embeddable":true,"href":"https:\/\/www.yucatanencorto.com\/noticias\/wp-json\/wp\/v2\/categories?post=99441"},{"taxonomy":"post_tag","embeddable":true,"href":"https:\/\/www.yucatanencorto.com\/noticias\/wp-json\/wp\/v2\/tags?post=99441"}],"curies":[{"name":"wp","href":"https:\/\/api.w.org\/{rel}","templated":true}]}}