{"id":99450,"date":"2023-08-06T20:09:58","date_gmt":"2023-08-07T02:09:58","guid":{"rendered":"https:\/\/www.yucatanencorto.com\/noticias\/?p=99450"},"modified":"2023-08-06T20:09:58","modified_gmt":"2023-08-07T02:09:58","slug":"en-yucatan-se-realizan-acciones-permanentes-de-combate-al-mosco","status":"publish","type":"post","link":"https:\/\/www.yucatanencorto.com\/noticias\/en-yucatan-se-realizan-acciones-permanentes-de-combate-al-mosco\/","title":{"rendered":"En Yucat\u00e1n se realizan acciones permanentes de combate al mosco"},"content":{"rendered":"<p dir=\"ltr\" data-originalfontsize=\"16px\" data-originalcomputedfontsize=\"16\"><img loading=\"lazy\" decoding=\"async\" class=\"alignnone size-full wp-image-99451\" src=\"https:\/\/www.yucatanencorto.com\/noticias\/wp-content\/uploads\/2023\/08\/IMG_3606-scaled.jpeg\" alt=\"\" width=\"768\" height=\"768\" srcset=\"https:\/\/www.yucatanencorto.com\/noticias\/wp-content\/uploads\/2023\/08\/IMG_3606-scaled.jpeg 768w, https:\/\/www.yucatanencorto.com\/noticias\/wp-content\/uploads\/2023\/08\/IMG_3606-696x696.jpeg 696w, https:\/\/www.yucatanencorto.com\/noticias\/wp-content\/uploads\/2023\/08\/IMG_3606-1068x1068.jpeg 1068w, https:\/\/www.yucatanencorto.com\/noticias\/wp-content\/uploads\/2023\/08\/IMG_3606-420x420.jpeg 420w\" sizes=\"auto, (max-width: 768px) 100vw, 768px\" \/><\/p>\n<p dir=\"ltr\" data-originalfontsize=\"16px\" data-originalcomputedfontsize=\"16\">\nM\u00e9rida, Yucat\u00e1n, 6 de agosto de 2023.-Como parte de las acciones permanentes de combate al mosco, que impulsa el Gobierno de Mauricio Vila Dosal para cuidar la salud de la poblaci\u00f3n yucateca de enfermedades como el dengue, la Secretar\u00eda de Salud de Yucat\u00e1n (SSY) continua con el operativo de fumigaci\u00f3n en la capital del estado y municipios del interior.<\/p>\n<p>Como parte de estas acciones, el director de Prevenci\u00f3n y Protecci\u00f3n de la Salud, Carlos Isaac Hern\u00e1ndez Fuentes inform\u00f3 que este lunes 7 de agosto el operativo se realizar\u00e1 en las cabeceras municipales de Kanas\u00edn, Chichimil\u00e1, Valladolid y Peto; el martes 8, las brigadas estar\u00e1n atendiendo Caucel Pueblo y en el interior del estado se trabajar\u00e1 en las cabeceras municipales de Kanas\u00edn, Um\u00e1m, Temoz\u00f3n, Peto, Chasink\u00edn, Man\u00ed, Ticul y Moctezuma, comisar\u00eda de Tizim\u00edn.<\/p>\n<p>El mi\u00e9rcoles 9, la estrategia se realizar\u00e1 en las colonias: Alem\u00e1n, Brisas del Norte, Emiliano Zapata Oriente, Jes\u00fas Carranza, Las Brisas, L\u00f3pez Mateos, Petcanch\u00e9, Pol\u00edgono 108, Pol\u00edgono 108 CTM, San Esteban, Vicente Guerrero Oriente; y Caucel Pueblo, de igual manera se trabajar\u00e1 las cabeceras municipales de Tizim\u00edn, Man\u00ed y Ticul.<\/p>\n<p>Hern\u00e1ndez Fuentes agreg\u00f3 que el jueves 10 se atender\u00e1 las colonias, Itzimn\u00e1 108, Jardines de Vista Alegre, Jardines del Norte, Las \u00c1guilas, Los Pinos, Maya, Montebello, Montecarlo, Montecristo, Monterreal, Montevideo, Nuevo Yucat\u00e1n, Residencial Maya, San Pedro Cholul, Santa Mar\u00eda Chuburn\u00e1; y Vista Alegre Norte, en el interior se atender\u00e1 las cabeceras municipales de Dzan, Ticul, y las comisar\u00edas Xala\u00fa y Catz\u00edn de Chemax.<\/p>\n<p>Anticip\u00f3 que para el viernes 11 las acciones estar\u00e1n en las colonias: Alcal\u00e1 Mart\u00edn, Benito Ju\u00e1rez Norte, Buenavista Montejo, Campestre, Plan de Ayala, Emiliano Zapata Norte, Felipe Carrillo Puerto, Gonzalo Guerrero, Itzimn\u00e1, Jardines del Norte, M\u00e9xico, M\u00e9xico Norte, Montes de Am\u00e9, Prado Norte, San Ram\u00f3n Norte, Sol Campestre, Villas del Rey; y Villas la Hacienda, ese mismo d\u00eda se atender\u00e1 las cabeceras municipales de Valladolid y Ticul.<\/p>\n<p>El funcionario record\u00f3 a la poblaci\u00f3n que los horarios de fumigaci\u00f3n inician desde las 3:00 horas y en el turno vespertino desde las 18:40 horas. Los trabajos concluyen hasta que las rutas se\u00f1aladas tengan la cobertura total, en ese sentido, recomend\u00f3 a los habitantes a dejar abiertas sus ventanas cuando escuchen a los veh\u00edculos con equipos de fumigaci\u00f3n circular por sus calles, permitiendo con esto que el insecticida penetre al interior de sus viviendas, subray\u00f3 que en forma continua estaremos realizando operativos de fumigaci\u00f3n, nebulizaci\u00f3n y el control larvario en beneficio de los habitantes.<\/p>\n<p>Como parte de las acciones de combate contra el dengue, personal de la SSY ha visitado 344,770 hogares para hacer labores de control larvario, se han rociado el interior de 19,036, se ha fumigado m\u00e1s de 21, 000 domicilios haciendo uso de motomochilas.<\/p>\n<p>A estas actividades se agrega el nebulizado de cerca de 102,793 hect\u00e1reas con equipos de fumigaci\u00f3n montados en veh\u00edculos, y como resultado de las campa\u00f1as de descacharrizaci\u00f3n se ha recopilado 970 toneladas de potenciales criaderos de moscos (cacharros); se han certificado 81 edificios como espacios limpios y libres de criaderos.<\/p>\n<p>La estrategia se complementa con la suma de esfuerzos que la SSY realiza, como la alianza que existe con los ayuntamientos, el nebulizado espacial, rociado intradomiciliario y todo un conjunto de acciones enfocadas a controlar al vector.<\/p>\n<p>Finalmente, Hern\u00e1ndez Fuentes hizo un llamado a la poblaci\u00f3n a mantener sus patios limpios y libres de hierba, basura, maleza y de recipientes que ante la ca\u00edda de lluvia se convierten en posibles criaderos de mosco.<\/p>\n","protected":false},"excerpt":{"rendered":"<p>M\u00e9rida, Yucat\u00e1n, 6 de agosto de 2023.-Como parte de las acciones permanentes de combate al mosco, que impulsa el Gobierno de Mauricio Vila Dosal para cuidar la salud de la poblaci\u00f3n yucateca de enfermedades como el dengue, la Secretar\u00eda de Salud de Yucat\u00e1n (SSY) continua con el operativo de fumigaci\u00f3n en la capital del estado [&hellip;]<\/p>\n","protected":false},"author":3,"featured_media":99451,"comment_status":"closed","ping_status":"closed","sticky":false,"template":"","format":"standard","meta":{"footnotes":""},"categories":[3],"tags":[],"class_list":{"0":"post-99450","1":"post","2":"type-post","3":"status-publish","4":"format-standard","5":"has-post-thumbnail","7":"category-yucatan"},"yoast_head":"<!-- This site is optimized with the Yoast SEO plugin v27.5 - https:\/\/yoast.com\/product\/yoast-seo-wordpress\/ -->\n<title>En Yucat\u00e1n se realizan acciones permanentes de combate al mosco - Yucat\u00e1n en corto<\/title>\n<meta name=\"robots\" content=\"index, follow, max-snippet:-1, max-image-preview:large, max-video-preview:-1\" \/>\n<link rel=\"canonical\" href=\"https:\/\/www.yucatanencorto.com\/noticias\/en-yucatan-se-realizan-acciones-permanentes-de-combate-al-mosco\/\" \/>\n<meta property=\"og:locale\" content=\"es_ES\" \/>\n<meta property=\"og:type\" content=\"article\" \/>\n<meta property=\"og:title\" content=\"En Yucat\u00e1n se realizan acciones permanentes de combate al mosco - Yucat\u00e1n en corto\" \/>\n<meta property=\"og:description\" content=\"M\u00e9rida, Yucat\u00e1n, 6 de agosto de 2023.-Como parte de las acciones permanentes de combate al mosco, que impulsa el Gobierno de Mauricio Vila Dosal para cuidar la salud de la poblaci\u00f3n yucateca de enfermedades como el dengue, la Secretar\u00eda de Salud de Yucat\u00e1n (SSY) continua con el operativo de fumigaci\u00f3n en la capital del estado [&hellip;]\" \/>\n<meta property=\"og:url\" content=\"https:\/\/www.yucatanencorto.com\/noticias\/en-yucatan-se-realizan-acciones-permanentes-de-combate-al-mosco\/\" \/>\n<meta property=\"og:site_name\" content=\"Yucat\u00e1n en corto\" \/>\n<meta property=\"article:publisher\" content=\"http:\/\/www.facebook.com\/yucatanencorto\" \/>\n<meta property=\"article:published_time\" content=\"2023-08-07T02:09:58+00:00\" \/>\n<meta property=\"og:image\" content=\"https:\/\/www.yucatanencorto.com\/noticias\/wp-content\/uploads\/2023\/08\/IMG_3606-scaled.jpeg\" \/>\n\t<meta property=\"og:image:width\" content=\"768\" \/>\n\t<meta property=\"og:image:height\" content=\"768\" \/>\n\t<meta property=\"og:image:type\" content=\"image\/jpeg\" \/>\n<meta name=\"author\" content=\"Redes\" \/>\n<meta name=\"twitter:card\" content=\"summary_large_image\" \/>\n<meta name=\"twitter:creator\" content=\"@yucatanencorto\" \/>\n<meta name=\"twitter:site\" content=\"@yucatanencorto\" \/>\n<meta name=\"twitter:label1\" content=\"Escrito por\" \/>\n\t<meta name=\"twitter:data1\" content=\"Redes\" \/>\n\t<meta name=\"twitter:label2\" content=\"Tiempo de lectura\" \/>\n\t<meta name=\"twitter:data2\" content=\"3 minutos\" \/>\n<script type=\"application\/ld+json\" class=\"yoast-schema-graph\">{\"@context\":\"https:\\\/\\\/schema.org\",\"@graph\":[{\"@type\":\"Article\",\"@id\":\"https:\\\/\\\/www.yucatanencorto.com\\\/noticias\\\/en-yucatan-se-realizan-acciones-permanentes-de-combate-al-mosco\\\/#article\",\"isPartOf\":{\"@id\":\"https:\\\/\\\/www.yucatanencorto.com\\\/noticias\\\/en-yucatan-se-realizan-acciones-permanentes-de-combate-al-mosco\\\/\"},\"author\":{\"name\":\"Redes\",\"@id\":\"https:\\\/\\\/www.yucatanencorto.com\\\/noticias\\\/#\\\/schema\\\/person\\\/e2fbdfaf30a07014a43940ce989f3119\"},\"headline\":\"En Yucat\u00e1n se realizan acciones permanentes de combate al mosco\",\"datePublished\":\"2023-08-07T02:09:58+00:00\",\"mainEntityOfPage\":{\"@id\":\"https:\\\/\\\/www.yucatanencorto.com\\\/noticias\\\/en-yucatan-se-realizan-acciones-permanentes-de-combate-al-mosco\\\/\"},\"wordCount\":617,\"image\":{\"@id\":\"https:\\\/\\\/www.yucatanencorto.com\\\/noticias\\\/en-yucatan-se-realizan-acciones-permanentes-de-combate-al-mosco\\\/#primaryimage\"},\"thumbnailUrl\":\"https:\\\/\\\/www.yucatanencorto.com\\\/noticias\\\/wp-content\\\/uploads\\\/2023\\\/08\\\/IMG_3606-scaled.jpeg\",\"articleSection\":[\"Yucat\u00e1n\"],\"inLanguage\":\"es\"},{\"@type\":\"WebPage\",\"@id\":\"https:\\\/\\\/www.yucatanencorto.com\\\/noticias\\\/en-yucatan-se-realizan-acciones-permanentes-de-combate-al-mosco\\\/\",\"url\":\"https:\\\/\\\/www.yucatanencorto.com\\\/noticias\\\/en-yucatan-se-realizan-acciones-permanentes-de-combate-al-mosco\\\/\",\"name\":\"En Yucat\u00e1n se realizan acciones permanentes de combate al mosco - Yucat\u00e1n en corto\",\"isPartOf\":{\"@id\":\"https:\\\/\\\/www.yucatanencorto.com\\\/noticias\\\/#website\"},\"primaryImageOfPage\":{\"@id\":\"https:\\\/\\\/www.yucatanencorto.com\\\/noticias\\\/en-yucatan-se-realizan-acciones-permanentes-de-combate-al-mosco\\\/#primaryimage\"},\"image\":{\"@id\":\"https:\\\/\\\/www.yucatanencorto.com\\\/noticias\\\/en-yucatan-se-realizan-acciones-permanentes-de-combate-al-mosco\\\/#primaryimage\"},\"thumbnailUrl\":\"https:\\\/\\\/www.yucatanencorto.com\\\/noticias\\\/wp-content\\\/uploads\\\/2023\\\/08\\\/IMG_3606-scaled.jpeg\",\"datePublished\":\"2023-08-07T02:09:58+00:00\",\"author\":{\"@id\":\"https:\\\/\\\/www.yucatanencorto.com\\\/noticias\\\/#\\\/schema\\\/person\\\/e2fbdfaf30a07014a43940ce989f3119\"},\"breadcrumb\":{\"@id\":\"https:\\\/\\\/www.yucatanencorto.com\\\/noticias\\\/en-yucatan-se-realizan-acciones-permanentes-de-combate-al-mosco\\\/#breadcrumb\"},\"inLanguage\":\"es\",\"potentialAction\":[{\"@type\":\"ReadAction\",\"target\":[\"https:\\\/\\\/www.yucatanencorto.com\\\/noticias\\\/en-yucatan-se-realizan-acciones-permanentes-de-combate-al-mosco\\\/\"]}]},{\"@type\":\"ImageObject\",\"inLanguage\":\"es\",\"@id\":\"https:\\\/\\\/www.yucatanencorto.com\\\/noticias\\\/en-yucatan-se-realizan-acciones-permanentes-de-combate-al-mosco\\\/#primaryimage\",\"url\":\"https:\\\/\\\/www.yucatanencorto.com\\\/noticias\\\/wp-content\\\/uploads\\\/2023\\\/08\\\/IMG_3606-scaled.jpeg\",\"contentUrl\":\"https:\\\/\\\/www.yucatanencorto.com\\\/noticias\\\/wp-content\\\/uploads\\\/2023\\\/08\\\/IMG_3606-scaled.jpeg\",\"width\":768,\"height\":768},{\"@type\":\"BreadcrumbList\",\"@id\":\"https:\\\/\\\/www.yucatanencorto.com\\\/noticias\\\/en-yucatan-se-realizan-acciones-permanentes-de-combate-al-mosco\\\/#breadcrumb\",\"itemListElement\":[{\"@type\":\"ListItem\",\"position\":1,\"name\":\"Portada\",\"item\":\"https:\\\/\\\/www.yucatanencorto.com\\\/noticias\\\/\"},{\"@type\":\"ListItem\",\"position\":2,\"name\":\"En Yucat\u00e1n se realizan acciones permanentes de combate al mosco\"}]},{\"@type\":\"WebSite\",\"@id\":\"https:\\\/\\\/www.yucatanencorto.com\\\/noticias\\\/#website\",\"url\":\"https:\\\/\\\/www.yucatanencorto.com\\\/noticias\\\/\",\"name\":\"Yucat\u00e1n en corto\",\"description\":\"Noticias\",\"potentialAction\":[{\"@type\":\"SearchAction\",\"target\":{\"@type\":\"EntryPoint\",\"urlTemplate\":\"https:\\\/\\\/www.yucatanencorto.com\\\/noticias\\\/?s={search_term_string}\"},\"query-input\":{\"@type\":\"PropertyValueSpecification\",\"valueRequired\":true,\"valueName\":\"search_term_string\"}}],\"inLanguage\":\"es\"},{\"@type\":\"Person\",\"@id\":\"https:\\\/\\\/www.yucatanencorto.com\\\/noticias\\\/#\\\/schema\\\/person\\\/e2fbdfaf30a07014a43940ce989f3119\",\"name\":\"Redes\",\"image\":{\"@type\":\"ImageObject\",\"inLanguage\":\"es\",\"@id\":\"https:\\\/\\\/secure.gravatar.com\\\/avatar\\\/5931a2d21dd7cc834f44c8c34fe56d90ed6d536ef452cbf870c7485b524dddd7?s=96&d=mm&r=g\",\"url\":\"https:\\\/\\\/secure.gravatar.com\\\/avatar\\\/5931a2d21dd7cc834f44c8c34fe56d90ed6d536ef452cbf870c7485b524dddd7?s=96&d=mm&r=g\",\"contentUrl\":\"https:\\\/\\\/secure.gravatar.com\\\/avatar\\\/5931a2d21dd7cc834f44c8c34fe56d90ed6d536ef452cbf870c7485b524dddd7?s=96&d=mm&r=g\",\"caption\":\"Redes\"},\"url\":\"https:\\\/\\\/www.yucatanencorto.com\\\/noticias\\\/author\\\/redes\\\/\"}]}<\/script>\n<!-- \/ Yoast SEO plugin. -->","yoast_head_json":{"title":"En Yucat\u00e1n se realizan acciones permanentes de combate al mosco - Yucat\u00e1n en corto","robots":{"index":"index","follow":"follow","max-snippet":"max-snippet:-1","max-image-preview":"max-image-preview:large","max-video-preview":"max-video-preview:-1"},"canonical":"https:\/\/www.yucatanencorto.com\/noticias\/en-yucatan-se-realizan-acciones-permanentes-de-combate-al-mosco\/","og_locale":"es_ES","og_type":"article","og_title":"En Yucat\u00e1n se realizan acciones permanentes de combate al mosco - Yucat\u00e1n en corto","og_description":"M\u00e9rida, Yucat\u00e1n, 6 de agosto de 2023.-Como parte de las acciones permanentes de combate al mosco, que impulsa el Gobierno de Mauricio Vila Dosal para cuidar la salud de la poblaci\u00f3n yucateca de enfermedades como el dengue, la Secretar\u00eda de Salud de Yucat\u00e1n (SSY) continua con el operativo de fumigaci\u00f3n en la capital del estado [&hellip;]","og_url":"https:\/\/www.yucatanencorto.com\/noticias\/en-yucatan-se-realizan-acciones-permanentes-de-combate-al-mosco\/","og_site_name":"Yucat\u00e1n en corto","article_publisher":"http:\/\/www.facebook.com\/yucatanencorto","article_published_time":"2023-08-07T02:09:58+00:00","og_image":[{"width":768,"height":768,"url":"https:\/\/www.yucatanencorto.com\/noticias\/wp-content\/uploads\/2023\/08\/IMG_3606-scaled.jpeg","type":"image\/jpeg"}],"author":"Redes","twitter_card":"summary_large_image","twitter_creator":"@yucatanencorto","twitter_site":"@yucatanencorto","twitter_misc":{"Escrito por":"Redes","Tiempo de lectura":"3 minutos"},"schema":{"@context":"https:\/\/schema.org","@graph":[{"@type":"Article","@id":"https:\/\/www.yucatanencorto.com\/noticias\/en-yucatan-se-realizan-acciones-permanentes-de-combate-al-mosco\/#article","isPartOf":{"@id":"https:\/\/www.yucatanencorto.com\/noticias\/en-yucatan-se-realizan-acciones-permanentes-de-combate-al-mosco\/"},"author":{"name":"Redes","@id":"https:\/\/www.yucatanencorto.com\/noticias\/#\/schema\/person\/e2fbdfaf30a07014a43940ce989f3119"},"headline":"En Yucat\u00e1n se realizan acciones permanentes de combate al mosco","datePublished":"2023-08-07T02:09:58+00:00","mainEntityOfPage":{"@id":"https:\/\/www.yucatanencorto.com\/noticias\/en-yucatan-se-realizan-acciones-permanentes-de-combate-al-mosco\/"},"wordCount":617,"image":{"@id":"https:\/\/www.yucatanencorto.com\/noticias\/en-yucatan-se-realizan-acciones-permanentes-de-combate-al-mosco\/#primaryimage"},"thumbnailUrl":"https:\/\/www.yucatanencorto.com\/noticias\/wp-content\/uploads\/2023\/08\/IMG_3606-scaled.jpeg","articleSection":["Yucat\u00e1n"],"inLanguage":"es"},{"@type":"WebPage","@id":"https:\/\/www.yucatanencorto.com\/noticias\/en-yucatan-se-realizan-acciones-permanentes-de-combate-al-mosco\/","url":"https:\/\/www.yucatanencorto.com\/noticias\/en-yucatan-se-realizan-acciones-permanentes-de-combate-al-mosco\/","name":"En Yucat\u00e1n se realizan acciones permanentes de combate al mosco - Yucat\u00e1n en corto","isPartOf":{"@id":"https:\/\/www.yucatanencorto.com\/noticias\/#website"},"primaryImageOfPage":{"@id":"https:\/\/www.yucatanencorto.com\/noticias\/en-yucatan-se-realizan-acciones-permanentes-de-combate-al-mosco\/#primaryimage"},"image":{"@id":"https:\/\/www.yucatanencorto.com\/noticias\/en-yucatan-se-realizan-acciones-permanentes-de-combate-al-mosco\/#primaryimage"},"thumbnailUrl":"https:\/\/www.yucatanencorto.com\/noticias\/wp-content\/uploads\/2023\/08\/IMG_3606-scaled.jpeg","datePublished":"2023-08-07T02:09:58+00:00","author":{"@id":"https:\/\/www.yucatanencorto.com\/noticias\/#\/schema\/person\/e2fbdfaf30a07014a43940ce989f3119"},"breadcrumb":{"@id":"https:\/\/www.yucatanencorto.com\/noticias\/en-yucatan-se-realizan-acciones-permanentes-de-combate-al-mosco\/#breadcrumb"},"inLanguage":"es","potentialAction":[{"@type":"ReadAction","target":["https:\/\/www.yucatanencorto.com\/noticias\/en-yucatan-se-realizan-acciones-permanentes-de-combate-al-mosco\/"]}]},{"@type":"ImageObject","inLanguage":"es","@id":"https:\/\/www.yucatanencorto.com\/noticias\/en-yucatan-se-realizan-acciones-permanentes-de-combate-al-mosco\/#primaryimage","url":"https:\/\/www.yucatanencorto.com\/noticias\/wp-content\/uploads\/2023\/08\/IMG_3606-scaled.jpeg","contentUrl":"https:\/\/www.yucatanencorto.com\/noticias\/wp-content\/uploads\/2023\/08\/IMG_3606-scaled.jpeg","width":768,"height":768},{"@type":"BreadcrumbList","@id":"https:\/\/www.yucatanencorto.com\/noticias\/en-yucatan-se-realizan-acciones-permanentes-de-combate-al-mosco\/#breadcrumb","itemListElement":[{"@type":"ListItem","position":1,"name":"Portada","item":"https:\/\/www.yucatanencorto.com\/noticias\/"},{"@type":"ListItem","position":2,"name":"En Yucat\u00e1n se realizan acciones permanentes de combate al mosco"}]},{"@type":"WebSite","@id":"https:\/\/www.yucatanencorto.com\/noticias\/#website","url":"https:\/\/www.yucatanencorto.com\/noticias\/","name":"Yucat\u00e1n en corto","description":"Noticias","potentialAction":[{"@type":"SearchAction","target":{"@type":"EntryPoint","urlTemplate":"https:\/\/www.yucatanencorto.com\/noticias\/?s={search_term_string}"},"query-input":{"@type":"PropertyValueSpecification","valueRequired":true,"valueName":"search_term_string"}}],"inLanguage":"es"},{"@type":"Person","@id":"https:\/\/www.yucatanencorto.com\/noticias\/#\/schema\/person\/e2fbdfaf30a07014a43940ce989f3119","name":"Redes","image":{"@type":"ImageObject","inLanguage":"es","@id":"https:\/\/secure.gravatar.com\/avatar\/5931a2d21dd7cc834f44c8c34fe56d90ed6d536ef452cbf870c7485b524dddd7?s=96&d=mm&r=g","url":"https:\/\/secure.gravatar.com\/avatar\/5931a2d21dd7cc834f44c8c34fe56d90ed6d536ef452cbf870c7485b524dddd7?s=96&d=mm&r=g","contentUrl":"https:\/\/secure.gravatar.com\/avatar\/5931a2d21dd7cc834f44c8c34fe56d90ed6d536ef452cbf870c7485b524dddd7?s=96&d=mm&r=g","caption":"Redes"},"url":"https:\/\/www.yucatanencorto.com\/noticias\/author\/redes\/"}]}},"_links":{"self":[{"href":"https:\/\/www.yucatanencorto.com\/noticias\/wp-json\/wp\/v2\/posts\/99450","targetHints":{"allow":["GET"]}}],"collection":[{"href":"https:\/\/www.yucatanencorto.com\/noticias\/wp-json\/wp\/v2\/posts"}],"about":[{"href":"https:\/\/www.yucatanencorto.com\/noticias\/wp-json\/wp\/v2\/types\/post"}],"author":[{"embeddable":true,"href":"https:\/\/www.yucatanencorto.com\/noticias\/wp-json\/wp\/v2\/users\/3"}],"replies":[{"embeddable":true,"href":"https:\/\/www.yucatanencorto.com\/noticias\/wp-json\/wp\/v2\/comments?post=99450"}],"version-history":[{"count":0,"href":"https:\/\/www.yucatanencorto.com\/noticias\/wp-json\/wp\/v2\/posts\/99450\/revisions"}],"wp:featuredmedia":[{"embeddable":true,"href":"https:\/\/www.yucatanencorto.com\/noticias\/wp-json\/wp\/v2\/media\/99451"}],"wp:attachment":[{"href":"https:\/\/www.yucatanencorto.com\/noticias\/wp-json\/wp\/v2\/media?parent=99450"}],"wp:term":[{"taxonomy":"category","embeddable":true,"href":"https:\/\/www.yucatanencorto.com\/noticias\/wp-json\/wp\/v2\/categories?post=99450"},{"taxonomy":"post_tag","embeddable":true,"href":"https:\/\/www.yucatanencorto.com\/noticias\/wp-json\/wp\/v2\/tags?post=99450"}],"curies":[{"name":"wp","href":"https:\/\/api.w.org\/{rel}","templated":true}]}}