{"id":99453,"date":"2023-08-07T17:15:04","date_gmt":"2023-08-07T23:15:04","guid":{"rendered":"https:\/\/www.yucatanencorto.com\/noticias\/?p=99453"},"modified":"2023-08-07T17:15:04","modified_gmt":"2023-08-07T23:15:04","slug":"rommel-visita-kantunil-sotuta-homun-y-cuzama","status":"publish","type":"post","link":"https:\/\/www.yucatanencorto.com\/noticias\/rommel-visita-kantunil-sotuta-homun-y-cuzama\/","title":{"rendered":"Rommel visita Kantunil, Sotuta, Hom\u00fan y Cuzam\u00e1"},"content":{"rendered":"<p><img loading=\"lazy\" decoding=\"async\" class=\"alignnone size-full wp-image-99454\" src=\"https:\/\/www.yucatanencorto.com\/noticias\/wp-content\/uploads\/2023\/08\/WhatsApp-Image-2023-08-07-at-4.47.32-PM-2.jpeg\" alt=\"\" width=\"720\" height=\"540\" srcset=\"https:\/\/www.yucatanencorto.com\/noticias\/wp-content\/uploads\/2023\/08\/WhatsApp-Image-2023-08-07-at-4.47.32-PM-2.jpeg 720w, https:\/\/www.yucatanencorto.com\/noticias\/wp-content\/uploads\/2023\/08\/WhatsApp-Image-2023-08-07-at-4.47.32-PM-2-696x522.jpeg 696w, https:\/\/www.yucatanencorto.com\/noticias\/wp-content\/uploads\/2023\/08\/WhatsApp-Image-2023-08-07-at-4.47.32-PM-2-560x420.jpeg 560w, https:\/\/www.yucatanencorto.com\/noticias\/wp-content\/uploads\/2023\/08\/WhatsApp-Image-2023-08-07-at-4.47.32-PM-2-80x60.jpeg 80w, https:\/\/www.yucatanencorto.com\/noticias\/wp-content\/uploads\/2023\/08\/WhatsApp-Image-2023-08-07-at-4.47.32-PM-2-265x198.jpeg 265w\" sizes=\"auto, (max-width: 720px) 100vw, 720px\" \/>M\u00e9rida, Yucat\u00e1n, a 07 de Agosto de 2023 (Bolet\u00edn).- Rommel Pacheco, diputado federal por Yucat\u00e1n, tuvo una intensa jornada de este fin de semana con gira de trabajo en diversos municipios y actividades recreativas de verano para los ciudadanos tanto en M\u00e9rida como en el puerto de Progreso.<\/p>\n<p>En gira de trabajo este viernes, Rommel continu\u00f3 llevando La Ruta de la Victoria a todo el Estado. Inici\u00f3 en Kantunil en donde sostuvo una reuni\u00f3n con la presidenta municipal Mtra. Lorena Gamboa a fin de constatar el trabajo que se viene realizando en el municipio. Durante la reuni\u00f3n escuch\u00f3 con atenci\u00f3n a la Alcaldesa y le reafirm\u00f3 que seguir\u00e1 trabajando en equipo por el deporte en Kantunil y Yucat\u00e1n.<\/p>\n<p>Al t\u00e9rmino de la reuni\u00f3n, hicieron un recorrido para constatar los talleres del programa municipal \u00abDivertiVerano 2023\u00bb y despu\u00e9s se dio tiempo para visitar la comisar\u00eda de Holc\u00e1 en donde visito y saludo a los vecinos. Rumbo a Kantunil, Rommel y Lylo hicieron una primera escala para desayunar en el municipio de Yaxcab\u00e1.<\/p>\n<p>Posteriomente #LaRutaDeLaVictoria lleg\u00f3 a Sotuta en donde hubo reuni\u00f3n con el Presidente Municipal Jacobo Cuxim Alfaro a quien reconoci\u00f3 que como joven se haya involucrado en atender las necesidades de su Municipio y est\u00e9 tomando la batuta de esta generaci\u00f3n para hacer los cambios que se necesitan en Yucat\u00e1n.<\/p>\n<p>En Hom\u00fan, municipio conocido a nivel tur\u00edstico por sus impresionantes cenotes, el Diputado Federal por Yucat\u00e1n se reuni\u00f3 con los gu\u00edas de turistas para contarles de las iniciativas que presentado en el Congreso la Uni\u00f3n para la promoci\u00f3n del turismo en nuestro Pa\u00eds y tambi\u00e9n escuchar las necesidades que tienen para poder ayudarlos. En el camino, Rommel estuvo tambi\u00e9n en Huh\u00ed en donde se detuvo a recorrer las calles del Pueblo y saludar a las personas a su paso.<\/p>\n<p>La \u00faltima parada de la gira fue en Cuzam\u00e1, en donde junto con el alcalde V\u00edctor Manuel Soberanis entregaron material deportivo de futbol y de basquetbol a j\u00f3venes en la comisar\u00eda de Eknak\u00e1n y aprovech\u00f3 para motivar a ni\u00f1os, j\u00f3venes y adultos a alcanzar sus propias victorias y a quienes prometi\u00f3 seguir trabajando y haciendo equipo por Yucat\u00e1n y por el deporte.<\/p>\n<p>El s\u00e1bado Rommel, acompa\u00f1ado por su esposa Lylo, estuvieron presentes en el Parque Emancipaci\u00f3n de Vergel II donde se realiz\u00f3 \u201cBailando por Yucat\u00e1n\u201d con la participaci\u00f3n musical de El Fresa y la Sentencia y Ricky Thiam. Los vecinos recibieron a Rommel entre aplausos y porras de \u201cRommel Gobernador\u201d,a lo que \u00e9l respondi\u00f3: \u00abLa ruta ya est\u00e1 trazada, solo es darle para adelante, duro y para adelante\u00bb<\/p>\n<p>Durante la ma\u00f1ana del s\u00e1bado, el dirigente nacional del PAN, Marko Cort\u00e9s, mencion\u00f3 aqu\u00ed en M\u00e9rida en entrevista con medios de comunicaci\u00f3n que Rommel est\u00e1 entre los aspirantes a ser candidato a la Gubernatura y a la Alcald\u00eda, lo cual se definir\u00e1 a trav\u00e9s de una encuesta interna en los pr\u00f3ximos d\u00edas. Al respecto Rommel expres\u00f3 estar confiado \u201cporque vamos arriba gracias al trabajo y la cercan\u00eda con los ciudadanos en cada uno de los municipios.<\/p>\n<p>El domingo inici\u00f3 actividades temprano con la expo bazar \u201cMoloch Altruista\u201d, que se realiz\u00f3 de 9 am a 5 pm en el Gran Museo del Mundo Maya, con la participaci\u00f3n de m\u00e1s de 30 asociaciones civiles y cuyas ventas servir\u00e1n para apoyar sus distintas causas.<\/p>\n<p>Posteriormente estuvo presente en el YUCATL\u00d3N PROGRESO evento que tuvo como objetivo ayudar a las siguientes asociaciones: Sanando Corazones Perrunos de Yucat\u00e1n con el equipo rojo y Adultos en Plenitud con el equipo azul y al que se sumaron personajes reconocidos del deporte, el espect\u00e1culo y las redes sociales como Tila Mar\u00eda Sesto, Maritere Braga, Alex Alpuche, Daniel Vargas, Eduardo \u201cEl Yuca\u201d Fern\u00e1ndez, Joelly Torres, Habanero, Tita Hagar, Oscar Mena y por supuesto Lylo Fa.<\/p>\n<p>Por la tarde, finalmente Rommel y Lylo acudieron al partido de sofbol de las Amazonas de Yaxunah que ser realiz\u00f3 en el campo deportivo de la colonia Esperanza. A pesar de estar indispuesto desde el pasado viernes, Rommel cumpli\u00f3 con asistir y participar en todas sus actividades agendadas demostrando su compromiso con la gente.<\/p>\n","protected":false},"excerpt":{"rendered":"<p>M\u00e9rida, Yucat\u00e1n, a 07 de Agosto de 2023 (Bolet\u00edn).- Rommel Pacheco, diputado federal por Yucat\u00e1n, tuvo una intensa jornada de este fin de semana con gira de trabajo en diversos municipios y actividades recreativas de verano para los ciudadanos tanto en M\u00e9rida como en el puerto de Progreso. En gira de trabajo este viernes, Rommel [&hellip;]<\/p>\n","protected":false},"author":3,"featured_media":99454,"comment_status":"closed","ping_status":"closed","sticky":false,"template":"","format":"standard","meta":{"footnotes":""},"categories":[3],"tags":[],"class_list":{"0":"post-99453","1":"post","2":"type-post","3":"status-publish","4":"format-standard","5":"has-post-thumbnail","7":"category-yucatan"},"yoast_head":"<!-- This site is optimized with the Yoast SEO plugin v27.5 - https:\/\/yoast.com\/product\/yoast-seo-wordpress\/ -->\n<title>Rommel visita Kantunil, Sotuta, Hom\u00fan y Cuzam\u00e1 - Yucat\u00e1n en corto<\/title>\n<meta name=\"robots\" content=\"index, follow, max-snippet:-1, max-image-preview:large, max-video-preview:-1\" \/>\n<link rel=\"canonical\" href=\"https:\/\/www.yucatanencorto.com\/noticias\/rommel-visita-kantunil-sotuta-homun-y-cuzama\/\" \/>\n<meta property=\"og:locale\" content=\"es_ES\" \/>\n<meta property=\"og:type\" content=\"article\" \/>\n<meta property=\"og:title\" content=\"Rommel visita Kantunil, Sotuta, Hom\u00fan y Cuzam\u00e1 - Yucat\u00e1n en corto\" \/>\n<meta property=\"og:description\" content=\"M\u00e9rida, Yucat\u00e1n, a 07 de Agosto de 2023 (Bolet\u00edn).- Rommel Pacheco, diputado federal por Yucat\u00e1n, tuvo una intensa jornada de este fin de semana con gira de trabajo en diversos municipios y actividades recreativas de verano para los ciudadanos tanto en M\u00e9rida como en el puerto de Progreso. En gira de trabajo este viernes, Rommel [&hellip;]\" \/>\n<meta property=\"og:url\" content=\"https:\/\/www.yucatanencorto.com\/noticias\/rommel-visita-kantunil-sotuta-homun-y-cuzama\/\" \/>\n<meta property=\"og:site_name\" content=\"Yucat\u00e1n en corto\" \/>\n<meta property=\"article:publisher\" content=\"http:\/\/www.facebook.com\/yucatanencorto\" \/>\n<meta property=\"article:published_time\" content=\"2023-08-07T23:15:04+00:00\" \/>\n<meta property=\"og:image\" content=\"https:\/\/www.yucatanencorto.com\/noticias\/wp-content\/uploads\/2023\/08\/WhatsApp-Image-2023-08-07-at-4.47.32-PM-2.jpeg\" \/>\n\t<meta property=\"og:image:width\" content=\"720\" \/>\n\t<meta property=\"og:image:height\" content=\"540\" \/>\n\t<meta property=\"og:image:type\" content=\"image\/jpeg\" \/>\n<meta name=\"author\" content=\"Redes\" \/>\n<meta name=\"twitter:card\" content=\"summary_large_image\" \/>\n<meta name=\"twitter:creator\" content=\"@yucatanencorto\" \/>\n<meta name=\"twitter:site\" content=\"@yucatanencorto\" \/>\n<meta name=\"twitter:label1\" content=\"Escrito por\" \/>\n\t<meta name=\"twitter:data1\" content=\"Redes\" \/>\n\t<meta name=\"twitter:label2\" content=\"Tiempo de lectura\" \/>\n\t<meta name=\"twitter:data2\" content=\"4 minutos\" \/>\n<script type=\"application\/ld+json\" class=\"yoast-schema-graph\">{\"@context\":\"https:\\\/\\\/schema.org\",\"@graph\":[{\"@type\":\"Article\",\"@id\":\"https:\\\/\\\/www.yucatanencorto.com\\\/noticias\\\/rommel-visita-kantunil-sotuta-homun-y-cuzama\\\/#article\",\"isPartOf\":{\"@id\":\"https:\\\/\\\/www.yucatanencorto.com\\\/noticias\\\/rommel-visita-kantunil-sotuta-homun-y-cuzama\\\/\"},\"author\":{\"name\":\"Redes\",\"@id\":\"https:\\\/\\\/www.yucatanencorto.com\\\/noticias\\\/#\\\/schema\\\/person\\\/e2fbdfaf30a07014a43940ce989f3119\"},\"headline\":\"Rommel visita Kantunil, Sotuta, Hom\u00fan y Cuzam\u00e1\",\"datePublished\":\"2023-08-07T23:15:04+00:00\",\"mainEntityOfPage\":{\"@id\":\"https:\\\/\\\/www.yucatanencorto.com\\\/noticias\\\/rommel-visita-kantunil-sotuta-homun-y-cuzama\\\/\"},\"wordCount\":736,\"image\":{\"@id\":\"https:\\\/\\\/www.yucatanencorto.com\\\/noticias\\\/rommel-visita-kantunil-sotuta-homun-y-cuzama\\\/#primaryimage\"},\"thumbnailUrl\":\"https:\\\/\\\/www.yucatanencorto.com\\\/noticias\\\/wp-content\\\/uploads\\\/2023\\\/08\\\/WhatsApp-Image-2023-08-07-at-4.47.32-PM-2.jpeg\",\"articleSection\":[\"Yucat\u00e1n\"],\"inLanguage\":\"es\"},{\"@type\":\"WebPage\",\"@id\":\"https:\\\/\\\/www.yucatanencorto.com\\\/noticias\\\/rommel-visita-kantunil-sotuta-homun-y-cuzama\\\/\",\"url\":\"https:\\\/\\\/www.yucatanencorto.com\\\/noticias\\\/rommel-visita-kantunil-sotuta-homun-y-cuzama\\\/\",\"name\":\"Rommel visita Kantunil, Sotuta, Hom\u00fan y Cuzam\u00e1 - Yucat\u00e1n en corto\",\"isPartOf\":{\"@id\":\"https:\\\/\\\/www.yucatanencorto.com\\\/noticias\\\/#website\"},\"primaryImageOfPage\":{\"@id\":\"https:\\\/\\\/www.yucatanencorto.com\\\/noticias\\\/rommel-visita-kantunil-sotuta-homun-y-cuzama\\\/#primaryimage\"},\"image\":{\"@id\":\"https:\\\/\\\/www.yucatanencorto.com\\\/noticias\\\/rommel-visita-kantunil-sotuta-homun-y-cuzama\\\/#primaryimage\"},\"thumbnailUrl\":\"https:\\\/\\\/www.yucatanencorto.com\\\/noticias\\\/wp-content\\\/uploads\\\/2023\\\/08\\\/WhatsApp-Image-2023-08-07-at-4.47.32-PM-2.jpeg\",\"datePublished\":\"2023-08-07T23:15:04+00:00\",\"author\":{\"@id\":\"https:\\\/\\\/www.yucatanencorto.com\\\/noticias\\\/#\\\/schema\\\/person\\\/e2fbdfaf30a07014a43940ce989f3119\"},\"breadcrumb\":{\"@id\":\"https:\\\/\\\/www.yucatanencorto.com\\\/noticias\\\/rommel-visita-kantunil-sotuta-homun-y-cuzama\\\/#breadcrumb\"},\"inLanguage\":\"es\",\"potentialAction\":[{\"@type\":\"ReadAction\",\"target\":[\"https:\\\/\\\/www.yucatanencorto.com\\\/noticias\\\/rommel-visita-kantunil-sotuta-homun-y-cuzama\\\/\"]}]},{\"@type\":\"ImageObject\",\"inLanguage\":\"es\",\"@id\":\"https:\\\/\\\/www.yucatanencorto.com\\\/noticias\\\/rommel-visita-kantunil-sotuta-homun-y-cuzama\\\/#primaryimage\",\"url\":\"https:\\\/\\\/www.yucatanencorto.com\\\/noticias\\\/wp-content\\\/uploads\\\/2023\\\/08\\\/WhatsApp-Image-2023-08-07-at-4.47.32-PM-2.jpeg\",\"contentUrl\":\"https:\\\/\\\/www.yucatanencorto.com\\\/noticias\\\/wp-content\\\/uploads\\\/2023\\\/08\\\/WhatsApp-Image-2023-08-07-at-4.47.32-PM-2.jpeg\",\"width\":720,\"height\":540},{\"@type\":\"BreadcrumbList\",\"@id\":\"https:\\\/\\\/www.yucatanencorto.com\\\/noticias\\\/rommel-visita-kantunil-sotuta-homun-y-cuzama\\\/#breadcrumb\",\"itemListElement\":[{\"@type\":\"ListItem\",\"position\":1,\"name\":\"Portada\",\"item\":\"https:\\\/\\\/www.yucatanencorto.com\\\/noticias\\\/\"},{\"@type\":\"ListItem\",\"position\":2,\"name\":\"Rommel visita Kantunil, Sotuta, Hom\u00fan y Cuzam\u00e1\"}]},{\"@type\":\"WebSite\",\"@id\":\"https:\\\/\\\/www.yucatanencorto.com\\\/noticias\\\/#website\",\"url\":\"https:\\\/\\\/www.yucatanencorto.com\\\/noticias\\\/\",\"name\":\"Yucat\u00e1n en corto\",\"description\":\"Noticias\",\"potentialAction\":[{\"@type\":\"SearchAction\",\"target\":{\"@type\":\"EntryPoint\",\"urlTemplate\":\"https:\\\/\\\/www.yucatanencorto.com\\\/noticias\\\/?s={search_term_string}\"},\"query-input\":{\"@type\":\"PropertyValueSpecification\",\"valueRequired\":true,\"valueName\":\"search_term_string\"}}],\"inLanguage\":\"es\"},{\"@type\":\"Person\",\"@id\":\"https:\\\/\\\/www.yucatanencorto.com\\\/noticias\\\/#\\\/schema\\\/person\\\/e2fbdfaf30a07014a43940ce989f3119\",\"name\":\"Redes\",\"image\":{\"@type\":\"ImageObject\",\"inLanguage\":\"es\",\"@id\":\"https:\\\/\\\/secure.gravatar.com\\\/avatar\\\/5931a2d21dd7cc834f44c8c34fe56d90ed6d536ef452cbf870c7485b524dddd7?s=96&d=mm&r=g\",\"url\":\"https:\\\/\\\/secure.gravatar.com\\\/avatar\\\/5931a2d21dd7cc834f44c8c34fe56d90ed6d536ef452cbf870c7485b524dddd7?s=96&d=mm&r=g\",\"contentUrl\":\"https:\\\/\\\/secure.gravatar.com\\\/avatar\\\/5931a2d21dd7cc834f44c8c34fe56d90ed6d536ef452cbf870c7485b524dddd7?s=96&d=mm&r=g\",\"caption\":\"Redes\"},\"url\":\"https:\\\/\\\/www.yucatanencorto.com\\\/noticias\\\/author\\\/redes\\\/\"}]}<\/script>\n<!-- \/ Yoast SEO plugin. -->","yoast_head_json":{"title":"Rommel visita Kantunil, Sotuta, Hom\u00fan y Cuzam\u00e1 - Yucat\u00e1n en corto","robots":{"index":"index","follow":"follow","max-snippet":"max-snippet:-1","max-image-preview":"max-image-preview:large","max-video-preview":"max-video-preview:-1"},"canonical":"https:\/\/www.yucatanencorto.com\/noticias\/rommel-visita-kantunil-sotuta-homun-y-cuzama\/","og_locale":"es_ES","og_type":"article","og_title":"Rommel visita Kantunil, Sotuta, Hom\u00fan y Cuzam\u00e1 - Yucat\u00e1n en corto","og_description":"M\u00e9rida, Yucat\u00e1n, a 07 de Agosto de 2023 (Bolet\u00edn).- Rommel Pacheco, diputado federal por Yucat\u00e1n, tuvo una intensa jornada de este fin de semana con gira de trabajo en diversos municipios y actividades recreativas de verano para los ciudadanos tanto en M\u00e9rida como en el puerto de Progreso. En gira de trabajo este viernes, Rommel [&hellip;]","og_url":"https:\/\/www.yucatanencorto.com\/noticias\/rommel-visita-kantunil-sotuta-homun-y-cuzama\/","og_site_name":"Yucat\u00e1n en corto","article_publisher":"http:\/\/www.facebook.com\/yucatanencorto","article_published_time":"2023-08-07T23:15:04+00:00","og_image":[{"width":720,"height":540,"url":"https:\/\/www.yucatanencorto.com\/noticias\/wp-content\/uploads\/2023\/08\/WhatsApp-Image-2023-08-07-at-4.47.32-PM-2.jpeg","type":"image\/jpeg"}],"author":"Redes","twitter_card":"summary_large_image","twitter_creator":"@yucatanencorto","twitter_site":"@yucatanencorto","twitter_misc":{"Escrito por":"Redes","Tiempo de lectura":"4 minutos"},"schema":{"@context":"https:\/\/schema.org","@graph":[{"@type":"Article","@id":"https:\/\/www.yucatanencorto.com\/noticias\/rommel-visita-kantunil-sotuta-homun-y-cuzama\/#article","isPartOf":{"@id":"https:\/\/www.yucatanencorto.com\/noticias\/rommel-visita-kantunil-sotuta-homun-y-cuzama\/"},"author":{"name":"Redes","@id":"https:\/\/www.yucatanencorto.com\/noticias\/#\/schema\/person\/e2fbdfaf30a07014a43940ce989f3119"},"headline":"Rommel visita Kantunil, Sotuta, Hom\u00fan y Cuzam\u00e1","datePublished":"2023-08-07T23:15:04+00:00","mainEntityOfPage":{"@id":"https:\/\/www.yucatanencorto.com\/noticias\/rommel-visita-kantunil-sotuta-homun-y-cuzama\/"},"wordCount":736,"image":{"@id":"https:\/\/www.yucatanencorto.com\/noticias\/rommel-visita-kantunil-sotuta-homun-y-cuzama\/#primaryimage"},"thumbnailUrl":"https:\/\/www.yucatanencorto.com\/noticias\/wp-content\/uploads\/2023\/08\/WhatsApp-Image-2023-08-07-at-4.47.32-PM-2.jpeg","articleSection":["Yucat\u00e1n"],"inLanguage":"es"},{"@type":"WebPage","@id":"https:\/\/www.yucatanencorto.com\/noticias\/rommel-visita-kantunil-sotuta-homun-y-cuzama\/","url":"https:\/\/www.yucatanencorto.com\/noticias\/rommel-visita-kantunil-sotuta-homun-y-cuzama\/","name":"Rommel visita Kantunil, Sotuta, Hom\u00fan y Cuzam\u00e1 - Yucat\u00e1n en corto","isPartOf":{"@id":"https:\/\/www.yucatanencorto.com\/noticias\/#website"},"primaryImageOfPage":{"@id":"https:\/\/www.yucatanencorto.com\/noticias\/rommel-visita-kantunil-sotuta-homun-y-cuzama\/#primaryimage"},"image":{"@id":"https:\/\/www.yucatanencorto.com\/noticias\/rommel-visita-kantunil-sotuta-homun-y-cuzama\/#primaryimage"},"thumbnailUrl":"https:\/\/www.yucatanencorto.com\/noticias\/wp-content\/uploads\/2023\/08\/WhatsApp-Image-2023-08-07-at-4.47.32-PM-2.jpeg","datePublished":"2023-08-07T23:15:04+00:00","author":{"@id":"https:\/\/www.yucatanencorto.com\/noticias\/#\/schema\/person\/e2fbdfaf30a07014a43940ce989f3119"},"breadcrumb":{"@id":"https:\/\/www.yucatanencorto.com\/noticias\/rommel-visita-kantunil-sotuta-homun-y-cuzama\/#breadcrumb"},"inLanguage":"es","potentialAction":[{"@type":"ReadAction","target":["https:\/\/www.yucatanencorto.com\/noticias\/rommel-visita-kantunil-sotuta-homun-y-cuzama\/"]}]},{"@type":"ImageObject","inLanguage":"es","@id":"https:\/\/www.yucatanencorto.com\/noticias\/rommel-visita-kantunil-sotuta-homun-y-cuzama\/#primaryimage","url":"https:\/\/www.yucatanencorto.com\/noticias\/wp-content\/uploads\/2023\/08\/WhatsApp-Image-2023-08-07-at-4.47.32-PM-2.jpeg","contentUrl":"https:\/\/www.yucatanencorto.com\/noticias\/wp-content\/uploads\/2023\/08\/WhatsApp-Image-2023-08-07-at-4.47.32-PM-2.jpeg","width":720,"height":540},{"@type":"BreadcrumbList","@id":"https:\/\/www.yucatanencorto.com\/noticias\/rommel-visita-kantunil-sotuta-homun-y-cuzama\/#breadcrumb","itemListElement":[{"@type":"ListItem","position":1,"name":"Portada","item":"https:\/\/www.yucatanencorto.com\/noticias\/"},{"@type":"ListItem","position":2,"name":"Rommel visita Kantunil, Sotuta, Hom\u00fan y Cuzam\u00e1"}]},{"@type":"WebSite","@id":"https:\/\/www.yucatanencorto.com\/noticias\/#website","url":"https:\/\/www.yucatanencorto.com\/noticias\/","name":"Yucat\u00e1n en corto","description":"Noticias","potentialAction":[{"@type":"SearchAction","target":{"@type":"EntryPoint","urlTemplate":"https:\/\/www.yucatanencorto.com\/noticias\/?s={search_term_string}"},"query-input":{"@type":"PropertyValueSpecification","valueRequired":true,"valueName":"search_term_string"}}],"inLanguage":"es"},{"@type":"Person","@id":"https:\/\/www.yucatanencorto.com\/noticias\/#\/schema\/person\/e2fbdfaf30a07014a43940ce989f3119","name":"Redes","image":{"@type":"ImageObject","inLanguage":"es","@id":"https:\/\/secure.gravatar.com\/avatar\/5931a2d21dd7cc834f44c8c34fe56d90ed6d536ef452cbf870c7485b524dddd7?s=96&d=mm&r=g","url":"https:\/\/secure.gravatar.com\/avatar\/5931a2d21dd7cc834f44c8c34fe56d90ed6d536ef452cbf870c7485b524dddd7?s=96&d=mm&r=g","contentUrl":"https:\/\/secure.gravatar.com\/avatar\/5931a2d21dd7cc834f44c8c34fe56d90ed6d536ef452cbf870c7485b524dddd7?s=96&d=mm&r=g","caption":"Redes"},"url":"https:\/\/www.yucatanencorto.com\/noticias\/author\/redes\/"}]}},"_links":{"self":[{"href":"https:\/\/www.yucatanencorto.com\/noticias\/wp-json\/wp\/v2\/posts\/99453","targetHints":{"allow":["GET"]}}],"collection":[{"href":"https:\/\/www.yucatanencorto.com\/noticias\/wp-json\/wp\/v2\/posts"}],"about":[{"href":"https:\/\/www.yucatanencorto.com\/noticias\/wp-json\/wp\/v2\/types\/post"}],"author":[{"embeddable":true,"href":"https:\/\/www.yucatanencorto.com\/noticias\/wp-json\/wp\/v2\/users\/3"}],"replies":[{"embeddable":true,"href":"https:\/\/www.yucatanencorto.com\/noticias\/wp-json\/wp\/v2\/comments?post=99453"}],"version-history":[{"count":0,"href":"https:\/\/www.yucatanencorto.com\/noticias\/wp-json\/wp\/v2\/posts\/99453\/revisions"}],"wp:featuredmedia":[{"embeddable":true,"href":"https:\/\/www.yucatanencorto.com\/noticias\/wp-json\/wp\/v2\/media\/99454"}],"wp:attachment":[{"href":"https:\/\/www.yucatanencorto.com\/noticias\/wp-json\/wp\/v2\/media?parent=99453"}],"wp:term":[{"taxonomy":"category","embeddable":true,"href":"https:\/\/www.yucatanencorto.com\/noticias\/wp-json\/wp\/v2\/categories?post=99453"},{"taxonomy":"post_tag","embeddable":true,"href":"https:\/\/www.yucatanencorto.com\/noticias\/wp-json\/wp\/v2\/tags?post=99453"}],"curies":[{"name":"wp","href":"https:\/\/api.w.org\/{rel}","templated":true}]}}