{"id":99456,"date":"2023-08-07T17:55:27","date_gmt":"2023-08-07T23:55:27","guid":{"rendered":"https:\/\/www.yucatanencorto.com\/noticias\/?p=99456"},"modified":"2023-08-07T17:55:27","modified_gmt":"2023-08-07T23:55:27","slug":"renan-barrera-recibe-el-respaldo-de-los-representantes-de-la-sociedad","status":"publish","type":"post","link":"https:\/\/www.yucatanencorto.com\/noticias\/renan-barrera-recibe-el-respaldo-de-los-representantes-de-la-sociedad\/","title":{"rendered":"Ren\u00e1n Barrera recibe el respaldo de los representantes de la sociedad"},"content":{"rendered":"<p><img loading=\"lazy\" decoding=\"async\" class=\"alignnone size-full wp-image-99457\" src=\"https:\/\/www.yucatanencorto.com\/noticias\/wp-content\/uploads\/2023\/08\/WhatsApp-Image-2023-08-07-at-5.51.57-PM-scaled.jpeg\" alt=\"\" width=\"768\" height=\"604\" srcset=\"https:\/\/www.yucatanencorto.com\/noticias\/wp-content\/uploads\/2023\/08\/WhatsApp-Image-2023-08-07-at-5.51.57-PM-scaled.jpeg 768w, https:\/\/www.yucatanencorto.com\/noticias\/wp-content\/uploads\/2023\/08\/WhatsApp-Image-2023-08-07-at-5.51.57-PM-696x547.jpeg 696w, https:\/\/www.yucatanencorto.com\/noticias\/wp-content\/uploads\/2023\/08\/WhatsApp-Image-2023-08-07-at-5.51.57-PM-1068x840.jpeg 1068w, https:\/\/www.yucatanencorto.com\/noticias\/wp-content\/uploads\/2023\/08\/WhatsApp-Image-2023-08-07-at-5.51.57-PM-534x420.jpeg 534w\" sizes=\"auto, (max-width: 768px) 100vw, 768px\" \/>M\u00e9rida, Yucat\u00e1n a 07 de agosto de 2023.- El segundo a\u00f1o de la administraci\u00f3n del Alcalde de M\u00e9rida, Ren\u00e1n Barrera Concha, recibi\u00f3 el respaldo de las y los presidentes municipales yucatecos y actores pol\u00edticos al considerarlo un ejemplo de crecimiento parejo, igualdad de oportunidades y programas enfocados a abatir la pobreza, elevar la calidad de vida y crear entornos seguros para las familias.<br \/>\nEn el marco del II Informe de Resultados del Alcalde de M\u00e9rida, realizado en las instalaciones del Centro de Convenciones Yucat\u00e1n Siglo XXI, ediles yucatecos elogiaron las acciones enfocadas a mejorar las oportunidades econ\u00f3micas, brindar seguridad, dotar a la ciudad de m\u00e1s infraestructura urbana, servicios p\u00fablicos, desarrollo social, turismo y movilidad en beneficio de todas y todos los habitantes.<br \/>\nAl respecto, el Alcalde de Tekax, Diego \u00c1vila Romero M\u00e9rida, consider\u00f3 que M\u00e9rida es el m\u00e1ximo referente para los municipios del interior del Estado en cuanto a coordinaci\u00f3n entre niveles de Gobierno para la creaci\u00f3n de proyectos que impacten de manera positiva los sectores econ\u00f3micos y sociales en la ciudad.<br \/>\n\u201cM\u00e9rida es el ejemplo a seguir, es el hermano mayor de todos porque nos ha ayudado much\u00edsimo en darnos esa gu\u00eda de c\u00f3mo deber\u00eda estar bien estructurado un Ayuntamiento, se ven los resultados de los trabajos en la ciudad y el trabajo en equipo porque en estos \u00faltimos dos a\u00f1os es una combinaci\u00f3n de fuerzas entre el gobierno estatal, municipal y federal\u201d, expres\u00f3.<br \/>\nAsimismo, felicit\u00f3 a Barrera Concha por privilegiar el trabajo coordinado y generar m\u00e1s condiciones de participaci\u00f3n ciudadana, donde las y los habitantes se involucran en las decisiones gubernamentales logrando as\u00ed consolidar importantes proyectos para el desarrollo de la ciudad.<br \/>\n\u201cSon unos de los pioneros en implementar todo el tema de participaci\u00f3n ciudadana, que es una clave para escuchar a la ciudadan\u00eda y moldear los proyectos que se aterrizan en las colonias y comisar\u00edas, por ello, Barrera Concha nos ha apoyado mucho para darnos esa gu\u00eda y hemos ido implement\u00e1ndolo poco a poco\u201d, expuso.<br \/>\nPor su parte, el Alcalde de Kanas\u00edn, Edwin Boj\u00f3rquez Ram\u00edrez, destac\u00f3 que el Ayuntamiento de M\u00e9rida es ejemplo de gobierno para los municipios yucatecos, sobre todo para planear y afrontar el reto que implica dise\u00f1ar pol\u00edticas p\u00fablicas que atiendan el crecimiento acelerado de las ciudades.<br \/>\n\u201cMuchas de esas pol\u00edticas, no s\u00f3lo son ejemplo para muchos municipios del Estado, sino que son ejemplos a nivel nacional pues hay logros importantes en el tema de la atenci\u00f3n de los servicios p\u00fablicos, en movilidad y en el desarrollo conurbado de la capital con municipios como el nuestro\u201d, coment\u00f3.<br \/>\nExpuso que el Gobierno del Estado de Yucat\u00e1n y el Alcalde de M\u00e9rida tienen la voluntad para trabajar coordinados con las y los alcaldes de Yucat\u00e1n, en especial con proyectos que involucran la participaci\u00f3n de los municipios, como el proyecto del Ie-Tram que ser\u00e1 un nuevo sistema de transporte que beneficiar\u00e1 a la zona conurbada como en caso de Um\u00e1n.<br \/>\nOtro de los proyectos que resalt\u00f3 fue el programa \u201cEn Bici\u201d, que tambi\u00e9n ser\u00e1 ben\u00e9fico para las y los habitantes de Kanas\u00edn, pues un gran porcentaje de la poblaci\u00f3n trabaja en M\u00e9rida y contar\u00e1n con esta opci\u00f3n de movilidad que les ayudar\u00e1 a cuidar su econom\u00eda y facilitar el enlace con las principales rutas de transporte p\u00fablico.<br \/>\nPor su parte Ana Rosa Pay\u00e1n Cervera, ex alcaldesa de M\u00e9rida, reconoci\u00f3 el trabajo emprendido por el Alcalde Ren\u00e1n Barrera, que desde la primera vez que estuvo al frente de M\u00e9rida, procur\u00f3 que exista un desarrollo ordenado y equilibrado para las y los habitantes del Municipio.<br \/>\n\u201cEs una tarea inmensa, ha sido un reto de todos los d\u00edas para el Alcalde y no me cabe la menor duda de que ha sido un trayecto con sus dificultades, pero con sus logros y sus grandes avances\u201d, coment\u00f3.<br \/>\nConsider\u00f3 que la creaci\u00f3n de la Secretar\u00eda de Participaci\u00f3n Ciudadana ha sido un parteaguas en la manera de gobernar en M\u00e9rida, pues acerca a\u00fan m\u00e1s a las autoridades con las necesidades reales de la poblaci\u00f3n.<br \/>\n\u201cEso es muy bueno, que la gente hable, participe y se involucre en los temas de la ciudad creo que es fundamental para el crecimiento de toda administraci\u00f3n y principalmente este organismo tan amplio que es M\u00e9rida\u201d, se\u00f1al\u00f3.<br \/>\nA su vez, el ex Alcalde de M\u00e9rida, C\u00e9sar Boj\u00f3rquez Zapata, coment\u00f3 que los cambios en la ciudad son cada vez m\u00e1s relevantes, principalmente en materia de servicios p\u00fablicos donde se brinda atenci\u00f3n inmediata a las solicitudes de la ciudadan\u00eda.<br \/>\n\u201cEs lo que mantiene a la ciudad estable, tur\u00edstica, segura y con un desarrollo econ\u00f3mico tremendo; definitivamente cada alcalde que ha pasado, en particular Ren\u00e1n Barrera, han colocado su granito de arena, para transformar a M\u00e9rida en una ciudad con grandes servicios para todas y todos\u201d, sostuvo.<br \/>\nPara Levy Abraham Macari, presidente de la C\u00e1mara Nacional de Comercio, Servicios y Turismo de M\u00e9rida (Canaco-Servitur), indic\u00f3 que Barrera Concha realiza un trabajo comprometido que ha dado grandes resultados, gracias a su experiencia para implementar programas y acciones que permiten el desarrollo del Municipio.<br \/>\n\u201cExisten muchos logros del Alcalde y su administraci\u00f3n, porque tienen mucha experiencia y nos permiten confirmar que la continuidad en los puestos ayuda a reconocer qu\u00e9 necesita la ciudad y como atender esos retos, en este caso, resalta el trabajo arduo para mejorar las pol\u00edticas de transparencia, comunicaci\u00f3n y acercamiento con la ciudadan\u00eda\u201d, expuso.<br \/>\nFinalmente, H\u00e9ctor Alberto Fern\u00e1ndez, secretario general del Frente \u00danico de Trabajadores del Volante (FUTV), extern\u00f3 su benepl\u00e1cito por el crecimiento y desarrollo que ha tenido la ciudad en los \u00faltimos a\u00f1os, sobre todo en materia de obra p\u00fablica y turismo.<br \/>\n\u201cComo taxistas vemos las mejoras de las calles, no s\u00f3lo en bacheo, tambi\u00e9n en las calles nuevas vemos el alumbrado p\u00fablico y qu\u00e9 decir de toda la infraestructura que se est\u00e1 haciendo en el Corredor Tur\u00edstico y Gastron\u00f3mico que traer\u00e1 m\u00e1s visitantes y se convertir\u00e1 en una nueva fuente de ingresos tanto para M\u00e9rida como para el Estado\u201d, concluy\u00f3<\/p>\n","protected":false},"excerpt":{"rendered":"<p>M\u00e9rida, Yucat\u00e1n a 07 de agosto de 2023.- El segundo a\u00f1o de la administraci\u00f3n del Alcalde de M\u00e9rida, Ren\u00e1n Barrera Concha, recibi\u00f3 el respaldo de las y los presidentes municipales yucatecos y actores pol\u00edticos al considerarlo un ejemplo de crecimiento parejo, igualdad de oportunidades y programas enfocados a abatir la pobreza, elevar la calidad de [&hellip;]<\/p>\n","protected":false},"author":3,"featured_media":99457,"comment_status":"closed","ping_status":"closed","sticky":false,"template":"","format":"standard","meta":{"footnotes":""},"categories":[2],"tags":[],"class_list":{"0":"post-99456","1":"post","2":"type-post","3":"status-publish","4":"format-standard","5":"has-post-thumbnail","7":"category-merida"},"yoast_head":"<!-- This site is optimized with the Yoast SEO plugin v27.5 - https:\/\/yoast.com\/product\/yoast-seo-wordpress\/ -->\n<title>Ren\u00e1n Barrera recibe el respaldo de los representantes de la sociedad - Yucat\u00e1n en corto<\/title>\n<meta name=\"robots\" content=\"index, follow, max-snippet:-1, max-image-preview:large, max-video-preview:-1\" \/>\n<link rel=\"canonical\" href=\"https:\/\/www.yucatanencorto.com\/noticias\/renan-barrera-recibe-el-respaldo-de-los-representantes-de-la-sociedad\/\" \/>\n<meta property=\"og:locale\" content=\"es_ES\" \/>\n<meta property=\"og:type\" content=\"article\" \/>\n<meta property=\"og:title\" content=\"Ren\u00e1n Barrera recibe el respaldo de los representantes de la sociedad - Yucat\u00e1n en corto\" \/>\n<meta property=\"og:description\" content=\"M\u00e9rida, Yucat\u00e1n a 07 de agosto de 2023.- El segundo a\u00f1o de la administraci\u00f3n del Alcalde de M\u00e9rida, Ren\u00e1n Barrera Concha, recibi\u00f3 el respaldo de las y los presidentes municipales yucatecos y actores pol\u00edticos al considerarlo un ejemplo de crecimiento parejo, igualdad de oportunidades y programas enfocados a abatir la pobreza, elevar la calidad de [&hellip;]\" \/>\n<meta property=\"og:url\" content=\"https:\/\/www.yucatanencorto.com\/noticias\/renan-barrera-recibe-el-respaldo-de-los-representantes-de-la-sociedad\/\" \/>\n<meta property=\"og:site_name\" content=\"Yucat\u00e1n en corto\" \/>\n<meta property=\"article:publisher\" content=\"http:\/\/www.facebook.com\/yucatanencorto\" \/>\n<meta property=\"article:published_time\" content=\"2023-08-07T23:55:27+00:00\" \/>\n<meta property=\"og:image\" content=\"https:\/\/www.yucatanencorto.com\/noticias\/wp-content\/uploads\/2023\/08\/WhatsApp-Image-2023-08-07-at-5.51.57-PM-scaled.jpeg\" \/>\n\t<meta property=\"og:image:width\" content=\"768\" \/>\n\t<meta property=\"og:image:height\" content=\"604\" \/>\n\t<meta property=\"og:image:type\" content=\"image\/jpeg\" \/>\n<meta name=\"author\" content=\"Redes\" \/>\n<meta name=\"twitter:card\" content=\"summary_large_image\" \/>\n<meta name=\"twitter:creator\" content=\"@yucatanencorto\" \/>\n<meta name=\"twitter:site\" content=\"@yucatanencorto\" \/>\n<meta name=\"twitter:label1\" content=\"Escrito por\" \/>\n\t<meta name=\"twitter:data1\" content=\"Redes\" \/>\n\t<meta name=\"twitter:label2\" content=\"Tiempo de lectura\" \/>\n\t<meta name=\"twitter:data2\" content=\"5 minutos\" \/>\n<script type=\"application\/ld+json\" class=\"yoast-schema-graph\">{\"@context\":\"https:\\\/\\\/schema.org\",\"@graph\":[{\"@type\":\"Article\",\"@id\":\"https:\\\/\\\/www.yucatanencorto.com\\\/noticias\\\/renan-barrera-recibe-el-respaldo-de-los-representantes-de-la-sociedad\\\/#article\",\"isPartOf\":{\"@id\":\"https:\\\/\\\/www.yucatanencorto.com\\\/noticias\\\/renan-barrera-recibe-el-respaldo-de-los-representantes-de-la-sociedad\\\/\"},\"author\":{\"name\":\"Redes\",\"@id\":\"https:\\\/\\\/www.yucatanencorto.com\\\/noticias\\\/#\\\/schema\\\/person\\\/e2fbdfaf30a07014a43940ce989f3119\"},\"headline\":\"Ren\u00e1n Barrera recibe el respaldo de los representantes de la sociedad\",\"datePublished\":\"2023-08-07T23:55:27+00:00\",\"mainEntityOfPage\":{\"@id\":\"https:\\\/\\\/www.yucatanencorto.com\\\/noticias\\\/renan-barrera-recibe-el-respaldo-de-los-representantes-de-la-sociedad\\\/\"},\"wordCount\":1096,\"image\":{\"@id\":\"https:\\\/\\\/www.yucatanencorto.com\\\/noticias\\\/renan-barrera-recibe-el-respaldo-de-los-representantes-de-la-sociedad\\\/#primaryimage\"},\"thumbnailUrl\":\"https:\\\/\\\/www.yucatanencorto.com\\\/noticias\\\/wp-content\\\/uploads\\\/2023\\\/08\\\/WhatsApp-Image-2023-08-07-at-5.51.57-PM-scaled.jpeg\",\"articleSection\":[\"M\u00e9rida\"],\"inLanguage\":\"es\"},{\"@type\":\"WebPage\",\"@id\":\"https:\\\/\\\/www.yucatanencorto.com\\\/noticias\\\/renan-barrera-recibe-el-respaldo-de-los-representantes-de-la-sociedad\\\/\",\"url\":\"https:\\\/\\\/www.yucatanencorto.com\\\/noticias\\\/renan-barrera-recibe-el-respaldo-de-los-representantes-de-la-sociedad\\\/\",\"name\":\"Ren\u00e1n Barrera recibe el respaldo de los representantes de la sociedad - Yucat\u00e1n en corto\",\"isPartOf\":{\"@id\":\"https:\\\/\\\/www.yucatanencorto.com\\\/noticias\\\/#website\"},\"primaryImageOfPage\":{\"@id\":\"https:\\\/\\\/www.yucatanencorto.com\\\/noticias\\\/renan-barrera-recibe-el-respaldo-de-los-representantes-de-la-sociedad\\\/#primaryimage\"},\"image\":{\"@id\":\"https:\\\/\\\/www.yucatanencorto.com\\\/noticias\\\/renan-barrera-recibe-el-respaldo-de-los-representantes-de-la-sociedad\\\/#primaryimage\"},\"thumbnailUrl\":\"https:\\\/\\\/www.yucatanencorto.com\\\/noticias\\\/wp-content\\\/uploads\\\/2023\\\/08\\\/WhatsApp-Image-2023-08-07-at-5.51.57-PM-scaled.jpeg\",\"datePublished\":\"2023-08-07T23:55:27+00:00\",\"author\":{\"@id\":\"https:\\\/\\\/www.yucatanencorto.com\\\/noticias\\\/#\\\/schema\\\/person\\\/e2fbdfaf30a07014a43940ce989f3119\"},\"breadcrumb\":{\"@id\":\"https:\\\/\\\/www.yucatanencorto.com\\\/noticias\\\/renan-barrera-recibe-el-respaldo-de-los-representantes-de-la-sociedad\\\/#breadcrumb\"},\"inLanguage\":\"es\",\"potentialAction\":[{\"@type\":\"ReadAction\",\"target\":[\"https:\\\/\\\/www.yucatanencorto.com\\\/noticias\\\/renan-barrera-recibe-el-respaldo-de-los-representantes-de-la-sociedad\\\/\"]}]},{\"@type\":\"ImageObject\",\"inLanguage\":\"es\",\"@id\":\"https:\\\/\\\/www.yucatanencorto.com\\\/noticias\\\/renan-barrera-recibe-el-respaldo-de-los-representantes-de-la-sociedad\\\/#primaryimage\",\"url\":\"https:\\\/\\\/www.yucatanencorto.com\\\/noticias\\\/wp-content\\\/uploads\\\/2023\\\/08\\\/WhatsApp-Image-2023-08-07-at-5.51.57-PM-scaled.jpeg\",\"contentUrl\":\"https:\\\/\\\/www.yucatanencorto.com\\\/noticias\\\/wp-content\\\/uploads\\\/2023\\\/08\\\/WhatsApp-Image-2023-08-07-at-5.51.57-PM-scaled.jpeg\",\"width\":768,\"height\":604},{\"@type\":\"BreadcrumbList\",\"@id\":\"https:\\\/\\\/www.yucatanencorto.com\\\/noticias\\\/renan-barrera-recibe-el-respaldo-de-los-representantes-de-la-sociedad\\\/#breadcrumb\",\"itemListElement\":[{\"@type\":\"ListItem\",\"position\":1,\"name\":\"Portada\",\"item\":\"https:\\\/\\\/www.yucatanencorto.com\\\/noticias\\\/\"},{\"@type\":\"ListItem\",\"position\":2,\"name\":\"Ren\u00e1n Barrera recibe el respaldo de los representantes de la sociedad\"}]},{\"@type\":\"WebSite\",\"@id\":\"https:\\\/\\\/www.yucatanencorto.com\\\/noticias\\\/#website\",\"url\":\"https:\\\/\\\/www.yucatanencorto.com\\\/noticias\\\/\",\"name\":\"Yucat\u00e1n en corto\",\"description\":\"Noticias\",\"potentialAction\":[{\"@type\":\"SearchAction\",\"target\":{\"@type\":\"EntryPoint\",\"urlTemplate\":\"https:\\\/\\\/www.yucatanencorto.com\\\/noticias\\\/?s={search_term_string}\"},\"query-input\":{\"@type\":\"PropertyValueSpecification\",\"valueRequired\":true,\"valueName\":\"search_term_string\"}}],\"inLanguage\":\"es\"},{\"@type\":\"Person\",\"@id\":\"https:\\\/\\\/www.yucatanencorto.com\\\/noticias\\\/#\\\/schema\\\/person\\\/e2fbdfaf30a07014a43940ce989f3119\",\"name\":\"Redes\",\"image\":{\"@type\":\"ImageObject\",\"inLanguage\":\"es\",\"@id\":\"https:\\\/\\\/secure.gravatar.com\\\/avatar\\\/5931a2d21dd7cc834f44c8c34fe56d90ed6d536ef452cbf870c7485b524dddd7?s=96&d=mm&r=g\",\"url\":\"https:\\\/\\\/secure.gravatar.com\\\/avatar\\\/5931a2d21dd7cc834f44c8c34fe56d90ed6d536ef452cbf870c7485b524dddd7?s=96&d=mm&r=g\",\"contentUrl\":\"https:\\\/\\\/secure.gravatar.com\\\/avatar\\\/5931a2d21dd7cc834f44c8c34fe56d90ed6d536ef452cbf870c7485b524dddd7?s=96&d=mm&r=g\",\"caption\":\"Redes\"},\"url\":\"https:\\\/\\\/www.yucatanencorto.com\\\/noticias\\\/author\\\/redes\\\/\"}]}<\/script>\n<!-- \/ Yoast SEO plugin. -->","yoast_head_json":{"title":"Ren\u00e1n Barrera recibe el respaldo de los representantes de la sociedad - Yucat\u00e1n en corto","robots":{"index":"index","follow":"follow","max-snippet":"max-snippet:-1","max-image-preview":"max-image-preview:large","max-video-preview":"max-video-preview:-1"},"canonical":"https:\/\/www.yucatanencorto.com\/noticias\/renan-barrera-recibe-el-respaldo-de-los-representantes-de-la-sociedad\/","og_locale":"es_ES","og_type":"article","og_title":"Ren\u00e1n Barrera recibe el respaldo de los representantes de la sociedad - Yucat\u00e1n en corto","og_description":"M\u00e9rida, Yucat\u00e1n a 07 de agosto de 2023.- El segundo a\u00f1o de la administraci\u00f3n del Alcalde de M\u00e9rida, Ren\u00e1n Barrera Concha, recibi\u00f3 el respaldo de las y los presidentes municipales yucatecos y actores pol\u00edticos al considerarlo un ejemplo de crecimiento parejo, igualdad de oportunidades y programas enfocados a abatir la pobreza, elevar la calidad de [&hellip;]","og_url":"https:\/\/www.yucatanencorto.com\/noticias\/renan-barrera-recibe-el-respaldo-de-los-representantes-de-la-sociedad\/","og_site_name":"Yucat\u00e1n en corto","article_publisher":"http:\/\/www.facebook.com\/yucatanencorto","article_published_time":"2023-08-07T23:55:27+00:00","og_image":[{"width":768,"height":604,"url":"https:\/\/www.yucatanencorto.com\/noticias\/wp-content\/uploads\/2023\/08\/WhatsApp-Image-2023-08-07-at-5.51.57-PM-scaled.jpeg","type":"image\/jpeg"}],"author":"Redes","twitter_card":"summary_large_image","twitter_creator":"@yucatanencorto","twitter_site":"@yucatanencorto","twitter_misc":{"Escrito por":"Redes","Tiempo de lectura":"5 minutos"},"schema":{"@context":"https:\/\/schema.org","@graph":[{"@type":"Article","@id":"https:\/\/www.yucatanencorto.com\/noticias\/renan-barrera-recibe-el-respaldo-de-los-representantes-de-la-sociedad\/#article","isPartOf":{"@id":"https:\/\/www.yucatanencorto.com\/noticias\/renan-barrera-recibe-el-respaldo-de-los-representantes-de-la-sociedad\/"},"author":{"name":"Redes","@id":"https:\/\/www.yucatanencorto.com\/noticias\/#\/schema\/person\/e2fbdfaf30a07014a43940ce989f3119"},"headline":"Ren\u00e1n Barrera recibe el respaldo de los representantes de la sociedad","datePublished":"2023-08-07T23:55:27+00:00","mainEntityOfPage":{"@id":"https:\/\/www.yucatanencorto.com\/noticias\/renan-barrera-recibe-el-respaldo-de-los-representantes-de-la-sociedad\/"},"wordCount":1096,"image":{"@id":"https:\/\/www.yucatanencorto.com\/noticias\/renan-barrera-recibe-el-respaldo-de-los-representantes-de-la-sociedad\/#primaryimage"},"thumbnailUrl":"https:\/\/www.yucatanencorto.com\/noticias\/wp-content\/uploads\/2023\/08\/WhatsApp-Image-2023-08-07-at-5.51.57-PM-scaled.jpeg","articleSection":["M\u00e9rida"],"inLanguage":"es"},{"@type":"WebPage","@id":"https:\/\/www.yucatanencorto.com\/noticias\/renan-barrera-recibe-el-respaldo-de-los-representantes-de-la-sociedad\/","url":"https:\/\/www.yucatanencorto.com\/noticias\/renan-barrera-recibe-el-respaldo-de-los-representantes-de-la-sociedad\/","name":"Ren\u00e1n Barrera recibe el respaldo de los representantes de la sociedad - Yucat\u00e1n en corto","isPartOf":{"@id":"https:\/\/www.yucatanencorto.com\/noticias\/#website"},"primaryImageOfPage":{"@id":"https:\/\/www.yucatanencorto.com\/noticias\/renan-barrera-recibe-el-respaldo-de-los-representantes-de-la-sociedad\/#primaryimage"},"image":{"@id":"https:\/\/www.yucatanencorto.com\/noticias\/renan-barrera-recibe-el-respaldo-de-los-representantes-de-la-sociedad\/#primaryimage"},"thumbnailUrl":"https:\/\/www.yucatanencorto.com\/noticias\/wp-content\/uploads\/2023\/08\/WhatsApp-Image-2023-08-07-at-5.51.57-PM-scaled.jpeg","datePublished":"2023-08-07T23:55:27+00:00","author":{"@id":"https:\/\/www.yucatanencorto.com\/noticias\/#\/schema\/person\/e2fbdfaf30a07014a43940ce989f3119"},"breadcrumb":{"@id":"https:\/\/www.yucatanencorto.com\/noticias\/renan-barrera-recibe-el-respaldo-de-los-representantes-de-la-sociedad\/#breadcrumb"},"inLanguage":"es","potentialAction":[{"@type":"ReadAction","target":["https:\/\/www.yucatanencorto.com\/noticias\/renan-barrera-recibe-el-respaldo-de-los-representantes-de-la-sociedad\/"]}]},{"@type":"ImageObject","inLanguage":"es","@id":"https:\/\/www.yucatanencorto.com\/noticias\/renan-barrera-recibe-el-respaldo-de-los-representantes-de-la-sociedad\/#primaryimage","url":"https:\/\/www.yucatanencorto.com\/noticias\/wp-content\/uploads\/2023\/08\/WhatsApp-Image-2023-08-07-at-5.51.57-PM-scaled.jpeg","contentUrl":"https:\/\/www.yucatanencorto.com\/noticias\/wp-content\/uploads\/2023\/08\/WhatsApp-Image-2023-08-07-at-5.51.57-PM-scaled.jpeg","width":768,"height":604},{"@type":"BreadcrumbList","@id":"https:\/\/www.yucatanencorto.com\/noticias\/renan-barrera-recibe-el-respaldo-de-los-representantes-de-la-sociedad\/#breadcrumb","itemListElement":[{"@type":"ListItem","position":1,"name":"Portada","item":"https:\/\/www.yucatanencorto.com\/noticias\/"},{"@type":"ListItem","position":2,"name":"Ren\u00e1n Barrera recibe el respaldo de los representantes de la sociedad"}]},{"@type":"WebSite","@id":"https:\/\/www.yucatanencorto.com\/noticias\/#website","url":"https:\/\/www.yucatanencorto.com\/noticias\/","name":"Yucat\u00e1n en corto","description":"Noticias","potentialAction":[{"@type":"SearchAction","target":{"@type":"EntryPoint","urlTemplate":"https:\/\/www.yucatanencorto.com\/noticias\/?s={search_term_string}"},"query-input":{"@type":"PropertyValueSpecification","valueRequired":true,"valueName":"search_term_string"}}],"inLanguage":"es"},{"@type":"Person","@id":"https:\/\/www.yucatanencorto.com\/noticias\/#\/schema\/person\/e2fbdfaf30a07014a43940ce989f3119","name":"Redes","image":{"@type":"ImageObject","inLanguage":"es","@id":"https:\/\/secure.gravatar.com\/avatar\/5931a2d21dd7cc834f44c8c34fe56d90ed6d536ef452cbf870c7485b524dddd7?s=96&d=mm&r=g","url":"https:\/\/secure.gravatar.com\/avatar\/5931a2d21dd7cc834f44c8c34fe56d90ed6d536ef452cbf870c7485b524dddd7?s=96&d=mm&r=g","contentUrl":"https:\/\/secure.gravatar.com\/avatar\/5931a2d21dd7cc834f44c8c34fe56d90ed6d536ef452cbf870c7485b524dddd7?s=96&d=mm&r=g","caption":"Redes"},"url":"https:\/\/www.yucatanencorto.com\/noticias\/author\/redes\/"}]}},"_links":{"self":[{"href":"https:\/\/www.yucatanencorto.com\/noticias\/wp-json\/wp\/v2\/posts\/99456","targetHints":{"allow":["GET"]}}],"collection":[{"href":"https:\/\/www.yucatanencorto.com\/noticias\/wp-json\/wp\/v2\/posts"}],"about":[{"href":"https:\/\/www.yucatanencorto.com\/noticias\/wp-json\/wp\/v2\/types\/post"}],"author":[{"embeddable":true,"href":"https:\/\/www.yucatanencorto.com\/noticias\/wp-json\/wp\/v2\/users\/3"}],"replies":[{"embeddable":true,"href":"https:\/\/www.yucatanencorto.com\/noticias\/wp-json\/wp\/v2\/comments?post=99456"}],"version-history":[{"count":0,"href":"https:\/\/www.yucatanencorto.com\/noticias\/wp-json\/wp\/v2\/posts\/99456\/revisions"}],"wp:featuredmedia":[{"embeddable":true,"href":"https:\/\/www.yucatanencorto.com\/noticias\/wp-json\/wp\/v2\/media\/99457"}],"wp:attachment":[{"href":"https:\/\/www.yucatanencorto.com\/noticias\/wp-json\/wp\/v2\/media?parent=99456"}],"wp:term":[{"taxonomy":"category","embeddable":true,"href":"https:\/\/www.yucatanencorto.com\/noticias\/wp-json\/wp\/v2\/categories?post=99456"},{"taxonomy":"post_tag","embeddable":true,"href":"https:\/\/www.yucatanencorto.com\/noticias\/wp-json\/wp\/v2\/tags?post=99456"}],"curies":[{"name":"wp","href":"https:\/\/api.w.org\/{rel}","templated":true}]}}