{"id":99469,"date":"2023-08-08T16:29:02","date_gmt":"2023-08-08T22:29:02","guid":{"rendered":"https:\/\/www.yucatanencorto.com\/noticias\/?p=99469"},"modified":"2023-08-08T16:29:02","modified_gmt":"2023-08-08T22:29:02","slug":"luis-miguel-enfrentaria-demanda-en-argentina-por-usar-doble-en-conciertos","status":"publish","type":"post","link":"https:\/\/www.yucatanencorto.com\/noticias\/luis-miguel-enfrentaria-demanda-en-argentina-por-usar-doble-en-conciertos\/","title":{"rendered":"Luis Miguel enfrentar\u00eda demanda en Argentina por usar doble en conciertos"},"content":{"rendered":"<p><img loading=\"lazy\" decoding=\"async\" class=\"alignnone size-full wp-image-99470\" src=\"https:\/\/www.yucatanencorto.com\/noticias\/wp-content\/uploads\/2023\/08\/2987684-scaled.jpg\" alt=\"\" width=\"768\" height=\"576\" srcset=\"https:\/\/www.yucatanencorto.com\/noticias\/wp-content\/uploads\/2023\/08\/2987684-scaled.jpg 768w, https:\/\/www.yucatanencorto.com\/noticias\/wp-content\/uploads\/2023\/08\/2987684-696x522.jpg 696w, https:\/\/www.yucatanencorto.com\/noticias\/wp-content\/uploads\/2023\/08\/2987684-560x420.jpg 560w, https:\/\/www.yucatanencorto.com\/noticias\/wp-content\/uploads\/2023\/08\/2987684-80x60.jpg 80w, https:\/\/www.yucatanencorto.com\/noticias\/wp-content\/uploads\/2023\/08\/2987684-265x198.jpg 265w\" sizes=\"auto, (max-width: 768px) 100vw, 768px\" \/><\/p>\n<p>El\u00a0noticiero argentino\u00a0CN7\u00a0reporta que la demanda se basar\u00eda en acusaciones de fraude, involucrando incluso a todos los responsables de la producci\u00f3n del espect\u00e1culo en caso de proceder la acci\u00f3n legal.<\/p>\n<p>\u00abSe presentar\u00e1 una denuncia por estafa contra Luis Miguel y la compa\u00f1\u00eda productora\u00bb, se\u00f1al\u00f3 el abogado\u00a0Roberto Casorla Yalet\u00a0en el programa \u00abA la tarde\u00bb. La acusaci\u00f3n se origina en torno al persistente rumor acerca de un supuesto doble que circula en redes sociales.<\/p>\n<p>Entre las implicaciones legales que podr\u00edan fundamentar la demanda, se mencionan delitos como incumplimiento de contrato, fraude al consumidor y violaciones a los derechos de autor.<\/p>\n<p>En relaci\u00f3n a los acontecimientos previos a esta supuesta demanda, los seguidores de Luis Miguel se encuentran divididos en sus opiniones. Una facci\u00f3n de los fan\u00e1ticos respalda los rumores difundidos en redes sociales y considera que el int\u00e9rprete que se present\u00f3 en el Movistar Arena era en realidad un doble.<\/p>\n<p>La primera persona en levantar sospechas sobre la autenticidad de\u00a0Luis Miguel\u00a0fue el periodista\u00a0Luis Ventura, conocido por su programa \u00abSecretos verdaderos\u00bb. En sus declaraciones, Ventura afirm\u00f3 que\u00a0\u00abel d\u00eda del estreno no era \u00e9l. No era \u00e9l\u00bb,\u00a0basando sus argumentos en comparaciones de la apariencia f\u00edsica entre distintos conciertos.<\/p>\n<p>Ventura se\u00f1al\u00f3 que\u00a0Luis Miguel\u00a0habr\u00eda seguido una dieta basada en el popular ayuno intermitente, gracias a la cual habr\u00eda logrado perder m\u00e1s de 20 kilos. Sin embargo, el periodista, profundo conocedor de la vida del cantante mexicano, sostiene que la p\u00e9rdida de peso no deber\u00eda haber afectado su estructura \u00f3sea ni su estatura.<\/p>\n<p>Por otro lado, existen seguidores que defienden a Luis Miguel de manera vehemente, sosteniendo que los rumores son infundados y resaltando la singularidad del talento del \u00abSol de M\u00e9xico\u00bb.\u00bbLuis Miguel es insustituible, el cambio es abrumador, est\u00e1 en su mejor momento\u00bb, comentan algunos, mientras otros afirman que \u00abnadie puede igualar la voz de Luis Miguel desde el punto de vista t\u00e9cnico\u00bb,\u00a0mencionan.<\/p>\n<p>&nbsp;<\/p>\n","protected":false},"excerpt":{"rendered":"<p>El\u00a0noticiero argentino\u00a0CN7\u00a0reporta que la demanda se basar\u00eda en acusaciones de fraude, involucrando incluso a todos los responsables de la producci\u00f3n del espect\u00e1culo en caso de proceder la acci\u00f3n legal. \u00abSe presentar\u00e1 una denuncia por estafa contra Luis Miguel y la compa\u00f1\u00eda productora\u00bb, se\u00f1al\u00f3 el abogado\u00a0Roberto Casorla Yalet\u00a0en el programa \u00abA la tarde\u00bb. La acusaci\u00f3n se [&hellip;]<\/p>\n","protected":false},"author":3,"featured_media":99470,"comment_status":"closed","ping_status":"closed","sticky":false,"template":"","format":"standard","meta":{"footnotes":""},"categories":[9],"tags":[],"class_list":{"0":"post-99469","1":"post","2":"type-post","3":"status-publish","4":"format-standard","5":"has-post-thumbnail","7":"category-sociedad-y-espectaculos"},"yoast_head":"<!-- This site is optimized with the Yoast SEO plugin v27.5 - https:\/\/yoast.com\/product\/yoast-seo-wordpress\/ -->\n<title>Luis Miguel enfrentar\u00eda demanda en Argentina por usar doble en conciertos - Yucat\u00e1n en corto<\/title>\n<meta name=\"robots\" content=\"index, follow, max-snippet:-1, max-image-preview:large, max-video-preview:-1\" \/>\n<link rel=\"canonical\" href=\"https:\/\/www.yucatanencorto.com\/noticias\/luis-miguel-enfrentaria-demanda-en-argentina-por-usar-doble-en-conciertos\/\" \/>\n<meta property=\"og:locale\" content=\"es_ES\" \/>\n<meta property=\"og:type\" content=\"article\" \/>\n<meta property=\"og:title\" content=\"Luis Miguel enfrentar\u00eda demanda en Argentina por usar doble en conciertos - Yucat\u00e1n en corto\" \/>\n<meta property=\"og:description\" content=\"El\u00a0noticiero argentino\u00a0CN7\u00a0reporta que la demanda se basar\u00eda en acusaciones de fraude, involucrando incluso a todos los responsables de la producci\u00f3n del espect\u00e1culo en caso de proceder la acci\u00f3n legal. \u00abSe presentar\u00e1 una denuncia por estafa contra Luis Miguel y la compa\u00f1\u00eda productora\u00bb, se\u00f1al\u00f3 el abogado\u00a0Roberto Casorla Yalet\u00a0en el programa \u00abA la tarde\u00bb. La acusaci\u00f3n se [&hellip;]\" \/>\n<meta property=\"og:url\" content=\"https:\/\/www.yucatanencorto.com\/noticias\/luis-miguel-enfrentaria-demanda-en-argentina-por-usar-doble-en-conciertos\/\" \/>\n<meta property=\"og:site_name\" content=\"Yucat\u00e1n en corto\" \/>\n<meta property=\"article:publisher\" content=\"http:\/\/www.facebook.com\/yucatanencorto\" \/>\n<meta property=\"article:published_time\" content=\"2023-08-08T22:29:02+00:00\" \/>\n<meta property=\"og:image\" content=\"https:\/\/www.yucatanencorto.com\/noticias\/wp-content\/uploads\/2023\/08\/2987684-scaled.jpg\" \/>\n\t<meta property=\"og:image:width\" content=\"768\" \/>\n\t<meta property=\"og:image:height\" content=\"576\" \/>\n\t<meta property=\"og:image:type\" content=\"image\/jpeg\" \/>\n<meta name=\"author\" content=\"Redes\" \/>\n<meta name=\"twitter:card\" content=\"summary_large_image\" \/>\n<meta name=\"twitter:creator\" content=\"@yucatanencorto\" \/>\n<meta name=\"twitter:site\" content=\"@yucatanencorto\" \/>\n<meta name=\"twitter:label1\" content=\"Escrito por\" \/>\n\t<meta name=\"twitter:data1\" content=\"Redes\" \/>\n\t<meta name=\"twitter:label2\" content=\"Tiempo de lectura\" \/>\n\t<meta name=\"twitter:data2\" content=\"2 minutos\" \/>\n<script type=\"application\/ld+json\" class=\"yoast-schema-graph\">{\"@context\":\"https:\\\/\\\/schema.org\",\"@graph\":[{\"@type\":\"Article\",\"@id\":\"https:\\\/\\\/www.yucatanencorto.com\\\/noticias\\\/luis-miguel-enfrentaria-demanda-en-argentina-por-usar-doble-en-conciertos\\\/#article\",\"isPartOf\":{\"@id\":\"https:\\\/\\\/www.yucatanencorto.com\\\/noticias\\\/luis-miguel-enfrentaria-demanda-en-argentina-por-usar-doble-en-conciertos\\\/\"},\"author\":{\"name\":\"Redes\",\"@id\":\"https:\\\/\\\/www.yucatanencorto.com\\\/noticias\\\/#\\\/schema\\\/person\\\/e2fbdfaf30a07014a43940ce989f3119\"},\"headline\":\"Luis Miguel enfrentar\u00eda demanda en Argentina por usar doble en conciertos\",\"datePublished\":\"2023-08-08T22:29:02+00:00\",\"mainEntityOfPage\":{\"@id\":\"https:\\\/\\\/www.yucatanencorto.com\\\/noticias\\\/luis-miguel-enfrentaria-demanda-en-argentina-por-usar-doble-en-conciertos\\\/\"},\"wordCount\":354,\"image\":{\"@id\":\"https:\\\/\\\/www.yucatanencorto.com\\\/noticias\\\/luis-miguel-enfrentaria-demanda-en-argentina-por-usar-doble-en-conciertos\\\/#primaryimage\"},\"thumbnailUrl\":\"https:\\\/\\\/www.yucatanencorto.com\\\/noticias\\\/wp-content\\\/uploads\\\/2023\\\/08\\\/2987684-scaled.jpg\",\"articleSection\":[\"Sociedad y Espect\u00e1culos\"],\"inLanguage\":\"es\"},{\"@type\":\"WebPage\",\"@id\":\"https:\\\/\\\/www.yucatanencorto.com\\\/noticias\\\/luis-miguel-enfrentaria-demanda-en-argentina-por-usar-doble-en-conciertos\\\/\",\"url\":\"https:\\\/\\\/www.yucatanencorto.com\\\/noticias\\\/luis-miguel-enfrentaria-demanda-en-argentina-por-usar-doble-en-conciertos\\\/\",\"name\":\"Luis Miguel enfrentar\u00eda demanda en Argentina por usar doble en conciertos - Yucat\u00e1n en corto\",\"isPartOf\":{\"@id\":\"https:\\\/\\\/www.yucatanencorto.com\\\/noticias\\\/#website\"},\"primaryImageOfPage\":{\"@id\":\"https:\\\/\\\/www.yucatanencorto.com\\\/noticias\\\/luis-miguel-enfrentaria-demanda-en-argentina-por-usar-doble-en-conciertos\\\/#primaryimage\"},\"image\":{\"@id\":\"https:\\\/\\\/www.yucatanencorto.com\\\/noticias\\\/luis-miguel-enfrentaria-demanda-en-argentina-por-usar-doble-en-conciertos\\\/#primaryimage\"},\"thumbnailUrl\":\"https:\\\/\\\/www.yucatanencorto.com\\\/noticias\\\/wp-content\\\/uploads\\\/2023\\\/08\\\/2987684-scaled.jpg\",\"datePublished\":\"2023-08-08T22:29:02+00:00\",\"author\":{\"@id\":\"https:\\\/\\\/www.yucatanencorto.com\\\/noticias\\\/#\\\/schema\\\/person\\\/e2fbdfaf30a07014a43940ce989f3119\"},\"breadcrumb\":{\"@id\":\"https:\\\/\\\/www.yucatanencorto.com\\\/noticias\\\/luis-miguel-enfrentaria-demanda-en-argentina-por-usar-doble-en-conciertos\\\/#breadcrumb\"},\"inLanguage\":\"es\",\"potentialAction\":[{\"@type\":\"ReadAction\",\"target\":[\"https:\\\/\\\/www.yucatanencorto.com\\\/noticias\\\/luis-miguel-enfrentaria-demanda-en-argentina-por-usar-doble-en-conciertos\\\/\"]}]},{\"@type\":\"ImageObject\",\"inLanguage\":\"es\",\"@id\":\"https:\\\/\\\/www.yucatanencorto.com\\\/noticias\\\/luis-miguel-enfrentaria-demanda-en-argentina-por-usar-doble-en-conciertos\\\/#primaryimage\",\"url\":\"https:\\\/\\\/www.yucatanencorto.com\\\/noticias\\\/wp-content\\\/uploads\\\/2023\\\/08\\\/2987684-scaled.jpg\",\"contentUrl\":\"https:\\\/\\\/www.yucatanencorto.com\\\/noticias\\\/wp-content\\\/uploads\\\/2023\\\/08\\\/2987684-scaled.jpg\",\"width\":768,\"height\":576},{\"@type\":\"BreadcrumbList\",\"@id\":\"https:\\\/\\\/www.yucatanencorto.com\\\/noticias\\\/luis-miguel-enfrentaria-demanda-en-argentina-por-usar-doble-en-conciertos\\\/#breadcrumb\",\"itemListElement\":[{\"@type\":\"ListItem\",\"position\":1,\"name\":\"Portada\",\"item\":\"https:\\\/\\\/www.yucatanencorto.com\\\/noticias\\\/\"},{\"@type\":\"ListItem\",\"position\":2,\"name\":\"Luis Miguel enfrentar\u00eda demanda en Argentina por usar doble en conciertos\"}]},{\"@type\":\"WebSite\",\"@id\":\"https:\\\/\\\/www.yucatanencorto.com\\\/noticias\\\/#website\",\"url\":\"https:\\\/\\\/www.yucatanencorto.com\\\/noticias\\\/\",\"name\":\"Yucat\u00e1n en corto\",\"description\":\"Noticias\",\"potentialAction\":[{\"@type\":\"SearchAction\",\"target\":{\"@type\":\"EntryPoint\",\"urlTemplate\":\"https:\\\/\\\/www.yucatanencorto.com\\\/noticias\\\/?s={search_term_string}\"},\"query-input\":{\"@type\":\"PropertyValueSpecification\",\"valueRequired\":true,\"valueName\":\"search_term_string\"}}],\"inLanguage\":\"es\"},{\"@type\":\"Person\",\"@id\":\"https:\\\/\\\/www.yucatanencorto.com\\\/noticias\\\/#\\\/schema\\\/person\\\/e2fbdfaf30a07014a43940ce989f3119\",\"name\":\"Redes\",\"image\":{\"@type\":\"ImageObject\",\"inLanguage\":\"es\",\"@id\":\"https:\\\/\\\/secure.gravatar.com\\\/avatar\\\/5931a2d21dd7cc834f44c8c34fe56d90ed6d536ef452cbf870c7485b524dddd7?s=96&d=mm&r=g\",\"url\":\"https:\\\/\\\/secure.gravatar.com\\\/avatar\\\/5931a2d21dd7cc834f44c8c34fe56d90ed6d536ef452cbf870c7485b524dddd7?s=96&d=mm&r=g\",\"contentUrl\":\"https:\\\/\\\/secure.gravatar.com\\\/avatar\\\/5931a2d21dd7cc834f44c8c34fe56d90ed6d536ef452cbf870c7485b524dddd7?s=96&d=mm&r=g\",\"caption\":\"Redes\"},\"url\":\"https:\\\/\\\/www.yucatanencorto.com\\\/noticias\\\/author\\\/redes\\\/\"}]}<\/script>\n<!-- \/ Yoast SEO plugin. -->","yoast_head_json":{"title":"Luis Miguel enfrentar\u00eda demanda en Argentina por usar doble en conciertos - Yucat\u00e1n en corto","robots":{"index":"index","follow":"follow","max-snippet":"max-snippet:-1","max-image-preview":"max-image-preview:large","max-video-preview":"max-video-preview:-1"},"canonical":"https:\/\/www.yucatanencorto.com\/noticias\/luis-miguel-enfrentaria-demanda-en-argentina-por-usar-doble-en-conciertos\/","og_locale":"es_ES","og_type":"article","og_title":"Luis Miguel enfrentar\u00eda demanda en Argentina por usar doble en conciertos - Yucat\u00e1n en corto","og_description":"El\u00a0noticiero argentino\u00a0CN7\u00a0reporta que la demanda se basar\u00eda en acusaciones de fraude, involucrando incluso a todos los responsables de la producci\u00f3n del espect\u00e1culo en caso de proceder la acci\u00f3n legal. \u00abSe presentar\u00e1 una denuncia por estafa contra Luis Miguel y la compa\u00f1\u00eda productora\u00bb, se\u00f1al\u00f3 el abogado\u00a0Roberto Casorla Yalet\u00a0en el programa \u00abA la tarde\u00bb. La acusaci\u00f3n se [&hellip;]","og_url":"https:\/\/www.yucatanencorto.com\/noticias\/luis-miguel-enfrentaria-demanda-en-argentina-por-usar-doble-en-conciertos\/","og_site_name":"Yucat\u00e1n en corto","article_publisher":"http:\/\/www.facebook.com\/yucatanencorto","article_published_time":"2023-08-08T22:29:02+00:00","og_image":[{"width":768,"height":576,"url":"https:\/\/www.yucatanencorto.com\/noticias\/wp-content\/uploads\/2023\/08\/2987684-scaled.jpg","type":"image\/jpeg"}],"author":"Redes","twitter_card":"summary_large_image","twitter_creator":"@yucatanencorto","twitter_site":"@yucatanencorto","twitter_misc":{"Escrito por":"Redes","Tiempo de lectura":"2 minutos"},"schema":{"@context":"https:\/\/schema.org","@graph":[{"@type":"Article","@id":"https:\/\/www.yucatanencorto.com\/noticias\/luis-miguel-enfrentaria-demanda-en-argentina-por-usar-doble-en-conciertos\/#article","isPartOf":{"@id":"https:\/\/www.yucatanencorto.com\/noticias\/luis-miguel-enfrentaria-demanda-en-argentina-por-usar-doble-en-conciertos\/"},"author":{"name":"Redes","@id":"https:\/\/www.yucatanencorto.com\/noticias\/#\/schema\/person\/e2fbdfaf30a07014a43940ce989f3119"},"headline":"Luis Miguel enfrentar\u00eda demanda en Argentina por usar doble en conciertos","datePublished":"2023-08-08T22:29:02+00:00","mainEntityOfPage":{"@id":"https:\/\/www.yucatanencorto.com\/noticias\/luis-miguel-enfrentaria-demanda-en-argentina-por-usar-doble-en-conciertos\/"},"wordCount":354,"image":{"@id":"https:\/\/www.yucatanencorto.com\/noticias\/luis-miguel-enfrentaria-demanda-en-argentina-por-usar-doble-en-conciertos\/#primaryimage"},"thumbnailUrl":"https:\/\/www.yucatanencorto.com\/noticias\/wp-content\/uploads\/2023\/08\/2987684-scaled.jpg","articleSection":["Sociedad y Espect\u00e1culos"],"inLanguage":"es"},{"@type":"WebPage","@id":"https:\/\/www.yucatanencorto.com\/noticias\/luis-miguel-enfrentaria-demanda-en-argentina-por-usar-doble-en-conciertos\/","url":"https:\/\/www.yucatanencorto.com\/noticias\/luis-miguel-enfrentaria-demanda-en-argentina-por-usar-doble-en-conciertos\/","name":"Luis Miguel enfrentar\u00eda demanda en Argentina por usar doble en conciertos - Yucat\u00e1n en corto","isPartOf":{"@id":"https:\/\/www.yucatanencorto.com\/noticias\/#website"},"primaryImageOfPage":{"@id":"https:\/\/www.yucatanencorto.com\/noticias\/luis-miguel-enfrentaria-demanda-en-argentina-por-usar-doble-en-conciertos\/#primaryimage"},"image":{"@id":"https:\/\/www.yucatanencorto.com\/noticias\/luis-miguel-enfrentaria-demanda-en-argentina-por-usar-doble-en-conciertos\/#primaryimage"},"thumbnailUrl":"https:\/\/www.yucatanencorto.com\/noticias\/wp-content\/uploads\/2023\/08\/2987684-scaled.jpg","datePublished":"2023-08-08T22:29:02+00:00","author":{"@id":"https:\/\/www.yucatanencorto.com\/noticias\/#\/schema\/person\/e2fbdfaf30a07014a43940ce989f3119"},"breadcrumb":{"@id":"https:\/\/www.yucatanencorto.com\/noticias\/luis-miguel-enfrentaria-demanda-en-argentina-por-usar-doble-en-conciertos\/#breadcrumb"},"inLanguage":"es","potentialAction":[{"@type":"ReadAction","target":["https:\/\/www.yucatanencorto.com\/noticias\/luis-miguel-enfrentaria-demanda-en-argentina-por-usar-doble-en-conciertos\/"]}]},{"@type":"ImageObject","inLanguage":"es","@id":"https:\/\/www.yucatanencorto.com\/noticias\/luis-miguel-enfrentaria-demanda-en-argentina-por-usar-doble-en-conciertos\/#primaryimage","url":"https:\/\/www.yucatanencorto.com\/noticias\/wp-content\/uploads\/2023\/08\/2987684-scaled.jpg","contentUrl":"https:\/\/www.yucatanencorto.com\/noticias\/wp-content\/uploads\/2023\/08\/2987684-scaled.jpg","width":768,"height":576},{"@type":"BreadcrumbList","@id":"https:\/\/www.yucatanencorto.com\/noticias\/luis-miguel-enfrentaria-demanda-en-argentina-por-usar-doble-en-conciertos\/#breadcrumb","itemListElement":[{"@type":"ListItem","position":1,"name":"Portada","item":"https:\/\/www.yucatanencorto.com\/noticias\/"},{"@type":"ListItem","position":2,"name":"Luis Miguel enfrentar\u00eda demanda en Argentina por usar doble en conciertos"}]},{"@type":"WebSite","@id":"https:\/\/www.yucatanencorto.com\/noticias\/#website","url":"https:\/\/www.yucatanencorto.com\/noticias\/","name":"Yucat\u00e1n en corto","description":"Noticias","potentialAction":[{"@type":"SearchAction","target":{"@type":"EntryPoint","urlTemplate":"https:\/\/www.yucatanencorto.com\/noticias\/?s={search_term_string}"},"query-input":{"@type":"PropertyValueSpecification","valueRequired":true,"valueName":"search_term_string"}}],"inLanguage":"es"},{"@type":"Person","@id":"https:\/\/www.yucatanencorto.com\/noticias\/#\/schema\/person\/e2fbdfaf30a07014a43940ce989f3119","name":"Redes","image":{"@type":"ImageObject","inLanguage":"es","@id":"https:\/\/secure.gravatar.com\/avatar\/5931a2d21dd7cc834f44c8c34fe56d90ed6d536ef452cbf870c7485b524dddd7?s=96&d=mm&r=g","url":"https:\/\/secure.gravatar.com\/avatar\/5931a2d21dd7cc834f44c8c34fe56d90ed6d536ef452cbf870c7485b524dddd7?s=96&d=mm&r=g","contentUrl":"https:\/\/secure.gravatar.com\/avatar\/5931a2d21dd7cc834f44c8c34fe56d90ed6d536ef452cbf870c7485b524dddd7?s=96&d=mm&r=g","caption":"Redes"},"url":"https:\/\/www.yucatanencorto.com\/noticias\/author\/redes\/"}]}},"_links":{"self":[{"href":"https:\/\/www.yucatanencorto.com\/noticias\/wp-json\/wp\/v2\/posts\/99469","targetHints":{"allow":["GET"]}}],"collection":[{"href":"https:\/\/www.yucatanencorto.com\/noticias\/wp-json\/wp\/v2\/posts"}],"about":[{"href":"https:\/\/www.yucatanencorto.com\/noticias\/wp-json\/wp\/v2\/types\/post"}],"author":[{"embeddable":true,"href":"https:\/\/www.yucatanencorto.com\/noticias\/wp-json\/wp\/v2\/users\/3"}],"replies":[{"embeddable":true,"href":"https:\/\/www.yucatanencorto.com\/noticias\/wp-json\/wp\/v2\/comments?post=99469"}],"version-history":[{"count":0,"href":"https:\/\/www.yucatanencorto.com\/noticias\/wp-json\/wp\/v2\/posts\/99469\/revisions"}],"wp:featuredmedia":[{"embeddable":true,"href":"https:\/\/www.yucatanencorto.com\/noticias\/wp-json\/wp\/v2\/media\/99470"}],"wp:attachment":[{"href":"https:\/\/www.yucatanencorto.com\/noticias\/wp-json\/wp\/v2\/media?parent=99469"}],"wp:term":[{"taxonomy":"category","embeddable":true,"href":"https:\/\/www.yucatanencorto.com\/noticias\/wp-json\/wp\/v2\/categories?post=99469"},{"taxonomy":"post_tag","embeddable":true,"href":"https:\/\/www.yucatanencorto.com\/noticias\/wp-json\/wp\/v2\/tags?post=99469"}],"curies":[{"name":"wp","href":"https:\/\/api.w.org\/{rel}","templated":true}]}}