{"id":99594,"date":"2023-08-17T12:48:42","date_gmt":"2023-08-17T18:48:42","guid":{"rendered":"https:\/\/www.yucatanencorto.com\/noticias\/?p=99594"},"modified":"2023-08-17T12:48:42","modified_gmt":"2023-08-17T18:48:42","slug":"alerta-infonavit-por-nueva-estafa","status":"publish","type":"post","link":"https:\/\/www.yucatanencorto.com\/noticias\/alerta-infonavit-por-nueva-estafa\/","title":{"rendered":"Alerta Infonavit por nueva estafa"},"content":{"rendered":"<p><img loading=\"lazy\" decoding=\"async\" class=\"alignnone size-full wp-image-99595\" src=\"https:\/\/www.yucatanencorto.com\/noticias\/wp-content\/uploads\/2023\/08\/infonavit-estafa-scaled.webp\" alt=\"\" width=\"768\" height=\"429\" srcset=\"https:\/\/www.yucatanencorto.com\/noticias\/wp-content\/uploads\/2023\/08\/infonavit-estafa-scaled.webp 768w, https:\/\/www.yucatanencorto.com\/noticias\/wp-content\/uploads\/2023\/08\/infonavit-estafa-1536x859.webp 1536w, https:\/\/www.yucatanencorto.com\/noticias\/wp-content\/uploads\/2023\/08\/infonavit-estafa-2048x1145.webp 2048w, https:\/\/www.yucatanencorto.com\/noticias\/wp-content\/uploads\/2023\/08\/infonavit-estafa-696x389.webp 696w, https:\/\/www.yucatanencorto.com\/noticias\/wp-content\/uploads\/2023\/08\/infonavit-estafa-1068x597.webp 1068w, https:\/\/www.yucatanencorto.com\/noticias\/wp-content\/uploads\/2023\/08\/infonavit-estafa-1920x1074.webp 1920w, https:\/\/www.yucatanencorto.com\/noticias\/wp-content\/uploads\/2023\/08\/infonavit-estafa-751x420.webp 751w\" sizes=\"auto, (max-width: 768px) 100vw, 768px\" \/><\/p>\n<p>El Instituto del Fondo Nacional de la Vivienda para los Trabajadores (Infonavit) alert\u00f3 a los derechohabientes de una nueva modalidad de fraude para que est\u00e9n atentos y no caigan en el enga\u00f1o.<\/p>\n<p>A trav\u00e9s de un comunicado, la instituci\u00f3n inform\u00f3 que la delincuencia de cuello blanco est\u00e1 tratando de enga\u00f1ar a los incautos ofreci\u00e9ndoles la posibilidad de \u201ccomprar\u201d un autom\u00f3vil con los recursos de la Subcuenta de Vivienda.<\/p>\n<p>El Infonavit recuerda a la poblaci\u00f3n que esa subcuenta s\u00f3lo puede utilizarse en alguna soluci\u00f3n de vivienda, como comprar una casa o terreno, construir o remodelar el hogar; o pagar la hipoteca que otorg\u00f3 alg\u00fan banco.<\/p>\n<p>Hizo un llamado a los derechohabientes a revisar su Resumen de Movimientos en Micuenta.infonavit.org.mx para conocer los movimientos en su ahorro en el Infonavit y detectar posibles fraudes, y en caso de una irregularidad, reportarlo de inmediato a la instituci\u00f3n.<\/p>\n<p>\u201cSi te ofrecieron comprar un auto usando tu cr\u00e9dito del Infonavit, o darte el dinero que tienes ahorrado en tu Subcuenta de Vivienda en efectivo para que compres lo que quieras, \u00a1cuidado, se trata de un fraude!\u201d, alert\u00f3 la dependencia.<\/p>\n<p>A\u00f1adi\u00f3 que en caso de que no se utilice el dinero de la Subcuenta de Vivienda a trav\u00e9s de un cr\u00e9dito, los ahorradores no tienen por qu\u00e9 preocuparse, pues ese ahorro no se pierde, como est\u00e1n tratando de hacer creer los defraudadores.<\/p>\n<p>\u201cAl contrario, genera rendimientos iguales o superiores a la inflaci\u00f3n y se te devuelve al momento de obtener tu dictamen de pensi\u00f3n\u201d, aclar\u00f3.<\/p>\n<p>Recomend\u00f3 no compartir documentos ni datos personales con gestores o empresas de dudosa actividad, que no tienen relaci\u00f3n con el Instituto para evitar y prevenir fraudes o robo de identidad.<\/p>\n<p>La subcuenta s\u00f3lo puede utilizarse en alguna soluci\u00f3n de vivienda, como comprar casa o terreno.<\/p>\n","protected":false},"excerpt":{"rendered":"<p>El Instituto del Fondo Nacional de la Vivienda para los Trabajadores (Infonavit) alert\u00f3 a los derechohabientes de una nueva modalidad de fraude para que est\u00e9n atentos y no caigan en el enga\u00f1o. A trav\u00e9s de un comunicado, la instituci\u00f3n inform\u00f3 que la delincuencia de cuello blanco est\u00e1 tratando de enga\u00f1ar a los incautos ofreci\u00e9ndoles la [&hellip;]<\/p>\n","protected":false},"author":3,"featured_media":99595,"comment_status":"closed","ping_status":"closed","sticky":false,"template":"","format":"standard","meta":{"footnotes":""},"categories":[4],"tags":[],"class_list":{"0":"post-99594","1":"post","2":"type-post","3":"status-publish","4":"format-standard","5":"has-post-thumbnail","7":"category-mexico"},"yoast_head":"<!-- This site is optimized with the Yoast SEO plugin v27.5 - https:\/\/yoast.com\/product\/yoast-seo-wordpress\/ -->\n<title>Alerta Infonavit por nueva estafa - Yucat\u00e1n en corto<\/title>\n<meta name=\"robots\" content=\"index, follow, max-snippet:-1, max-image-preview:large, max-video-preview:-1\" \/>\n<link rel=\"canonical\" href=\"https:\/\/www.yucatanencorto.com\/noticias\/alerta-infonavit-por-nueva-estafa\/\" \/>\n<meta property=\"og:locale\" content=\"es_ES\" \/>\n<meta property=\"og:type\" content=\"article\" \/>\n<meta property=\"og:title\" content=\"Alerta Infonavit por nueva estafa - Yucat\u00e1n en corto\" \/>\n<meta property=\"og:description\" content=\"El Instituto del Fondo Nacional de la Vivienda para los Trabajadores (Infonavit) alert\u00f3 a los derechohabientes de una nueva modalidad de fraude para que est\u00e9n atentos y no caigan en el enga\u00f1o. A trav\u00e9s de un comunicado, la instituci\u00f3n inform\u00f3 que la delincuencia de cuello blanco est\u00e1 tratando de enga\u00f1ar a los incautos ofreci\u00e9ndoles la [&hellip;]\" \/>\n<meta property=\"og:url\" content=\"https:\/\/www.yucatanencorto.com\/noticias\/alerta-infonavit-por-nueva-estafa\/\" \/>\n<meta property=\"og:site_name\" content=\"Yucat\u00e1n en corto\" \/>\n<meta property=\"article:publisher\" content=\"http:\/\/www.facebook.com\/yucatanencorto\" \/>\n<meta property=\"article:published_time\" content=\"2023-08-17T18:48:42+00:00\" \/>\n<meta property=\"og:image\" content=\"https:\/\/www.yucatanencorto.com\/noticias\/wp-content\/uploads\/2023\/08\/infonavit-estafa-scaled.webp\" \/>\n\t<meta property=\"og:image:width\" content=\"768\" \/>\n\t<meta property=\"og:image:height\" content=\"429\" \/>\n\t<meta property=\"og:image:type\" content=\"image\/webp\" \/>\n<meta name=\"author\" content=\"Redes\" \/>\n<meta name=\"twitter:card\" content=\"summary_large_image\" \/>\n<meta name=\"twitter:creator\" content=\"@yucatanencorto\" \/>\n<meta name=\"twitter:site\" content=\"@yucatanencorto\" \/>\n<meta name=\"twitter:label1\" content=\"Escrito por\" \/>\n\t<meta name=\"twitter:data1\" content=\"Redes\" \/>\n\t<meta name=\"twitter:label2\" content=\"Tiempo de lectura\" \/>\n\t<meta name=\"twitter:data2\" content=\"2 minutos\" \/>\n<script type=\"application\/ld+json\" class=\"yoast-schema-graph\">{\"@context\":\"https:\\\/\\\/schema.org\",\"@graph\":[{\"@type\":\"Article\",\"@id\":\"https:\\\/\\\/www.yucatanencorto.com\\\/noticias\\\/alerta-infonavit-por-nueva-estafa\\\/#article\",\"isPartOf\":{\"@id\":\"https:\\\/\\\/www.yucatanencorto.com\\\/noticias\\\/alerta-infonavit-por-nueva-estafa\\\/\"},\"author\":{\"name\":\"Redes\",\"@id\":\"https:\\\/\\\/www.yucatanencorto.com\\\/noticias\\\/#\\\/schema\\\/person\\\/e2fbdfaf30a07014a43940ce989f3119\"},\"headline\":\"Alerta Infonavit por nueva estafa\",\"datePublished\":\"2023-08-17T18:48:42+00:00\",\"mainEntityOfPage\":{\"@id\":\"https:\\\/\\\/www.yucatanencorto.com\\\/noticias\\\/alerta-infonavit-por-nueva-estafa\\\/\"},\"wordCount\":324,\"image\":{\"@id\":\"https:\\\/\\\/www.yucatanencorto.com\\\/noticias\\\/alerta-infonavit-por-nueva-estafa\\\/#primaryimage\"},\"thumbnailUrl\":\"https:\\\/\\\/www.yucatanencorto.com\\\/noticias\\\/wp-content\\\/uploads\\\/2023\\\/08\\\/infonavit-estafa-scaled.webp\",\"articleSection\":[\"M\u00e9xico\"],\"inLanguage\":\"es\"},{\"@type\":\"WebPage\",\"@id\":\"https:\\\/\\\/www.yucatanencorto.com\\\/noticias\\\/alerta-infonavit-por-nueva-estafa\\\/\",\"url\":\"https:\\\/\\\/www.yucatanencorto.com\\\/noticias\\\/alerta-infonavit-por-nueva-estafa\\\/\",\"name\":\"Alerta Infonavit por nueva estafa - Yucat\u00e1n en corto\",\"isPartOf\":{\"@id\":\"https:\\\/\\\/www.yucatanencorto.com\\\/noticias\\\/#website\"},\"primaryImageOfPage\":{\"@id\":\"https:\\\/\\\/www.yucatanencorto.com\\\/noticias\\\/alerta-infonavit-por-nueva-estafa\\\/#primaryimage\"},\"image\":{\"@id\":\"https:\\\/\\\/www.yucatanencorto.com\\\/noticias\\\/alerta-infonavit-por-nueva-estafa\\\/#primaryimage\"},\"thumbnailUrl\":\"https:\\\/\\\/www.yucatanencorto.com\\\/noticias\\\/wp-content\\\/uploads\\\/2023\\\/08\\\/infonavit-estafa-scaled.webp\",\"datePublished\":\"2023-08-17T18:48:42+00:00\",\"author\":{\"@id\":\"https:\\\/\\\/www.yucatanencorto.com\\\/noticias\\\/#\\\/schema\\\/person\\\/e2fbdfaf30a07014a43940ce989f3119\"},\"breadcrumb\":{\"@id\":\"https:\\\/\\\/www.yucatanencorto.com\\\/noticias\\\/alerta-infonavit-por-nueva-estafa\\\/#breadcrumb\"},\"inLanguage\":\"es\",\"potentialAction\":[{\"@type\":\"ReadAction\",\"target\":[\"https:\\\/\\\/www.yucatanencorto.com\\\/noticias\\\/alerta-infonavit-por-nueva-estafa\\\/\"]}]},{\"@type\":\"ImageObject\",\"inLanguage\":\"es\",\"@id\":\"https:\\\/\\\/www.yucatanencorto.com\\\/noticias\\\/alerta-infonavit-por-nueva-estafa\\\/#primaryimage\",\"url\":\"https:\\\/\\\/www.yucatanencorto.com\\\/noticias\\\/wp-content\\\/uploads\\\/2023\\\/08\\\/infonavit-estafa-scaled.webp\",\"contentUrl\":\"https:\\\/\\\/www.yucatanencorto.com\\\/noticias\\\/wp-content\\\/uploads\\\/2023\\\/08\\\/infonavit-estafa-scaled.webp\",\"width\":768,\"height\":429},{\"@type\":\"BreadcrumbList\",\"@id\":\"https:\\\/\\\/www.yucatanencorto.com\\\/noticias\\\/alerta-infonavit-por-nueva-estafa\\\/#breadcrumb\",\"itemListElement\":[{\"@type\":\"ListItem\",\"position\":1,\"name\":\"Portada\",\"item\":\"https:\\\/\\\/www.yucatanencorto.com\\\/noticias\\\/\"},{\"@type\":\"ListItem\",\"position\":2,\"name\":\"Alerta Infonavit por nueva estafa\"}]},{\"@type\":\"WebSite\",\"@id\":\"https:\\\/\\\/www.yucatanencorto.com\\\/noticias\\\/#website\",\"url\":\"https:\\\/\\\/www.yucatanencorto.com\\\/noticias\\\/\",\"name\":\"Yucat\u00e1n en corto\",\"description\":\"Noticias\",\"potentialAction\":[{\"@type\":\"SearchAction\",\"target\":{\"@type\":\"EntryPoint\",\"urlTemplate\":\"https:\\\/\\\/www.yucatanencorto.com\\\/noticias\\\/?s={search_term_string}\"},\"query-input\":{\"@type\":\"PropertyValueSpecification\",\"valueRequired\":true,\"valueName\":\"search_term_string\"}}],\"inLanguage\":\"es\"},{\"@type\":\"Person\",\"@id\":\"https:\\\/\\\/www.yucatanencorto.com\\\/noticias\\\/#\\\/schema\\\/person\\\/e2fbdfaf30a07014a43940ce989f3119\",\"name\":\"Redes\",\"image\":{\"@type\":\"ImageObject\",\"inLanguage\":\"es\",\"@id\":\"https:\\\/\\\/secure.gravatar.com\\\/avatar\\\/5931a2d21dd7cc834f44c8c34fe56d90ed6d536ef452cbf870c7485b524dddd7?s=96&d=mm&r=g\",\"url\":\"https:\\\/\\\/secure.gravatar.com\\\/avatar\\\/5931a2d21dd7cc834f44c8c34fe56d90ed6d536ef452cbf870c7485b524dddd7?s=96&d=mm&r=g\",\"contentUrl\":\"https:\\\/\\\/secure.gravatar.com\\\/avatar\\\/5931a2d21dd7cc834f44c8c34fe56d90ed6d536ef452cbf870c7485b524dddd7?s=96&d=mm&r=g\",\"caption\":\"Redes\"},\"url\":\"https:\\\/\\\/www.yucatanencorto.com\\\/noticias\\\/author\\\/redes\\\/\"}]}<\/script>\n<!-- \/ Yoast SEO plugin. -->","yoast_head_json":{"title":"Alerta Infonavit por nueva estafa - Yucat\u00e1n en corto","robots":{"index":"index","follow":"follow","max-snippet":"max-snippet:-1","max-image-preview":"max-image-preview:large","max-video-preview":"max-video-preview:-1"},"canonical":"https:\/\/www.yucatanencorto.com\/noticias\/alerta-infonavit-por-nueva-estafa\/","og_locale":"es_ES","og_type":"article","og_title":"Alerta Infonavit por nueva estafa - Yucat\u00e1n en corto","og_description":"El Instituto del Fondo Nacional de la Vivienda para los Trabajadores (Infonavit) alert\u00f3 a los derechohabientes de una nueva modalidad de fraude para que est\u00e9n atentos y no caigan en el enga\u00f1o. A trav\u00e9s de un comunicado, la instituci\u00f3n inform\u00f3 que la delincuencia de cuello blanco est\u00e1 tratando de enga\u00f1ar a los incautos ofreci\u00e9ndoles la [&hellip;]","og_url":"https:\/\/www.yucatanencorto.com\/noticias\/alerta-infonavit-por-nueva-estafa\/","og_site_name":"Yucat\u00e1n en corto","article_publisher":"http:\/\/www.facebook.com\/yucatanencorto","article_published_time":"2023-08-17T18:48:42+00:00","og_image":[{"width":768,"height":429,"url":"https:\/\/www.yucatanencorto.com\/noticias\/wp-content\/uploads\/2023\/08\/infonavit-estafa-scaled.webp","type":"image\/webp"}],"author":"Redes","twitter_card":"summary_large_image","twitter_creator":"@yucatanencorto","twitter_site":"@yucatanencorto","twitter_misc":{"Escrito por":"Redes","Tiempo de lectura":"2 minutos"},"schema":{"@context":"https:\/\/schema.org","@graph":[{"@type":"Article","@id":"https:\/\/www.yucatanencorto.com\/noticias\/alerta-infonavit-por-nueva-estafa\/#article","isPartOf":{"@id":"https:\/\/www.yucatanencorto.com\/noticias\/alerta-infonavit-por-nueva-estafa\/"},"author":{"name":"Redes","@id":"https:\/\/www.yucatanencorto.com\/noticias\/#\/schema\/person\/e2fbdfaf30a07014a43940ce989f3119"},"headline":"Alerta Infonavit por nueva estafa","datePublished":"2023-08-17T18:48:42+00:00","mainEntityOfPage":{"@id":"https:\/\/www.yucatanencorto.com\/noticias\/alerta-infonavit-por-nueva-estafa\/"},"wordCount":324,"image":{"@id":"https:\/\/www.yucatanencorto.com\/noticias\/alerta-infonavit-por-nueva-estafa\/#primaryimage"},"thumbnailUrl":"https:\/\/www.yucatanencorto.com\/noticias\/wp-content\/uploads\/2023\/08\/infonavit-estafa-scaled.webp","articleSection":["M\u00e9xico"],"inLanguage":"es"},{"@type":"WebPage","@id":"https:\/\/www.yucatanencorto.com\/noticias\/alerta-infonavit-por-nueva-estafa\/","url":"https:\/\/www.yucatanencorto.com\/noticias\/alerta-infonavit-por-nueva-estafa\/","name":"Alerta Infonavit por nueva estafa - Yucat\u00e1n en corto","isPartOf":{"@id":"https:\/\/www.yucatanencorto.com\/noticias\/#website"},"primaryImageOfPage":{"@id":"https:\/\/www.yucatanencorto.com\/noticias\/alerta-infonavit-por-nueva-estafa\/#primaryimage"},"image":{"@id":"https:\/\/www.yucatanencorto.com\/noticias\/alerta-infonavit-por-nueva-estafa\/#primaryimage"},"thumbnailUrl":"https:\/\/www.yucatanencorto.com\/noticias\/wp-content\/uploads\/2023\/08\/infonavit-estafa-scaled.webp","datePublished":"2023-08-17T18:48:42+00:00","author":{"@id":"https:\/\/www.yucatanencorto.com\/noticias\/#\/schema\/person\/e2fbdfaf30a07014a43940ce989f3119"},"breadcrumb":{"@id":"https:\/\/www.yucatanencorto.com\/noticias\/alerta-infonavit-por-nueva-estafa\/#breadcrumb"},"inLanguage":"es","potentialAction":[{"@type":"ReadAction","target":["https:\/\/www.yucatanencorto.com\/noticias\/alerta-infonavit-por-nueva-estafa\/"]}]},{"@type":"ImageObject","inLanguage":"es","@id":"https:\/\/www.yucatanencorto.com\/noticias\/alerta-infonavit-por-nueva-estafa\/#primaryimage","url":"https:\/\/www.yucatanencorto.com\/noticias\/wp-content\/uploads\/2023\/08\/infonavit-estafa-scaled.webp","contentUrl":"https:\/\/www.yucatanencorto.com\/noticias\/wp-content\/uploads\/2023\/08\/infonavit-estafa-scaled.webp","width":768,"height":429},{"@type":"BreadcrumbList","@id":"https:\/\/www.yucatanencorto.com\/noticias\/alerta-infonavit-por-nueva-estafa\/#breadcrumb","itemListElement":[{"@type":"ListItem","position":1,"name":"Portada","item":"https:\/\/www.yucatanencorto.com\/noticias\/"},{"@type":"ListItem","position":2,"name":"Alerta Infonavit por nueva estafa"}]},{"@type":"WebSite","@id":"https:\/\/www.yucatanencorto.com\/noticias\/#website","url":"https:\/\/www.yucatanencorto.com\/noticias\/","name":"Yucat\u00e1n en corto","description":"Noticias","potentialAction":[{"@type":"SearchAction","target":{"@type":"EntryPoint","urlTemplate":"https:\/\/www.yucatanencorto.com\/noticias\/?s={search_term_string}"},"query-input":{"@type":"PropertyValueSpecification","valueRequired":true,"valueName":"search_term_string"}}],"inLanguage":"es"},{"@type":"Person","@id":"https:\/\/www.yucatanencorto.com\/noticias\/#\/schema\/person\/e2fbdfaf30a07014a43940ce989f3119","name":"Redes","image":{"@type":"ImageObject","inLanguage":"es","@id":"https:\/\/secure.gravatar.com\/avatar\/5931a2d21dd7cc834f44c8c34fe56d90ed6d536ef452cbf870c7485b524dddd7?s=96&d=mm&r=g","url":"https:\/\/secure.gravatar.com\/avatar\/5931a2d21dd7cc834f44c8c34fe56d90ed6d536ef452cbf870c7485b524dddd7?s=96&d=mm&r=g","contentUrl":"https:\/\/secure.gravatar.com\/avatar\/5931a2d21dd7cc834f44c8c34fe56d90ed6d536ef452cbf870c7485b524dddd7?s=96&d=mm&r=g","caption":"Redes"},"url":"https:\/\/www.yucatanencorto.com\/noticias\/author\/redes\/"}]}},"_links":{"self":[{"href":"https:\/\/www.yucatanencorto.com\/noticias\/wp-json\/wp\/v2\/posts\/99594","targetHints":{"allow":["GET"]}}],"collection":[{"href":"https:\/\/www.yucatanencorto.com\/noticias\/wp-json\/wp\/v2\/posts"}],"about":[{"href":"https:\/\/www.yucatanencorto.com\/noticias\/wp-json\/wp\/v2\/types\/post"}],"author":[{"embeddable":true,"href":"https:\/\/www.yucatanencorto.com\/noticias\/wp-json\/wp\/v2\/users\/3"}],"replies":[{"embeddable":true,"href":"https:\/\/www.yucatanencorto.com\/noticias\/wp-json\/wp\/v2\/comments?post=99594"}],"version-history":[{"count":0,"href":"https:\/\/www.yucatanencorto.com\/noticias\/wp-json\/wp\/v2\/posts\/99594\/revisions"}],"wp:featuredmedia":[{"embeddable":true,"href":"https:\/\/www.yucatanencorto.com\/noticias\/wp-json\/wp\/v2\/media\/99595"}],"wp:attachment":[{"href":"https:\/\/www.yucatanencorto.com\/noticias\/wp-json\/wp\/v2\/media?parent=99594"}],"wp:term":[{"taxonomy":"category","embeddable":true,"href":"https:\/\/www.yucatanencorto.com\/noticias\/wp-json\/wp\/v2\/categories?post=99594"},{"taxonomy":"post_tag","embeddable":true,"href":"https:\/\/www.yucatanencorto.com\/noticias\/wp-json\/wp\/v2\/tags?post=99594"}],"curies":[{"name":"wp","href":"https:\/\/api.w.org\/{rel}","templated":true}]}}