{"id":99597,"date":"2023-08-17T15:58:16","date_gmt":"2023-08-17T21:58:16","guid":{"rendered":"https:\/\/www.yucatanencorto.com\/noticias\/?p=99597"},"modified":"2023-08-17T15:58:16","modified_gmt":"2023-08-17T21:58:16","slug":"suspenden-el-instagram-a-wendy-guevara-y-ella-se-pronuncia-fans-que-quieren-manejar-tu-vida","status":"publish","type":"post","link":"https:\/\/www.yucatanencorto.com\/noticias\/suspenden-el-instagram-a-wendy-guevara-y-ella-se-pronuncia-fans-que-quieren-manejar-tu-vida\/","title":{"rendered":"Suspenden el Instagram a Wendy Guevara y ella se pronuncia: \u201cFans que quieren manejar tu vida\u201d"},"content":{"rendered":"<p><img loading=\"lazy\" decoding=\"async\" class=\"alignnone size-full wp-image-99598\" src=\"https:\/\/www.yucatanencorto.com\/noticias\/wp-content\/uploads\/2023\/08\/Imagen-de-WhatsApp-2023-07-06-a-las-08.59.15-1-scaled.webp\" alt=\"\" width=\"768\" height=\"512\" srcset=\"https:\/\/www.yucatanencorto.com\/noticias\/wp-content\/uploads\/2023\/08\/Imagen-de-WhatsApp-2023-07-06-a-las-08.59.15-1-scaled.webp 768w, https:\/\/www.yucatanencorto.com\/noticias\/wp-content\/uploads\/2023\/08\/Imagen-de-WhatsApp-2023-07-06-a-las-08.59.15-1-696x464.webp 696w, https:\/\/www.yucatanencorto.com\/noticias\/wp-content\/uploads\/2023\/08\/Imagen-de-WhatsApp-2023-07-06-a-las-08.59.15-1-630x420.webp 630w\" sizes=\"auto, (max-width: 768px) 100vw, 768px\" \/><\/p>\n<p>La ganadora de \u2018La Casa De Los Famosos M\u00e9xico\u2019,\u00a0Wendy Guevara, al parecer\u00a0tiene suspendida la cuenta de Instagram. Aunque no se sabe exactamente qu\u00e9 pas\u00f3, algunos especulan y la propia Wendy dej\u00f3 en entrever que la raz\u00f3n tendr\u00eda que ver con Marlon Colmenarez.<\/p>\n<p>En redes sociales muchos fans han comentado que la cuenta de Wendy, llamada\u00a0\u201csoywendyguevaraoficial\u201d, con 6,4 millones de seguidores, aparece sin publicaciones, sin seguidores, sin seguidores y sin la posibilidad de poder seguirla o enviarle mensajes,\u00a0lo que indica que la cuenta estar\u00eda suspendida.<\/p>\n<p>La propia integrante de \u2018Las Perdidas\u2019 public\u00f3 una story en su cuenta alterna \u201csoywendyguevararespaldo\u201d informando que estaba tratando de recuperar su cuenta original.<\/p>\n<p>\u201cEstoy tratando de recuperar mi cuenta oficial.\u00a0Si no logro recuperarla aqu\u00ed estar\u00e9 subiendo contenido\u201d, fue el texto que utiliz\u00f3.<\/p>\n<p>Aunque en la cuenta de respaldo logr\u00f3 tener 10 mil seguidores r\u00e1pidamente, luego de unos momentos tambi\u00e9n fue \u201ctumbada\u201d\u00a0y por el momento estar\u00eda sin Instagram y tratando de recuperar su cuenta.<\/p>\n<p>Todo iba muy bien desde que Wendy result\u00f3 ganadora del reality show de Televisa el pasado domingo, pero\u00a0esta semana despu\u00e9s de que apareciera con Marlon Colmenarez habr\u00eda desatado la incomodidad de los fans que guardan la esperanza de que ella y Nicola Porcella tengan un romance.<\/p>\n<p>Presuntamente los propios admiradores de la influencer ayudaron a que le desactivaran la cuenta, al menos, eso fue lo que se le entendi\u00f3 a ella en una entrevista.<\/p>\n<p>\u00bfQu\u00e9 dijo Wendy?<br \/>\nEn una entrevista que dieron la ganadora de \u2018LCDLFMX\u2019: Wendy Guevara, el segundo finalista: Nicola Porcella y el quinto finalista: Emilio Osorio, a Mara Casta\u00f1eda,\u00a0la influencer rompi\u00f3 el silencio sobre qu\u00e9 pas\u00f3 con su perfil en la red social.<\/p>\n<p>Seg\u00fan coment\u00f3 la artista,\u00a0cree que todo pas\u00f3 por fans que desean controlar su vida, dando a entender que pudo haber sido su trato con Marlon.<\/p>\n<p>\u201cExiste unos fans que quieren manejar tu vida y quieres a veces manejarla al decirte, con qui\u00e9n te juntes, con qui\u00e9n sales, con qui\u00e9n no\u201d<\/p>\n<p>Wendy Guevara<br \/>\n\u2018La Perdida\u2019 mostr\u00f3 su rechazo a las acciones que habr\u00edan tomado algunos de sus admiradores para mostrar su rechazo a la persona con la que Wendy hasta hizo un live desde la cuenta de \u00e9l.<\/p>\n<p>\u201cCuando eres fan de una persona, artista o influencer, el mayor acto de amor es dejarlo ser feliz\u201d, sentencio.<\/p>\n","protected":false},"excerpt":{"rendered":"<p>La ganadora de \u2018La Casa De Los Famosos M\u00e9xico\u2019,\u00a0Wendy Guevara, al parecer\u00a0tiene suspendida la cuenta de Instagram. Aunque no se sabe exactamente qu\u00e9 pas\u00f3, algunos especulan y la propia Wendy dej\u00f3 en entrever que la raz\u00f3n tendr\u00eda que ver con Marlon Colmenarez. En redes sociales muchos fans han comentado que la cuenta de Wendy, llamada\u00a0\u201csoywendyguevaraoficial\u201d, [&hellip;]<\/p>\n","protected":false},"author":3,"featured_media":99598,"comment_status":"closed","ping_status":"closed","sticky":false,"template":"","format":"standard","meta":{"footnotes":""},"categories":[9],"tags":[],"class_list":{"0":"post-99597","1":"post","2":"type-post","3":"status-publish","4":"format-standard","5":"has-post-thumbnail","7":"category-sociedad-y-espectaculos"},"yoast_head":"<!-- This site is optimized with the Yoast SEO plugin v27.5 - https:\/\/yoast.com\/product\/yoast-seo-wordpress\/ -->\n<title>Suspenden el Instagram a Wendy Guevara y ella se pronuncia: \u201cFans que quieren manejar tu vida\u201d - Yucat\u00e1n en corto<\/title>\n<meta name=\"robots\" content=\"index, follow, max-snippet:-1, max-image-preview:large, max-video-preview:-1\" \/>\n<link rel=\"canonical\" href=\"https:\/\/www.yucatanencorto.com\/noticias\/suspenden-el-instagram-a-wendy-guevara-y-ella-se-pronuncia-fans-que-quieren-manejar-tu-vida\/\" \/>\n<meta property=\"og:locale\" content=\"es_ES\" \/>\n<meta property=\"og:type\" content=\"article\" \/>\n<meta property=\"og:title\" content=\"Suspenden el Instagram a Wendy Guevara y ella se pronuncia: \u201cFans que quieren manejar tu vida\u201d - Yucat\u00e1n en corto\" \/>\n<meta property=\"og:description\" content=\"La ganadora de \u2018La Casa De Los Famosos M\u00e9xico\u2019,\u00a0Wendy Guevara, al parecer\u00a0tiene suspendida la cuenta de Instagram. Aunque no se sabe exactamente qu\u00e9 pas\u00f3, algunos especulan y la propia Wendy dej\u00f3 en entrever que la raz\u00f3n tendr\u00eda que ver con Marlon Colmenarez. En redes sociales muchos fans han comentado que la cuenta de Wendy, llamada\u00a0\u201csoywendyguevaraoficial\u201d, [&hellip;]\" \/>\n<meta property=\"og:url\" content=\"https:\/\/www.yucatanencorto.com\/noticias\/suspenden-el-instagram-a-wendy-guevara-y-ella-se-pronuncia-fans-que-quieren-manejar-tu-vida\/\" \/>\n<meta property=\"og:site_name\" content=\"Yucat\u00e1n en corto\" \/>\n<meta property=\"article:publisher\" content=\"http:\/\/www.facebook.com\/yucatanencorto\" \/>\n<meta property=\"article:published_time\" content=\"2023-08-17T21:58:16+00:00\" \/>\n<meta property=\"og:image\" content=\"https:\/\/www.yucatanencorto.com\/noticias\/wp-content\/uploads\/2023\/08\/Imagen-de-WhatsApp-2023-07-06-a-las-08.59.15-1-scaled.webp\" \/>\n\t<meta property=\"og:image:width\" content=\"768\" \/>\n\t<meta property=\"og:image:height\" content=\"512\" \/>\n\t<meta property=\"og:image:type\" content=\"image\/webp\" \/>\n<meta name=\"author\" content=\"Redes\" \/>\n<meta name=\"twitter:card\" content=\"summary_large_image\" \/>\n<meta name=\"twitter:creator\" content=\"@yucatanencorto\" \/>\n<meta name=\"twitter:site\" content=\"@yucatanencorto\" \/>\n<meta name=\"twitter:label1\" content=\"Escrito por\" \/>\n\t<meta name=\"twitter:data1\" content=\"Redes\" \/>\n\t<meta name=\"twitter:label2\" content=\"Tiempo de lectura\" \/>\n\t<meta name=\"twitter:data2\" content=\"2 minutos\" \/>\n<script type=\"application\/ld+json\" class=\"yoast-schema-graph\">{\"@context\":\"https:\\\/\\\/schema.org\",\"@graph\":[{\"@type\":\"Article\",\"@id\":\"https:\\\/\\\/www.yucatanencorto.com\\\/noticias\\\/suspenden-el-instagram-a-wendy-guevara-y-ella-se-pronuncia-fans-que-quieren-manejar-tu-vida\\\/#article\",\"isPartOf\":{\"@id\":\"https:\\\/\\\/www.yucatanencorto.com\\\/noticias\\\/suspenden-el-instagram-a-wendy-guevara-y-ella-se-pronuncia-fans-que-quieren-manejar-tu-vida\\\/\"},\"author\":{\"name\":\"Redes\",\"@id\":\"https:\\\/\\\/www.yucatanencorto.com\\\/noticias\\\/#\\\/schema\\\/person\\\/e2fbdfaf30a07014a43940ce989f3119\"},\"headline\":\"Suspenden el Instagram a Wendy Guevara y ella se pronuncia: \u201cFans que quieren manejar tu vida\u201d\",\"datePublished\":\"2023-08-17T21:58:16+00:00\",\"mainEntityOfPage\":{\"@id\":\"https:\\\/\\\/www.yucatanencorto.com\\\/noticias\\\/suspenden-el-instagram-a-wendy-guevara-y-ella-se-pronuncia-fans-que-quieren-manejar-tu-vida\\\/\"},\"wordCount\":417,\"image\":{\"@id\":\"https:\\\/\\\/www.yucatanencorto.com\\\/noticias\\\/suspenden-el-instagram-a-wendy-guevara-y-ella-se-pronuncia-fans-que-quieren-manejar-tu-vida\\\/#primaryimage\"},\"thumbnailUrl\":\"https:\\\/\\\/www.yucatanencorto.com\\\/noticias\\\/wp-content\\\/uploads\\\/2023\\\/08\\\/Imagen-de-WhatsApp-2023-07-06-a-las-08.59.15-1-scaled.webp\",\"articleSection\":[\"Sociedad y Espect\u00e1culos\"],\"inLanguage\":\"es\"},{\"@type\":\"WebPage\",\"@id\":\"https:\\\/\\\/www.yucatanencorto.com\\\/noticias\\\/suspenden-el-instagram-a-wendy-guevara-y-ella-se-pronuncia-fans-que-quieren-manejar-tu-vida\\\/\",\"url\":\"https:\\\/\\\/www.yucatanencorto.com\\\/noticias\\\/suspenden-el-instagram-a-wendy-guevara-y-ella-se-pronuncia-fans-que-quieren-manejar-tu-vida\\\/\",\"name\":\"Suspenden el Instagram a Wendy Guevara y ella se pronuncia: \u201cFans que quieren manejar tu vida\u201d - Yucat\u00e1n en corto\",\"isPartOf\":{\"@id\":\"https:\\\/\\\/www.yucatanencorto.com\\\/noticias\\\/#website\"},\"primaryImageOfPage\":{\"@id\":\"https:\\\/\\\/www.yucatanencorto.com\\\/noticias\\\/suspenden-el-instagram-a-wendy-guevara-y-ella-se-pronuncia-fans-que-quieren-manejar-tu-vida\\\/#primaryimage\"},\"image\":{\"@id\":\"https:\\\/\\\/www.yucatanencorto.com\\\/noticias\\\/suspenden-el-instagram-a-wendy-guevara-y-ella-se-pronuncia-fans-que-quieren-manejar-tu-vida\\\/#primaryimage\"},\"thumbnailUrl\":\"https:\\\/\\\/www.yucatanencorto.com\\\/noticias\\\/wp-content\\\/uploads\\\/2023\\\/08\\\/Imagen-de-WhatsApp-2023-07-06-a-las-08.59.15-1-scaled.webp\",\"datePublished\":\"2023-08-17T21:58:16+00:00\",\"author\":{\"@id\":\"https:\\\/\\\/www.yucatanencorto.com\\\/noticias\\\/#\\\/schema\\\/person\\\/e2fbdfaf30a07014a43940ce989f3119\"},\"breadcrumb\":{\"@id\":\"https:\\\/\\\/www.yucatanencorto.com\\\/noticias\\\/suspenden-el-instagram-a-wendy-guevara-y-ella-se-pronuncia-fans-que-quieren-manejar-tu-vida\\\/#breadcrumb\"},\"inLanguage\":\"es\",\"potentialAction\":[{\"@type\":\"ReadAction\",\"target\":[\"https:\\\/\\\/www.yucatanencorto.com\\\/noticias\\\/suspenden-el-instagram-a-wendy-guevara-y-ella-se-pronuncia-fans-que-quieren-manejar-tu-vida\\\/\"]}]},{\"@type\":\"ImageObject\",\"inLanguage\":\"es\",\"@id\":\"https:\\\/\\\/www.yucatanencorto.com\\\/noticias\\\/suspenden-el-instagram-a-wendy-guevara-y-ella-se-pronuncia-fans-que-quieren-manejar-tu-vida\\\/#primaryimage\",\"url\":\"https:\\\/\\\/www.yucatanencorto.com\\\/noticias\\\/wp-content\\\/uploads\\\/2023\\\/08\\\/Imagen-de-WhatsApp-2023-07-06-a-las-08.59.15-1-scaled.webp\",\"contentUrl\":\"https:\\\/\\\/www.yucatanencorto.com\\\/noticias\\\/wp-content\\\/uploads\\\/2023\\\/08\\\/Imagen-de-WhatsApp-2023-07-06-a-las-08.59.15-1-scaled.webp\",\"width\":768,\"height\":512},{\"@type\":\"BreadcrumbList\",\"@id\":\"https:\\\/\\\/www.yucatanencorto.com\\\/noticias\\\/suspenden-el-instagram-a-wendy-guevara-y-ella-se-pronuncia-fans-que-quieren-manejar-tu-vida\\\/#breadcrumb\",\"itemListElement\":[{\"@type\":\"ListItem\",\"position\":1,\"name\":\"Portada\",\"item\":\"https:\\\/\\\/www.yucatanencorto.com\\\/noticias\\\/\"},{\"@type\":\"ListItem\",\"position\":2,\"name\":\"Suspenden el Instagram a Wendy Guevara y ella se pronuncia: \u201cFans que quieren manejar tu vida\u201d\"}]},{\"@type\":\"WebSite\",\"@id\":\"https:\\\/\\\/www.yucatanencorto.com\\\/noticias\\\/#website\",\"url\":\"https:\\\/\\\/www.yucatanencorto.com\\\/noticias\\\/\",\"name\":\"Yucat\u00e1n en corto\",\"description\":\"Noticias\",\"potentialAction\":[{\"@type\":\"SearchAction\",\"target\":{\"@type\":\"EntryPoint\",\"urlTemplate\":\"https:\\\/\\\/www.yucatanencorto.com\\\/noticias\\\/?s={search_term_string}\"},\"query-input\":{\"@type\":\"PropertyValueSpecification\",\"valueRequired\":true,\"valueName\":\"search_term_string\"}}],\"inLanguage\":\"es\"},{\"@type\":\"Person\",\"@id\":\"https:\\\/\\\/www.yucatanencorto.com\\\/noticias\\\/#\\\/schema\\\/person\\\/e2fbdfaf30a07014a43940ce989f3119\",\"name\":\"Redes\",\"image\":{\"@type\":\"ImageObject\",\"inLanguage\":\"es\",\"@id\":\"https:\\\/\\\/secure.gravatar.com\\\/avatar\\\/5931a2d21dd7cc834f44c8c34fe56d90ed6d536ef452cbf870c7485b524dddd7?s=96&d=mm&r=g\",\"url\":\"https:\\\/\\\/secure.gravatar.com\\\/avatar\\\/5931a2d21dd7cc834f44c8c34fe56d90ed6d536ef452cbf870c7485b524dddd7?s=96&d=mm&r=g\",\"contentUrl\":\"https:\\\/\\\/secure.gravatar.com\\\/avatar\\\/5931a2d21dd7cc834f44c8c34fe56d90ed6d536ef452cbf870c7485b524dddd7?s=96&d=mm&r=g\",\"caption\":\"Redes\"},\"url\":\"https:\\\/\\\/www.yucatanencorto.com\\\/noticias\\\/author\\\/redes\\\/\"}]}<\/script>\n<!-- \/ Yoast SEO plugin. -->","yoast_head_json":{"title":"Suspenden el Instagram a Wendy Guevara y ella se pronuncia: \u201cFans que quieren manejar tu vida\u201d - Yucat\u00e1n en corto","robots":{"index":"index","follow":"follow","max-snippet":"max-snippet:-1","max-image-preview":"max-image-preview:large","max-video-preview":"max-video-preview:-1"},"canonical":"https:\/\/www.yucatanencorto.com\/noticias\/suspenden-el-instagram-a-wendy-guevara-y-ella-se-pronuncia-fans-que-quieren-manejar-tu-vida\/","og_locale":"es_ES","og_type":"article","og_title":"Suspenden el Instagram a Wendy Guevara y ella se pronuncia: \u201cFans que quieren manejar tu vida\u201d - Yucat\u00e1n en corto","og_description":"La ganadora de \u2018La Casa De Los Famosos M\u00e9xico\u2019,\u00a0Wendy Guevara, al parecer\u00a0tiene suspendida la cuenta de Instagram. Aunque no se sabe exactamente qu\u00e9 pas\u00f3, algunos especulan y la propia Wendy dej\u00f3 en entrever que la raz\u00f3n tendr\u00eda que ver con Marlon Colmenarez. En redes sociales muchos fans han comentado que la cuenta de Wendy, llamada\u00a0\u201csoywendyguevaraoficial\u201d, [&hellip;]","og_url":"https:\/\/www.yucatanencorto.com\/noticias\/suspenden-el-instagram-a-wendy-guevara-y-ella-se-pronuncia-fans-que-quieren-manejar-tu-vida\/","og_site_name":"Yucat\u00e1n en corto","article_publisher":"http:\/\/www.facebook.com\/yucatanencorto","article_published_time":"2023-08-17T21:58:16+00:00","og_image":[{"width":768,"height":512,"url":"https:\/\/www.yucatanencorto.com\/noticias\/wp-content\/uploads\/2023\/08\/Imagen-de-WhatsApp-2023-07-06-a-las-08.59.15-1-scaled.webp","type":"image\/webp"}],"author":"Redes","twitter_card":"summary_large_image","twitter_creator":"@yucatanencorto","twitter_site":"@yucatanencorto","twitter_misc":{"Escrito por":"Redes","Tiempo de lectura":"2 minutos"},"schema":{"@context":"https:\/\/schema.org","@graph":[{"@type":"Article","@id":"https:\/\/www.yucatanencorto.com\/noticias\/suspenden-el-instagram-a-wendy-guevara-y-ella-se-pronuncia-fans-que-quieren-manejar-tu-vida\/#article","isPartOf":{"@id":"https:\/\/www.yucatanencorto.com\/noticias\/suspenden-el-instagram-a-wendy-guevara-y-ella-se-pronuncia-fans-que-quieren-manejar-tu-vida\/"},"author":{"name":"Redes","@id":"https:\/\/www.yucatanencorto.com\/noticias\/#\/schema\/person\/e2fbdfaf30a07014a43940ce989f3119"},"headline":"Suspenden el Instagram a Wendy Guevara y ella se pronuncia: \u201cFans que quieren manejar tu vida\u201d","datePublished":"2023-08-17T21:58:16+00:00","mainEntityOfPage":{"@id":"https:\/\/www.yucatanencorto.com\/noticias\/suspenden-el-instagram-a-wendy-guevara-y-ella-se-pronuncia-fans-que-quieren-manejar-tu-vida\/"},"wordCount":417,"image":{"@id":"https:\/\/www.yucatanencorto.com\/noticias\/suspenden-el-instagram-a-wendy-guevara-y-ella-se-pronuncia-fans-que-quieren-manejar-tu-vida\/#primaryimage"},"thumbnailUrl":"https:\/\/www.yucatanencorto.com\/noticias\/wp-content\/uploads\/2023\/08\/Imagen-de-WhatsApp-2023-07-06-a-las-08.59.15-1-scaled.webp","articleSection":["Sociedad y Espect\u00e1culos"],"inLanguage":"es"},{"@type":"WebPage","@id":"https:\/\/www.yucatanencorto.com\/noticias\/suspenden-el-instagram-a-wendy-guevara-y-ella-se-pronuncia-fans-que-quieren-manejar-tu-vida\/","url":"https:\/\/www.yucatanencorto.com\/noticias\/suspenden-el-instagram-a-wendy-guevara-y-ella-se-pronuncia-fans-que-quieren-manejar-tu-vida\/","name":"Suspenden el Instagram a Wendy Guevara y ella se pronuncia: \u201cFans que quieren manejar tu vida\u201d - Yucat\u00e1n en corto","isPartOf":{"@id":"https:\/\/www.yucatanencorto.com\/noticias\/#website"},"primaryImageOfPage":{"@id":"https:\/\/www.yucatanencorto.com\/noticias\/suspenden-el-instagram-a-wendy-guevara-y-ella-se-pronuncia-fans-que-quieren-manejar-tu-vida\/#primaryimage"},"image":{"@id":"https:\/\/www.yucatanencorto.com\/noticias\/suspenden-el-instagram-a-wendy-guevara-y-ella-se-pronuncia-fans-que-quieren-manejar-tu-vida\/#primaryimage"},"thumbnailUrl":"https:\/\/www.yucatanencorto.com\/noticias\/wp-content\/uploads\/2023\/08\/Imagen-de-WhatsApp-2023-07-06-a-las-08.59.15-1-scaled.webp","datePublished":"2023-08-17T21:58:16+00:00","author":{"@id":"https:\/\/www.yucatanencorto.com\/noticias\/#\/schema\/person\/e2fbdfaf30a07014a43940ce989f3119"},"breadcrumb":{"@id":"https:\/\/www.yucatanencorto.com\/noticias\/suspenden-el-instagram-a-wendy-guevara-y-ella-se-pronuncia-fans-que-quieren-manejar-tu-vida\/#breadcrumb"},"inLanguage":"es","potentialAction":[{"@type":"ReadAction","target":["https:\/\/www.yucatanencorto.com\/noticias\/suspenden-el-instagram-a-wendy-guevara-y-ella-se-pronuncia-fans-que-quieren-manejar-tu-vida\/"]}]},{"@type":"ImageObject","inLanguage":"es","@id":"https:\/\/www.yucatanencorto.com\/noticias\/suspenden-el-instagram-a-wendy-guevara-y-ella-se-pronuncia-fans-que-quieren-manejar-tu-vida\/#primaryimage","url":"https:\/\/www.yucatanencorto.com\/noticias\/wp-content\/uploads\/2023\/08\/Imagen-de-WhatsApp-2023-07-06-a-las-08.59.15-1-scaled.webp","contentUrl":"https:\/\/www.yucatanencorto.com\/noticias\/wp-content\/uploads\/2023\/08\/Imagen-de-WhatsApp-2023-07-06-a-las-08.59.15-1-scaled.webp","width":768,"height":512},{"@type":"BreadcrumbList","@id":"https:\/\/www.yucatanencorto.com\/noticias\/suspenden-el-instagram-a-wendy-guevara-y-ella-se-pronuncia-fans-que-quieren-manejar-tu-vida\/#breadcrumb","itemListElement":[{"@type":"ListItem","position":1,"name":"Portada","item":"https:\/\/www.yucatanencorto.com\/noticias\/"},{"@type":"ListItem","position":2,"name":"Suspenden el Instagram a Wendy Guevara y ella se pronuncia: \u201cFans que quieren manejar tu vida\u201d"}]},{"@type":"WebSite","@id":"https:\/\/www.yucatanencorto.com\/noticias\/#website","url":"https:\/\/www.yucatanencorto.com\/noticias\/","name":"Yucat\u00e1n en corto","description":"Noticias","potentialAction":[{"@type":"SearchAction","target":{"@type":"EntryPoint","urlTemplate":"https:\/\/www.yucatanencorto.com\/noticias\/?s={search_term_string}"},"query-input":{"@type":"PropertyValueSpecification","valueRequired":true,"valueName":"search_term_string"}}],"inLanguage":"es"},{"@type":"Person","@id":"https:\/\/www.yucatanencorto.com\/noticias\/#\/schema\/person\/e2fbdfaf30a07014a43940ce989f3119","name":"Redes","image":{"@type":"ImageObject","inLanguage":"es","@id":"https:\/\/secure.gravatar.com\/avatar\/5931a2d21dd7cc834f44c8c34fe56d90ed6d536ef452cbf870c7485b524dddd7?s=96&d=mm&r=g","url":"https:\/\/secure.gravatar.com\/avatar\/5931a2d21dd7cc834f44c8c34fe56d90ed6d536ef452cbf870c7485b524dddd7?s=96&d=mm&r=g","contentUrl":"https:\/\/secure.gravatar.com\/avatar\/5931a2d21dd7cc834f44c8c34fe56d90ed6d536ef452cbf870c7485b524dddd7?s=96&d=mm&r=g","caption":"Redes"},"url":"https:\/\/www.yucatanencorto.com\/noticias\/author\/redes\/"}]}},"_links":{"self":[{"href":"https:\/\/www.yucatanencorto.com\/noticias\/wp-json\/wp\/v2\/posts\/99597","targetHints":{"allow":["GET"]}}],"collection":[{"href":"https:\/\/www.yucatanencorto.com\/noticias\/wp-json\/wp\/v2\/posts"}],"about":[{"href":"https:\/\/www.yucatanencorto.com\/noticias\/wp-json\/wp\/v2\/types\/post"}],"author":[{"embeddable":true,"href":"https:\/\/www.yucatanencorto.com\/noticias\/wp-json\/wp\/v2\/users\/3"}],"replies":[{"embeddable":true,"href":"https:\/\/www.yucatanencorto.com\/noticias\/wp-json\/wp\/v2\/comments?post=99597"}],"version-history":[{"count":0,"href":"https:\/\/www.yucatanencorto.com\/noticias\/wp-json\/wp\/v2\/posts\/99597\/revisions"}],"wp:featuredmedia":[{"embeddable":true,"href":"https:\/\/www.yucatanencorto.com\/noticias\/wp-json\/wp\/v2\/media\/99598"}],"wp:attachment":[{"href":"https:\/\/www.yucatanencorto.com\/noticias\/wp-json\/wp\/v2\/media?parent=99597"}],"wp:term":[{"taxonomy":"category","embeddable":true,"href":"https:\/\/www.yucatanencorto.com\/noticias\/wp-json\/wp\/v2\/categories?post=99597"},{"taxonomy":"post_tag","embeddable":true,"href":"https:\/\/www.yucatanencorto.com\/noticias\/wp-json\/wp\/v2\/tags?post=99597"}],"curies":[{"name":"wp","href":"https:\/\/api.w.org\/{rel}","templated":true}]}}