{"id":99631,"date":"2023-08-21T09:43:26","date_gmt":"2023-08-21T15:43:26","guid":{"rendered":"https:\/\/www.yucatanencorto.com\/noticias\/?p=99631"},"modified":"2023-08-21T09:43:26","modified_gmt":"2023-08-21T15:43:26","slug":"charles-martinet-dejara-de-interpretar-a-mario-en-los-proximos-videojuegos","status":"publish","type":"post","link":"https:\/\/www.yucatanencorto.com\/noticias\/charles-martinet-dejara-de-interpretar-a-mario-en-los-proximos-videojuegos\/","title":{"rendered":"Charles Martinet dejar\u00e1 de interpretar a Mario en los pr\u00f3ximos videojuegos"},"content":{"rendered":"<p><img loading=\"lazy\" decoding=\"async\" class=\"alignnone size-full wp-image-99632\" src=\"https:\/\/www.yucatanencorto.com\/noticias\/wp-content\/uploads\/2023\/08\/202382116371063_1.jpg.png\" alt=\"\" width=\"768\" height=\"432\" srcset=\"https:\/\/www.yucatanencorto.com\/noticias\/wp-content\/uploads\/2023\/08\/202382116371063_1.jpg.png 768w, https:\/\/www.yucatanencorto.com\/noticias\/wp-content\/uploads\/2023\/08\/202382116371063_1.jpg-696x392.png 696w, https:\/\/www.yucatanencorto.com\/noticias\/wp-content\/uploads\/2023\/08\/202382116371063_1.jpg-1068x601.png 1068w, https:\/\/www.yucatanencorto.com\/noticias\/wp-content\/uploads\/2023\/08\/202382116371063_1.jpg-747x420.png 747w\" sizes=\"auto, (max-width: 768px) 100vw, 768px\" \/>Nintendo\u00a0ha anunciado que\u00a0<b>Charles Martinet<\/b>, actor que ha dado voz a Mario desde\u00a0<span class=\"resaltado\">Super Mario 64<\/span>,\u00a0<b>dejar\u00e1 de interpretar a este m\u00edtico personaje<\/b>\u00a0en los pr\u00f3ximos juegos de la\u00a0saga. La compa\u00f1\u00eda lo ha comunicado a trav\u00e9s de una breve carta en la que explica que Martinet seguir\u00e1 estando ligado al universo al que ha contribuido a crear, ya que\u00a0<b>pasar\u00e1 a ostentar el puesto de\u00a0<i>&#8216;Mario Ambassador&#8217;<\/i><\/b>, un rol que le permitir\u00e1 \u00abviajar por el mundo entero para compartir la alegr\u00eda de Mario e interactuar\u00bb con la comunidad de fans. El propio actor ha publicado un\u00a0<i>tweet<\/i>\u00a0en el que se muestra entusiasmado con su\u00a0<b>\u00abnueva aventura\u00bb<\/b>.<\/p>\n<p>\u00abHa sido todo un honor trabajar con Charles para darle vida a Mario durante todos estos a\u00f1os, por lo que\u00a0<b>queremos agradec\u00e9rselo y rendirle un sincero homenaje<\/b>\u00ab, leemos en el\u00a0<i>tweet<\/i>\u00a0publicado por\u00a0Nintendo Espa\u00f1a. Este homenaje tendr\u00e1 forma de v\u00eddeo en el que el propio Martinet aparecer\u00e1 junto a\u00a0<b>Shigeru Miyamoto<\/b>, creador de Mario, para ofrecer un mensaje especial a los fans. No se ha concretado qu\u00e9 d\u00eda podremos ver dicho v\u00eddeo.<\/p>\n<p>Aunque la confirmaci\u00f3n oficial se haya producido ahora, lo cierto es que\u00a0ya hab\u00eda pistas\u00a0de que Charles Martinet dejar\u00eda de interpretar a Mario en los nuevos juegos de Nintendo: en los v\u00eddeos con los que se anunciaron\u00a0<span class=\"resaltado\">Super Mario Wonder<\/span>\u00a0y\u00a0<span class=\"resaltado\">WarioWare: Move It!<\/span>\u00a0ya se intu\u00eda que la voz que sonaba no era la del actor que tradicionalmente hab\u00eda dado vida a Mario y Wario, entre otros personajes. Por el momento\u00a0<b>se desconoce qui\u00e9n sustituir\u00e1 a Martinet<\/b>\u00a0en estos importantes papeles, aunque saldremos de dudas cuando se publiquen ambos t\u00edtulos (20 de octubre\u00a0y\u00a03 de noviembre, respectivamente).<\/p>\n<div id=\"placeholderpubli2movil\"><\/div>\n<p>Charles Martinet, quien tambi\u00e9n es la voz de Luigi, Wario, Waluigi, Toadsworth, Baby Mario y Baby Luigi, entre otros, hab\u00eda manifestado su\u00a0deseo de seguir dando voz a Mario hasta el fin de sus d\u00edas. En\u00a0<i>Super Mario Bros. La Pel\u00edcula<\/i>, sin embargo, no interpret\u00f3 al protagonista sino a dos personajes secundarios:\u00a0<b>Giuseppe y el padre de Mario<\/b>,\u00a0a quienes dobl\u00f3 incluso en la versi\u00f3n espa\u00f1ola.<\/p>\n<p>&nbsp;<\/p>\n<p>&nbsp;<\/p>\n<p>V\u00eda Vandal Espa\u00f1ol<\/p>\n","protected":false},"excerpt":{"rendered":"<p>Nintendo\u00a0ha anunciado que\u00a0Charles Martinet, actor que ha dado voz a Mario desde\u00a0Super Mario 64,\u00a0dejar\u00e1 de interpretar a este m\u00edtico personaje\u00a0en los pr\u00f3ximos juegos de la\u00a0saga. La compa\u00f1\u00eda lo ha comunicado a trav\u00e9s de una breve carta en la que explica que Martinet seguir\u00e1 estando ligado al universo al que ha contribuido a crear, ya que\u00a0pasar\u00e1 [&hellip;]<\/p>\n","protected":false},"author":3,"featured_media":99632,"comment_status":"closed","ping_status":"closed","sticky":false,"template":"","format":"standard","meta":{"footnotes":""},"categories":[9],"tags":[],"class_list":{"0":"post-99631","1":"post","2":"type-post","3":"status-publish","4":"format-standard","5":"has-post-thumbnail","7":"category-sociedad-y-espectaculos"},"yoast_head":"<!-- This site is optimized with the Yoast SEO plugin v27.5 - https:\/\/yoast.com\/product\/yoast-seo-wordpress\/ -->\n<title>Charles Martinet dejar\u00e1 de interpretar a Mario en los pr\u00f3ximos videojuegos - Yucat\u00e1n en corto<\/title>\n<meta name=\"robots\" content=\"index, follow, max-snippet:-1, max-image-preview:large, max-video-preview:-1\" \/>\n<link rel=\"canonical\" href=\"https:\/\/www.yucatanencorto.com\/noticias\/charles-martinet-dejara-de-interpretar-a-mario-en-los-proximos-videojuegos\/\" \/>\n<meta property=\"og:locale\" content=\"es_ES\" \/>\n<meta property=\"og:type\" content=\"article\" \/>\n<meta property=\"og:title\" content=\"Charles Martinet dejar\u00e1 de interpretar a Mario en los pr\u00f3ximos videojuegos - Yucat\u00e1n en corto\" \/>\n<meta property=\"og:description\" content=\"Nintendo\u00a0ha anunciado que\u00a0Charles Martinet, actor que ha dado voz a Mario desde\u00a0Super Mario 64,\u00a0dejar\u00e1 de interpretar a este m\u00edtico personaje\u00a0en los pr\u00f3ximos juegos de la\u00a0saga. La compa\u00f1\u00eda lo ha comunicado a trav\u00e9s de una breve carta en la que explica que Martinet seguir\u00e1 estando ligado al universo al que ha contribuido a crear, ya que\u00a0pasar\u00e1 [&hellip;]\" \/>\n<meta property=\"og:url\" content=\"https:\/\/www.yucatanencorto.com\/noticias\/charles-martinet-dejara-de-interpretar-a-mario-en-los-proximos-videojuegos\/\" \/>\n<meta property=\"og:site_name\" content=\"Yucat\u00e1n en corto\" \/>\n<meta property=\"article:publisher\" content=\"http:\/\/www.facebook.com\/yucatanencorto\" \/>\n<meta property=\"article:published_time\" content=\"2023-08-21T15:43:26+00:00\" \/>\n<meta property=\"og:image\" content=\"https:\/\/www.yucatanencorto.com\/noticias\/wp-content\/uploads\/2023\/08\/202382116371063_1.jpg.png\" \/>\n\t<meta property=\"og:image:width\" content=\"768\" \/>\n\t<meta property=\"og:image:height\" content=\"432\" \/>\n\t<meta property=\"og:image:type\" content=\"image\/png\" \/>\n<meta name=\"author\" content=\"Redes\" \/>\n<meta name=\"twitter:card\" content=\"summary_large_image\" \/>\n<meta name=\"twitter:creator\" content=\"@yucatanencorto\" \/>\n<meta name=\"twitter:site\" content=\"@yucatanencorto\" \/>\n<meta name=\"twitter:label1\" content=\"Escrito por\" \/>\n\t<meta name=\"twitter:data1\" content=\"Redes\" \/>\n\t<meta name=\"twitter:label2\" content=\"Tiempo de lectura\" \/>\n\t<meta name=\"twitter:data2\" content=\"2 minutos\" \/>\n<script type=\"application\/ld+json\" class=\"yoast-schema-graph\">{\"@context\":\"https:\\\/\\\/schema.org\",\"@graph\":[{\"@type\":\"Article\",\"@id\":\"https:\\\/\\\/www.yucatanencorto.com\\\/noticias\\\/charles-martinet-dejara-de-interpretar-a-mario-en-los-proximos-videojuegos\\\/#article\",\"isPartOf\":{\"@id\":\"https:\\\/\\\/www.yucatanencorto.com\\\/noticias\\\/charles-martinet-dejara-de-interpretar-a-mario-en-los-proximos-videojuegos\\\/\"},\"author\":{\"name\":\"Redes\",\"@id\":\"https:\\\/\\\/www.yucatanencorto.com\\\/noticias\\\/#\\\/schema\\\/person\\\/e2fbdfaf30a07014a43940ce989f3119\"},\"headline\":\"Charles Martinet dejar\u00e1 de interpretar a Mario en los pr\u00f3ximos videojuegos\",\"datePublished\":\"2023-08-21T15:43:26+00:00\",\"mainEntityOfPage\":{\"@id\":\"https:\\\/\\\/www.yucatanencorto.com\\\/noticias\\\/charles-martinet-dejara-de-interpretar-a-mario-en-los-proximos-videojuegos\\\/\"},\"wordCount\":389,\"image\":{\"@id\":\"https:\\\/\\\/www.yucatanencorto.com\\\/noticias\\\/charles-martinet-dejara-de-interpretar-a-mario-en-los-proximos-videojuegos\\\/#primaryimage\"},\"thumbnailUrl\":\"https:\\\/\\\/www.yucatanencorto.com\\\/noticias\\\/wp-content\\\/uploads\\\/2023\\\/08\\\/202382116371063_1.jpg.png\",\"articleSection\":[\"Sociedad y Espect\u00e1culos\"],\"inLanguage\":\"es\"},{\"@type\":\"WebPage\",\"@id\":\"https:\\\/\\\/www.yucatanencorto.com\\\/noticias\\\/charles-martinet-dejara-de-interpretar-a-mario-en-los-proximos-videojuegos\\\/\",\"url\":\"https:\\\/\\\/www.yucatanencorto.com\\\/noticias\\\/charles-martinet-dejara-de-interpretar-a-mario-en-los-proximos-videojuegos\\\/\",\"name\":\"Charles Martinet dejar\u00e1 de interpretar a Mario en los pr\u00f3ximos videojuegos - Yucat\u00e1n en corto\",\"isPartOf\":{\"@id\":\"https:\\\/\\\/www.yucatanencorto.com\\\/noticias\\\/#website\"},\"primaryImageOfPage\":{\"@id\":\"https:\\\/\\\/www.yucatanencorto.com\\\/noticias\\\/charles-martinet-dejara-de-interpretar-a-mario-en-los-proximos-videojuegos\\\/#primaryimage\"},\"image\":{\"@id\":\"https:\\\/\\\/www.yucatanencorto.com\\\/noticias\\\/charles-martinet-dejara-de-interpretar-a-mario-en-los-proximos-videojuegos\\\/#primaryimage\"},\"thumbnailUrl\":\"https:\\\/\\\/www.yucatanencorto.com\\\/noticias\\\/wp-content\\\/uploads\\\/2023\\\/08\\\/202382116371063_1.jpg.png\",\"datePublished\":\"2023-08-21T15:43:26+00:00\",\"author\":{\"@id\":\"https:\\\/\\\/www.yucatanencorto.com\\\/noticias\\\/#\\\/schema\\\/person\\\/e2fbdfaf30a07014a43940ce989f3119\"},\"breadcrumb\":{\"@id\":\"https:\\\/\\\/www.yucatanencorto.com\\\/noticias\\\/charles-martinet-dejara-de-interpretar-a-mario-en-los-proximos-videojuegos\\\/#breadcrumb\"},\"inLanguage\":\"es\",\"potentialAction\":[{\"@type\":\"ReadAction\",\"target\":[\"https:\\\/\\\/www.yucatanencorto.com\\\/noticias\\\/charles-martinet-dejara-de-interpretar-a-mario-en-los-proximos-videojuegos\\\/\"]}]},{\"@type\":\"ImageObject\",\"inLanguage\":\"es\",\"@id\":\"https:\\\/\\\/www.yucatanencorto.com\\\/noticias\\\/charles-martinet-dejara-de-interpretar-a-mario-en-los-proximos-videojuegos\\\/#primaryimage\",\"url\":\"https:\\\/\\\/www.yucatanencorto.com\\\/noticias\\\/wp-content\\\/uploads\\\/2023\\\/08\\\/202382116371063_1.jpg.png\",\"contentUrl\":\"https:\\\/\\\/www.yucatanencorto.com\\\/noticias\\\/wp-content\\\/uploads\\\/2023\\\/08\\\/202382116371063_1.jpg.png\",\"width\":768,\"height\":432},{\"@type\":\"BreadcrumbList\",\"@id\":\"https:\\\/\\\/www.yucatanencorto.com\\\/noticias\\\/charles-martinet-dejara-de-interpretar-a-mario-en-los-proximos-videojuegos\\\/#breadcrumb\",\"itemListElement\":[{\"@type\":\"ListItem\",\"position\":1,\"name\":\"Portada\",\"item\":\"https:\\\/\\\/www.yucatanencorto.com\\\/noticias\\\/\"},{\"@type\":\"ListItem\",\"position\":2,\"name\":\"Charles Martinet dejar\u00e1 de interpretar a Mario en los pr\u00f3ximos videojuegos\"}]},{\"@type\":\"WebSite\",\"@id\":\"https:\\\/\\\/www.yucatanencorto.com\\\/noticias\\\/#website\",\"url\":\"https:\\\/\\\/www.yucatanencorto.com\\\/noticias\\\/\",\"name\":\"Yucat\u00e1n en corto\",\"description\":\"Noticias\",\"potentialAction\":[{\"@type\":\"SearchAction\",\"target\":{\"@type\":\"EntryPoint\",\"urlTemplate\":\"https:\\\/\\\/www.yucatanencorto.com\\\/noticias\\\/?s={search_term_string}\"},\"query-input\":{\"@type\":\"PropertyValueSpecification\",\"valueRequired\":true,\"valueName\":\"search_term_string\"}}],\"inLanguage\":\"es\"},{\"@type\":\"Person\",\"@id\":\"https:\\\/\\\/www.yucatanencorto.com\\\/noticias\\\/#\\\/schema\\\/person\\\/e2fbdfaf30a07014a43940ce989f3119\",\"name\":\"Redes\",\"image\":{\"@type\":\"ImageObject\",\"inLanguage\":\"es\",\"@id\":\"https:\\\/\\\/secure.gravatar.com\\\/avatar\\\/5931a2d21dd7cc834f44c8c34fe56d90ed6d536ef452cbf870c7485b524dddd7?s=96&d=mm&r=g\",\"url\":\"https:\\\/\\\/secure.gravatar.com\\\/avatar\\\/5931a2d21dd7cc834f44c8c34fe56d90ed6d536ef452cbf870c7485b524dddd7?s=96&d=mm&r=g\",\"contentUrl\":\"https:\\\/\\\/secure.gravatar.com\\\/avatar\\\/5931a2d21dd7cc834f44c8c34fe56d90ed6d536ef452cbf870c7485b524dddd7?s=96&d=mm&r=g\",\"caption\":\"Redes\"},\"url\":\"https:\\\/\\\/www.yucatanencorto.com\\\/noticias\\\/author\\\/redes\\\/\"}]}<\/script>\n<!-- \/ Yoast SEO plugin. -->","yoast_head_json":{"title":"Charles Martinet dejar\u00e1 de interpretar a Mario en los pr\u00f3ximos videojuegos - Yucat\u00e1n en corto","robots":{"index":"index","follow":"follow","max-snippet":"max-snippet:-1","max-image-preview":"max-image-preview:large","max-video-preview":"max-video-preview:-1"},"canonical":"https:\/\/www.yucatanencorto.com\/noticias\/charles-martinet-dejara-de-interpretar-a-mario-en-los-proximos-videojuegos\/","og_locale":"es_ES","og_type":"article","og_title":"Charles Martinet dejar\u00e1 de interpretar a Mario en los pr\u00f3ximos videojuegos - Yucat\u00e1n en corto","og_description":"Nintendo\u00a0ha anunciado que\u00a0Charles Martinet, actor que ha dado voz a Mario desde\u00a0Super Mario 64,\u00a0dejar\u00e1 de interpretar a este m\u00edtico personaje\u00a0en los pr\u00f3ximos juegos de la\u00a0saga. La compa\u00f1\u00eda lo ha comunicado a trav\u00e9s de una breve carta en la que explica que Martinet seguir\u00e1 estando ligado al universo al que ha contribuido a crear, ya que\u00a0pasar\u00e1 [&hellip;]","og_url":"https:\/\/www.yucatanencorto.com\/noticias\/charles-martinet-dejara-de-interpretar-a-mario-en-los-proximos-videojuegos\/","og_site_name":"Yucat\u00e1n en corto","article_publisher":"http:\/\/www.facebook.com\/yucatanencorto","article_published_time":"2023-08-21T15:43:26+00:00","og_image":[{"width":768,"height":432,"url":"https:\/\/www.yucatanencorto.com\/noticias\/wp-content\/uploads\/2023\/08\/202382116371063_1.jpg.png","type":"image\/png"}],"author":"Redes","twitter_card":"summary_large_image","twitter_creator":"@yucatanencorto","twitter_site":"@yucatanencorto","twitter_misc":{"Escrito por":"Redes","Tiempo de lectura":"2 minutos"},"schema":{"@context":"https:\/\/schema.org","@graph":[{"@type":"Article","@id":"https:\/\/www.yucatanencorto.com\/noticias\/charles-martinet-dejara-de-interpretar-a-mario-en-los-proximos-videojuegos\/#article","isPartOf":{"@id":"https:\/\/www.yucatanencorto.com\/noticias\/charles-martinet-dejara-de-interpretar-a-mario-en-los-proximos-videojuegos\/"},"author":{"name":"Redes","@id":"https:\/\/www.yucatanencorto.com\/noticias\/#\/schema\/person\/e2fbdfaf30a07014a43940ce989f3119"},"headline":"Charles Martinet dejar\u00e1 de interpretar a Mario en los pr\u00f3ximos videojuegos","datePublished":"2023-08-21T15:43:26+00:00","mainEntityOfPage":{"@id":"https:\/\/www.yucatanencorto.com\/noticias\/charles-martinet-dejara-de-interpretar-a-mario-en-los-proximos-videojuegos\/"},"wordCount":389,"image":{"@id":"https:\/\/www.yucatanencorto.com\/noticias\/charles-martinet-dejara-de-interpretar-a-mario-en-los-proximos-videojuegos\/#primaryimage"},"thumbnailUrl":"https:\/\/www.yucatanencorto.com\/noticias\/wp-content\/uploads\/2023\/08\/202382116371063_1.jpg.png","articleSection":["Sociedad y Espect\u00e1culos"],"inLanguage":"es"},{"@type":"WebPage","@id":"https:\/\/www.yucatanencorto.com\/noticias\/charles-martinet-dejara-de-interpretar-a-mario-en-los-proximos-videojuegos\/","url":"https:\/\/www.yucatanencorto.com\/noticias\/charles-martinet-dejara-de-interpretar-a-mario-en-los-proximos-videojuegos\/","name":"Charles Martinet dejar\u00e1 de interpretar a Mario en los pr\u00f3ximos videojuegos - Yucat\u00e1n en corto","isPartOf":{"@id":"https:\/\/www.yucatanencorto.com\/noticias\/#website"},"primaryImageOfPage":{"@id":"https:\/\/www.yucatanencorto.com\/noticias\/charles-martinet-dejara-de-interpretar-a-mario-en-los-proximos-videojuegos\/#primaryimage"},"image":{"@id":"https:\/\/www.yucatanencorto.com\/noticias\/charles-martinet-dejara-de-interpretar-a-mario-en-los-proximos-videojuegos\/#primaryimage"},"thumbnailUrl":"https:\/\/www.yucatanencorto.com\/noticias\/wp-content\/uploads\/2023\/08\/202382116371063_1.jpg.png","datePublished":"2023-08-21T15:43:26+00:00","author":{"@id":"https:\/\/www.yucatanencorto.com\/noticias\/#\/schema\/person\/e2fbdfaf30a07014a43940ce989f3119"},"breadcrumb":{"@id":"https:\/\/www.yucatanencorto.com\/noticias\/charles-martinet-dejara-de-interpretar-a-mario-en-los-proximos-videojuegos\/#breadcrumb"},"inLanguage":"es","potentialAction":[{"@type":"ReadAction","target":["https:\/\/www.yucatanencorto.com\/noticias\/charles-martinet-dejara-de-interpretar-a-mario-en-los-proximos-videojuegos\/"]}]},{"@type":"ImageObject","inLanguage":"es","@id":"https:\/\/www.yucatanencorto.com\/noticias\/charles-martinet-dejara-de-interpretar-a-mario-en-los-proximos-videojuegos\/#primaryimage","url":"https:\/\/www.yucatanencorto.com\/noticias\/wp-content\/uploads\/2023\/08\/202382116371063_1.jpg.png","contentUrl":"https:\/\/www.yucatanencorto.com\/noticias\/wp-content\/uploads\/2023\/08\/202382116371063_1.jpg.png","width":768,"height":432},{"@type":"BreadcrumbList","@id":"https:\/\/www.yucatanencorto.com\/noticias\/charles-martinet-dejara-de-interpretar-a-mario-en-los-proximos-videojuegos\/#breadcrumb","itemListElement":[{"@type":"ListItem","position":1,"name":"Portada","item":"https:\/\/www.yucatanencorto.com\/noticias\/"},{"@type":"ListItem","position":2,"name":"Charles Martinet dejar\u00e1 de interpretar a Mario en los pr\u00f3ximos videojuegos"}]},{"@type":"WebSite","@id":"https:\/\/www.yucatanencorto.com\/noticias\/#website","url":"https:\/\/www.yucatanencorto.com\/noticias\/","name":"Yucat\u00e1n en corto","description":"Noticias","potentialAction":[{"@type":"SearchAction","target":{"@type":"EntryPoint","urlTemplate":"https:\/\/www.yucatanencorto.com\/noticias\/?s={search_term_string}"},"query-input":{"@type":"PropertyValueSpecification","valueRequired":true,"valueName":"search_term_string"}}],"inLanguage":"es"},{"@type":"Person","@id":"https:\/\/www.yucatanencorto.com\/noticias\/#\/schema\/person\/e2fbdfaf30a07014a43940ce989f3119","name":"Redes","image":{"@type":"ImageObject","inLanguage":"es","@id":"https:\/\/secure.gravatar.com\/avatar\/5931a2d21dd7cc834f44c8c34fe56d90ed6d536ef452cbf870c7485b524dddd7?s=96&d=mm&r=g","url":"https:\/\/secure.gravatar.com\/avatar\/5931a2d21dd7cc834f44c8c34fe56d90ed6d536ef452cbf870c7485b524dddd7?s=96&d=mm&r=g","contentUrl":"https:\/\/secure.gravatar.com\/avatar\/5931a2d21dd7cc834f44c8c34fe56d90ed6d536ef452cbf870c7485b524dddd7?s=96&d=mm&r=g","caption":"Redes"},"url":"https:\/\/www.yucatanencorto.com\/noticias\/author\/redes\/"}]}},"_links":{"self":[{"href":"https:\/\/www.yucatanencorto.com\/noticias\/wp-json\/wp\/v2\/posts\/99631","targetHints":{"allow":["GET"]}}],"collection":[{"href":"https:\/\/www.yucatanencorto.com\/noticias\/wp-json\/wp\/v2\/posts"}],"about":[{"href":"https:\/\/www.yucatanencorto.com\/noticias\/wp-json\/wp\/v2\/types\/post"}],"author":[{"embeddable":true,"href":"https:\/\/www.yucatanencorto.com\/noticias\/wp-json\/wp\/v2\/users\/3"}],"replies":[{"embeddable":true,"href":"https:\/\/www.yucatanencorto.com\/noticias\/wp-json\/wp\/v2\/comments?post=99631"}],"version-history":[{"count":0,"href":"https:\/\/www.yucatanencorto.com\/noticias\/wp-json\/wp\/v2\/posts\/99631\/revisions"}],"wp:featuredmedia":[{"embeddable":true,"href":"https:\/\/www.yucatanencorto.com\/noticias\/wp-json\/wp\/v2\/media\/99632"}],"wp:attachment":[{"href":"https:\/\/www.yucatanencorto.com\/noticias\/wp-json\/wp\/v2\/media?parent=99631"}],"wp:term":[{"taxonomy":"category","embeddable":true,"href":"https:\/\/www.yucatanencorto.com\/noticias\/wp-json\/wp\/v2\/categories?post=99631"},{"taxonomy":"post_tag","embeddable":true,"href":"https:\/\/www.yucatanencorto.com\/noticias\/wp-json\/wp\/v2\/tags?post=99631"}],"curies":[{"name":"wp","href":"https:\/\/api.w.org\/{rel}","templated":true}]}}